{"id":13911,"date":"2023-10-18T09:29:51","date_gmt":"2023-10-18T12:29:51","guid":{"rendered":"http:\/\/10.101.10.197\/www\/?p=13911"},"modified":"2023-11-06T09:04:09","modified_gmt":"2023-11-06T12:04:09","slug":"elecciones-2023-opiones-educacion-02","status":"publish","type":"post","link":"https:\/\/www.fcejs.unsl.edu.ar\/index.php\/elecciones-2023-opiones-educacion-02\/","title":{"rendered":"LAS ELECCIONES Y LA EDUCACI\u00d3N 2\u00aa PARTE: Escuela p\u00fablica o arancelada, Estado o vouchers. El domingo, el voto decide"},"content":{"rendered":"<p><span style=\"color: #0000ff;\"><a style=\"color: #0000ff;\" href=\"https:\/\/www.fcejs.unsl.edu.ar\/index.php\/elecciones-2023-opiones-educacion-01\/\" rel=\"noopener\">Esta nota continua desde aqu\u00ed<\/a><\/span><\/p>\n<p>Ante una misma consulta, las diferencias seg\u00fan las generaciones son notorias, no solo en las posturas sobre la defensa o no de educaci\u00f3n p\u00fablica, sino en los an\u00e1lisis y las miradas sobre la tem\u00e1tica.<\/p>\n<p><strong>Para Angelina Carrizo, directora de la EPA N\u00b08 &#8220;Leonardo Da Vinci<\/strong>&#8220;, es la primera vez que las y los candidatos a presidente \u201chan visibilizado y transparentado la pol\u00edtica educativa\u201d, ya que en otros a\u00f1os, como durante la campa\u00f1a de Carlos Menem (1989), \u201cno dijo lo que iba a hacer, pero lo hizo\u201d.<\/p>\n<figure id=\"attachment_13913\" aria-describedby=\"caption-attachment-13913\" style=\"width: 431px\" class=\"wp-caption alignleft\"><img fetchpriority=\"high\" decoding=\"async\" class=\"wp-image-13913\" title=\"Angelina Carrizo, directora de la EPA N\u00b08 &quot;Leonardo Da Vinci&quot;\" src=\"https:\/\/www.fcejs.unsl.edu.ar\/wp-content\/uploads\/2023\/10\/Angelina-Carrizo-02-1024x671.jpg\" alt=\"Angelina Carrizo, directora de la EPA N\u00b08 &quot;Leonardo Da Vinci&quot;\" width=\"431\" height=\"282\" srcset=\"https:\/\/www.fcejs.unsl.edu.ar\/wp-content\/uploads\/2023\/10\/Angelina-Carrizo-02-1024x671.jpg 1024w, https:\/\/www.fcejs.unsl.edu.ar\/wp-content\/uploads\/2023\/10\/Angelina-Carrizo-02-300x197.jpg 300w, https:\/\/www.fcejs.unsl.edu.ar\/wp-content\/uploads\/2023\/10\/Angelina-Carrizo-02-768x503.jpg 768w, https:\/\/www.fcejs.unsl.edu.ar\/wp-content\/uploads\/2023\/10\/Angelina-Carrizo-02.jpg 1080w\" sizes=\"(max-width: 431px) 100vw, 431px\" \/><figcaption id=\"caption-attachment-13913\" class=\"wp-caption-text\">Angelina Carrizo, directora de la EPA N\u00b08 &#8220;Leonardo Da Vinci&#8221;<\/figcaption><\/figure>\n<p>\u201cAhora, los candidatos dicen lo que van a hacer y creo que es importante saberlo, porque todos proponen diferentes modelos. Para Patricia Bullrich, volver a la Escuela de Sarmiento. Juan Schiaretti y Sergio Massa hacen hincapi\u00e9 en la Rob\u00f3tica, que el chico est\u00e9 dentro de la escuela; en los Jardines y la educaci\u00f3n desde el Nivel de 3 a\u00f1os. Milei en un sistema de voucher o de escuelas ch\u00e1rter\u201d.<\/p>\n<p>Al ser consultada sobre su opini\u00f3n, contest\u00f3 que la educaci\u00f3n \u201cdebe ser p\u00fablica, gratuita, donde todos tengan posibilidad, y eso es responsabilidad del Estado. La educaci\u00f3n es un derecho y el Estado tiene la obligaci\u00f3n de garantizar ese derecho\u201d.<\/p>\n<p>En cuanto a los cuestionamientos que los mismos candidatos de la oposici\u00f3n hacen a la educaci\u00f3n p\u00fablica, opin\u00f3 que el adoctrinamiento \u201ces algo que siempre, en todas las \u00e9pocas, estuvo presente a trav\u00e9s de la educaci\u00f3n. Nosotros nos acordamos de los libros de 1\u00ba grado con las figuras de la mam\u00e1 y su rol en la casa, donde la mujer ten\u00eda su espacio y no pod\u00eda pensar en otro. Ser madre, hacer las tareas de la casa y cuidar a sus hijos. Eso era lo que ense\u00f1aban en la Educaci\u00f3n\u201d.<\/p>\n<p>\u201cPor otro lado, todo lo que hacemos es pol\u00edtica, lo que decimos, la posici\u00f3n y el lugar que ocupamos. Lo que la Educaci\u00f3n debe tratar es no generar desigualdad, porque eso provoca frustraci\u00f3n y resentimiento; uno debe promover una educaci\u00f3n diversa, inclusiva, respetando las distintas creencias, las que traen los chicos a la escuela, de las familias con sus construcciones\u2026\u201d, a\u00f1adi\u00f3<\/p>\n<p>En cuanto a lo que percibe en su contacto permanente con los chicos y chicas, indic\u00f3: \u201cpara ser honesta, la mayor\u00eda considera que Milei es su candidato\u201d, aunque aclar\u00f3: \u201cLo que he podido charlar con ellos, me ha demostrado que no tienen una dimensi\u00f3n de la propuesta, de la plataforma. Nosotros hemos estado analizando ese tema y es as\u00ed. No tienen una real informaci\u00f3n de lo que va a implicar la pol\u00edtica de Milei, en su planteo del sistema de voucher y de las escuelas ch\u00e1rter\u201d.<\/p>\n<p>Desde su lugar, como directora de una autogestionada, explic\u00f3 que este tipo de colegios \u201cnace como modelo de las ch\u00e1rter, pero ac\u00e1 tenemos un Estado presente que subvenciona la Educaci\u00f3n para que accedan muchos chicos. El chico no paga, no va a pagar. Distinto es en una escuela privada. Pero incluso ah\u00ed el Estado est\u00e1 presente, con subvenciones\u201d.<\/p>\n<p>\u201cEn las autogestionadas est\u00e1 subvencionado el alumno, entonces tenemos un Estado presente. Pero en la propuesta de MIlei, no. El alumno va a tener que pagar su cuota. Y ah\u00ed no estar\u00edamos hablando ni de equidad, ni de igualdad\u201d, por eso remarc\u00f3 algo que les dice a sus estudiantes: \u201cLa educaci\u00f3n es un derecho, pero necesitamos j\u00f3venes que ejerzan ese derecho, porque si no es un derecho que se pierde\u201d.<\/p>\n<p><strong>La docente Lucero G\u00f3mez Cruz es<\/strong> m\u00e1s dr\u00e1stica con relaci\u00f3n a lo que percibe en las propuestas de algunos candidatos: \u201cEs un momento muy complicado para todas\/os. Lo que se est\u00e1 disputando, ya no es una grieta, es un abismo\u201d, sentenci\u00f3. En esa disputa, la educaci\u00f3n juega un rol crucial: \u201cPara nadie es una novedad que efectivamente estamos atravesando una crisis, que Macri nos dej\u00f3 una deuda impagable con alt\u00edsimos intereses\u2026, sabemos que estamos en problemas, pero de ah\u00ed que la soluci\u00f3n sea la desaparici\u00f3n de un derecho, como la educaci\u00f3n, cuando es reconocida en todo el mundo, incluso con sus falencias, es un salto al abismo. Por eso, como docente estoy muy preocupada\u201d.<\/p>\n<figure id=\"attachment_13915\" aria-describedby=\"caption-attachment-13915\" style=\"width: 960px\" class=\"wp-caption aligncenter\"><img decoding=\"async\" class=\"wp-image-13915 size-full\" src=\"https:\/\/www.fcejs.unsl.edu.ar\/wp-content\/uploads\/2023\/10\/lucero-gomez-cruz-02.jpg\" alt=\"Docente Lucero G\u00f3mez Cruz\" width=\"960\" height=\"614\" srcset=\"https:\/\/www.fcejs.unsl.edu.ar\/wp-content\/uploads\/2023\/10\/lucero-gomez-cruz-02.jpg 960w, https:\/\/www.fcejs.unsl.edu.ar\/wp-content\/uploads\/2023\/10\/lucero-gomez-cruz-02-300x192.jpg 300w, https:\/\/www.fcejs.unsl.edu.ar\/wp-content\/uploads\/2023\/10\/lucero-gomez-cruz-02-768x491.jpg 768w\" sizes=\"(max-width: 960px) 100vw, 960px\" \/><figcaption id=\"caption-attachment-13915\" class=\"wp-caption-text\">Docente Lucero G\u00f3mez Cruz<\/figcaption><\/figure>\n<p>Lucero es docente del Instituto de Formaci\u00f3n Docente Continua de Villa Mercedes. Mexicana, residente en Argentina, se especializ\u00f3 en las ciudades de Barcelona y Buenos Aires. Desde su lugar, tiene una perspectiva amplia para analizar lo que considera una situaci\u00f3n de alarma para la educaci\u00f3n argentina en general: \u201cSabemos que la derecha resurgi\u00f3 producto de la disputa, de la pandemia, del individualismo, de la crisis. No todo el mundo tiene un pensamiento cr\u00edtico y se deja llevar por el sentido com\u00fan\u2026 Si ya est\u00e1 todo dif\u00edcil, sin una educaci\u00f3n p\u00fablica, gratuita, obligatoria que ha sido bandera de la Argentina desde hace muchos a\u00f1os, la situaci\u00f3n va a empeorar\u201d.<\/p>\n<p>Sostuvo que, ante las propuestas de candidatos como Milei o Bullrich \u201chay mucho en riesgo\u201d porque est\u00e1n proponiendo una educaci\u00f3n \u201cpara muy pocos\u201d. En algunos casos \u201cvolvemos siglos atr\u00e1s, donde no exist\u00eda la clase trabajadora. O una educaci\u00f3n para ser servirles, pero no para ser libres. Hay dos modelos de pa\u00eds, dos modelos educativos. Uno que excluye y privilegia a algunos. Otro que distribuye, donde quiz\u00e1 nos falte un mont\u00f3n: becas, asignaciones, apoyo para el espacio p\u00fablico, para el di\u00e1logo\u2026\u201d.<\/p>\n<p>La docente dio un testimonio que revela los cambios que se han producido y podr\u00edan explicar el fen\u00f3meno Milei y los resultados de esta consulta en los estudiantes: \u201cVuelvo a hablar del conocimiento, que es lo m\u00e1s vapuleado. Se dieron el lujo de criticar a cient\u00edficos y a m\u00e9dicos durante la pandemia; a docentes, a las pr\u00e1cticas en el aula. Parece que el tik tok se lo comi\u00f3 todo. Hoy, parece que intentar hablar de Historia, de Literatura, de Filosof\u00eda, no es buena palabra. Tenemos que hablar de ego\u00edsmo, de individualismo, del s\u00e1lvese quien pueda\u201d.<\/p>\n<p>\u201cAmo profundamente este pa\u00eds, como residente en Argentina, y me duele mucho c\u00f3mo se intenta destruir uno de sus valores m\u00e1s reconocidos como lo es la educaci\u00f3n. Si eso pasa, lo vamos a lamentar profundamente\u201d, expres\u00f3.<\/p>\n<p>Por \u00faltimo dej\u00f3 un mensaje y una frase: \u201cTengo 48 a\u00f1os, me jubilo en 10 a\u00f1os. Siempre bromeo con los chicos cuando les digo \u2018ustedes van a ser la fuerza productiva de mi jubilaci\u00f3n\u2019. O sea, hay mucho en juego. No solamente el sistema previsional, sino qu\u00e9 generaci\u00f3n es la que se va a hacer cargo de nosotros, los mayores. Todo el mundo piensa en qu\u00e9 mundo le va a dejar a los hijos. Yo pensar\u00eda, qu\u00e9 hijos le vamos a dejar a este mundo\u201d.<\/p>\n<p>&nbsp;<\/p>\n<h4><span style=\"color: #0000ff;\"><a style=\"color: #0000ff;\" href=\"https:\/\/www.fcejs.unsl.edu.ar\/index.php\/elecciones-2023-opiones-educacion-03\/\">Esta nota continua aqu\u00ed<\/a><\/span><\/h4>\n<p style=\"text-align: right;\"><strong>Nota: Jos\u00e9 Luis Baigorria \u2013 Radio UNSL Villa Mercedes<\/strong><\/p>\n","protected":false},"excerpt":{"rendered":"<p>Esta nota continua desde aqu\u00ed Ante una misma consulta, las diferencias seg\u00fan las generaciones son notorias, no solo en las posturas sobre la defensa o&hellip;<\/p>\n","protected":false},"author":9,"featured_media":13914,"comment_status":"closed","ping_status":"closed","sticky":false,"template":"","format":"standard","meta":{"om_disable_all_campaigns":false,"_monsterinsights_skip_tracking":false,"_monsterinsights_sitenote_active":false,"_monsterinsights_sitenote_note":"","_monsterinsights_sitenote_category":0,"footnotes":""},"categories":[1],"tags":[],"class_list":["post-13911","post","type-post","status-publish","format-standard","has-post-thumbnail","hentry","category-noticias"],"yoast_head":"<!-- This site is optimized with the Yoast SEO plugin v27.5 - https:\/\/yoast.com\/product\/yoast-seo-wordpress\/ -->\n<title>LAS ELECCIONES Y LA EDUCACI\u00d3N 2\u00aa PARTE: Escuela p\u00fablica o arancelada, Estado o vouchers. El domingo, el voto decide - Facultad de Ciencias Econ\u00f3micas, Jur\u00ed\u00addicas y Sociales<\/title>\n<meta name=\"robots\" content=\"index, follow, max-snippet:-1, max-image-preview:large, max-video-preview:-1\" \/>\n<link rel=\"canonical\" href=\"https:\/\/www.fcejs.unsl.edu.ar\/index.php\/elecciones-2023-opiones-educacion-02\/\" \/>\n<meta property=\"og:locale\" content=\"es_ES\" \/>\n<meta property=\"og:type\" content=\"article\" \/>\n<meta property=\"og:title\" content=\"LAS ELECCIONES Y LA EDUCACI\u00d3N 2\u00aa PARTE: Escuela p\u00fablica o arancelada, Estado o vouchers. El domingo, el voto decide - Facultad de Ciencias Econ\u00f3micas, Jur\u00ed\u00addicas y Sociales\" \/>\n<meta property=\"og:description\" content=\"Esta nota continua desde aqu\u00ed Ante una misma consulta, las diferencias seg\u00fan las generaciones son notorias, no solo en las posturas sobre la defensa o&hellip;\" \/>\n<meta property=\"og:url\" content=\"https:\/\/www.fcejs.unsl.edu.ar\/index.php\/elecciones-2023-opiones-educacion-02\/\" \/>\n<meta property=\"og:site_name\" content=\"Facultad de Ciencias Econ\u00f3micas, Jur\u00ed\u00addicas y Sociales\" \/>\n<meta property=\"article:publisher\" content=\"https:\/\/www.facebook.com\/FCEJS.UNSL\/\" \/>\n<meta property=\"article:published_time\" content=\"2023-10-18T12:29:51+00:00\" \/>\n<meta property=\"article:modified_time\" content=\"2023-11-06T12:04:09+00:00\" \/>\n<meta property=\"og:image\" content=\"https:\/\/www.fcejs.unsl.edu.ar\/wp-content\/uploads\/2023\/10\/elecciones-2023-front-02.jpg\" \/>\n\t<meta property=\"og:image:width\" content=\"1152\" \/>\n\t<meta property=\"og:image:height\" content=\"647\" \/>\n\t<meta property=\"og:image:type\" content=\"image\/jpeg\" \/>\n<meta name=\"author\" content=\"DATI\" \/>\n<meta name=\"twitter:card\" content=\"summary_large_image\" \/>\n<meta name=\"twitter:creator\" content=\"@FCEJSUNSL\" \/>\n<meta name=\"twitter:site\" content=\"@FCEJSUNSL\" \/>\n<meta name=\"twitter:label1\" content=\"Escrito por\" \/>\n\t<meta name=\"twitter:data1\" content=\"DATI\" \/>\n\t<meta name=\"twitter:label2\" content=\"Tiempo de lectura\" \/>\n\t<meta name=\"twitter:data2\" content=\"6 minutos\" \/>\n<script type=\"application\/ld+json\" class=\"yoast-schema-graph\">{\"@context\":\"https:\\\/\\\/schema.org\",\"@graph\":[{\"@type\":\"Article\",\"@id\":\"https:\\\/\\\/www.fcejs.unsl.edu.ar\\\/index.php\\\/elecciones-2023-opiones-educacion-02\\\/#article\",\"isPartOf\":{\"@id\":\"https:\\\/\\\/www.fcejs.unsl.edu.ar\\\/index.php\\\/elecciones-2023-opiones-educacion-02\\\/\"},\"author\":{\"name\":\"DATI\",\"@id\":\"https:\\\/\\\/www.fcejs.unsl.edu.ar\\\/#\\\/schema\\\/person\\\/352ee6ed90c3f394c7cb5945f8956d34\"},\"headline\":\"LAS ELECCIONES Y LA EDUCACI\u00d3N 2\u00aa PARTE: Escuela p\u00fablica o arancelada, Estado o vouchers. El domingo, el voto decide\",\"datePublished\":\"2023-10-18T12:29:51+00:00\",\"dateModified\":\"2023-11-06T12:04:09+00:00\",\"mainEntityOfPage\":{\"@id\":\"https:\\\/\\\/www.fcejs.unsl.edu.ar\\\/index.php\\\/elecciones-2023-opiones-educacion-02\\\/\"},\"wordCount\":1228,\"publisher\":{\"@id\":\"https:\\\/\\\/www.fcejs.unsl.edu.ar\\\/#organization\"},\"image\":{\"@id\":\"https:\\\/\\\/www.fcejs.unsl.edu.ar\\\/index.php\\\/elecciones-2023-opiones-educacion-02\\\/#primaryimage\"},\"thumbnailUrl\":\"https:\\\/\\\/www.fcejs.unsl.edu.ar\\\/wp-content\\\/uploads\\\/2023\\\/10\\\/elecciones-2023-front-02.jpg\",\"articleSection\":[\"Noticias\"],\"inLanguage\":\"es-AR\"},{\"@type\":\"WebPage\",\"@id\":\"https:\\\/\\\/www.fcejs.unsl.edu.ar\\\/index.php\\\/elecciones-2023-opiones-educacion-02\\\/\",\"url\":\"https:\\\/\\\/www.fcejs.unsl.edu.ar\\\/index.php\\\/elecciones-2023-opiones-educacion-02\\\/\",\"name\":\"LAS ELECCIONES Y LA EDUCACI\u00d3N 2\u00aa PARTE: Escuela p\u00fablica o arancelada, Estado o vouchers. El domingo, el voto decide - Facultad de Ciencias Econ\u00f3micas, Jur\u00ed\u00addicas y Sociales\",\"isPartOf\":{\"@id\":\"https:\\\/\\\/www.fcejs.unsl.edu.ar\\\/#website\"},\"primaryImageOfPage\":{\"@id\":\"https:\\\/\\\/www.fcejs.unsl.edu.ar\\\/index.php\\\/elecciones-2023-opiones-educacion-02\\\/#primaryimage\"},\"image\":{\"@id\":\"https:\\\/\\\/www.fcejs.unsl.edu.ar\\\/index.php\\\/elecciones-2023-opiones-educacion-02\\\/#primaryimage\"},\"thumbnailUrl\":\"https:\\\/\\\/www.fcejs.unsl.edu.ar\\\/wp-content\\\/uploads\\\/2023\\\/10\\\/elecciones-2023-front-02.jpg\",\"datePublished\":\"2023-10-18T12:29:51+00:00\",\"dateModified\":\"2023-11-06T12:04:09+00:00\",\"breadcrumb\":{\"@id\":\"https:\\\/\\\/www.fcejs.unsl.edu.ar\\\/index.php\\\/elecciones-2023-opiones-educacion-02\\\/#breadcrumb\"},\"inLanguage\":\"es-AR\",\"potentialAction\":[{\"@type\":\"ReadAction\",\"target\":[\"https:\\\/\\\/www.fcejs.unsl.edu.ar\\\/index.php\\\/elecciones-2023-opiones-educacion-02\\\/\"]}]},{\"@type\":\"ImageObject\",\"inLanguage\":\"es-AR\",\"@id\":\"https:\\\/\\\/www.fcejs.unsl.edu.ar\\\/index.php\\\/elecciones-2023-opiones-educacion-02\\\/#primaryimage\",\"url\":\"https:\\\/\\\/www.fcejs.unsl.edu.ar\\\/wp-content\\\/uploads\\\/2023\\\/10\\\/elecciones-2023-front-02.jpg\",\"contentUrl\":\"https:\\\/\\\/www.fcejs.unsl.edu.ar\\\/wp-content\\\/uploads\\\/2023\\\/10\\\/elecciones-2023-front-02.jpg\",\"width\":1152,\"height\":647},{\"@type\":\"BreadcrumbList\",\"@id\":\"https:\\\/\\\/www.fcejs.unsl.edu.ar\\\/index.php\\\/elecciones-2023-opiones-educacion-02\\\/#breadcrumb\",\"itemListElement\":[{\"@type\":\"ListItem\",\"position\":1,\"name\":\"Inicio\",\"item\":\"https:\\\/\\\/www.fcejs.unsl.edu.ar\\\/\"},{\"@type\":\"ListItem\",\"position\":2,\"name\":\"LAS ELECCIONES Y LA EDUCACI\u00d3N 2\u00aa PARTE: Escuela p\u00fablica o arancelada, Estado o vouchers. El domingo, el voto decide\"}]},{\"@type\":\"WebSite\",\"@id\":\"https:\\\/\\\/www.fcejs.unsl.edu.ar\\\/#website\",\"url\":\"https:\\\/\\\/www.fcejs.unsl.edu.ar\\\/\",\"name\":\"Facultad de Ciencias Econ\u00f3micas, Jur\u00ed\u00addicas y Sociales\",\"description\":\"\",\"publisher\":{\"@id\":\"https:\\\/\\\/www.fcejs.unsl.edu.ar\\\/#organization\"},\"potentialAction\":[{\"@type\":\"SearchAction\",\"target\":{\"@type\":\"EntryPoint\",\"urlTemplate\":\"https:\\\/\\\/www.fcejs.unsl.edu.ar\\\/?s={search_term_string}\"},\"query-input\":{\"@type\":\"PropertyValueSpecification\",\"valueRequired\":true,\"valueName\":\"search_term_string\"}}],\"inLanguage\":\"es-AR\"},{\"@type\":\"Organization\",\"@id\":\"https:\\\/\\\/www.fcejs.unsl.edu.ar\\\/#organization\",\"name\":\"Facultad de Ciencias Econ\u00f3micas, Jur\u00eddicas y Sociales\",\"url\":\"https:\\\/\\\/www.fcejs.unsl.edu.ar\\\/\",\"logo\":{\"@type\":\"ImageObject\",\"inLanguage\":\"es-AR\",\"@id\":\"https:\\\/\\\/www.fcejs.unsl.edu.ar\\\/#\\\/schema\\\/logo\\\/image\\\/\",\"url\":\"https:\\\/\\\/www.fcejs.unsl.edu.ar\\\/wp-content\\\/uploads\\\/2021\\\/03\\\/logo-1.jpg\",\"contentUrl\":\"https:\\\/\\\/www.fcejs.unsl.edu.ar\\\/wp-content\\\/uploads\\\/2021\\\/03\\\/logo-1.jpg\",\"width\":471,\"height\":146,\"caption\":\"Facultad de Ciencias Econ\u00f3micas, Jur\u00eddicas y Sociales\"},\"image\":{\"@id\":\"https:\\\/\\\/www.fcejs.unsl.edu.ar\\\/#\\\/schema\\\/logo\\\/image\\\/\"},\"sameAs\":[\"https:\\\/\\\/www.facebook.com\\\/FCEJS.UNSL\\\/\",\"https:\\\/\\\/x.com\\\/FCEJSUNSL\",\"https:\\\/\\\/www.instagram.com\\\/fcejs.unsl\\\/\",\"https:\\\/\\\/www.youtube.com\\\/channel\\\/UCH-Ut6EaN_X5ogjIQMPe46g\\\/\"]},{\"@type\":\"Person\",\"@id\":\"https:\\\/\\\/www.fcejs.unsl.edu.ar\\\/#\\\/schema\\\/person\\\/352ee6ed90c3f394c7cb5945f8956d34\",\"name\":\"DATI\"}]}<\/script>\n<!-- \/ Yoast SEO plugin. -->","yoast_head_json":{"title":"LAS ELECCIONES Y LA EDUCACI\u00d3N 2\u00aa PARTE: Escuela p\u00fablica o arancelada, Estado o vouchers. El domingo, el voto decide - Facultad de Ciencias Econ\u00f3micas, Jur\u00ed\u00addicas y Sociales","robots":{"index":"index","follow":"follow","max-snippet":"max-snippet:-1","max-image-preview":"max-image-preview:large","max-video-preview":"max-video-preview:-1"},"canonical":"https:\/\/www.fcejs.unsl.edu.ar\/index.php\/elecciones-2023-opiones-educacion-02\/","og_locale":"es_ES","og_type":"article","og_title":"LAS ELECCIONES Y LA EDUCACI\u00d3N 2\u00aa PARTE: Escuela p\u00fablica o arancelada, Estado o vouchers. El domingo, el voto decide - Facultad de Ciencias Econ\u00f3micas, Jur\u00ed\u00addicas y Sociales","og_description":"Esta nota continua desde aqu\u00ed Ante una misma consulta, las diferencias seg\u00fan las generaciones son notorias, no solo en las posturas sobre la defensa o&hellip;","og_url":"https:\/\/www.fcejs.unsl.edu.ar\/index.php\/elecciones-2023-opiones-educacion-02\/","og_site_name":"Facultad de Ciencias Econ\u00f3micas, Jur\u00ed\u00addicas y Sociales","article_publisher":"https:\/\/www.facebook.com\/FCEJS.UNSL\/","article_published_time":"2023-10-18T12:29:51+00:00","article_modified_time":"2023-11-06T12:04:09+00:00","og_image":[{"width":1152,"height":647,"url":"https:\/\/www.fcejs.unsl.edu.ar\/wp-content\/uploads\/2023\/10\/elecciones-2023-front-02.jpg","type":"image\/jpeg"}],"author":"DATI","twitter_card":"summary_large_image","twitter_creator":"@FCEJSUNSL","twitter_site":"@FCEJSUNSL","twitter_misc":{"Escrito por":"DATI","Tiempo de lectura":"6 minutos"},"schema":{"@context":"https:\/\/schema.org","@graph":[{"@type":"Article","@id":"https:\/\/www.fcejs.unsl.edu.ar\/index.php\/elecciones-2023-opiones-educacion-02\/#article","isPartOf":{"@id":"https:\/\/www.fcejs.unsl.edu.ar\/index.php\/elecciones-2023-opiones-educacion-02\/"},"author":{"name":"DATI","@id":"https:\/\/www.fcejs.unsl.edu.ar\/#\/schema\/person\/352ee6ed90c3f394c7cb5945f8956d34"},"headline":"LAS ELECCIONES Y LA EDUCACI\u00d3N 2\u00aa PARTE: Escuela p\u00fablica o arancelada, Estado o vouchers. El domingo, el voto decide","datePublished":"2023-10-18T12:29:51+00:00","dateModified":"2023-11-06T12:04:09+00:00","mainEntityOfPage":{"@id":"https:\/\/www.fcejs.unsl.edu.ar\/index.php\/elecciones-2023-opiones-educacion-02\/"},"wordCount":1228,"publisher":{"@id":"https:\/\/www.fcejs.unsl.edu.ar\/#organization"},"image":{"@id":"https:\/\/www.fcejs.unsl.edu.ar\/index.php\/elecciones-2023-opiones-educacion-02\/#primaryimage"},"thumbnailUrl":"https:\/\/www.fcejs.unsl.edu.ar\/wp-content\/uploads\/2023\/10\/elecciones-2023-front-02.jpg","articleSection":["Noticias"],"inLanguage":"es-AR"},{"@type":"WebPage","@id":"https:\/\/www.fcejs.unsl.edu.ar\/index.php\/elecciones-2023-opiones-educacion-02\/","url":"https:\/\/www.fcejs.unsl.edu.ar\/index.php\/elecciones-2023-opiones-educacion-02\/","name":"LAS ELECCIONES Y LA EDUCACI\u00d3N 2\u00aa PARTE: Escuela p\u00fablica o arancelada, Estado o vouchers. El domingo, el voto decide - Facultad de Ciencias Econ\u00f3micas, Jur\u00ed\u00addicas y Sociales","isPartOf":{"@id":"https:\/\/www.fcejs.unsl.edu.ar\/#website"},"primaryImageOfPage":{"@id":"https:\/\/www.fcejs.unsl.edu.ar\/index.php\/elecciones-2023-opiones-educacion-02\/#primaryimage"},"image":{"@id":"https:\/\/www.fcejs.unsl.edu.ar\/index.php\/elecciones-2023-opiones-educacion-02\/#primaryimage"},"thumbnailUrl":"https:\/\/www.fcejs.unsl.edu.ar\/wp-content\/uploads\/2023\/10\/elecciones-2023-front-02.jpg","datePublished":"2023-10-18T12:29:51+00:00","dateModified":"2023-11-06T12:04:09+00:00","breadcrumb":{"@id":"https:\/\/www.fcejs.unsl.edu.ar\/index.php\/elecciones-2023-opiones-educacion-02\/#breadcrumb"},"inLanguage":"es-AR","potentialAction":[{"@type":"ReadAction","target":["https:\/\/www.fcejs.unsl.edu.ar\/index.php\/elecciones-2023-opiones-educacion-02\/"]}]},{"@type":"ImageObject","inLanguage":"es-AR","@id":"https:\/\/www.fcejs.unsl.edu.ar\/index.php\/elecciones-2023-opiones-educacion-02\/#primaryimage","url":"https:\/\/www.fcejs.unsl.edu.ar\/wp-content\/uploads\/2023\/10\/elecciones-2023-front-02.jpg","contentUrl":"https:\/\/www.fcejs.unsl.edu.ar\/wp-content\/uploads\/2023\/10\/elecciones-2023-front-02.jpg","width":1152,"height":647},{"@type":"BreadcrumbList","@id":"https:\/\/www.fcejs.unsl.edu.ar\/index.php\/elecciones-2023-opiones-educacion-02\/#breadcrumb","itemListElement":[{"@type":"ListItem","position":1,"name":"Inicio","item":"https:\/\/www.fcejs.unsl.edu.ar\/"},{"@type":"ListItem","position":2,"name":"LAS ELECCIONES Y LA EDUCACI\u00d3N 2\u00aa PARTE: Escuela p\u00fablica o arancelada, Estado o vouchers. El domingo, el voto decide"}]},{"@type":"WebSite","@id":"https:\/\/www.fcejs.unsl.edu.ar\/#website","url":"https:\/\/www.fcejs.unsl.edu.ar\/","name":"Facultad de Ciencias Econ\u00f3micas, Jur\u00ed\u00addicas y Sociales","description":"","publisher":{"@id":"https:\/\/www.fcejs.unsl.edu.ar\/#organization"},"potentialAction":[{"@type":"SearchAction","target":{"@type":"EntryPoint","urlTemplate":"https:\/\/www.fcejs.unsl.edu.ar\/?s={search_term_string}"},"query-input":{"@type":"PropertyValueSpecification","valueRequired":true,"valueName":"search_term_string"}}],"inLanguage":"es-AR"},{"@type":"Organization","@id":"https:\/\/www.fcejs.unsl.edu.ar\/#organization","name":"Facultad de Ciencias Econ\u00f3micas, Jur\u00eddicas y Sociales","url":"https:\/\/www.fcejs.unsl.edu.ar\/","logo":{"@type":"ImageObject","inLanguage":"es-AR","@id":"https:\/\/www.fcejs.unsl.edu.ar\/#\/schema\/logo\/image\/","url":"https:\/\/www.fcejs.unsl.edu.ar\/wp-content\/uploads\/2021\/03\/logo-1.jpg","contentUrl":"https:\/\/www.fcejs.unsl.edu.ar\/wp-content\/uploads\/2021\/03\/logo-1.jpg","width":471,"height":146,"caption":"Facultad de Ciencias Econ\u00f3micas, Jur\u00eddicas y Sociales"},"image":{"@id":"https:\/\/www.fcejs.unsl.edu.ar\/#\/schema\/logo\/image\/"},"sameAs":["https:\/\/www.facebook.com\/FCEJS.UNSL\/","https:\/\/x.com\/FCEJSUNSL","https:\/\/www.instagram.com\/fcejs.unsl\/","https:\/\/www.youtube.com\/channel\/UCH-Ut6EaN_X5ogjIQMPe46g\/"]},{"@type":"Person","@id":"https:\/\/www.fcejs.unsl.edu.ar\/#\/schema\/person\/352ee6ed90c3f394c7cb5945f8956d34","name":"DATI"}]}},"jetpack_featured_media_url":"https:\/\/www.fcejs.unsl.edu.ar\/wp-content\/uploads\/2023\/10\/elecciones-2023-front-02.jpg","_links":{"self":[{"href":"https:\/\/www.fcejs.unsl.edu.ar\/index.php\/wp-json\/wp\/v2\/posts\/13911","targetHints":{"allow":["GET"]}}],"collection":[{"href":"https:\/\/www.fcejs.unsl.edu.ar\/index.php\/wp-json\/wp\/v2\/posts"}],"about":[{"href":"https:\/\/www.fcejs.unsl.edu.ar\/index.php\/wp-json\/wp\/v2\/types\/post"}],"author":[{"embeddable":true,"href":"https:\/\/www.fcejs.unsl.edu.ar\/index.php\/wp-json\/wp\/v2\/users\/9"}],"replies":[{"embeddable":true,"href":"https:\/\/www.fcejs.unsl.edu.ar\/index.php\/wp-json\/wp\/v2\/comments?post=13911"}],"version-history":[{"count":10,"href":"https:\/\/www.fcejs.unsl.edu.ar\/index.php\/wp-json\/wp\/v2\/posts\/13911\/revisions"}],"predecessor-version":[{"id":13962,"href":"https:\/\/www.fcejs.unsl.edu.ar\/index.php\/wp-json\/wp\/v2\/posts\/13911\/revisions\/13962"}],"wp:featuredmedia":[{"embeddable":true,"href":"https:\/\/www.fcejs.unsl.edu.ar\/index.php\/wp-json\/wp\/v2\/media\/13914"}],"wp:attachment":[{"href":"https:\/\/www.fcejs.unsl.edu.ar\/index.php\/wp-json\/wp\/v2\/media?parent=13911"}],"wp:term":[{"taxonomy":"category","embeddable":true,"href":"https:\/\/www.fcejs.unsl.edu.ar\/index.php\/wp-json\/wp\/v2\/categories?post=13911"},{"taxonomy":"post_tag","embeddable":true,"href":"https:\/\/www.fcejs.unsl.edu.ar\/index.php\/wp-json\/wp\/v2\/tags?post=13911"}],"curies":[{"name":"wp","href":"https:\/\/api.w.org\/{rel}","templated":true}]}}