{"id":13831,"date":"2023-10-11T11:11:45","date_gmt":"2023-10-11T14:11:45","guid":{"rendered":"http:\/\/10.101.10.197\/www\/?p=13831"},"modified":"2023-10-11T11:13:45","modified_gmt":"2023-10-11T14:13:45","slug":"palabras-de-cierre-de-la-fauats-regional-cuyo-2023","status":"publish","type":"post","link":"https:\/\/www.fcejs.unsl.edu.ar\/index.php\/palabras-de-cierre-de-la-fauats-regional-cuyo-2023\/","title":{"rendered":"Palabras de cierre de la FAUATS Regional Cuyo 2023"},"content":{"rendered":"<p>Compartimos las palabras de cierre de la Mgtr. Adriana Isabel Mor\u00e1n, directora de la carrera \u201cLicenciatura en Trabajo Social\u201d, en el marco del encuentro regional cuyo de la Federaci\u00f3n Argentina de Unidades Acad\u00e9micas de Trabajo Social (FAUATS) 2023, realizado el 6 y 7 de octubre en la FCEJS.<\/p>\n<p><em>&#8220;La tarea ha llegado a su fin. Las conclusiones hablan de proyectos, de transformaciones, de utop\u00edas, de compromiso, de territorio, de intervenci\u00f3n. Las acciones de todas, todos, todes dicen de empat\u00eda, sororidad, reconocimiento de la otra, del otro, del otre.<\/em><\/p>\n<p style=\"text-align: justify;\"><em>Sobrevienen tiempos aciagos, Trabajo Social est\u00e1 de pie.<\/em><\/p>\n<p style=\"text-align: justify;\"><em>Esta ha sido una muestra clara de cu\u00e1nto y con qu\u00e9 calidad podemos hacer las cosas cuando nos lo proponemos con ah\u00ednco y afectividad. Hay una emoci\u00f3n v\u00edvida de querer alcanzar el objetivo, hay un sentimiento de alegr\u00eda rondando en nuestras subjetividades.<\/em><\/p>\n<p style=\"text-align: justify;\"><em>Quiero agradecer a todes y cada une de ustedes, por el esfuerzo, el compromiso y la responsabilidad puestos en la tarea: a les integrantes de la Comisi\u00f3n Organizadora: M\u00f3nica Gutvay<\/em><\/p>\n<p><em><img fetchpriority=\"high\" decoding=\"async\" class=\"wp-image-13833 alignright\" src=\"https:\/\/www.fcejs.unsl.edu.ar\/wp-content\/uploads\/2023\/10\/PALABRAS-FINALES-03-1024x575.jpg\" alt=\"\" width=\"402\" height=\"226\" srcset=\"https:\/\/www.fcejs.unsl.edu.ar\/wp-content\/uploads\/2023\/10\/PALABRAS-FINALES-03-1024x575.jpg 1024w, https:\/\/www.fcejs.unsl.edu.ar\/wp-content\/uploads\/2023\/10\/PALABRAS-FINALES-03-300x168.jpg 300w, https:\/\/www.fcejs.unsl.edu.ar\/wp-content\/uploads\/2023\/10\/PALABRAS-FINALES-03-768x431.jpg 768w, https:\/\/www.fcejs.unsl.edu.ar\/wp-content\/uploads\/2023\/10\/PALABRAS-FINALES-03.jpg 1152w\" sizes=\"(max-width: 402px) 100vw, 402px\" \/><\/em><\/p>\n<p style=\"text-align: justify;\"><em>\u00a0(UNSL); Sebasti\u00e1n de Zaldua (UNSL); Mirta Gladys Pereira (UNSL); Myriam Rosa Rubertoni (UNSL); Agustina Magallanes (UNS<\/em><\/p>\n<p style=\"text-align: justify;\"><em>L); Adriana Isabel Mor\u00e1n (UNSL); Ruth Noem\u00ed Parola (UNCuyo), Ver\u00f3nica Peralta Minini (UNCuyo); Ram\u00f3n Facundo Mart\u00ednez (UNCuyo); Vanesa Castro (UNSJ); Mar\u00eda Eugenia Oliver (UNSJ); Ignacio Gal\u00e1n (UNSJ); Mariana Paula Quiroga (UNCuyo).<\/em><\/p>\n<p style=\"text-align: justify;\"><em>A les integrates de la Comisi\u00f3n Acad\u00e9mica de la FAUATS Regional Cuyo 2023: Aleja<\/em><\/p>\n<p style=\"text-align: justify;\"><em>ndra Rovacio (UNSL); Andrea Corna (UNSL), Roxana Lobos (UNSL), Julieta Rodrigo (UNSL), Valeria P\u00e9rez Chaca (UNCuyo), Betiana Vercelli (UNCuyo), Cecilia Molina (UNCuyo), Mariana Audisio (UNSJ), Diego Tello (UNSJ).<\/em><\/p>\n<p style=\"text-align: justify;\"><em>A las autoridades de nuestra Universidad y a las de la FCEJS. A las panelistas del Panel de Bienvenida, Lic. Pamela Bianco (FAAPS), Mgtr. Marcela Fern\u00e1ndez (FAUATS Nacional) y Esp. Lic. Hilda Maggi (FCEJS UNSL). A les conferencistas Mgtr. Alejandra Rovacio (FCEJS UNSL), Mgtr. Mariana Quiroga (FAUATS Nacional) y Dr. Marcelo Lucero (UNSJ).<\/em><\/p>\n<p style=\"text-align: justify;\"><em>A les estudiantes que con compromiso, responsabilidad y alegr\u00eda nos han acompa\u00f1ado en la organizaci\u00f3n y realizaci\u00f3n de este evento: Agustina Magallanes, Emma Carabias Vigil, Celeste Ochoa, Enzo Belaunde, Daiana Tavarniti, Enrique Otero.<\/em><\/p>\n<p style=\"text-align: justify;\"><em>A les coordinadores de mesa: Mariela De Marco &#8211; Ma. Victoria Giuliani; Mg. Virginia C. Vilchez &#8211; M\u00f3nica Gutvay; Lic. Karina Saavedra &#8211; Lic. Maira Fantoni; Lic. Prof. Ver\u00f3nica Peralta Minini \u2013 Mgtr. Mary Lourdes Salazar Rocha; Lic. Diego Tello &#8211; Lic. Cecilia P\u00e1ez; Esp. Bel\u00e9n Jodar y Mgter. Ruth Parola.<\/em><\/p>\n<p style=\"text-align: justify;\"><em><img decoding=\"async\" class=\"wp-image-13832 alignleft\" src=\"https:\/\/www.fcejs.unsl.edu.ar\/wp-content\/uploads\/2023\/10\/PALABRAS-FINALES-02-1024x575.jpg\" alt=\"\" width=\"406\" height=\"228\" srcset=\"https:\/\/www.fcejs.unsl.edu.ar\/wp-content\/uploads\/2023\/10\/PALABRAS-FINALES-02-1024x575.jpg 1024w, https:\/\/www.fcejs.unsl.edu.ar\/wp-content\/uploads\/2023\/10\/PALABRAS-FINALES-02-300x168.jpg 300w, https:\/\/www.fcejs.unsl.edu.ar\/wp-content\/uploads\/2023\/10\/PALABRAS-FINALES-02-768x431.jpg 768w, https:\/\/www.fcejs.unsl.edu.ar\/wp-content\/uploads\/2023\/10\/PALABRAS-FINALES-02.jpg 1152w\" sizes=\"(max-width: 406px) 100vw, 406px\" \/>Al Personal de apoyo a la docencia: Natalia Gualpa (Protocolo); Anibal Claveles (Prensa); Rosana Luisa Salusso (locuci\u00f3n); Santiago Perotti (tecnolog\u00eda), al Personal de limpieza y al de mantenimiento. Al Sr. Oliva que generosamente nos brind\u00f3 su servicio de parrilla.<\/em><\/p>\n<p style=\"text-align: justify;\"><em>La tarea ha concluido. Teor\u00edas, metodolog\u00edas, experiencias, sentires y vivires.<\/em><\/p>\n<p style=\"text-align: justify;\"><em>Estamos en pie de lucha. Trabajo social emerge n\u00edtida y significativamente para acompa\u00f1ar a nuestro pueblo en el reconocimiento de derechos y acceso a las pol\u00edticas sociales.<\/em><\/p>\n<p style=\"text-align: justify;\"><em>\u00a1Este es el Trabajo Social que queremos!<\/em><\/p>\n<p style=\"text-align: justify;\"><em>Esta es una prueba viviente de ello<\/em><\/p>\n<p style=\"text-align: justify;\"><em>Gracias a todas, todos, todes.<\/em><\/p>\n<p style=\"text-align: justify;\"><em>Abrazo fraterno.&#8221;<\/em><\/p>\n<p>&nbsp;<\/p>\n<p>&nbsp;<\/p>\n","protected":false},"excerpt":{"rendered":"<p>Compartimos las palabras de cierre de la Mgtr. Adriana Isabel Mor\u00e1n, directora de la carrera \u201cLicenciatura en Trabajo Social\u201d, en el marco del encuentro regional&hellip;<\/p>\n","protected":false},"author":9,"featured_media":13834,"comment_status":"closed","ping_status":"closed","sticky":false,"template":"","format":"standard","meta":{"om_disable_all_campaigns":false,"_monsterinsights_skip_tracking":false,"_monsterinsights_sitenote_active":false,"_monsterinsights_sitenote_note":"","_monsterinsights_sitenote_category":0,"footnotes":""},"categories":[21],"tags":[],"class_list":["post-13831","post","type-post","status-publish","format-standard","has-post-thumbnail","hentry","category-archivadas"],"yoast_head":"<!-- This site is optimized with the Yoast SEO plugin v27.4 - https:\/\/yoast.com\/product\/yoast-seo-wordpress\/ -->\n<title>Palabras de cierre de la FAUATS Regional Cuyo 2023 - Facultad de Ciencias Econ\u00f3micas, Jur\u00ed\u00addicas y Sociales<\/title>\n<meta name=\"robots\" content=\"index, follow, max-snippet:-1, max-image-preview:large, max-video-preview:-1\" \/>\n<link rel=\"canonical\" href=\"https:\/\/www.fcejs.unsl.edu.ar\/index.php\/palabras-de-cierre-de-la-fauats-regional-cuyo-2023\/\" \/>\n<meta property=\"og:locale\" content=\"es_ES\" \/>\n<meta property=\"og:type\" content=\"article\" \/>\n<meta property=\"og:title\" content=\"Palabras de cierre de la FAUATS Regional Cuyo 2023 - Facultad de Ciencias Econ\u00f3micas, Jur\u00ed\u00addicas y Sociales\" \/>\n<meta property=\"og:description\" content=\"Compartimos las palabras de cierre de la Mgtr. Adriana Isabel Mor\u00e1n, directora de la carrera \u201cLicenciatura en Trabajo Social\u201d, en el marco del encuentro regional&hellip;\" \/>\n<meta property=\"og:url\" content=\"https:\/\/www.fcejs.unsl.edu.ar\/index.php\/palabras-de-cierre-de-la-fauats-regional-cuyo-2023\/\" \/>\n<meta property=\"og:site_name\" content=\"Facultad de Ciencias Econ\u00f3micas, Jur\u00ed\u00addicas y Sociales\" \/>\n<meta property=\"article:publisher\" content=\"https:\/\/www.facebook.com\/FCEJS.UNSL\/\" \/>\n<meta property=\"article:published_time\" content=\"2023-10-11T14:11:45+00:00\" \/>\n<meta property=\"article:modified_time\" content=\"2023-10-11T14:13:45+00:00\" \/>\n<meta property=\"og:image\" content=\"https:\/\/www.fcejs.unsl.edu.ar\/wp-content\/uploads\/2023\/10\/PALABRAS-FINALES-FRONT.jpg\" \/>\n\t<meta property=\"og:image:width\" content=\"1152\" \/>\n\t<meta property=\"og:image:height\" content=\"647\" \/>\n\t<meta property=\"og:image:type\" content=\"image\/jpeg\" \/>\n<meta name=\"author\" content=\"DATI\" \/>\n<meta name=\"twitter:card\" content=\"summary_large_image\" \/>\n<meta name=\"twitter:creator\" content=\"@FCEJSUNSL\" \/>\n<meta name=\"twitter:site\" content=\"@FCEJSUNSL\" \/>\n<meta name=\"twitter:label1\" content=\"Escrito por\" \/>\n\t<meta name=\"twitter:data1\" content=\"DATI\" \/>\n\t<meta name=\"twitter:label2\" content=\"Tiempo de lectura\" \/>\n\t<meta name=\"twitter:data2\" content=\"3 minutos\" \/>\n<script type=\"application\/ld+json\" class=\"yoast-schema-graph\">{\"@context\":\"https:\\\/\\\/schema.org\",\"@graph\":[{\"@type\":\"Article\",\"@id\":\"https:\\\/\\\/www.fcejs.unsl.edu.ar\\\/index.php\\\/palabras-de-cierre-de-la-fauats-regional-cuyo-2023\\\/#article\",\"isPartOf\":{\"@id\":\"https:\\\/\\\/www.fcejs.unsl.edu.ar\\\/index.php\\\/palabras-de-cierre-de-la-fauats-regional-cuyo-2023\\\/\"},\"author\":{\"name\":\"DATI\",\"@id\":\"https:\\\/\\\/www.fcejs.unsl.edu.ar\\\/#\\\/schema\\\/person\\\/352ee6ed90c3f394c7cb5945f8956d34\"},\"headline\":\"Palabras de cierre de la FAUATS Regional Cuyo 2023\",\"datePublished\":\"2023-10-11T14:11:45+00:00\",\"dateModified\":\"2023-10-11T14:13:45+00:00\",\"mainEntityOfPage\":{\"@id\":\"https:\\\/\\\/www.fcejs.unsl.edu.ar\\\/index.php\\\/palabras-de-cierre-de-la-fauats-regional-cuyo-2023\\\/\"},\"wordCount\":535,\"publisher\":{\"@id\":\"https:\\\/\\\/www.fcejs.unsl.edu.ar\\\/#organization\"},\"image\":{\"@id\":\"https:\\\/\\\/www.fcejs.unsl.edu.ar\\\/index.php\\\/palabras-de-cierre-de-la-fauats-regional-cuyo-2023\\\/#primaryimage\"},\"thumbnailUrl\":\"https:\\\/\\\/www.fcejs.unsl.edu.ar\\\/wp-content\\\/uploads\\\/2023\\\/10\\\/PALABRAS-FINALES-FRONT.jpg\",\"articleSection\":[\"Archivadas\"],\"inLanguage\":\"es-AR\"},{\"@type\":\"WebPage\",\"@id\":\"https:\\\/\\\/www.fcejs.unsl.edu.ar\\\/index.php\\\/palabras-de-cierre-de-la-fauats-regional-cuyo-2023\\\/\",\"url\":\"https:\\\/\\\/www.fcejs.unsl.edu.ar\\\/index.php\\\/palabras-de-cierre-de-la-fauats-regional-cuyo-2023\\\/\",\"name\":\"Palabras de cierre de la FAUATS Regional Cuyo 2023 - Facultad de Ciencias Econ\u00f3micas, Jur\u00ed\u00addicas y Sociales\",\"isPartOf\":{\"@id\":\"https:\\\/\\\/www.fcejs.unsl.edu.ar\\\/#website\"},\"primaryImageOfPage\":{\"@id\":\"https:\\\/\\\/www.fcejs.unsl.edu.ar\\\/index.php\\\/palabras-de-cierre-de-la-fauats-regional-cuyo-2023\\\/#primaryimage\"},\"image\":{\"@id\":\"https:\\\/\\\/www.fcejs.unsl.edu.ar\\\/index.php\\\/palabras-de-cierre-de-la-fauats-regional-cuyo-2023\\\/#primaryimage\"},\"thumbnailUrl\":\"https:\\\/\\\/www.fcejs.unsl.edu.ar\\\/wp-content\\\/uploads\\\/2023\\\/10\\\/PALABRAS-FINALES-FRONT.jpg\",\"datePublished\":\"2023-10-11T14:11:45+00:00\",\"dateModified\":\"2023-10-11T14:13:45+00:00\",\"breadcrumb\":{\"@id\":\"https:\\\/\\\/www.fcejs.unsl.edu.ar\\\/index.php\\\/palabras-de-cierre-de-la-fauats-regional-cuyo-2023\\\/#breadcrumb\"},\"inLanguage\":\"es-AR\",\"potentialAction\":[{\"@type\":\"ReadAction\",\"target\":[\"https:\\\/\\\/www.fcejs.unsl.edu.ar\\\/index.php\\\/palabras-de-cierre-de-la-fauats-regional-cuyo-2023\\\/\"]}]},{\"@type\":\"ImageObject\",\"inLanguage\":\"es-AR\",\"@id\":\"https:\\\/\\\/www.fcejs.unsl.edu.ar\\\/index.php\\\/palabras-de-cierre-de-la-fauats-regional-cuyo-2023\\\/#primaryimage\",\"url\":\"https:\\\/\\\/www.fcejs.unsl.edu.ar\\\/wp-content\\\/uploads\\\/2023\\\/10\\\/PALABRAS-FINALES-FRONT.jpg\",\"contentUrl\":\"https:\\\/\\\/www.fcejs.unsl.edu.ar\\\/wp-content\\\/uploads\\\/2023\\\/10\\\/PALABRAS-FINALES-FRONT.jpg\",\"width\":1152,\"height\":647},{\"@type\":\"BreadcrumbList\",\"@id\":\"https:\\\/\\\/www.fcejs.unsl.edu.ar\\\/index.php\\\/palabras-de-cierre-de-la-fauats-regional-cuyo-2023\\\/#breadcrumb\",\"itemListElement\":[{\"@type\":\"ListItem\",\"position\":1,\"name\":\"Inicio\",\"item\":\"https:\\\/\\\/www.fcejs.unsl.edu.ar\\\/\"},{\"@type\":\"ListItem\",\"position\":2,\"name\":\"Palabras de cierre de la FAUATS Regional Cuyo 2023\"}]},{\"@type\":\"WebSite\",\"@id\":\"https:\\\/\\\/www.fcejs.unsl.edu.ar\\\/#website\",\"url\":\"https:\\\/\\\/www.fcejs.unsl.edu.ar\\\/\",\"name\":\"Facultad de Ciencias Econ\u00f3micas, Jur\u00ed\u00addicas y Sociales\",\"description\":\"\",\"publisher\":{\"@id\":\"https:\\\/\\\/www.fcejs.unsl.edu.ar\\\/#organization\"},\"potentialAction\":[{\"@type\":\"SearchAction\",\"target\":{\"@type\":\"EntryPoint\",\"urlTemplate\":\"https:\\\/\\\/www.fcejs.unsl.edu.ar\\\/?s={search_term_string}\"},\"query-input\":{\"@type\":\"PropertyValueSpecification\",\"valueRequired\":true,\"valueName\":\"search_term_string\"}}],\"inLanguage\":\"es-AR\"},{\"@type\":\"Organization\",\"@id\":\"https:\\\/\\\/www.fcejs.unsl.edu.ar\\\/#organization\",\"name\":\"Facultad de Ciencias Econ\u00f3micas, Jur\u00eddicas y Sociales\",\"url\":\"https:\\\/\\\/www.fcejs.unsl.edu.ar\\\/\",\"logo\":{\"@type\":\"ImageObject\",\"inLanguage\":\"es-AR\",\"@id\":\"https:\\\/\\\/www.fcejs.unsl.edu.ar\\\/#\\\/schema\\\/logo\\\/image\\\/\",\"url\":\"https:\\\/\\\/www.fcejs.unsl.edu.ar\\\/wp-content\\\/uploads\\\/2021\\\/03\\\/logo-1.jpg\",\"contentUrl\":\"https:\\\/\\\/www.fcejs.unsl.edu.ar\\\/wp-content\\\/uploads\\\/2021\\\/03\\\/logo-1.jpg\",\"width\":471,\"height\":146,\"caption\":\"Facultad de Ciencias Econ\u00f3micas, Jur\u00eddicas y Sociales\"},\"image\":{\"@id\":\"https:\\\/\\\/www.fcejs.unsl.edu.ar\\\/#\\\/schema\\\/logo\\\/image\\\/\"},\"sameAs\":[\"https:\\\/\\\/www.facebook.com\\\/FCEJS.UNSL\\\/\",\"https:\\\/\\\/x.com\\\/FCEJSUNSL\",\"https:\\\/\\\/www.instagram.com\\\/fcejs.unsl\\\/\",\"https:\\\/\\\/www.youtube.com\\\/channel\\\/UCH-Ut6EaN_X5ogjIQMPe46g\\\/\"]},{\"@type\":\"Person\",\"@id\":\"https:\\\/\\\/www.fcejs.unsl.edu.ar\\\/#\\\/schema\\\/person\\\/352ee6ed90c3f394c7cb5945f8956d34\",\"name\":\"DATI\"}]}<\/script>\n<!-- \/ Yoast SEO plugin. -->","yoast_head_json":{"title":"Palabras de cierre de la FAUATS Regional Cuyo 2023 - Facultad de Ciencias Econ\u00f3micas, Jur\u00ed\u00addicas y Sociales","robots":{"index":"index","follow":"follow","max-snippet":"max-snippet:-1","max-image-preview":"max-image-preview:large","max-video-preview":"max-video-preview:-1"},"canonical":"https:\/\/www.fcejs.unsl.edu.ar\/index.php\/palabras-de-cierre-de-la-fauats-regional-cuyo-2023\/","og_locale":"es_ES","og_type":"article","og_title":"Palabras de cierre de la FAUATS Regional Cuyo 2023 - Facultad de Ciencias Econ\u00f3micas, Jur\u00ed\u00addicas y Sociales","og_description":"Compartimos las palabras de cierre de la Mgtr. Adriana Isabel Mor\u00e1n, directora de la carrera \u201cLicenciatura en Trabajo Social\u201d, en el marco del encuentro regional&hellip;","og_url":"https:\/\/www.fcejs.unsl.edu.ar\/index.php\/palabras-de-cierre-de-la-fauats-regional-cuyo-2023\/","og_site_name":"Facultad de Ciencias Econ\u00f3micas, Jur\u00ed\u00addicas y Sociales","article_publisher":"https:\/\/www.facebook.com\/FCEJS.UNSL\/","article_published_time":"2023-10-11T14:11:45+00:00","article_modified_time":"2023-10-11T14:13:45+00:00","og_image":[{"width":1152,"height":647,"url":"https:\/\/www.fcejs.unsl.edu.ar\/wp-content\/uploads\/2023\/10\/PALABRAS-FINALES-FRONT.jpg","type":"image\/jpeg"}],"author":"DATI","twitter_card":"summary_large_image","twitter_creator":"@FCEJSUNSL","twitter_site":"@FCEJSUNSL","twitter_misc":{"Escrito por":"DATI","Tiempo de lectura":"3 minutos"},"schema":{"@context":"https:\/\/schema.org","@graph":[{"@type":"Article","@id":"https:\/\/www.fcejs.unsl.edu.ar\/index.php\/palabras-de-cierre-de-la-fauats-regional-cuyo-2023\/#article","isPartOf":{"@id":"https:\/\/www.fcejs.unsl.edu.ar\/index.php\/palabras-de-cierre-de-la-fauats-regional-cuyo-2023\/"},"author":{"name":"DATI","@id":"https:\/\/www.fcejs.unsl.edu.ar\/#\/schema\/person\/352ee6ed90c3f394c7cb5945f8956d34"},"headline":"Palabras de cierre de la FAUATS Regional Cuyo 2023","datePublished":"2023-10-11T14:11:45+00:00","dateModified":"2023-10-11T14:13:45+00:00","mainEntityOfPage":{"@id":"https:\/\/www.fcejs.unsl.edu.ar\/index.php\/palabras-de-cierre-de-la-fauats-regional-cuyo-2023\/"},"wordCount":535,"publisher":{"@id":"https:\/\/www.fcejs.unsl.edu.ar\/#organization"},"image":{"@id":"https:\/\/www.fcejs.unsl.edu.ar\/index.php\/palabras-de-cierre-de-la-fauats-regional-cuyo-2023\/#primaryimage"},"thumbnailUrl":"https:\/\/www.fcejs.unsl.edu.ar\/wp-content\/uploads\/2023\/10\/PALABRAS-FINALES-FRONT.jpg","articleSection":["Archivadas"],"inLanguage":"es-AR"},{"@type":"WebPage","@id":"https:\/\/www.fcejs.unsl.edu.ar\/index.php\/palabras-de-cierre-de-la-fauats-regional-cuyo-2023\/","url":"https:\/\/www.fcejs.unsl.edu.ar\/index.php\/palabras-de-cierre-de-la-fauats-regional-cuyo-2023\/","name":"Palabras de cierre de la FAUATS Regional Cuyo 2023 - Facultad de Ciencias Econ\u00f3micas, Jur\u00ed\u00addicas y Sociales","isPartOf":{"@id":"https:\/\/www.fcejs.unsl.edu.ar\/#website"},"primaryImageOfPage":{"@id":"https:\/\/www.fcejs.unsl.edu.ar\/index.php\/palabras-de-cierre-de-la-fauats-regional-cuyo-2023\/#primaryimage"},"image":{"@id":"https:\/\/www.fcejs.unsl.edu.ar\/index.php\/palabras-de-cierre-de-la-fauats-regional-cuyo-2023\/#primaryimage"},"thumbnailUrl":"https:\/\/www.fcejs.unsl.edu.ar\/wp-content\/uploads\/2023\/10\/PALABRAS-FINALES-FRONT.jpg","datePublished":"2023-10-11T14:11:45+00:00","dateModified":"2023-10-11T14:13:45+00:00","breadcrumb":{"@id":"https:\/\/www.fcejs.unsl.edu.ar\/index.php\/palabras-de-cierre-de-la-fauats-regional-cuyo-2023\/#breadcrumb"},"inLanguage":"es-AR","potentialAction":[{"@type":"ReadAction","target":["https:\/\/www.fcejs.unsl.edu.ar\/index.php\/palabras-de-cierre-de-la-fauats-regional-cuyo-2023\/"]}]},{"@type":"ImageObject","inLanguage":"es-AR","@id":"https:\/\/www.fcejs.unsl.edu.ar\/index.php\/palabras-de-cierre-de-la-fauats-regional-cuyo-2023\/#primaryimage","url":"https:\/\/www.fcejs.unsl.edu.ar\/wp-content\/uploads\/2023\/10\/PALABRAS-FINALES-FRONT.jpg","contentUrl":"https:\/\/www.fcejs.unsl.edu.ar\/wp-content\/uploads\/2023\/10\/PALABRAS-FINALES-FRONT.jpg","width":1152,"height":647},{"@type":"BreadcrumbList","@id":"https:\/\/www.fcejs.unsl.edu.ar\/index.php\/palabras-de-cierre-de-la-fauats-regional-cuyo-2023\/#breadcrumb","itemListElement":[{"@type":"ListItem","position":1,"name":"Inicio","item":"https:\/\/www.fcejs.unsl.edu.ar\/"},{"@type":"ListItem","position":2,"name":"Palabras de cierre de la FAUATS Regional Cuyo 2023"}]},{"@type":"WebSite","@id":"https:\/\/www.fcejs.unsl.edu.ar\/#website","url":"https:\/\/www.fcejs.unsl.edu.ar\/","name":"Facultad de Ciencias Econ\u00f3micas, Jur\u00ed\u00addicas y Sociales","description":"","publisher":{"@id":"https:\/\/www.fcejs.unsl.edu.ar\/#organization"},"potentialAction":[{"@type":"SearchAction","target":{"@type":"EntryPoint","urlTemplate":"https:\/\/www.fcejs.unsl.edu.ar\/?s={search_term_string}"},"query-input":{"@type":"PropertyValueSpecification","valueRequired":true,"valueName":"search_term_string"}}],"inLanguage":"es-AR"},{"@type":"Organization","@id":"https:\/\/www.fcejs.unsl.edu.ar\/#organization","name":"Facultad de Ciencias Econ\u00f3micas, Jur\u00eddicas y Sociales","url":"https:\/\/www.fcejs.unsl.edu.ar\/","logo":{"@type":"ImageObject","inLanguage":"es-AR","@id":"https:\/\/www.fcejs.unsl.edu.ar\/#\/schema\/logo\/image\/","url":"https:\/\/www.fcejs.unsl.edu.ar\/wp-content\/uploads\/2021\/03\/logo-1.jpg","contentUrl":"https:\/\/www.fcejs.unsl.edu.ar\/wp-content\/uploads\/2021\/03\/logo-1.jpg","width":471,"height":146,"caption":"Facultad de Ciencias Econ\u00f3micas, Jur\u00eddicas y Sociales"},"image":{"@id":"https:\/\/www.fcejs.unsl.edu.ar\/#\/schema\/logo\/image\/"},"sameAs":["https:\/\/www.facebook.com\/FCEJS.UNSL\/","https:\/\/x.com\/FCEJSUNSL","https:\/\/www.instagram.com\/fcejs.unsl\/","https:\/\/www.youtube.com\/channel\/UCH-Ut6EaN_X5ogjIQMPe46g\/"]},{"@type":"Person","@id":"https:\/\/www.fcejs.unsl.edu.ar\/#\/schema\/person\/352ee6ed90c3f394c7cb5945f8956d34","name":"DATI"}]}},"jetpack_featured_media_url":"https:\/\/www.fcejs.unsl.edu.ar\/wp-content\/uploads\/2023\/10\/PALABRAS-FINALES-FRONT.jpg","_links":{"self":[{"href":"https:\/\/www.fcejs.unsl.edu.ar\/index.php\/wp-json\/wp\/v2\/posts\/13831","targetHints":{"allow":["GET"]}}],"collection":[{"href":"https:\/\/www.fcejs.unsl.edu.ar\/index.php\/wp-json\/wp\/v2\/posts"}],"about":[{"href":"https:\/\/www.fcejs.unsl.edu.ar\/index.php\/wp-json\/wp\/v2\/types\/post"}],"author":[{"embeddable":true,"href":"https:\/\/www.fcejs.unsl.edu.ar\/index.php\/wp-json\/wp\/v2\/users\/9"}],"replies":[{"embeddable":true,"href":"https:\/\/www.fcejs.unsl.edu.ar\/index.php\/wp-json\/wp\/v2\/comments?post=13831"}],"version-history":[{"count":5,"href":"https:\/\/www.fcejs.unsl.edu.ar\/index.php\/wp-json\/wp\/v2\/posts\/13831\/revisions"}],"predecessor-version":[{"id":13839,"href":"https:\/\/www.fcejs.unsl.edu.ar\/index.php\/wp-json\/wp\/v2\/posts\/13831\/revisions\/13839"}],"wp:featuredmedia":[{"embeddable":true,"href":"https:\/\/www.fcejs.unsl.edu.ar\/index.php\/wp-json\/wp\/v2\/media\/13834"}],"wp:attachment":[{"href":"https:\/\/www.fcejs.unsl.edu.ar\/index.php\/wp-json\/wp\/v2\/media?parent=13831"}],"wp:term":[{"taxonomy":"category","embeddable":true,"href":"https:\/\/www.fcejs.unsl.edu.ar\/index.php\/wp-json\/wp\/v2\/categories?post=13831"},{"taxonomy":"post_tag","embeddable":true,"href":"https:\/\/www.fcejs.unsl.edu.ar\/index.php\/wp-json\/wp\/v2\/tags?post=13831"}],"curies":[{"name":"wp","href":"https:\/\/api.w.org\/{rel}","templated":true}]}}