{"id":13807,"date":"2023-10-09T10:13:03","date_gmt":"2023-10-09T13:13:03","guid":{"rendered":"http:\/\/10.101.10.197\/www\/?p=13807"},"modified":"2023-11-06T09:05:11","modified_gmt":"2023-11-06T12:05:11","slug":"estudiantes-de-la-fcejs-expondran-sus-proyectos-de-investigacion-en-jornadas-internacionales","status":"publish","type":"post","link":"https:\/\/www.fcejs.unsl.edu.ar\/index.php\/estudiantes-de-la-fcejs-expondran-sus-proyectos-de-investigacion-en-jornadas-internacionales\/","title":{"rendered":"Estudiantes de la FCEJS expondr\u00e1n en Paraguay sus proyectos de investigaci\u00f3n"},"content":{"rendered":"<p>Lourdes Solange Vilchez y Agustina Bel\u00e9n Cometto representar\u00e1n a la UNSL en las Jornadas de J\u00f3venes Investigadores (JJI) que se realizar\u00e1n el 11, 12 y 13 de octubre en la Universidad Nacional de Asunci\u00f3n, Paraguay. Los proyectos de las j\u00f3venes estudiantes de la FCEJS fueron seleccionados en la pre jornada de j\u00f3venes investigadores, que se realiz\u00f3 el 29 de junio pasado en la Universidad Nacional de San Luis.<\/p>\n<p>La 30\u00aa edici\u00f3n de las JJI es organizada por la Asociaci\u00f3n de Universidades Grupo Montevideo (AUGM), una Red de Universidades p\u00fablicas, aut\u00f3nomas y autogobernadas de Argentina, Bolivia, Brasil, Chile, Paraguay y Uruguay. La posibilidad de compartir espacios e intercambiar conocimientos con investigadores de Latinoam\u00e9rica es una de las mayores ilusiones de las j\u00f3venes estudiantes de la Facultad de Ciencias Econ\u00f3micas, Jur\u00eddicas y Sociales.<\/p>\n<p>Lourdes Vilchez termin\u00f3 el a\u00f1o pasado de cursar la carrera de Abogac\u00eda de la FCEJS. Su investigaci\u00f3n se refiere a \u201cProyectos legislativos de eutanasia a la luz de los derechos humanos\u201d. Agustina Cometto es abogada por la UNSL y estudia actualmente la especializaci\u00f3n en Derechos Humanos, que dicta la facultad. El trabajo que expondr\u00e1 en Paraguay aborda el tema \u201cCamino hacia la igualdad \u00bfC\u00f3mo est\u00e1n aplicando la perspectiva de g\u00e9nero los tribunales sanluise\u00f1os?\u201d.<\/p>\n<p>Con dos temas que configuran debates actuales y cruciales en la legislaci\u00f3n y la justicia argentina, ambas estudiantes del Centro Universitario Villa Mercedes viajar\u00e1n a Paraguay para cumplir el sue\u00f1o de participar en el espacio que propone la AUGM, no solo para exponer sus trabajos, sino compartir espacios de aprendizaje y construcci\u00f3n de conocimientos relacionados con las l\u00edneas de investigaci\u00f3n de sus proyectos.<\/p>\n<p>Las j\u00f3venes investigadoras debieron transitar dif\u00edciles recorridos para llegar a esta etapa, pero en ese camino contaron con el valioso apoyo de quien es el director de pasant\u00edas, Manuel Serrano, magister en Filosof\u00eda por la Universidad Nacional de Quilmes; Dr. en Derecho y Ciencias Sociales por la Universidad Nacional de C\u00f3rdoba; docente de Etica por la UNSL y becario post doctoral del Conicet.<\/p>\n<p>\u201cLa posibilidad de coordinar los trabajos de Lourdes y de Agustina surge a ra\u00edz de mi relaci\u00f3n con algunos docentes que trabajan en la facultad de Derecho en Villa Mercedes, particularmente con Gabriela Ricard y Daniel Gorra. Juntos recomendamos posibles direcciones de tesis, de acuerdo con los intereses que vamos viendo en cada una de las personas que se van acercando a trabajar con nosotros\u201d, coment\u00f3.<\/p>\n<p>En este marco, explic\u00f3 que Lourdes ya ven\u00eda trabajando en el proyecto de Extensi\u00f3n con Gabriela Riccard y, de acuerdo con sus intereses acad\u00e9micos, su proyecto ya estaba orientado a cuestiones vinculadas a la bio\u00e9tica y la pol\u00edtica p\u00fablica, espec\u00edficamente con el problema de la eutanasia. \u201cEntonces, nos pusimos en contacto y as\u00ed comenz\u00f3 a realizar una pasant\u00eda conmigo, con el proyecto de investigaci\u00f3n del que soy parte en la Facultad de Ciencias Humanas. Hizo un primer acercamiento hacia la realidad legislativa de este problema en nuestro pa\u00eds, que es un poco lo que ella va a presentar en las jornadas en Paraguay\u201d.<\/p>\n<p>\u201cCon respecto a Agustina \u2013se\u00f1al\u00f3-, la relaci\u00f3n nace a partir de Daniel Gorra. El proyecto en este caso se vinculaba la violencia de g\u00e9nero. Nos centramos sobre todo en la provincia de San Luis y en el an\u00e1lisis jurisprudencial. De esos aspectos termina surgiendo su ponencia para presentar en las jornadas de Paraguay\u201d.<\/p>\n<p>Destac\u00f3 Serrano que la experiencia con las j\u00f3venes estudiantes fue muy enriquecedora \u201cprincipalmente porque son dos personas muy responsables\u201d y \u201cbrillantes acad\u00e9micamente\u201d. Dijo que trabajar con gente que tiene esa predisposici\u00f3n \u201csiempre es un placer\u201d. A pesar de que la relaci\u00f3n estuvo en gran parte atravesada por la virtualidad, \u201cellas est\u00e1n en Villa Mercedes y yo en San Luis\u201d la comunicaci\u00f3n fue \u201cfluida y constante\u201d.<\/p>\n<p>Aclar\u00f3 que los espacios para la investigaci\u00f3n est\u00e1n a disposici\u00f3n, hay que aprovecharlos: \u201chay pasant\u00edas, becas de investigaci\u00f3n, posgrados\u2026, pero sobre todo hay que pensar que para nada son opciones contrarias a los intereses personales o laborales, al contrario, son complementos. Si yo me quiero dedicar a otra cosa que no sea investigaci\u00f3n, como por ejemplo ser abogado litigante, trabajar en la justicia, en el Estado, para una empresa privada o por mi cuenta, la investigaci\u00f3n significa un complemento muy importante porque otorga herramientas para leer, pensar, decir, escribir sobre soluciones que tenemos que pensar en nuestros \u00e1mbitos de trabajo\u201d.<\/p>\n<p>La investigaci\u00f3n es fundamental tambi\u00e9n en el \u00e1mbito acad\u00e9mico: \u201cSi a uno le gusta la docencia universitaria es fundamental ingresar a los espacios de investigaci\u00f3n desde que uno es estudiante, porque facilita las cosas. Esos espacios est\u00e1n en la universidad, existen y la mayor\u00eda de los docentes estamos \u00e1vidos para esto, dispuestos a que ingresen a la investigaci\u00f3n\u201d.<\/p>\n<p><strong>La voz de las j\u00f3venes investigadoras<\/strong><\/p>\n<p>En entrevistas que les hizo la periodista Virginia Aguilera para la Radio de la UNSL en Villa Mercedes, Vilchez y Cometto contaron c\u00f3mo llegaron a ser seleccionadas, cu\u00e1les son los ejes centrales de sus trabajos de investigaci\u00f3n, los preparativos y las expectativas para presentarlos en las jornadas internacionales y qu\u00e9 les recomiendan a los j\u00f3venes estudiantes que cursan las carreras de grado y pos grado en la UNSL.<\/p>\n<p><em><strong>&#8211; Qu\u00e9 se siente ser una de las investigadoras seleccionadas y c\u00f3mo surgi\u00f3 la idea de participar en la convocatoria.<\/strong><\/em><\/p>\n<figure id=\"attachment_13810\" aria-describedby=\"caption-attachment-13810\" style=\"width: 698px\" class=\"wp-caption alignleft\"><img fetchpriority=\"high\" decoding=\"async\" class=\" wp-image-13810\" src=\"https:\/\/www.fcejs.unsl.edu.ar\/wp-content\/uploads\/2023\/10\/VILCHES.jpg\" alt=\"Lourdes Solange Vilchez \" width=\"698\" height=\"410\" srcset=\"https:\/\/www.fcejs.unsl.edu.ar\/wp-content\/uploads\/2023\/10\/VILCHES.jpg 758w, https:\/\/www.fcejs.unsl.edu.ar\/wp-content\/uploads\/2023\/10\/VILCHES-300x176.jpg 300w\" sizes=\"(max-width: 698px) 100vw, 698px\" \/><figcaption id=\"caption-attachment-13810\" class=\"wp-caption-text\">Lourdes Solange Vilchez<\/figcaption><\/figure>\n<p>Lourdes Vilchez: Es un honor poder representar a la facultad en la Jornada de J\u00f3venes Investigadores en Paraguay. Mucho m\u00e1s reconocer la importancia de estos proyectos legislativos a nivel nacional y latinoamericano, donde hay un vac\u00edo legal que es importante que se pueda llenar. Que la gente conozca, que sepa las diferencias de ciertas terminolog\u00edas y conceptos. Por eso, estoy muy agradecida por la oportunidad de poder llevar mi trabajo para que sea escuchado.<\/p>\n<p>La idea de participar en la convocatoria surgi\u00f3 de charlas internas que tuve con mi director de pasant\u00eda, Manuel Serrano, a quien le coment\u00e9 en reiteradas oportunidades que me hubiera encantado, antes de terminar de cursar todas mis materias, realizar un intercambio en alguna otra facultad. En varias oportunidades que me present\u00e9 no se me dio. Por eso, gracias a la escucha activa de mi docente que busc\u00f3 alternativas para que pueda cumplir mi sue\u00f1o antes de recibirme, se da esta oportunidad de presentarme a la pre jornada con este proyecto de investigaci\u00f3n.<\/p>\n<p>Venimos trabajando hace mucho tiempo sobre este proyecto, que es muy profundo y dif\u00edcil de acabar, pero buscando las mejores herramientas para que sea un proyecto lo m\u00e1s completo y acabado posible. Es as\u00ed como llegamos elaborar esta investigaci\u00f3n legislativa sobre la eutanasia a la luz de los derechos humanos.<\/p>\n<p>Agustina Cometto: Estoy muy contenta por haber sido seleccionada por la UNSL para representarla en estas Jornadas de J\u00f3venes Investigadores. Es la primera vez que voy a tener participaci\u00f3n en un espacio de estas caracter\u00edsticas, en un evento de corte internacional.<\/p>\n<p>Cuando me postul\u00e9 para ver si pod\u00eda tomar parte en este evento, lo hice con el \u00e1nimo de tener una experiencia, de poder conocer un poco m\u00e1s el entorno de la investigaci\u00f3n. Ver c\u00f3mo trabajan otros investigadores.<\/p>\n<p>Al haber quedado seleccionada me sorprend\u00ed para bien, porque hay mucho esfuerzo y responsabilidad detr\u00e1s de todo esto.<\/p>\n<p>La idea vino porque mi director en pasant\u00edas de investigaci\u00f3n, doctor Manuel Serrano, hab\u00eda participado anteriormente en estas jornadas y me anim\u00f3 a que me presentara. Lo inici\u00e9 con un poco de temor porque hay muchos j\u00f3venes investigadores que tambi\u00e9n se presentan, son excelentes y tienen unos trabajos grandiosos, entonces era un gran desaf\u00edo a ese nivel.<\/p>\n<p><em><strong>&#8211; Contanos un poco a cerca de tu proyecto de investigaci\u00f3n y cu\u00e1l es el objetivo del mismo.<\/strong><\/em><\/p>\n<p>A. C.: Es un proyecto enmarcado una investigaci\u00f3n en el cual participo en la FCEJS como pasante. Est\u00e1 abocado al an\u00e1lisis del derecho y el lenguaje. En particular mi proyecto se centra en el acceso a la justicia por parte de las mujeres, c\u00f3mo los jueces est\u00e1n interpretando la perspectiva de g\u00e9nero, cu\u00e1les son aquellas caracter\u00edsticas, circunstancias, hechos a los cuales prestan atenci\u00f3n para proceder a analizarlos a la luz de la perspectiva de g\u00e9nero.<\/p>\n<p>Siempre teniendo en cuenta que los hechos que analizo son todos de la justicia sanluise\u00f1a y los que ata\u00f1en a mujeres, hay, en este sentido, un recorte bastante importante de lo que es la perspectiva de g\u00e9nero, porque solamente me limito a las mujeres y su g\u00e9nero. Es decir, en el an\u00e1lisis que realizo no hay una comprensi\u00f3n de otras identidades como puede ser las disidencias sexuales, las masculinidades.<\/p>\n<p><em><strong>&#8211; \u00bfC\u00f3mo fue la preparaci\u00f3n para competir con tu exposici\u00f3n en la pre jornada de j\u00f3venes investigadores?<\/strong><\/em><\/p>\n<p>L. V.: Mi preparaci\u00f3n para competir en la pre jornada fue correcci\u00f3n de documentos y mucha b\u00fasqueda de bibliograf\u00eda. Si bien es algo que vengo trabajando desde el a\u00f1o pasado y por lo tanto ten\u00eda algunos escritos sobre tem\u00e1ticas que fui buscando -tales como la comparaci\u00f3n de los proyectos, qu\u00e9 pasa en el derecho comparado, principios jur\u00eddicos locales y constitucionales que permitan la regulaci\u00f3n de la eutanasia\u2026- , fuimos ahondando con mi profesor para lograr esquematizar y reunir todo en un solo documento.<\/p>\n<p>En principio, ten\u00edamos reuniones virtuales porque mi profesor es de San Luis y tuvimos que coordinando los tiempos. Pero siempre me sent\u00ed acompa\u00f1ada por lo cual estoy muy agradecida porque estuvo antes las dudas que surg\u00edan, con informaci\u00f3n que me pudiera servir.<\/p>\n<p>Considero que para llegar a cabo un bueno proyecto de investigaci\u00f3n se debe tener un buen equipo, un buen docente que est\u00e9 al lado escuchando las necesidades de los estudiantes, apoyando. Yo tuve esa suerte, de tener un excelente director de pasant\u00eda que nunca me solt\u00f3 la mano, que me acompa\u00f1\u00f3, me ayud\u00f3 a que pueda presentarme y pueda estar en las jornadas.<\/p>\n<p>A. C.: Si bien en el momento en que se realiz\u00f3 la pre jornada el trabajo estaba en buena forma, tuve que realizar algunas actividades extras para que me ayudaran a poder plasmar todo lo que estaba escrito en una exposici\u00f3n oral. En ese sentido, hab\u00eda que lograr una presentaci\u00f3n, tener en cuenta el factor del tiempo ya que estos trabajos deb\u00edan ser expuestos en un lapso de 15 minutos. Entonces, hubo una pr\u00e1ctica para exponer las ideas m\u00e1s fuertes, resaltar aquellos aspectos m\u00e1s destacables del trabajo.<\/p>\n<figure id=\"attachment_13809\" aria-describedby=\"caption-attachment-13809\" style=\"width: 750px\" class=\"wp-caption alignleft\"><img decoding=\"async\" class=\"size-full wp-image-13809\" src=\"https:\/\/www.fcejs.unsl.edu.ar\/wp-content\/uploads\/2023\/10\/COMETTO.jpg\" alt=\"Agustina Bel\u00e9n Cometto \" width=\"750\" height=\"499\" srcset=\"https:\/\/www.fcejs.unsl.edu.ar\/wp-content\/uploads\/2023\/10\/COMETTO.jpg 750w, https:\/\/www.fcejs.unsl.edu.ar\/wp-content\/uploads\/2023\/10\/COMETTO-300x200.jpg 300w\" sizes=\"(max-width: 750px) 100vw, 750px\" \/><figcaption id=\"caption-attachment-13809\" class=\"wp-caption-text\">Agustina Bel\u00e9n Cometto<\/figcaption><\/figure>\n<p>Hubo tambi\u00e9n un trabajo de corte m\u00e1s estrat\u00e9gico, que fue realizado en compa\u00f1\u00eda con mi director de pasant\u00eda. Tambi\u00e9n pudimos socializar estas inquietudes, plasmar algunas estrategias con otra compa\u00f1era de Mercedes, con la cual viajamos a la ciudad de San Luis para poder participar de estas pre jornadas.<\/p>\n<p><em><strong>&#8211; \u00bfC\u00f3mo te estas preparando para representar a la UNSL en Paraguay y cu\u00e1les con tus expectativas?<\/strong><\/em><\/p>\n<p>L. V.: La preparaci\u00f3n nunca par\u00f3 desde la pre jornada, en la b\u00fasqueda de m\u00e1s informaci\u00f3n. Mi docente tambi\u00e9n me pas\u00f3 otros documentos, archivos para leer para estar preparada ante cualquier tipo de pregunta. Si bien el trabajo ya est\u00e1 presentado y tengo mis lineamientos, pueden surgir otras dudas y uno tiene que estar preparada para responderlas.<\/p>\n<p>Con relaci\u00f3n a mis expectativas, espero tener una comunicaci\u00f3n lo m\u00e1s fluida posible para que la gente entienda la importancia de estas tem\u00e1ticas. Comprender que existe un conflicto entre dos derechos, que son sumamente importantes en la vida de la persona y en el derecho propiamente dicho, que es el derecho a la vida y el derecho a la dignidad de la persona. Entonces, dar a entender esa importancia es una de las expectativas m\u00e1s fuertes. Y que quede claro la distinci\u00f3n entre lo que es la eutanasia, el suicidio asistido y la muerte digna, conceptos que parecen muy parecidos, pero no los son.<\/p>\n<p>Busco m\u00e1s que nada comunicar la importancia de tratar estos temas, de tener una visi\u00f3n m\u00e1s amplia en la apertura a nuevos derechos humanos. Por m\u00e1s que uno no los comparta, la intenci\u00f3n es lograr ese grado de empat\u00eda para con el otro. Para quien lo vive, lo padece por s\u00ed mismo es importante la apertura y los conocimientos. Esa es mi expectativa, dar a conocer lo que est\u00e1 pasando el mi pa\u00eds, donde se debaten estos proyectos. Hoy existe legalmente en Colombia, pero no en el resto de Latinoam\u00e9rica.<\/p>\n<p>Considero que los j\u00f3venes debemos tener siempre esa iniciativa, de romper barreras y abrirnos hacia nuevos caminos. A esta tem\u00e1tica decido investigarla desde el \u00e1mbito de la \u00e9tica y la bio\u00e9tica, rompiendo las barreras propias de mi carrera jur\u00eddica. Y ya no verlo como un proyecto de ley sino analizarme, cuestionarme y mirarlo desde otra perspectiva.<\/p>\n<p>A. C.: Representar a la UNSL es una fuente de responsabilidad muy grande. Por eso, contin\u00fao con el estudio. La particularidad de estos trabajos de investigaci\u00f3n es que uno nunca deja de leer y ahondar. Siempre se puede retocar, perfeccionar. En ese sentido, la preparaci\u00f3n sigue por el lado del estudio y la lectura.<br \/>\nMis expectativas con relaci\u00f3n a las jornadas son, b\u00e1sicamente, que sean un espacio ameno para el aprendizaje, el intercambio, compartir experiencias y poder conocer a otras j\u00f3venes investigadoras que tal vez est\u00e9n realizando trabajos en esta misma l\u00ednea de investigaci\u00f3n. Poder contarnos c\u00f3mo se encaran estos procesos.<\/p>\n<p><strong><em>&#8211; \u00bfQu\u00e9 le dir\u00edas a los estudiantes universitarios sobre sumarse a estas iniciativas y a estos espacios que se generan en la Universidad?<\/em><\/strong><\/p>\n<p>L. V.: Decirles que se sumen, que participen, que no lo duden. Cualquier actividad de la facultad, ya sea extensi\u00f3n o investigaci\u00f3n es sumamente productiva y hace al crecimiento personal de cada uno.<\/p>\n<p>Yo me sum\u00e9 un poco tarde a los proyectos de investigaci\u00f3n, pero me han dado tantos frutos que agradezco poder ahora formar parte. Y si tuviera que volver a empezar, no dudar\u00eda de formar parte de investigaciones. Puede que a los estudiantes no les llame la atenci\u00f3n, pero si hay una tem\u00e1tica que les interese, todo se puede investigar. Se buscan las formas, las metodolog\u00edas, las alternativas para llevar a cabo la investigaci\u00f3n y sacarle fruto a eso.<\/p>\n<p>La verdad es que la investigaci\u00f3n es muy productiva, abre muchas puertas. Nuestra facultad apuesta mucho a la investigaci\u00f3n y eso es important\u00edsimo aprovecharlo. Espero que muchos estudiantes se sigan sumando. As\u00ed como estuve presente en las ofertas de carreras, en el stand de investigaci\u00f3n, est\u00e1 abierta la posibilidad a todos para que se puedan sumar. Es sumamente productivo y positivo tenerla dentro de nuestras tareas extracurriculares dentro de la facultad, es una de las tareas m\u00e1s importantes que podemos hacer y de las cuales podemos sacar muchas cosas positivas.<\/p>\n<p>A. C.: Para todos los estudiantes, tanto de grado como de posgrado, les dir\u00eda que, si les gusta aprender, estar en espacios donde la informaci\u00f3n se intercambia, en los que puede haber debate y di\u00e1logo, que no duden en sumarse. La universidad afortunadamente propicia estos espacios, donde hay gente que sabe un mont\u00f3n y que est\u00e1 siempre dispuesta a compartir ese conocimiento, a explicar. Por eso, son instancias en donde uno puede aprender mucho, pero tambi\u00e9n en las que se exige mucho compromiso, porque as\u00ed como est\u00e1 la posibilidad de acceder a ese espacio, tambi\u00e9n est\u00e1 la responsabilidad de saber usarlo, sacarle provecho y contribuir.\u00a0Considero que si est\u00e1n pensando en unirse a estos espacios, que se acerquen, se saquen las dudas y que, si quieren participar, que definitivamente lo hagan.<\/p>\n<p><strong>M\u00e1s datos sobre las JJI<\/strong><\/p>\n<p>Las Jornadas de J\u00f3venes Investigadores \u201cest\u00e1n orientadas a promover el temprano relacionamiento entre j\u00f3venes cient\u00edficos de los pa\u00edses de la regi\u00f3n y a impulsar su integraci\u00f3n en los trabajos que crean. Se desarrollan redes interpersonales y de car\u00e1cter cient\u00edfico-acad\u00e9micas, cuyo entramado luego posibilita y fundamenta la constituci\u00f3n de grupos regionales de investigaci\u00f3n cient\u00edfica\u201d, destaca la AUGM en su p\u00e1gina web.<\/p>\n<p>Desde el a\u00f1o 2007, las Jornadas de J\u00f3venes Investigadores se realiza de manera ininterrumpida en la Universidad Nacional de Asunci\u00f3n. \u201cA trav\u00e9s de esta iniciativa, los j\u00f3venes universitarios tienen la posibilidad de interactuar con sus pares de la regi\u00f3n para intercambiar ideas y proyectos con miras a realizar aportes e ideas para el progreso del pa\u00eds, siendo esta una perfecta oportunidad para tener una fiesta cient\u00edfica, teniendo como anfitriones a los j\u00f3venes investigadores de la UNA\u201d, agrega la informaci\u00f3n.<\/p>\n<p>Desde el 2016, la UNSL forma parte de la AUGM. Para organizar y promover la participaci\u00f3n, el 29 de junio pasado se realiz\u00f3 la pre jornada de J\u00f3venes Investigadores de las Facultades de Qu\u00edmica, Bioqu\u00edmica y Farmacia (FQByF), de Ciencias F\u00edsico, Matem\u00e1ticas y Naturales (FCFMyN), de Salud (FCS), de Psicolog\u00eda (FAPSI), de Ingenier\u00eda y Ciencias Agropecuarias (FICA) y la de Ciencias Econ\u00f3micas, Jur\u00eddicas y Sociales (FCEJS).<\/p>\n<p>&nbsp;<\/p>\n<p><strong>Nota: Jos\u00e9 Luis Baigorria. Radio UNSL Villa Mercedes<\/strong><\/p>\n<p><strong>Entrevista: Virginia Aguilera. Radio UNSL Villa Mercedes<\/strong><\/p>\n","protected":false},"excerpt":{"rendered":"<p>Lourdes Solange Vilchez y Agustina Bel\u00e9n Cometto representar\u00e1n a la UNSL en las Jornadas de J\u00f3venes Investigadores (JJI) que se realizar\u00e1n el 11, 12 y&hellip;<\/p>\n","protected":false},"author":9,"featured_media":13808,"comment_status":"closed","ping_status":"closed","sticky":false,"template":"","format":"standard","meta":{"om_disable_all_campaigns":false,"_monsterinsights_skip_tracking":false,"_monsterinsights_sitenote_active":false,"_monsterinsights_sitenote_note":"","_monsterinsights_sitenote_category":0,"footnotes":""},"categories":[1],"tags":[],"class_list":["post-13807","post","type-post","status-publish","format-standard","has-post-thumbnail","hentry","category-noticias"],"yoast_head":"<!-- This site is optimized with the Yoast SEO plugin v27.4 - https:\/\/yoast.com\/product\/yoast-seo-wordpress\/ -->\n<title>Estudiantes de la FCEJS expondr\u00e1n en Paraguay sus proyectos de investigaci\u00f3n - Facultad de Ciencias Econ\u00f3micas, Jur\u00ed\u00addicas y Sociales<\/title>\n<meta name=\"robots\" content=\"index, follow, max-snippet:-1, max-image-preview:large, max-video-preview:-1\" \/>\n<link rel=\"canonical\" href=\"https:\/\/www.fcejs.unsl.edu.ar\/index.php\/estudiantes-de-la-fcejs-expondran-sus-proyectos-de-investigacion-en-jornadas-internacionales\/\" \/>\n<meta property=\"og:locale\" content=\"es_ES\" \/>\n<meta property=\"og:type\" content=\"article\" \/>\n<meta property=\"og:title\" content=\"Estudiantes de la FCEJS expondr\u00e1n en Paraguay sus proyectos de investigaci\u00f3n - Facultad de Ciencias Econ\u00f3micas, Jur\u00ed\u00addicas y Sociales\" \/>\n<meta property=\"og:description\" content=\"Lourdes Solange Vilchez y Agustina Bel\u00e9n Cometto representar\u00e1n a la UNSL en las Jornadas de J\u00f3venes Investigadores (JJI) que se realizar\u00e1n el 11, 12 y&hellip;\" \/>\n<meta property=\"og:url\" content=\"https:\/\/www.fcejs.unsl.edu.ar\/index.php\/estudiantes-de-la-fcejs-expondran-sus-proyectos-de-investigacion-en-jornadas-internacionales\/\" \/>\n<meta property=\"og:site_name\" content=\"Facultad de Ciencias Econ\u00f3micas, Jur\u00ed\u00addicas y Sociales\" \/>\n<meta property=\"article:publisher\" content=\"https:\/\/www.facebook.com\/FCEJS.UNSL\/\" \/>\n<meta property=\"article:published_time\" content=\"2023-10-09T13:13:03+00:00\" \/>\n<meta property=\"article:modified_time\" content=\"2023-11-06T12:05:11+00:00\" \/>\n<meta property=\"og:image\" content=\"https:\/\/www.fcejs.unsl.edu.ar\/wp-content\/uploads\/2023\/10\/JJI-AUGM-FCEJS-FRONT.jpg\" \/>\n\t<meta property=\"og:image:width\" content=\"1152\" \/>\n\t<meta property=\"og:image:height\" content=\"647\" \/>\n\t<meta property=\"og:image:type\" content=\"image\/jpeg\" \/>\n<meta name=\"author\" content=\"DATI\" \/>\n<meta name=\"twitter:card\" content=\"summary_large_image\" \/>\n<meta name=\"twitter:creator\" content=\"@FCEJSUNSL\" \/>\n<meta name=\"twitter:site\" content=\"@FCEJSUNSL\" \/>\n<meta name=\"twitter:label1\" content=\"Escrito por\" \/>\n\t<meta name=\"twitter:data1\" content=\"DATI\" \/>\n\t<meta name=\"twitter:label2\" content=\"Tiempo de lectura\" \/>\n\t<meta name=\"twitter:data2\" content=\"14 minutos\" \/>\n<script type=\"application\/ld+json\" class=\"yoast-schema-graph\">{\"@context\":\"https:\\\/\\\/schema.org\",\"@graph\":[{\"@type\":\"Article\",\"@id\":\"https:\\\/\\\/www.fcejs.unsl.edu.ar\\\/index.php\\\/estudiantes-de-la-fcejs-expondran-sus-proyectos-de-investigacion-en-jornadas-internacionales\\\/#article\",\"isPartOf\":{\"@id\":\"https:\\\/\\\/www.fcejs.unsl.edu.ar\\\/index.php\\\/estudiantes-de-la-fcejs-expondran-sus-proyectos-de-investigacion-en-jornadas-internacionales\\\/\"},\"author\":{\"name\":\"DATI\",\"@id\":\"https:\\\/\\\/www.fcejs.unsl.edu.ar\\\/#\\\/schema\\\/person\\\/352ee6ed90c3f394c7cb5945f8956d34\"},\"headline\":\"Estudiantes de la FCEJS expondr\u00e1n en Paraguay sus proyectos de investigaci\u00f3n\",\"datePublished\":\"2023-10-09T13:13:03+00:00\",\"dateModified\":\"2023-11-06T12:05:11+00:00\",\"mainEntityOfPage\":{\"@id\":\"https:\\\/\\\/www.fcejs.unsl.edu.ar\\\/index.php\\\/estudiantes-de-la-fcejs-expondran-sus-proyectos-de-investigacion-en-jornadas-internacionales\\\/\"},\"wordCount\":3015,\"publisher\":{\"@id\":\"https:\\\/\\\/www.fcejs.unsl.edu.ar\\\/#organization\"},\"image\":{\"@id\":\"https:\\\/\\\/www.fcejs.unsl.edu.ar\\\/index.php\\\/estudiantes-de-la-fcejs-expondran-sus-proyectos-de-investigacion-en-jornadas-internacionales\\\/#primaryimage\"},\"thumbnailUrl\":\"https:\\\/\\\/www.fcejs.unsl.edu.ar\\\/wp-content\\\/uploads\\\/2023\\\/10\\\/JJI-AUGM-FCEJS-FRONT.jpg\",\"articleSection\":[\"Noticias\"],\"inLanguage\":\"es-AR\"},{\"@type\":\"WebPage\",\"@id\":\"https:\\\/\\\/www.fcejs.unsl.edu.ar\\\/index.php\\\/estudiantes-de-la-fcejs-expondran-sus-proyectos-de-investigacion-en-jornadas-internacionales\\\/\",\"url\":\"https:\\\/\\\/www.fcejs.unsl.edu.ar\\\/index.php\\\/estudiantes-de-la-fcejs-expondran-sus-proyectos-de-investigacion-en-jornadas-internacionales\\\/\",\"name\":\"Estudiantes de la FCEJS expondr\u00e1n en Paraguay sus proyectos de investigaci\u00f3n - Facultad de Ciencias Econ\u00f3micas, Jur\u00ed\u00addicas y Sociales\",\"isPartOf\":{\"@id\":\"https:\\\/\\\/www.fcejs.unsl.edu.ar\\\/#website\"},\"primaryImageOfPage\":{\"@id\":\"https:\\\/\\\/www.fcejs.unsl.edu.ar\\\/index.php\\\/estudiantes-de-la-fcejs-expondran-sus-proyectos-de-investigacion-en-jornadas-internacionales\\\/#primaryimage\"},\"image\":{\"@id\":\"https:\\\/\\\/www.fcejs.unsl.edu.ar\\\/index.php\\\/estudiantes-de-la-fcejs-expondran-sus-proyectos-de-investigacion-en-jornadas-internacionales\\\/#primaryimage\"},\"thumbnailUrl\":\"https:\\\/\\\/www.fcejs.unsl.edu.ar\\\/wp-content\\\/uploads\\\/2023\\\/10\\\/JJI-AUGM-FCEJS-FRONT.jpg\",\"datePublished\":\"2023-10-09T13:13:03+00:00\",\"dateModified\":\"2023-11-06T12:05:11+00:00\",\"breadcrumb\":{\"@id\":\"https:\\\/\\\/www.fcejs.unsl.edu.ar\\\/index.php\\\/estudiantes-de-la-fcejs-expondran-sus-proyectos-de-investigacion-en-jornadas-internacionales\\\/#breadcrumb\"},\"inLanguage\":\"es-AR\",\"potentialAction\":[{\"@type\":\"ReadAction\",\"target\":[\"https:\\\/\\\/www.fcejs.unsl.edu.ar\\\/index.php\\\/estudiantes-de-la-fcejs-expondran-sus-proyectos-de-investigacion-en-jornadas-internacionales\\\/\"]}]},{\"@type\":\"ImageObject\",\"inLanguage\":\"es-AR\",\"@id\":\"https:\\\/\\\/www.fcejs.unsl.edu.ar\\\/index.php\\\/estudiantes-de-la-fcejs-expondran-sus-proyectos-de-investigacion-en-jornadas-internacionales\\\/#primaryimage\",\"url\":\"https:\\\/\\\/www.fcejs.unsl.edu.ar\\\/wp-content\\\/uploads\\\/2023\\\/10\\\/JJI-AUGM-FCEJS-FRONT.jpg\",\"contentUrl\":\"https:\\\/\\\/www.fcejs.unsl.edu.ar\\\/wp-content\\\/uploads\\\/2023\\\/10\\\/JJI-AUGM-FCEJS-FRONT.jpg\",\"width\":1152,\"height\":647},{\"@type\":\"BreadcrumbList\",\"@id\":\"https:\\\/\\\/www.fcejs.unsl.edu.ar\\\/index.php\\\/estudiantes-de-la-fcejs-expondran-sus-proyectos-de-investigacion-en-jornadas-internacionales\\\/#breadcrumb\",\"itemListElement\":[{\"@type\":\"ListItem\",\"position\":1,\"name\":\"Inicio\",\"item\":\"https:\\\/\\\/www.fcejs.unsl.edu.ar\\\/\"},{\"@type\":\"ListItem\",\"position\":2,\"name\":\"Estudiantes de la FCEJS expondr\u00e1n en Paraguay sus proyectos de investigaci\u00f3n\"}]},{\"@type\":\"WebSite\",\"@id\":\"https:\\\/\\\/www.fcejs.unsl.edu.ar\\\/#website\",\"url\":\"https:\\\/\\\/www.fcejs.unsl.edu.ar\\\/\",\"name\":\"Facultad de Ciencias Econ\u00f3micas, Jur\u00ed\u00addicas y Sociales\",\"description\":\"\",\"publisher\":{\"@id\":\"https:\\\/\\\/www.fcejs.unsl.edu.ar\\\/#organization\"},\"potentialAction\":[{\"@type\":\"SearchAction\",\"target\":{\"@type\":\"EntryPoint\",\"urlTemplate\":\"https:\\\/\\\/www.fcejs.unsl.edu.ar\\\/?s={search_term_string}\"},\"query-input\":{\"@type\":\"PropertyValueSpecification\",\"valueRequired\":true,\"valueName\":\"search_term_string\"}}],\"inLanguage\":\"es-AR\"},{\"@type\":\"Organization\",\"@id\":\"https:\\\/\\\/www.fcejs.unsl.edu.ar\\\/#organization\",\"name\":\"Facultad de Ciencias Econ\u00f3micas, Jur\u00eddicas y Sociales\",\"url\":\"https:\\\/\\\/www.fcejs.unsl.edu.ar\\\/\",\"logo\":{\"@type\":\"ImageObject\",\"inLanguage\":\"es-AR\",\"@id\":\"https:\\\/\\\/www.fcejs.unsl.edu.ar\\\/#\\\/schema\\\/logo\\\/image\\\/\",\"url\":\"https:\\\/\\\/www.fcejs.unsl.edu.ar\\\/wp-content\\\/uploads\\\/2021\\\/03\\\/logo-1.jpg\",\"contentUrl\":\"https:\\\/\\\/www.fcejs.unsl.edu.ar\\\/wp-content\\\/uploads\\\/2021\\\/03\\\/logo-1.jpg\",\"width\":471,\"height\":146,\"caption\":\"Facultad de Ciencias Econ\u00f3micas, Jur\u00eddicas y Sociales\"},\"image\":{\"@id\":\"https:\\\/\\\/www.fcejs.unsl.edu.ar\\\/#\\\/schema\\\/logo\\\/image\\\/\"},\"sameAs\":[\"https:\\\/\\\/www.facebook.com\\\/FCEJS.UNSL\\\/\",\"https:\\\/\\\/x.com\\\/FCEJSUNSL\",\"https:\\\/\\\/www.instagram.com\\\/fcejs.unsl\\\/\",\"https:\\\/\\\/www.youtube.com\\\/channel\\\/UCH-Ut6EaN_X5ogjIQMPe46g\\\/\"]},{\"@type\":\"Person\",\"@id\":\"https:\\\/\\\/www.fcejs.unsl.edu.ar\\\/#\\\/schema\\\/person\\\/352ee6ed90c3f394c7cb5945f8956d34\",\"name\":\"DATI\"}]}<\/script>\n<!-- \/ Yoast SEO plugin. -->","yoast_head_json":{"title":"Estudiantes de la FCEJS expondr\u00e1n en Paraguay sus proyectos de investigaci\u00f3n - Facultad de Ciencias Econ\u00f3micas, Jur\u00ed\u00addicas y Sociales","robots":{"index":"index","follow":"follow","max-snippet":"max-snippet:-1","max-image-preview":"max-image-preview:large","max-video-preview":"max-video-preview:-1"},"canonical":"https:\/\/www.fcejs.unsl.edu.ar\/index.php\/estudiantes-de-la-fcejs-expondran-sus-proyectos-de-investigacion-en-jornadas-internacionales\/","og_locale":"es_ES","og_type":"article","og_title":"Estudiantes de la FCEJS expondr\u00e1n en Paraguay sus proyectos de investigaci\u00f3n - Facultad de Ciencias Econ\u00f3micas, Jur\u00ed\u00addicas y Sociales","og_description":"Lourdes Solange Vilchez y Agustina Bel\u00e9n Cometto representar\u00e1n a la UNSL en las Jornadas de J\u00f3venes Investigadores (JJI) que se realizar\u00e1n el 11, 12 y&hellip;","og_url":"https:\/\/www.fcejs.unsl.edu.ar\/index.php\/estudiantes-de-la-fcejs-expondran-sus-proyectos-de-investigacion-en-jornadas-internacionales\/","og_site_name":"Facultad de Ciencias Econ\u00f3micas, Jur\u00ed\u00addicas y Sociales","article_publisher":"https:\/\/www.facebook.com\/FCEJS.UNSL\/","article_published_time":"2023-10-09T13:13:03+00:00","article_modified_time":"2023-11-06T12:05:11+00:00","og_image":[{"width":1152,"height":647,"url":"https:\/\/www.fcejs.unsl.edu.ar\/wp-content\/uploads\/2023\/10\/JJI-AUGM-FCEJS-FRONT.jpg","type":"image\/jpeg"}],"author":"DATI","twitter_card":"summary_large_image","twitter_creator":"@FCEJSUNSL","twitter_site":"@FCEJSUNSL","twitter_misc":{"Escrito por":"DATI","Tiempo de lectura":"14 minutos"},"schema":{"@context":"https:\/\/schema.org","@graph":[{"@type":"Article","@id":"https:\/\/www.fcejs.unsl.edu.ar\/index.php\/estudiantes-de-la-fcejs-expondran-sus-proyectos-de-investigacion-en-jornadas-internacionales\/#article","isPartOf":{"@id":"https:\/\/www.fcejs.unsl.edu.ar\/index.php\/estudiantes-de-la-fcejs-expondran-sus-proyectos-de-investigacion-en-jornadas-internacionales\/"},"author":{"name":"DATI","@id":"https:\/\/www.fcejs.unsl.edu.ar\/#\/schema\/person\/352ee6ed90c3f394c7cb5945f8956d34"},"headline":"Estudiantes de la FCEJS expondr\u00e1n en Paraguay sus proyectos de investigaci\u00f3n","datePublished":"2023-10-09T13:13:03+00:00","dateModified":"2023-11-06T12:05:11+00:00","mainEntityOfPage":{"@id":"https:\/\/www.fcejs.unsl.edu.ar\/index.php\/estudiantes-de-la-fcejs-expondran-sus-proyectos-de-investigacion-en-jornadas-internacionales\/"},"wordCount":3015,"publisher":{"@id":"https:\/\/www.fcejs.unsl.edu.ar\/#organization"},"image":{"@id":"https:\/\/www.fcejs.unsl.edu.ar\/index.php\/estudiantes-de-la-fcejs-expondran-sus-proyectos-de-investigacion-en-jornadas-internacionales\/#primaryimage"},"thumbnailUrl":"https:\/\/www.fcejs.unsl.edu.ar\/wp-content\/uploads\/2023\/10\/JJI-AUGM-FCEJS-FRONT.jpg","articleSection":["Noticias"],"inLanguage":"es-AR"},{"@type":"WebPage","@id":"https:\/\/www.fcejs.unsl.edu.ar\/index.php\/estudiantes-de-la-fcejs-expondran-sus-proyectos-de-investigacion-en-jornadas-internacionales\/","url":"https:\/\/www.fcejs.unsl.edu.ar\/index.php\/estudiantes-de-la-fcejs-expondran-sus-proyectos-de-investigacion-en-jornadas-internacionales\/","name":"Estudiantes de la FCEJS expondr\u00e1n en Paraguay sus proyectos de investigaci\u00f3n - Facultad de Ciencias Econ\u00f3micas, Jur\u00ed\u00addicas y Sociales","isPartOf":{"@id":"https:\/\/www.fcejs.unsl.edu.ar\/#website"},"primaryImageOfPage":{"@id":"https:\/\/www.fcejs.unsl.edu.ar\/index.php\/estudiantes-de-la-fcejs-expondran-sus-proyectos-de-investigacion-en-jornadas-internacionales\/#primaryimage"},"image":{"@id":"https:\/\/www.fcejs.unsl.edu.ar\/index.php\/estudiantes-de-la-fcejs-expondran-sus-proyectos-de-investigacion-en-jornadas-internacionales\/#primaryimage"},"thumbnailUrl":"https:\/\/www.fcejs.unsl.edu.ar\/wp-content\/uploads\/2023\/10\/JJI-AUGM-FCEJS-FRONT.jpg","datePublished":"2023-10-09T13:13:03+00:00","dateModified":"2023-11-06T12:05:11+00:00","breadcrumb":{"@id":"https:\/\/www.fcejs.unsl.edu.ar\/index.php\/estudiantes-de-la-fcejs-expondran-sus-proyectos-de-investigacion-en-jornadas-internacionales\/#breadcrumb"},"inLanguage":"es-AR","potentialAction":[{"@type":"ReadAction","target":["https:\/\/www.fcejs.unsl.edu.ar\/index.php\/estudiantes-de-la-fcejs-expondran-sus-proyectos-de-investigacion-en-jornadas-internacionales\/"]}]},{"@type":"ImageObject","inLanguage":"es-AR","@id":"https:\/\/www.fcejs.unsl.edu.ar\/index.php\/estudiantes-de-la-fcejs-expondran-sus-proyectos-de-investigacion-en-jornadas-internacionales\/#primaryimage","url":"https:\/\/www.fcejs.unsl.edu.ar\/wp-content\/uploads\/2023\/10\/JJI-AUGM-FCEJS-FRONT.jpg","contentUrl":"https:\/\/www.fcejs.unsl.edu.ar\/wp-content\/uploads\/2023\/10\/JJI-AUGM-FCEJS-FRONT.jpg","width":1152,"height":647},{"@type":"BreadcrumbList","@id":"https:\/\/www.fcejs.unsl.edu.ar\/index.php\/estudiantes-de-la-fcejs-expondran-sus-proyectos-de-investigacion-en-jornadas-internacionales\/#breadcrumb","itemListElement":[{"@type":"ListItem","position":1,"name":"Inicio","item":"https:\/\/www.fcejs.unsl.edu.ar\/"},{"@type":"ListItem","position":2,"name":"Estudiantes de la FCEJS expondr\u00e1n en Paraguay sus proyectos de investigaci\u00f3n"}]},{"@type":"WebSite","@id":"https:\/\/www.fcejs.unsl.edu.ar\/#website","url":"https:\/\/www.fcejs.unsl.edu.ar\/","name":"Facultad de Ciencias Econ\u00f3micas, Jur\u00ed\u00addicas y Sociales","description":"","publisher":{"@id":"https:\/\/www.fcejs.unsl.edu.ar\/#organization"},"potentialAction":[{"@type":"SearchAction","target":{"@type":"EntryPoint","urlTemplate":"https:\/\/www.fcejs.unsl.edu.ar\/?s={search_term_string}"},"query-input":{"@type":"PropertyValueSpecification","valueRequired":true,"valueName":"search_term_string"}}],"inLanguage":"es-AR"},{"@type":"Organization","@id":"https:\/\/www.fcejs.unsl.edu.ar\/#organization","name":"Facultad de Ciencias Econ\u00f3micas, Jur\u00eddicas y Sociales","url":"https:\/\/www.fcejs.unsl.edu.ar\/","logo":{"@type":"ImageObject","inLanguage":"es-AR","@id":"https:\/\/www.fcejs.unsl.edu.ar\/#\/schema\/logo\/image\/","url":"https:\/\/www.fcejs.unsl.edu.ar\/wp-content\/uploads\/2021\/03\/logo-1.jpg","contentUrl":"https:\/\/www.fcejs.unsl.edu.ar\/wp-content\/uploads\/2021\/03\/logo-1.jpg","width":471,"height":146,"caption":"Facultad de Ciencias Econ\u00f3micas, Jur\u00eddicas y Sociales"},"image":{"@id":"https:\/\/www.fcejs.unsl.edu.ar\/#\/schema\/logo\/image\/"},"sameAs":["https:\/\/www.facebook.com\/FCEJS.UNSL\/","https:\/\/x.com\/FCEJSUNSL","https:\/\/www.instagram.com\/fcejs.unsl\/","https:\/\/www.youtube.com\/channel\/UCH-Ut6EaN_X5ogjIQMPe46g\/"]},{"@type":"Person","@id":"https:\/\/www.fcejs.unsl.edu.ar\/#\/schema\/person\/352ee6ed90c3f394c7cb5945f8956d34","name":"DATI"}]}},"jetpack_featured_media_url":"https:\/\/www.fcejs.unsl.edu.ar\/wp-content\/uploads\/2023\/10\/JJI-AUGM-FCEJS-FRONT.jpg","_links":{"self":[{"href":"https:\/\/www.fcejs.unsl.edu.ar\/index.php\/wp-json\/wp\/v2\/posts\/13807","targetHints":{"allow":["GET"]}}],"collection":[{"href":"https:\/\/www.fcejs.unsl.edu.ar\/index.php\/wp-json\/wp\/v2\/posts"}],"about":[{"href":"https:\/\/www.fcejs.unsl.edu.ar\/index.php\/wp-json\/wp\/v2\/types\/post"}],"author":[{"embeddable":true,"href":"https:\/\/www.fcejs.unsl.edu.ar\/index.php\/wp-json\/wp\/v2\/users\/9"}],"replies":[{"embeddable":true,"href":"https:\/\/www.fcejs.unsl.edu.ar\/index.php\/wp-json\/wp\/v2\/comments?post=13807"}],"version-history":[{"count":7,"href":"https:\/\/www.fcejs.unsl.edu.ar\/index.php\/wp-json\/wp\/v2\/posts\/13807\/revisions"}],"predecessor-version":[{"id":13817,"href":"https:\/\/www.fcejs.unsl.edu.ar\/index.php\/wp-json\/wp\/v2\/posts\/13807\/revisions\/13817"}],"wp:featuredmedia":[{"embeddable":true,"href":"https:\/\/www.fcejs.unsl.edu.ar\/index.php\/wp-json\/wp\/v2\/media\/13808"}],"wp:attachment":[{"href":"https:\/\/www.fcejs.unsl.edu.ar\/index.php\/wp-json\/wp\/v2\/media?parent=13807"}],"wp:term":[{"taxonomy":"category","embeddable":true,"href":"https:\/\/www.fcejs.unsl.edu.ar\/index.php\/wp-json\/wp\/v2\/categories?post=13807"},{"taxonomy":"post_tag","embeddable":true,"href":"https:\/\/www.fcejs.unsl.edu.ar\/index.php\/wp-json\/wp\/v2\/tags?post=13807"}],"curies":[{"name":"wp","href":"https:\/\/api.w.org\/{rel}","templated":true}]}}