{"id":13795,"date":"2023-10-06T11:53:38","date_gmt":"2023-10-06T14:53:38","guid":{"rendered":"http:\/\/10.101.10.197\/www\/?p=13795"},"modified":"2023-10-09T08:53:42","modified_gmt":"2023-10-09T11:53:42","slug":"se-desarrolla-el-encuentro-de-la-fauats-regional-cuyo-2023","status":"publish","type":"post","link":"https:\/\/www.fcejs.unsl.edu.ar\/index.php\/se-desarrolla-el-encuentro-de-la-fauats-regional-cuyo-2023\/","title":{"rendered":"Se desarrolla el Encuentro de la FAUATS Regional Cuyo 2023"},"content":{"rendered":"<p>La FCEJS es sede de la FAUATS Regional Cuyo 2023. En la ma\u00f1ana del viernes 6 de octubre, se llev\u00f3 cabo el acto de apertura de \u201cEncuentro Regional de Trabajo Social 2023. Regi\u00f3n Cuyo de la Federaci\u00f3n Argentina de Unidades Acad\u00e9micas de Trabajo Social \u2013FAUATS\u2013\u201d.<\/p>\n<p>Bajo la premisa \u201cComplejidades en la formaci\u00f3n e intervenci\u00f3n de Trabajo Social: los territorios y subjetividades en la postpandemia\u201d, este encuentro se desarrollar\u00e1 este viernes 6 y ma\u00f1ana s\u00e1bado 7 de octubre en el Campus Universitario.<\/p>\n<p>El acto de apertura cont\u00f3 con las palabras de bienvenida de la Vicedecana de la FCEJS, Esp. Hilda Maggi, en representaci\u00f3n de la FAUATS Nacional, Esp. Marcela Fern\u00e1ndez (UNSJ) y la Vicepresidenta de la Federaci\u00f3n Argentina de Asociaciones Profesionales de Servicio Social (FASPSS), Lic. Pamela Bianco (FCEJS | UNSL). Finalizado el acto de apertura, las actividades iniciaron con las disertacion brindadas por los panelistas Dr. Marcelo Lucero (UNSJ); la Mgtr. Mariana Quiroga (UNCuyo) y\u00a0 la Mgtr. Alejandra Rovacio (FCEJS | UNSL).<\/p>\n<p><img fetchpriority=\"high\" decoding=\"async\" class=\"aligncenter wp-image-13798 size-full\" src=\"https:\/\/www.fcejs.unsl.edu.ar\/wp-content\/uploads\/2023\/10\/fauats-10.jpg\" alt=\"\" width=\"1460\" height=\"943\" srcset=\"https:\/\/www.fcejs.unsl.edu.ar\/wp-content\/uploads\/2023\/10\/fauats-10.jpg 1460w, https:\/\/www.fcejs.unsl.edu.ar\/wp-content\/uploads\/2023\/10\/fauats-10-300x194.jpg 300w, https:\/\/www.fcejs.unsl.edu.ar\/wp-content\/uploads\/2023\/10\/fauats-10-1024x661.jpg 1024w, https:\/\/www.fcejs.unsl.edu.ar\/wp-content\/uploads\/2023\/10\/fauats-10-768x496.jpg 768w\" sizes=\"(max-width: 1460px) 100vw, 1460px\" \/><\/p>\n<p>Alrededor de 80 visitantes, entre estudiantes, docentes y graduados de la Universidad Nacional de San Juan y la Universidad Nacional de Cuyo compartir\u00e1n, junto con colegas de la UNSL, dos jornadas de intensa actividad en el campus del Centro Universitario Villa Mercedes. \u201cTenemos amplias expectativas y toda la predisposici\u00f3n para el encuentro se desarrolle con \u00e9xito\u201d sostuvo la Mgtr. Adriana Mor\u00e1n, directora de la carrera Licenciatura en Trabajo Social de la FCEJS.<\/p>\n<p>Luego de la apertura del encuentro regional, la jornada continua con actividades en cada una de las seis mesas tem\u00e1ticas. El s\u00e1bado, al mediod\u00eda est\u00e1 previsto el cierre con la puesta en com\u00fan de los debates y las conclusiones. \u201cSer\u00e1 la primera vez que se realice un encuentro de esta magnitud e importancia para nuestra carrera en la FCEJS\u201d, remarc\u00f3 Mor\u00e1n.<\/p>\n<p>El encuentro tiene una consigna general: &#8220;Complejidades en la formaci\u00f3n e intervenci\u00f3n de Trabajo Social: los territorios y subjetividades en la postpandemia&#8221;, del cual se desprenden las diferentes tem\u00e1ticas y perspectivas que se abordar\u00e1n en los debates, vinculados fundamentalmente con aspectos considerados \u201cprioritarios en la agenda social, que son de inter\u00e9s del Trabajo Social; y tambi\u00e9n con relaci\u00f3n a la formaci\u00f3n de les estudiantes de nuestras carreras\u201d.<\/p>\n<p>\u201cEste encuentro responde a la necesidad de abrir un di\u00e1logo multisectorial, entre docentes, graduados y estudiantes, respecto de las nuevas configuraciones de la realidad social que nos est\u00e1n desafiando, tanto en la formaci\u00f3n como en la intervenci\u00f3n de la disciplina. Entendemos que los cambios en los territorios, la instauraci\u00f3n de un per\u00edodo capitalista neoliberal con sus consecuentes pol\u00edticas desaf\u00eda al Trabajo Social y nos compromete a responder a las demandas de los sujetos desde posicionamientos tanto epistemol\u00f3gicos, te\u00f3ricos y metodol\u00f3gicos\u201d, explic\u00f3.<\/p>\n<p>El contexto social y pol\u00edtico es el cuadro de situaci\u00f3n que marca la agenda de cada una de las reuniones regionales que congrega la FAUATS, que se realizan todos los a\u00f1os. Este 2023, en medio de las incertidumbres marcadas por el clima electoral, hay una realidad que inquieta: \u201cTodas las personas interesadas en hacer lecturas cr\u00edticas de nuestra realidad social estamos preocupadas. M\u00e1s que nada, pensando en las personas con las cuales intervenimos en el trabajo social\u2026\u201d, indic\u00f3 Mor\u00e1n.<\/p>\n<p>\u201cLa actualidad nos desaf\u00eda a buscar respuestas, a revisar las pr\u00e1cticas docentes; a repasar las normativas y dispositivos que sostienen la instituci\u00f3n universitaria, proponiendo nuevas maneras de ense\u00f1ar y, tambi\u00e9n, de reconocer las nuevas subjetividades\u201d, a\u00f1adi\u00f3. Aclar\u00f3 que este tipo de encuentro propone fundamentalmente dialogar, interpelar, discutir, disentir y acordar entre los actores participantes, bajo tem\u00e1ticas que los congrega, entre ellas, la formaci\u00f3n e intervenci\u00f3n profesional, las pol\u00edticas p\u00fablicas, procesos de construcci\u00f3n del conocimiento, el trabajo en el territorio, las reformas curriculares y la labor pre profesional del Trabajo Social en la regi\u00f3n.<\/p>\n<p>Esos grandes t\u00f3picos se debatir\u00e1n en seis mesas tem\u00e1ticas: \u201cPerspectiva te\u00f3rico-epistemol\u00f3gicas en la formaci\u00f3n y la intervenci\u00f3n profesional, dando \u00e9nfasis a los g\u00e9neros\/feminismos, decolonialidad y otros enfoques\u201d; \u201cPol\u00edticas p\u00fablicas, subjetividades diversas y reconfiguraci\u00f3n de los territorios en la formaci\u00f3n e intervenci\u00f3n profesional\u201d; \u201cReconfiguraci\u00f3n de los escenarios sociales en la formaci\u00f3n e intervenci\u00f3n profesional en la postpandemia\u201d; Posicionamiento \u00e9tico-pol\u00edtico en la formaci\u00f3n y en la intervenci\u00f3n profesional. Alcance del Enfoque de DDHH ante los desaf\u00edos en la formaci\u00f3n y en la intervenci\u00f3n profesional\u201d; \u201cEl aula como territorio y el territorio como aula: procesos de construcci\u00f3n de conocimiento y articulaci\u00f3n territorial en Trabajo Social\u201d; y \u201cProcesos de cambio curricular: dificultades, desaf\u00edos, potencialidades y propuestas\u201d.<\/p>\n<p><img decoding=\"async\" class=\"aligncenter wp-image-13799 size-full\" src=\"https:\/\/www.fcejs.unsl.edu.ar\/wp-content\/uploads\/2023\/10\/fauats-8.jpg\" alt=\"\" width=\"1460\" height=\"943\" srcset=\"https:\/\/www.fcejs.unsl.edu.ar\/wp-content\/uploads\/2023\/10\/fauats-8.jpg 1460w, https:\/\/www.fcejs.unsl.edu.ar\/wp-content\/uploads\/2023\/10\/fauats-8-300x194.jpg 300w, https:\/\/www.fcejs.unsl.edu.ar\/wp-content\/uploads\/2023\/10\/fauats-8-1024x661.jpg 1024w, https:\/\/www.fcejs.unsl.edu.ar\/wp-content\/uploads\/2023\/10\/fauats-8-768x496.jpg 768w\" sizes=\"(max-width: 1460px) 100vw, 1460px\" \/><\/p>\n<p>Los estudiantes tendr\u00e1n su foro para abordar cuatro temas de importancia: \u201c\u00bfLa crisis clim\u00e1tica como cuesti\u00f3n social? implicancias, desaf\u00edos y propuestas posibles en Trabajo social\u201d; \u201cVida universitaria, formaci\u00f3n acad\u00e9mica en Trabajo Social y perfil profesional\u201d; \u201cFake news, globalizaci\u00f3n, ideolog\u00eda, discursos de odio, democracia\u201d; \u201cNuevas configuraciones sexo\/gen\u00e9ricas y su transcurso en los espacios universitario. Una mirada hacia las \u201cnuevas\u201d subjetividades\u201d.<\/p>\n<p>\u201cPensamos que los debates nos van a enriquecer, porque implica estar abiertos al disenso y al consenso. Sabemos que a trav\u00e9s de la discusi\u00f3n se pueden encontrar nuevas maneras de hacer lecturas de la realidad. No solamente escuchar algunas voces, sino todas las voces para encontrar un camino en com\u00fan que d\u00e9 respuestas a tantas cuestiones que est\u00e1n en estos momentos en pugna\u201d, expres\u00f3.<\/p>\n<p>Uno de los ejes tem\u00e1ticos de las mesas despierta particular importancia para la FCEJS: \u201cSobre el posicionamiento \u00e9tico-pol\u00edtico en la formaci\u00f3n e intervenci\u00f3n profesional y el alcance del enfoque de Derechos Humanos en la formaci\u00f3n e intervenci\u00f3n profesional, nuestra carrera est\u00e1, justamente, basada en los Derechos Humanos. En estos momentos es vital pensar en las transformaciones que queremos hacer en las reformas curriculares, enfocadas en la perspectiva de g\u00e9nero y la inclusi\u00f3n social\u201d.<\/p>\n<p>Mor\u00e1n destac\u00f3 en particular el espacio dispuesto para los estudiantes en el foro: \u201ces esencial para que los chicos y chicas debatan con relaci\u00f3n a sus dudas, incertidumbres, problemas, respuestas y convicciones\u201d.<\/p>\n<p>Destall\u00f3 que, durante la tarde del primer d\u00eda del encuentro, de 17 a 20, se desarrollar\u00e1 el Foro de Estudiantes. Durante la ma\u00f1ana del s\u00e1bado, continuar\u00e1n los debates. En tanto, de 11 a 13 ser\u00e1 el cierre de las mesas tem\u00e1ticas y la socializaci\u00f3n de las conclusiones arribadas en el foro de estudiantes\u201d. Adem\u00e1s de ese programa de actividades, \u201cse organiz\u00f3 una despedida para los visitantes, ser\u00e1 a partir de las 13, con un almuerzo en el quincho de nuestra facultad, con m\u00fasica en vivo\u201d.<\/p>\n<p><img decoding=\"async\" class=\"aligncenter wp-image-13804 size-full\" src=\"https:\/\/www.fcejs.unsl.edu.ar\/wp-content\/uploads\/2023\/10\/fauats-6.jpg\" alt=\"\" width=\"1460\" height=\"943\" srcset=\"https:\/\/www.fcejs.unsl.edu.ar\/wp-content\/uploads\/2023\/10\/fauats-6.jpg 1460w, https:\/\/www.fcejs.unsl.edu.ar\/wp-content\/uploads\/2023\/10\/fauats-6-300x194.jpg 300w, https:\/\/www.fcejs.unsl.edu.ar\/wp-content\/uploads\/2023\/10\/fauats-6-1024x661.jpg 1024w, https:\/\/www.fcejs.unsl.edu.ar\/wp-content\/uploads\/2023\/10\/fauats-6-768x496.jpg 768w\" sizes=\"(max-width: 1460px) 100vw, 1460px\" \/><\/p>\n<p>&nbsp;<\/p>\n<p>&nbsp;<\/p>\n","protected":false},"excerpt":{"rendered":"<p>La FCEJS es sede de la FAUATS Regional Cuyo 2023. En la ma\u00f1ana del viernes 6 de octubre, se llev\u00f3 cabo el acto de apertura&hellip;<\/p>\n","protected":false},"author":9,"featured_media":13796,"comment_status":"closed","ping_status":"closed","sticky":false,"template":"","format":"standard","meta":{"om_disable_all_campaigns":false,"_monsterinsights_skip_tracking":false,"_monsterinsights_sitenote_active":false,"_monsterinsights_sitenote_note":"","_monsterinsights_sitenote_category":0,"footnotes":""},"categories":[1],"tags":[],"class_list":["post-13795","post","type-post","status-publish","format-standard","has-post-thumbnail","hentry","category-noticias"],"yoast_head":"<!-- This site is optimized with the Yoast SEO plugin v27.4 - https:\/\/yoast.com\/product\/yoast-seo-wordpress\/ -->\n<title>Se desarrolla el Encuentro de la FAUATS Regional Cuyo 2023 - Facultad de Ciencias Econ\u00f3micas, Jur\u00ed\u00addicas y Sociales<\/title>\n<meta name=\"robots\" content=\"index, follow, max-snippet:-1, max-image-preview:large, max-video-preview:-1\" \/>\n<link rel=\"canonical\" href=\"https:\/\/www.fcejs.unsl.edu.ar\/index.php\/se-desarrolla-el-encuentro-de-la-fauats-regional-cuyo-2023\/\" \/>\n<meta property=\"og:locale\" content=\"es_ES\" \/>\n<meta property=\"og:type\" content=\"article\" \/>\n<meta property=\"og:title\" content=\"Se desarrolla el Encuentro de la FAUATS Regional Cuyo 2023 - Facultad de Ciencias Econ\u00f3micas, Jur\u00ed\u00addicas y Sociales\" \/>\n<meta property=\"og:description\" content=\"La FCEJS es sede de la FAUATS Regional Cuyo 2023. En la ma\u00f1ana del viernes 6 de octubre, se llev\u00f3 cabo el acto de apertura&hellip;\" \/>\n<meta property=\"og:url\" content=\"https:\/\/www.fcejs.unsl.edu.ar\/index.php\/se-desarrolla-el-encuentro-de-la-fauats-regional-cuyo-2023\/\" \/>\n<meta property=\"og:site_name\" content=\"Facultad de Ciencias Econ\u00f3micas, Jur\u00ed\u00addicas y Sociales\" \/>\n<meta property=\"article:publisher\" content=\"https:\/\/www.facebook.com\/FCEJS.UNSL\/\" \/>\n<meta property=\"article:published_time\" content=\"2023-10-06T14:53:38+00:00\" \/>\n<meta property=\"article:modified_time\" content=\"2023-10-09T11:53:42+00:00\" \/>\n<meta property=\"og:image\" content=\"https:\/\/www.fcejs.unsl.edu.ar\/wp-content\/uploads\/2023\/10\/fauats-front-1.jpg\" \/>\n\t<meta property=\"og:image:width\" content=\"1152\" \/>\n\t<meta property=\"og:image:height\" content=\"647\" \/>\n\t<meta property=\"og:image:type\" content=\"image\/jpeg\" \/>\n<meta name=\"author\" content=\"DATI\" \/>\n<meta name=\"twitter:card\" content=\"summary_large_image\" \/>\n<meta name=\"twitter:creator\" content=\"@FCEJSUNSL\" \/>\n<meta name=\"twitter:site\" content=\"@FCEJSUNSL\" \/>\n<meta name=\"twitter:label1\" content=\"Escrito por\" \/>\n\t<meta name=\"twitter:data1\" content=\"DATI\" \/>\n\t<meta name=\"twitter:label2\" content=\"Tiempo de lectura\" \/>\n\t<meta name=\"twitter:data2\" content=\"6 minutos\" \/>\n<script type=\"application\/ld+json\" class=\"yoast-schema-graph\">{\"@context\":\"https:\\\/\\\/schema.org\",\"@graph\":[{\"@type\":\"Article\",\"@id\":\"https:\\\/\\\/www.fcejs.unsl.edu.ar\\\/index.php\\\/se-desarrolla-el-encuentro-de-la-fauats-regional-cuyo-2023\\\/#article\",\"isPartOf\":{\"@id\":\"https:\\\/\\\/www.fcejs.unsl.edu.ar\\\/index.php\\\/se-desarrolla-el-encuentro-de-la-fauats-regional-cuyo-2023\\\/\"},\"author\":{\"name\":\"DATI\",\"@id\":\"https:\\\/\\\/www.fcejs.unsl.edu.ar\\\/#\\\/schema\\\/person\\\/352ee6ed90c3f394c7cb5945f8956d34\"},\"headline\":\"Se desarrolla el Encuentro de la FAUATS Regional Cuyo 2023\",\"datePublished\":\"2023-10-06T14:53:38+00:00\",\"dateModified\":\"2023-10-09T11:53:42+00:00\",\"mainEntityOfPage\":{\"@id\":\"https:\\\/\\\/www.fcejs.unsl.edu.ar\\\/index.php\\\/se-desarrolla-el-encuentro-de-la-fauats-regional-cuyo-2023\\\/\"},\"wordCount\":1152,\"publisher\":{\"@id\":\"https:\\\/\\\/www.fcejs.unsl.edu.ar\\\/#organization\"},\"image\":{\"@id\":\"https:\\\/\\\/www.fcejs.unsl.edu.ar\\\/index.php\\\/se-desarrolla-el-encuentro-de-la-fauats-regional-cuyo-2023\\\/#primaryimage\"},\"thumbnailUrl\":\"https:\\\/\\\/www.fcejs.unsl.edu.ar\\\/wp-content\\\/uploads\\\/2023\\\/10\\\/fauats-front-1.jpg\",\"articleSection\":[\"Noticias\"],\"inLanguage\":\"es-AR\"},{\"@type\":\"WebPage\",\"@id\":\"https:\\\/\\\/www.fcejs.unsl.edu.ar\\\/index.php\\\/se-desarrolla-el-encuentro-de-la-fauats-regional-cuyo-2023\\\/\",\"url\":\"https:\\\/\\\/www.fcejs.unsl.edu.ar\\\/index.php\\\/se-desarrolla-el-encuentro-de-la-fauats-regional-cuyo-2023\\\/\",\"name\":\"Se desarrolla el Encuentro de la FAUATS Regional Cuyo 2023 - Facultad de Ciencias Econ\u00f3micas, Jur\u00ed\u00addicas y Sociales\",\"isPartOf\":{\"@id\":\"https:\\\/\\\/www.fcejs.unsl.edu.ar\\\/#website\"},\"primaryImageOfPage\":{\"@id\":\"https:\\\/\\\/www.fcejs.unsl.edu.ar\\\/index.php\\\/se-desarrolla-el-encuentro-de-la-fauats-regional-cuyo-2023\\\/#primaryimage\"},\"image\":{\"@id\":\"https:\\\/\\\/www.fcejs.unsl.edu.ar\\\/index.php\\\/se-desarrolla-el-encuentro-de-la-fauats-regional-cuyo-2023\\\/#primaryimage\"},\"thumbnailUrl\":\"https:\\\/\\\/www.fcejs.unsl.edu.ar\\\/wp-content\\\/uploads\\\/2023\\\/10\\\/fauats-front-1.jpg\",\"datePublished\":\"2023-10-06T14:53:38+00:00\",\"dateModified\":\"2023-10-09T11:53:42+00:00\",\"breadcrumb\":{\"@id\":\"https:\\\/\\\/www.fcejs.unsl.edu.ar\\\/index.php\\\/se-desarrolla-el-encuentro-de-la-fauats-regional-cuyo-2023\\\/#breadcrumb\"},\"inLanguage\":\"es-AR\",\"potentialAction\":[{\"@type\":\"ReadAction\",\"target\":[\"https:\\\/\\\/www.fcejs.unsl.edu.ar\\\/index.php\\\/se-desarrolla-el-encuentro-de-la-fauats-regional-cuyo-2023\\\/\"]}]},{\"@type\":\"ImageObject\",\"inLanguage\":\"es-AR\",\"@id\":\"https:\\\/\\\/www.fcejs.unsl.edu.ar\\\/index.php\\\/se-desarrolla-el-encuentro-de-la-fauats-regional-cuyo-2023\\\/#primaryimage\",\"url\":\"https:\\\/\\\/www.fcejs.unsl.edu.ar\\\/wp-content\\\/uploads\\\/2023\\\/10\\\/fauats-front-1.jpg\",\"contentUrl\":\"https:\\\/\\\/www.fcejs.unsl.edu.ar\\\/wp-content\\\/uploads\\\/2023\\\/10\\\/fauats-front-1.jpg\",\"width\":1152,\"height\":647},{\"@type\":\"BreadcrumbList\",\"@id\":\"https:\\\/\\\/www.fcejs.unsl.edu.ar\\\/index.php\\\/se-desarrolla-el-encuentro-de-la-fauats-regional-cuyo-2023\\\/#breadcrumb\",\"itemListElement\":[{\"@type\":\"ListItem\",\"position\":1,\"name\":\"Inicio\",\"item\":\"https:\\\/\\\/www.fcejs.unsl.edu.ar\\\/\"},{\"@type\":\"ListItem\",\"position\":2,\"name\":\"Se desarrolla el Encuentro de la FAUATS Regional Cuyo 2023\"}]},{\"@type\":\"WebSite\",\"@id\":\"https:\\\/\\\/www.fcejs.unsl.edu.ar\\\/#website\",\"url\":\"https:\\\/\\\/www.fcejs.unsl.edu.ar\\\/\",\"name\":\"Facultad de Ciencias Econ\u00f3micas, Jur\u00ed\u00addicas y Sociales\",\"description\":\"\",\"publisher\":{\"@id\":\"https:\\\/\\\/www.fcejs.unsl.edu.ar\\\/#organization\"},\"potentialAction\":[{\"@type\":\"SearchAction\",\"target\":{\"@type\":\"EntryPoint\",\"urlTemplate\":\"https:\\\/\\\/www.fcejs.unsl.edu.ar\\\/?s={search_term_string}\"},\"query-input\":{\"@type\":\"PropertyValueSpecification\",\"valueRequired\":true,\"valueName\":\"search_term_string\"}}],\"inLanguage\":\"es-AR\"},{\"@type\":\"Organization\",\"@id\":\"https:\\\/\\\/www.fcejs.unsl.edu.ar\\\/#organization\",\"name\":\"Facultad de Ciencias Econ\u00f3micas, Jur\u00eddicas y Sociales\",\"url\":\"https:\\\/\\\/www.fcejs.unsl.edu.ar\\\/\",\"logo\":{\"@type\":\"ImageObject\",\"inLanguage\":\"es-AR\",\"@id\":\"https:\\\/\\\/www.fcejs.unsl.edu.ar\\\/#\\\/schema\\\/logo\\\/image\\\/\",\"url\":\"https:\\\/\\\/www.fcejs.unsl.edu.ar\\\/wp-content\\\/uploads\\\/2021\\\/03\\\/logo-1.jpg\",\"contentUrl\":\"https:\\\/\\\/www.fcejs.unsl.edu.ar\\\/wp-content\\\/uploads\\\/2021\\\/03\\\/logo-1.jpg\",\"width\":471,\"height\":146,\"caption\":\"Facultad de Ciencias Econ\u00f3micas, Jur\u00eddicas y Sociales\"},\"image\":{\"@id\":\"https:\\\/\\\/www.fcejs.unsl.edu.ar\\\/#\\\/schema\\\/logo\\\/image\\\/\"},\"sameAs\":[\"https:\\\/\\\/www.facebook.com\\\/FCEJS.UNSL\\\/\",\"https:\\\/\\\/x.com\\\/FCEJSUNSL\",\"https:\\\/\\\/www.instagram.com\\\/fcejs.unsl\\\/\",\"https:\\\/\\\/www.youtube.com\\\/channel\\\/UCH-Ut6EaN_X5ogjIQMPe46g\\\/\"]},{\"@type\":\"Person\",\"@id\":\"https:\\\/\\\/www.fcejs.unsl.edu.ar\\\/#\\\/schema\\\/person\\\/352ee6ed90c3f394c7cb5945f8956d34\",\"name\":\"DATI\"}]}<\/script>\n<!-- \/ Yoast SEO plugin. -->","yoast_head_json":{"title":"Se desarrolla el Encuentro de la FAUATS Regional Cuyo 2023 - Facultad de Ciencias Econ\u00f3micas, Jur\u00ed\u00addicas y Sociales","robots":{"index":"index","follow":"follow","max-snippet":"max-snippet:-1","max-image-preview":"max-image-preview:large","max-video-preview":"max-video-preview:-1"},"canonical":"https:\/\/www.fcejs.unsl.edu.ar\/index.php\/se-desarrolla-el-encuentro-de-la-fauats-regional-cuyo-2023\/","og_locale":"es_ES","og_type":"article","og_title":"Se desarrolla el Encuentro de la FAUATS Regional Cuyo 2023 - Facultad de Ciencias Econ\u00f3micas, Jur\u00ed\u00addicas y Sociales","og_description":"La FCEJS es sede de la FAUATS Regional Cuyo 2023. En la ma\u00f1ana del viernes 6 de octubre, se llev\u00f3 cabo el acto de apertura&hellip;","og_url":"https:\/\/www.fcejs.unsl.edu.ar\/index.php\/se-desarrolla-el-encuentro-de-la-fauats-regional-cuyo-2023\/","og_site_name":"Facultad de Ciencias Econ\u00f3micas, Jur\u00ed\u00addicas y Sociales","article_publisher":"https:\/\/www.facebook.com\/FCEJS.UNSL\/","article_published_time":"2023-10-06T14:53:38+00:00","article_modified_time":"2023-10-09T11:53:42+00:00","og_image":[{"width":1152,"height":647,"url":"https:\/\/www.fcejs.unsl.edu.ar\/wp-content\/uploads\/2023\/10\/fauats-front-1.jpg","type":"image\/jpeg"}],"author":"DATI","twitter_card":"summary_large_image","twitter_creator":"@FCEJSUNSL","twitter_site":"@FCEJSUNSL","twitter_misc":{"Escrito por":"DATI","Tiempo de lectura":"6 minutos"},"schema":{"@context":"https:\/\/schema.org","@graph":[{"@type":"Article","@id":"https:\/\/www.fcejs.unsl.edu.ar\/index.php\/se-desarrolla-el-encuentro-de-la-fauats-regional-cuyo-2023\/#article","isPartOf":{"@id":"https:\/\/www.fcejs.unsl.edu.ar\/index.php\/se-desarrolla-el-encuentro-de-la-fauats-regional-cuyo-2023\/"},"author":{"name":"DATI","@id":"https:\/\/www.fcejs.unsl.edu.ar\/#\/schema\/person\/352ee6ed90c3f394c7cb5945f8956d34"},"headline":"Se desarrolla el Encuentro de la FAUATS Regional Cuyo 2023","datePublished":"2023-10-06T14:53:38+00:00","dateModified":"2023-10-09T11:53:42+00:00","mainEntityOfPage":{"@id":"https:\/\/www.fcejs.unsl.edu.ar\/index.php\/se-desarrolla-el-encuentro-de-la-fauats-regional-cuyo-2023\/"},"wordCount":1152,"publisher":{"@id":"https:\/\/www.fcejs.unsl.edu.ar\/#organization"},"image":{"@id":"https:\/\/www.fcejs.unsl.edu.ar\/index.php\/se-desarrolla-el-encuentro-de-la-fauats-regional-cuyo-2023\/#primaryimage"},"thumbnailUrl":"https:\/\/www.fcejs.unsl.edu.ar\/wp-content\/uploads\/2023\/10\/fauats-front-1.jpg","articleSection":["Noticias"],"inLanguage":"es-AR"},{"@type":"WebPage","@id":"https:\/\/www.fcejs.unsl.edu.ar\/index.php\/se-desarrolla-el-encuentro-de-la-fauats-regional-cuyo-2023\/","url":"https:\/\/www.fcejs.unsl.edu.ar\/index.php\/se-desarrolla-el-encuentro-de-la-fauats-regional-cuyo-2023\/","name":"Se desarrolla el Encuentro de la FAUATS Regional Cuyo 2023 - Facultad de Ciencias Econ\u00f3micas, Jur\u00ed\u00addicas y Sociales","isPartOf":{"@id":"https:\/\/www.fcejs.unsl.edu.ar\/#website"},"primaryImageOfPage":{"@id":"https:\/\/www.fcejs.unsl.edu.ar\/index.php\/se-desarrolla-el-encuentro-de-la-fauats-regional-cuyo-2023\/#primaryimage"},"image":{"@id":"https:\/\/www.fcejs.unsl.edu.ar\/index.php\/se-desarrolla-el-encuentro-de-la-fauats-regional-cuyo-2023\/#primaryimage"},"thumbnailUrl":"https:\/\/www.fcejs.unsl.edu.ar\/wp-content\/uploads\/2023\/10\/fauats-front-1.jpg","datePublished":"2023-10-06T14:53:38+00:00","dateModified":"2023-10-09T11:53:42+00:00","breadcrumb":{"@id":"https:\/\/www.fcejs.unsl.edu.ar\/index.php\/se-desarrolla-el-encuentro-de-la-fauats-regional-cuyo-2023\/#breadcrumb"},"inLanguage":"es-AR","potentialAction":[{"@type":"ReadAction","target":["https:\/\/www.fcejs.unsl.edu.ar\/index.php\/se-desarrolla-el-encuentro-de-la-fauats-regional-cuyo-2023\/"]}]},{"@type":"ImageObject","inLanguage":"es-AR","@id":"https:\/\/www.fcejs.unsl.edu.ar\/index.php\/se-desarrolla-el-encuentro-de-la-fauats-regional-cuyo-2023\/#primaryimage","url":"https:\/\/www.fcejs.unsl.edu.ar\/wp-content\/uploads\/2023\/10\/fauats-front-1.jpg","contentUrl":"https:\/\/www.fcejs.unsl.edu.ar\/wp-content\/uploads\/2023\/10\/fauats-front-1.jpg","width":1152,"height":647},{"@type":"BreadcrumbList","@id":"https:\/\/www.fcejs.unsl.edu.ar\/index.php\/se-desarrolla-el-encuentro-de-la-fauats-regional-cuyo-2023\/#breadcrumb","itemListElement":[{"@type":"ListItem","position":1,"name":"Inicio","item":"https:\/\/www.fcejs.unsl.edu.ar\/"},{"@type":"ListItem","position":2,"name":"Se desarrolla el Encuentro de la FAUATS Regional Cuyo 2023"}]},{"@type":"WebSite","@id":"https:\/\/www.fcejs.unsl.edu.ar\/#website","url":"https:\/\/www.fcejs.unsl.edu.ar\/","name":"Facultad de Ciencias Econ\u00f3micas, Jur\u00ed\u00addicas y Sociales","description":"","publisher":{"@id":"https:\/\/www.fcejs.unsl.edu.ar\/#organization"},"potentialAction":[{"@type":"SearchAction","target":{"@type":"EntryPoint","urlTemplate":"https:\/\/www.fcejs.unsl.edu.ar\/?s={search_term_string}"},"query-input":{"@type":"PropertyValueSpecification","valueRequired":true,"valueName":"search_term_string"}}],"inLanguage":"es-AR"},{"@type":"Organization","@id":"https:\/\/www.fcejs.unsl.edu.ar\/#organization","name":"Facultad de Ciencias Econ\u00f3micas, Jur\u00eddicas y Sociales","url":"https:\/\/www.fcejs.unsl.edu.ar\/","logo":{"@type":"ImageObject","inLanguage":"es-AR","@id":"https:\/\/www.fcejs.unsl.edu.ar\/#\/schema\/logo\/image\/","url":"https:\/\/www.fcejs.unsl.edu.ar\/wp-content\/uploads\/2021\/03\/logo-1.jpg","contentUrl":"https:\/\/www.fcejs.unsl.edu.ar\/wp-content\/uploads\/2021\/03\/logo-1.jpg","width":471,"height":146,"caption":"Facultad de Ciencias Econ\u00f3micas, Jur\u00eddicas y Sociales"},"image":{"@id":"https:\/\/www.fcejs.unsl.edu.ar\/#\/schema\/logo\/image\/"},"sameAs":["https:\/\/www.facebook.com\/FCEJS.UNSL\/","https:\/\/x.com\/FCEJSUNSL","https:\/\/www.instagram.com\/fcejs.unsl\/","https:\/\/www.youtube.com\/channel\/UCH-Ut6EaN_X5ogjIQMPe46g\/"]},{"@type":"Person","@id":"https:\/\/www.fcejs.unsl.edu.ar\/#\/schema\/person\/352ee6ed90c3f394c7cb5945f8956d34","name":"DATI"}]}},"jetpack_featured_media_url":"https:\/\/www.fcejs.unsl.edu.ar\/wp-content\/uploads\/2023\/10\/fauats-front-1.jpg","_links":{"self":[{"href":"https:\/\/www.fcejs.unsl.edu.ar\/index.php\/wp-json\/wp\/v2\/posts\/13795","targetHints":{"allow":["GET"]}}],"collection":[{"href":"https:\/\/www.fcejs.unsl.edu.ar\/index.php\/wp-json\/wp\/v2\/posts"}],"about":[{"href":"https:\/\/www.fcejs.unsl.edu.ar\/index.php\/wp-json\/wp\/v2\/types\/post"}],"author":[{"embeddable":true,"href":"https:\/\/www.fcejs.unsl.edu.ar\/index.php\/wp-json\/wp\/v2\/users\/9"}],"replies":[{"embeddable":true,"href":"https:\/\/www.fcejs.unsl.edu.ar\/index.php\/wp-json\/wp\/v2\/comments?post=13795"}],"version-history":[{"count":6,"href":"https:\/\/www.fcejs.unsl.edu.ar\/index.php\/wp-json\/wp\/v2\/posts\/13795\/revisions"}],"predecessor-version":[{"id":13806,"href":"https:\/\/www.fcejs.unsl.edu.ar\/index.php\/wp-json\/wp\/v2\/posts\/13795\/revisions\/13806"}],"wp:featuredmedia":[{"embeddable":true,"href":"https:\/\/www.fcejs.unsl.edu.ar\/index.php\/wp-json\/wp\/v2\/media\/13796"}],"wp:attachment":[{"href":"https:\/\/www.fcejs.unsl.edu.ar\/index.php\/wp-json\/wp\/v2\/media?parent=13795"}],"wp:term":[{"taxonomy":"category","embeddable":true,"href":"https:\/\/www.fcejs.unsl.edu.ar\/index.php\/wp-json\/wp\/v2\/categories?post=13795"},{"taxonomy":"post_tag","embeddable":true,"href":"https:\/\/www.fcejs.unsl.edu.ar\/index.php\/wp-json\/wp\/v2\/tags?post=13795"}],"curies":[{"name":"wp","href":"https:\/\/api.w.org\/{rel}","templated":true}]}}