{"id":13785,"date":"2023-10-05T13:26:38","date_gmt":"2023-10-05T16:26:38","guid":{"rendered":"http:\/\/10.101.10.197\/www\/?p=13785"},"modified":"2023-11-06T09:05:05","modified_gmt":"2023-11-06T12:05:05","slug":"la-licenciatura-en-administracion-ingresa-a-programa-de-doble-titulacion-internacional","status":"publish","type":"post","link":"https:\/\/www.fcejs.unsl.edu.ar\/index.php\/la-licenciatura-en-administracion-ingresa-a-programa-de-doble-titulacion-internacional\/","title":{"rendered":"La Licenciatura en Administraci\u00f3n ingresa a un programa de doble titulaci\u00f3n internacional"},"content":{"rendered":"<p>Los estudiantes de la carrera Licenciatura en Administraci\u00f3n de la Facultad de Ciencias Econ\u00f3micas Jur\u00eddicas y Sociales tendr\u00e1n la posibilidad de cursar parte de sus estudios en la universidad de Jena, Alemania. Si bien se aguardan etapas de articulaci\u00f3n de la oferta acad\u00e9mica y firmas de convenios, el proyecto dio su paso m\u00e1s importante ya que la FCEJS fue seleccionada en la convocatoria llamada \u201cSemillas 2023\u201d, un programa argentino-alem\u00e1n para la promoci\u00f3n de carreras binacionales con doble titulaci\u00f3n internacional.<\/p>\n<p>Se trata de una de las noticias m\u00e1s importantes de los \u00faltimos a\u00f1os para la facultad, el Centro Universitario Villa Mercedes y la misma UNSL, donde solamente una carrera de posgrado (de la Facultad de Ciencias F\u00edsico Matem\u00e1ticas y Naturales) cuenta con doble titulaci\u00f3n internacional. \u201cEsta ser\u00eda la primera vez que nuestra universidad abre esta posibilidad para una carrera de grado\u201d, sostuvo el doctor Luis Guillermo Quintas, coordinador del proyecto, que cont\u00f3 con el apoyo y el acompa\u00f1amiento del vicerrector la UNSL, Mgtr. H\u00e9ctor Flores y la decana de la FCEJS, Mgtr. Roxanna Camiletti.<\/p>\n<p>Las autoridades de la UNSL y del Centro Universitario Villa Mercedes hicieron las gestiones correspondientes para presentar la FCEJS en la convocatoria \u201cSemilla 2023\u201d del Programa argentino-alem\u00e1n para la promoci\u00f3n de Carreras Binacionales con doble titulaci\u00f3n, que es una iniciativa bilateral entre la Rep\u00fablica Federal de Alemania y la Rep\u00fablica Argentina.<\/p>\n<p>El programa es financiado por el Centro Universitario Argentino-Alem\u00e1n (CUAA) con recursos del Ministerio de Educaci\u00f3n de Argentina (ME), el Ministerio de Ciencia, Tecnolog\u00eda e Innovaci\u00f3n (MINCyT) y el Ministerio Federal de Educaci\u00f3n e Investigaci\u00f3n de Alemania (BMBF, Bundesministerium f\u00fcr Bildung und Forschung).<\/p>\n<p><img fetchpriority=\"high\" decoding=\"async\" class=\"aligncenter wp-image-13787 size-full\" src=\"https:\/\/www.fcejs.unsl.edu.ar\/wp-content\/uploads\/2023\/10\/semilla-quintas.jpg\" alt=\"\" width=\"1644\" height=\"981\" srcset=\"https:\/\/www.fcejs.unsl.edu.ar\/wp-content\/uploads\/2023\/10\/semilla-quintas.jpg 1644w, https:\/\/www.fcejs.unsl.edu.ar\/wp-content\/uploads\/2023\/10\/semilla-quintas-300x179.jpg 300w, https:\/\/www.fcejs.unsl.edu.ar\/wp-content\/uploads\/2023\/10\/semilla-quintas-1024x611.jpg 1024w, https:\/\/www.fcejs.unsl.edu.ar\/wp-content\/uploads\/2023\/10\/semilla-quintas-768x458.jpg 768w, https:\/\/www.fcejs.unsl.edu.ar\/wp-content\/uploads\/2023\/10\/semilla-quintas-1536x917.jpg 1536w\" sizes=\"(max-width: 1644px) 100vw, 1644px\" \/><\/p>\n<p>\u201cCreo que para la UNSL y particularmente para la FCEJS es un logro que permite desarrollar una relaci\u00f3n interinstitucional internacional y que por varias razones es muy motivante y muy positivo\u2026 Representa un logro y una gran oportunidad, especialmente para los estudiantes\u201d, remarc\u00f3 Quintas.<\/p>\n<p>El coordinador del proyecto y docente universitario cont\u00f3 que la iniciativa surgi\u00f3 a partir de interacciones que, como profesor de posgrado de la UTN de Buenos Aires, manten\u00eda con representantes de la Universidad de Jena, Alemania. \u201cFundamentalmente por los contactos de la directora del posgrado, la Dra. Sandra Fern\u00e1ndez y el coordinador de la parte alemana para nuestro proyecto se empez\u00f3 a trabajar con las autoridades de la facultad y del rectorado con el fin de poder llevar a cabo esta iniciativa\u201d.<\/p>\n<p>Destac\u00f3 que, desde un principio, recibi\u00f3 total apoyo para todas las gestiones, ya que \u201csi bien el plan est\u00e1 dirigido a una carrera de grado con doble titulaci\u00f3n, eso representa tambi\u00e9n un aporte para las capacitaciones de posgrado, en particular para la Maestr\u00eda de Econom\u00eda y Negocios ya que es un sustento internacional que puede nutrir al posgrado\u201d.<\/p>\n<p>Quintas hizo especial hincapi\u00e9 en los beneficios que el programa internacional tendr\u00e1 para los estudiantes de la FCEJS: \u201cPrimero, contar\u00e1n con la chance de tomar parte de los cursos en Alemania y, desde los estudiantes alemanes, de venir a la Argentina, a la UNSL para hacer lo mismo. Esta inserci\u00f3n con Europa es muy significativa. Ser\u00e1 una experiencia nueva, con mucho para aprender y un potencial para aprovechar\u201d.<\/p>\n<p>\u201cPara los estudiantes, poder llevar a cabo este tipo de carrera desde la propia UNSL es algo muy especial y casi no hay antecedentes en la propia universidad. Creemos que para ellos especialmente ser\u00e1 algo muy beneficioso\u201d, agreg\u00f3.<\/p>\n<p>Aclar\u00f3 que el proyecto est\u00e1 en una primera etapa, luego de la selecci\u00f3n de la FCEJS en la convocatoria \u201cSemilla 2023\u201d, que es el paso m\u00e1s importante. Anunci\u00f3 que, antes de fin de a\u00f1o, \u201cest\u00e1 prevista la visita del coordinador del Programa de la parte de Alemania a la Argentina, quien va a visitar nuestra universidad. Mientras, se seguir\u00e1 avanzando en las reuniones virtuales con el prop\u00f3sito de coordinar distintos aspectos que hacen falta para que las dos carreras puedan tener una consistencia y puedan converger en una que sea la de doble titulaci\u00f3n\u201d.<\/p>\n<p><img decoding=\"async\" class=\"aligncenter size-large wp-image-13591\" src=\"https:\/\/www.fcejs.unsl.edu.ar\/wp-content\/uploads\/2023\/09\/convocatoria-semilla-02-1024x667.jpg\" alt=\"\" width=\"843\" height=\"549\" srcset=\"https:\/\/www.fcejs.unsl.edu.ar\/wp-content\/uploads\/2023\/09\/convocatoria-semilla-02-1024x667.jpg 1024w, https:\/\/www.fcejs.unsl.edu.ar\/wp-content\/uploads\/2023\/09\/convocatoria-semilla-02-300x196.jpg 300w, https:\/\/www.fcejs.unsl.edu.ar\/wp-content\/uploads\/2023\/09\/convocatoria-semilla-02-768x500.jpg 768w, https:\/\/www.fcejs.unsl.edu.ar\/wp-content\/uploads\/2023\/09\/convocatoria-semilla-02.jpg 1200w\" sizes=\"(max-width: 843px) 100vw, 843px\" \/><\/p>\n<p>En ese sentido, explic\u00f3 que para articular la oferta acad\u00e9mica \u201cvamos a tener que esperar un tiempo, que puede ser aproximadamente un a\u00f1o, hasta que est\u00e9n dadas las condiciones; que se hayan cumplido los requisitos que nos pide esta parte del programa y entonces s\u00ed hacer la oferta acad\u00e9mica correspondiente\u201d.<\/p>\n<p>Anticip\u00f3 que, una vez cumplido esos pasos, los requisitos que deber\u00e1n presentar los estudiantes que ingresen a una carrera de doble titulaci\u00f3n ser\u00e1n pr\u00e1cticamente los mismos que se exigen ahora, \u201csalvo la disposici\u00f3n de llevar a cabo un semestre en Alemania. Igualmente, para los que est\u00e1n en Alemania se presentar\u00e1n las mismas condiciones y la misma disponibilidad de pasant\u00edas\u201d.<\/p>\n<p>Por \u00faltimo, el doctor Quintas resalt\u00f3 que la comunidad universitaria de San Luis, de Villa Mercedes, y en particular de la FCEJS \u201ctendr\u00e1n una oportunidad \u00fanica de ofrecer esta formaci\u00f3n que va m\u00e1s all\u00e1 de una carrera binacional: formar ciudadanos del mundo\u201d y a\u00f1adi\u00f3: \u201cConvengamos que para muchos j\u00f3venes y no tan j\u00f3venes la posibilidad de hacer este tipo de carreras es tambi\u00e9n buscar otras puertas y alternativas\u2026 Esperamos que esta propuesta se pueda llevar a cabo en tiempos muy cortos\u2026, confiamos en que se logre para bien de nuestros estudiantes, de nuestros docentes y para la instituci\u00f3n en general\u201d.<\/p>\n<p><strong>Nota: Jos\u00e9 Luis Baigorria. Radio UNSL Villa Mercedes<\/strong><\/p>\n<p><strong>Entrevista: Virginia Aguilera. Radio UNSL Villa Mercedes<\/strong><\/p>\n","protected":false},"excerpt":{"rendered":"<p>Los estudiantes de la carrera Licenciatura en Administraci\u00f3n de la Facultad de Ciencias Econ\u00f3micas Jur\u00eddicas y Sociales tendr\u00e1n la posibilidad de cursar parte de sus&hellip;<\/p>\n","protected":false},"author":9,"featured_media":13786,"comment_status":"closed","ping_status":"closed","sticky":false,"template":"","format":"standard","meta":{"om_disable_all_campaigns":false,"_monsterinsights_skip_tracking":false,"_monsterinsights_sitenote_active":false,"_monsterinsights_sitenote_note":"","_monsterinsights_sitenote_category":0,"footnotes":""},"categories":[1],"tags":[],"class_list":["post-13785","post","type-post","status-publish","format-standard","has-post-thumbnail","hentry","category-noticias"],"yoast_head":"<!-- This site is optimized with the Yoast SEO plugin v27.4 - https:\/\/yoast.com\/product\/yoast-seo-wordpress\/ -->\n<title>La Licenciatura en Administraci\u00f3n ingresa a un programa de doble titulaci\u00f3n internacional - Facultad de Ciencias Econ\u00f3micas, Jur\u00ed\u00addicas y Sociales<\/title>\n<meta name=\"robots\" content=\"index, follow, max-snippet:-1, max-image-preview:large, max-video-preview:-1\" \/>\n<link rel=\"canonical\" href=\"https:\/\/www.fcejs.unsl.edu.ar\/index.php\/la-licenciatura-en-administracion-ingresa-a-programa-de-doble-titulacion-internacional\/\" \/>\n<meta property=\"og:locale\" content=\"es_ES\" \/>\n<meta property=\"og:type\" content=\"article\" \/>\n<meta property=\"og:title\" content=\"La Licenciatura en Administraci\u00f3n ingresa a un programa de doble titulaci\u00f3n internacional - Facultad de Ciencias Econ\u00f3micas, Jur\u00ed\u00addicas y Sociales\" \/>\n<meta property=\"og:description\" content=\"Los estudiantes de la carrera Licenciatura en Administraci\u00f3n de la Facultad de Ciencias Econ\u00f3micas Jur\u00eddicas y Sociales tendr\u00e1n la posibilidad de cursar parte de sus&hellip;\" \/>\n<meta property=\"og:url\" content=\"https:\/\/www.fcejs.unsl.edu.ar\/index.php\/la-licenciatura-en-administracion-ingresa-a-programa-de-doble-titulacion-internacional\/\" \/>\n<meta property=\"og:site_name\" content=\"Facultad de Ciencias Econ\u00f3micas, Jur\u00ed\u00addicas y Sociales\" \/>\n<meta property=\"article:publisher\" content=\"https:\/\/www.facebook.com\/FCEJS.UNSL\/\" \/>\n<meta property=\"article:published_time\" content=\"2023-10-05T16:26:38+00:00\" \/>\n<meta property=\"article:modified_time\" content=\"2023-11-06T12:05:05+00:00\" \/>\n<meta property=\"og:image\" content=\"https:\/\/www.fcejs.unsl.edu.ar\/wp-content\/uploads\/2023\/10\/semilla-front.jpg\" \/>\n\t<meta property=\"og:image:width\" content=\"1152\" \/>\n\t<meta property=\"og:image:height\" content=\"647\" \/>\n\t<meta property=\"og:image:type\" content=\"image\/jpeg\" \/>\n<meta name=\"author\" content=\"DATI\" \/>\n<meta name=\"twitter:card\" content=\"summary_large_image\" \/>\n<meta name=\"twitter:creator\" content=\"@FCEJSUNSL\" \/>\n<meta name=\"twitter:site\" content=\"@FCEJSUNSL\" \/>\n<meta name=\"twitter:label1\" content=\"Escrito por\" \/>\n\t<meta name=\"twitter:data1\" content=\"DATI\" \/>\n\t<meta name=\"twitter:label2\" content=\"Tiempo de lectura\" \/>\n\t<meta name=\"twitter:data2\" content=\"5 minutos\" \/>\n<script type=\"application\/ld+json\" class=\"yoast-schema-graph\">{\"@context\":\"https:\\\/\\\/schema.org\",\"@graph\":[{\"@type\":\"Article\",\"@id\":\"https:\\\/\\\/www.fcejs.unsl.edu.ar\\\/index.php\\\/la-licenciatura-en-administracion-ingresa-a-programa-de-doble-titulacion-internacional\\\/#article\",\"isPartOf\":{\"@id\":\"https:\\\/\\\/www.fcejs.unsl.edu.ar\\\/index.php\\\/la-licenciatura-en-administracion-ingresa-a-programa-de-doble-titulacion-internacional\\\/\"},\"author\":{\"name\":\"DATI\",\"@id\":\"https:\\\/\\\/www.fcejs.unsl.edu.ar\\\/#\\\/schema\\\/person\\\/352ee6ed90c3f394c7cb5945f8956d34\"},\"headline\":\"La Licenciatura en Administraci\u00f3n ingresa a un programa de doble titulaci\u00f3n internacional\",\"datePublished\":\"2023-10-05T16:26:38+00:00\",\"dateModified\":\"2023-11-06T12:05:05+00:00\",\"mainEntityOfPage\":{\"@id\":\"https:\\\/\\\/www.fcejs.unsl.edu.ar\\\/index.php\\\/la-licenciatura-en-administracion-ingresa-a-programa-de-doble-titulacion-internacional\\\/\"},\"wordCount\":950,\"publisher\":{\"@id\":\"https:\\\/\\\/www.fcejs.unsl.edu.ar\\\/#organization\"},\"image\":{\"@id\":\"https:\\\/\\\/www.fcejs.unsl.edu.ar\\\/index.php\\\/la-licenciatura-en-administracion-ingresa-a-programa-de-doble-titulacion-internacional\\\/#primaryimage\"},\"thumbnailUrl\":\"https:\\\/\\\/www.fcejs.unsl.edu.ar\\\/wp-content\\\/uploads\\\/2023\\\/10\\\/semilla-front.jpg\",\"articleSection\":[\"Noticias\"],\"inLanguage\":\"es-AR\"},{\"@type\":\"WebPage\",\"@id\":\"https:\\\/\\\/www.fcejs.unsl.edu.ar\\\/index.php\\\/la-licenciatura-en-administracion-ingresa-a-programa-de-doble-titulacion-internacional\\\/\",\"url\":\"https:\\\/\\\/www.fcejs.unsl.edu.ar\\\/index.php\\\/la-licenciatura-en-administracion-ingresa-a-programa-de-doble-titulacion-internacional\\\/\",\"name\":\"La Licenciatura en Administraci\u00f3n ingresa a un programa de doble titulaci\u00f3n internacional - Facultad de Ciencias Econ\u00f3micas, Jur\u00ed\u00addicas y Sociales\",\"isPartOf\":{\"@id\":\"https:\\\/\\\/www.fcejs.unsl.edu.ar\\\/#website\"},\"primaryImageOfPage\":{\"@id\":\"https:\\\/\\\/www.fcejs.unsl.edu.ar\\\/index.php\\\/la-licenciatura-en-administracion-ingresa-a-programa-de-doble-titulacion-internacional\\\/#primaryimage\"},\"image\":{\"@id\":\"https:\\\/\\\/www.fcejs.unsl.edu.ar\\\/index.php\\\/la-licenciatura-en-administracion-ingresa-a-programa-de-doble-titulacion-internacional\\\/#primaryimage\"},\"thumbnailUrl\":\"https:\\\/\\\/www.fcejs.unsl.edu.ar\\\/wp-content\\\/uploads\\\/2023\\\/10\\\/semilla-front.jpg\",\"datePublished\":\"2023-10-05T16:26:38+00:00\",\"dateModified\":\"2023-11-06T12:05:05+00:00\",\"breadcrumb\":{\"@id\":\"https:\\\/\\\/www.fcejs.unsl.edu.ar\\\/index.php\\\/la-licenciatura-en-administracion-ingresa-a-programa-de-doble-titulacion-internacional\\\/#breadcrumb\"},\"inLanguage\":\"es-AR\",\"potentialAction\":[{\"@type\":\"ReadAction\",\"target\":[\"https:\\\/\\\/www.fcejs.unsl.edu.ar\\\/index.php\\\/la-licenciatura-en-administracion-ingresa-a-programa-de-doble-titulacion-internacional\\\/\"]}]},{\"@type\":\"ImageObject\",\"inLanguage\":\"es-AR\",\"@id\":\"https:\\\/\\\/www.fcejs.unsl.edu.ar\\\/index.php\\\/la-licenciatura-en-administracion-ingresa-a-programa-de-doble-titulacion-internacional\\\/#primaryimage\",\"url\":\"https:\\\/\\\/www.fcejs.unsl.edu.ar\\\/wp-content\\\/uploads\\\/2023\\\/10\\\/semilla-front.jpg\",\"contentUrl\":\"https:\\\/\\\/www.fcejs.unsl.edu.ar\\\/wp-content\\\/uploads\\\/2023\\\/10\\\/semilla-front.jpg\",\"width\":1152,\"height\":647},{\"@type\":\"BreadcrumbList\",\"@id\":\"https:\\\/\\\/www.fcejs.unsl.edu.ar\\\/index.php\\\/la-licenciatura-en-administracion-ingresa-a-programa-de-doble-titulacion-internacional\\\/#breadcrumb\",\"itemListElement\":[{\"@type\":\"ListItem\",\"position\":1,\"name\":\"Inicio\",\"item\":\"https:\\\/\\\/www.fcejs.unsl.edu.ar\\\/\"},{\"@type\":\"ListItem\",\"position\":2,\"name\":\"La Licenciatura en Administraci\u00f3n ingresa a un programa de doble titulaci\u00f3n internacional\"}]},{\"@type\":\"WebSite\",\"@id\":\"https:\\\/\\\/www.fcejs.unsl.edu.ar\\\/#website\",\"url\":\"https:\\\/\\\/www.fcejs.unsl.edu.ar\\\/\",\"name\":\"Facultad de Ciencias Econ\u00f3micas, Jur\u00ed\u00addicas y Sociales\",\"description\":\"\",\"publisher\":{\"@id\":\"https:\\\/\\\/www.fcejs.unsl.edu.ar\\\/#organization\"},\"potentialAction\":[{\"@type\":\"SearchAction\",\"target\":{\"@type\":\"EntryPoint\",\"urlTemplate\":\"https:\\\/\\\/www.fcejs.unsl.edu.ar\\\/?s={search_term_string}\"},\"query-input\":{\"@type\":\"PropertyValueSpecification\",\"valueRequired\":true,\"valueName\":\"search_term_string\"}}],\"inLanguage\":\"es-AR\"},{\"@type\":\"Organization\",\"@id\":\"https:\\\/\\\/www.fcejs.unsl.edu.ar\\\/#organization\",\"name\":\"Facultad de Ciencias Econ\u00f3micas, Jur\u00eddicas y Sociales\",\"url\":\"https:\\\/\\\/www.fcejs.unsl.edu.ar\\\/\",\"logo\":{\"@type\":\"ImageObject\",\"inLanguage\":\"es-AR\",\"@id\":\"https:\\\/\\\/www.fcejs.unsl.edu.ar\\\/#\\\/schema\\\/logo\\\/image\\\/\",\"url\":\"https:\\\/\\\/www.fcejs.unsl.edu.ar\\\/wp-content\\\/uploads\\\/2021\\\/03\\\/logo-1.jpg\",\"contentUrl\":\"https:\\\/\\\/www.fcejs.unsl.edu.ar\\\/wp-content\\\/uploads\\\/2021\\\/03\\\/logo-1.jpg\",\"width\":471,\"height\":146,\"caption\":\"Facultad de Ciencias Econ\u00f3micas, Jur\u00eddicas y Sociales\"},\"image\":{\"@id\":\"https:\\\/\\\/www.fcejs.unsl.edu.ar\\\/#\\\/schema\\\/logo\\\/image\\\/\"},\"sameAs\":[\"https:\\\/\\\/www.facebook.com\\\/FCEJS.UNSL\\\/\",\"https:\\\/\\\/x.com\\\/FCEJSUNSL\",\"https:\\\/\\\/www.instagram.com\\\/fcejs.unsl\\\/\",\"https:\\\/\\\/www.youtube.com\\\/channel\\\/UCH-Ut6EaN_X5ogjIQMPe46g\\\/\"]},{\"@type\":\"Person\",\"@id\":\"https:\\\/\\\/www.fcejs.unsl.edu.ar\\\/#\\\/schema\\\/person\\\/352ee6ed90c3f394c7cb5945f8956d34\",\"name\":\"DATI\"}]}<\/script>\n<!-- \/ Yoast SEO plugin. -->","yoast_head_json":{"title":"La Licenciatura en Administraci\u00f3n ingresa a un programa de doble titulaci\u00f3n internacional - Facultad de Ciencias Econ\u00f3micas, Jur\u00ed\u00addicas y Sociales","robots":{"index":"index","follow":"follow","max-snippet":"max-snippet:-1","max-image-preview":"max-image-preview:large","max-video-preview":"max-video-preview:-1"},"canonical":"https:\/\/www.fcejs.unsl.edu.ar\/index.php\/la-licenciatura-en-administracion-ingresa-a-programa-de-doble-titulacion-internacional\/","og_locale":"es_ES","og_type":"article","og_title":"La Licenciatura en Administraci\u00f3n ingresa a un programa de doble titulaci\u00f3n internacional - Facultad de Ciencias Econ\u00f3micas, Jur\u00ed\u00addicas y Sociales","og_description":"Los estudiantes de la carrera Licenciatura en Administraci\u00f3n de la Facultad de Ciencias Econ\u00f3micas Jur\u00eddicas y Sociales tendr\u00e1n la posibilidad de cursar parte de sus&hellip;","og_url":"https:\/\/www.fcejs.unsl.edu.ar\/index.php\/la-licenciatura-en-administracion-ingresa-a-programa-de-doble-titulacion-internacional\/","og_site_name":"Facultad de Ciencias Econ\u00f3micas, Jur\u00ed\u00addicas y Sociales","article_publisher":"https:\/\/www.facebook.com\/FCEJS.UNSL\/","article_published_time":"2023-10-05T16:26:38+00:00","article_modified_time":"2023-11-06T12:05:05+00:00","og_image":[{"width":1152,"height":647,"url":"https:\/\/www.fcejs.unsl.edu.ar\/wp-content\/uploads\/2023\/10\/semilla-front.jpg","type":"image\/jpeg"}],"author":"DATI","twitter_card":"summary_large_image","twitter_creator":"@FCEJSUNSL","twitter_site":"@FCEJSUNSL","twitter_misc":{"Escrito por":"DATI","Tiempo de lectura":"5 minutos"},"schema":{"@context":"https:\/\/schema.org","@graph":[{"@type":"Article","@id":"https:\/\/www.fcejs.unsl.edu.ar\/index.php\/la-licenciatura-en-administracion-ingresa-a-programa-de-doble-titulacion-internacional\/#article","isPartOf":{"@id":"https:\/\/www.fcejs.unsl.edu.ar\/index.php\/la-licenciatura-en-administracion-ingresa-a-programa-de-doble-titulacion-internacional\/"},"author":{"name":"DATI","@id":"https:\/\/www.fcejs.unsl.edu.ar\/#\/schema\/person\/352ee6ed90c3f394c7cb5945f8956d34"},"headline":"La Licenciatura en Administraci\u00f3n ingresa a un programa de doble titulaci\u00f3n internacional","datePublished":"2023-10-05T16:26:38+00:00","dateModified":"2023-11-06T12:05:05+00:00","mainEntityOfPage":{"@id":"https:\/\/www.fcejs.unsl.edu.ar\/index.php\/la-licenciatura-en-administracion-ingresa-a-programa-de-doble-titulacion-internacional\/"},"wordCount":950,"publisher":{"@id":"https:\/\/www.fcejs.unsl.edu.ar\/#organization"},"image":{"@id":"https:\/\/www.fcejs.unsl.edu.ar\/index.php\/la-licenciatura-en-administracion-ingresa-a-programa-de-doble-titulacion-internacional\/#primaryimage"},"thumbnailUrl":"https:\/\/www.fcejs.unsl.edu.ar\/wp-content\/uploads\/2023\/10\/semilla-front.jpg","articleSection":["Noticias"],"inLanguage":"es-AR"},{"@type":"WebPage","@id":"https:\/\/www.fcejs.unsl.edu.ar\/index.php\/la-licenciatura-en-administracion-ingresa-a-programa-de-doble-titulacion-internacional\/","url":"https:\/\/www.fcejs.unsl.edu.ar\/index.php\/la-licenciatura-en-administracion-ingresa-a-programa-de-doble-titulacion-internacional\/","name":"La Licenciatura en Administraci\u00f3n ingresa a un programa de doble titulaci\u00f3n internacional - Facultad de Ciencias Econ\u00f3micas, Jur\u00ed\u00addicas y Sociales","isPartOf":{"@id":"https:\/\/www.fcejs.unsl.edu.ar\/#website"},"primaryImageOfPage":{"@id":"https:\/\/www.fcejs.unsl.edu.ar\/index.php\/la-licenciatura-en-administracion-ingresa-a-programa-de-doble-titulacion-internacional\/#primaryimage"},"image":{"@id":"https:\/\/www.fcejs.unsl.edu.ar\/index.php\/la-licenciatura-en-administracion-ingresa-a-programa-de-doble-titulacion-internacional\/#primaryimage"},"thumbnailUrl":"https:\/\/www.fcejs.unsl.edu.ar\/wp-content\/uploads\/2023\/10\/semilla-front.jpg","datePublished":"2023-10-05T16:26:38+00:00","dateModified":"2023-11-06T12:05:05+00:00","breadcrumb":{"@id":"https:\/\/www.fcejs.unsl.edu.ar\/index.php\/la-licenciatura-en-administracion-ingresa-a-programa-de-doble-titulacion-internacional\/#breadcrumb"},"inLanguage":"es-AR","potentialAction":[{"@type":"ReadAction","target":["https:\/\/www.fcejs.unsl.edu.ar\/index.php\/la-licenciatura-en-administracion-ingresa-a-programa-de-doble-titulacion-internacional\/"]}]},{"@type":"ImageObject","inLanguage":"es-AR","@id":"https:\/\/www.fcejs.unsl.edu.ar\/index.php\/la-licenciatura-en-administracion-ingresa-a-programa-de-doble-titulacion-internacional\/#primaryimage","url":"https:\/\/www.fcejs.unsl.edu.ar\/wp-content\/uploads\/2023\/10\/semilla-front.jpg","contentUrl":"https:\/\/www.fcejs.unsl.edu.ar\/wp-content\/uploads\/2023\/10\/semilla-front.jpg","width":1152,"height":647},{"@type":"BreadcrumbList","@id":"https:\/\/www.fcejs.unsl.edu.ar\/index.php\/la-licenciatura-en-administracion-ingresa-a-programa-de-doble-titulacion-internacional\/#breadcrumb","itemListElement":[{"@type":"ListItem","position":1,"name":"Inicio","item":"https:\/\/www.fcejs.unsl.edu.ar\/"},{"@type":"ListItem","position":2,"name":"La Licenciatura en Administraci\u00f3n ingresa a un programa de doble titulaci\u00f3n internacional"}]},{"@type":"WebSite","@id":"https:\/\/www.fcejs.unsl.edu.ar\/#website","url":"https:\/\/www.fcejs.unsl.edu.ar\/","name":"Facultad de Ciencias Econ\u00f3micas, Jur\u00ed\u00addicas y Sociales","description":"","publisher":{"@id":"https:\/\/www.fcejs.unsl.edu.ar\/#organization"},"potentialAction":[{"@type":"SearchAction","target":{"@type":"EntryPoint","urlTemplate":"https:\/\/www.fcejs.unsl.edu.ar\/?s={search_term_string}"},"query-input":{"@type":"PropertyValueSpecification","valueRequired":true,"valueName":"search_term_string"}}],"inLanguage":"es-AR"},{"@type":"Organization","@id":"https:\/\/www.fcejs.unsl.edu.ar\/#organization","name":"Facultad de Ciencias Econ\u00f3micas, Jur\u00eddicas y Sociales","url":"https:\/\/www.fcejs.unsl.edu.ar\/","logo":{"@type":"ImageObject","inLanguage":"es-AR","@id":"https:\/\/www.fcejs.unsl.edu.ar\/#\/schema\/logo\/image\/","url":"https:\/\/www.fcejs.unsl.edu.ar\/wp-content\/uploads\/2021\/03\/logo-1.jpg","contentUrl":"https:\/\/www.fcejs.unsl.edu.ar\/wp-content\/uploads\/2021\/03\/logo-1.jpg","width":471,"height":146,"caption":"Facultad de Ciencias Econ\u00f3micas, Jur\u00eddicas y Sociales"},"image":{"@id":"https:\/\/www.fcejs.unsl.edu.ar\/#\/schema\/logo\/image\/"},"sameAs":["https:\/\/www.facebook.com\/FCEJS.UNSL\/","https:\/\/x.com\/FCEJSUNSL","https:\/\/www.instagram.com\/fcejs.unsl\/","https:\/\/www.youtube.com\/channel\/UCH-Ut6EaN_X5ogjIQMPe46g\/"]},{"@type":"Person","@id":"https:\/\/www.fcejs.unsl.edu.ar\/#\/schema\/person\/352ee6ed90c3f394c7cb5945f8956d34","name":"DATI"}]}},"jetpack_featured_media_url":"https:\/\/www.fcejs.unsl.edu.ar\/wp-content\/uploads\/2023\/10\/semilla-front.jpg","_links":{"self":[{"href":"https:\/\/www.fcejs.unsl.edu.ar\/index.php\/wp-json\/wp\/v2\/posts\/13785","targetHints":{"allow":["GET"]}}],"collection":[{"href":"https:\/\/www.fcejs.unsl.edu.ar\/index.php\/wp-json\/wp\/v2\/posts"}],"about":[{"href":"https:\/\/www.fcejs.unsl.edu.ar\/index.php\/wp-json\/wp\/v2\/types\/post"}],"author":[{"embeddable":true,"href":"https:\/\/www.fcejs.unsl.edu.ar\/index.php\/wp-json\/wp\/v2\/users\/9"}],"replies":[{"embeddable":true,"href":"https:\/\/www.fcejs.unsl.edu.ar\/index.php\/wp-json\/wp\/v2\/comments?post=13785"}],"version-history":[{"count":6,"href":"https:\/\/www.fcejs.unsl.edu.ar\/index.php\/wp-json\/wp\/v2\/posts\/13785\/revisions"}],"predecessor-version":[{"id":13794,"href":"https:\/\/www.fcejs.unsl.edu.ar\/index.php\/wp-json\/wp\/v2\/posts\/13785\/revisions\/13794"}],"wp:featuredmedia":[{"embeddable":true,"href":"https:\/\/www.fcejs.unsl.edu.ar\/index.php\/wp-json\/wp\/v2\/media\/13786"}],"wp:attachment":[{"href":"https:\/\/www.fcejs.unsl.edu.ar\/index.php\/wp-json\/wp\/v2\/media?parent=13785"}],"wp:term":[{"taxonomy":"category","embeddable":true,"href":"https:\/\/www.fcejs.unsl.edu.ar\/index.php\/wp-json\/wp\/v2\/categories?post=13785"},{"taxonomy":"post_tag","embeddable":true,"href":"https:\/\/www.fcejs.unsl.edu.ar\/index.php\/wp-json\/wp\/v2\/tags?post=13785"}],"curies":[{"name":"wp","href":"https:\/\/api.w.org\/{rel}","templated":true}]}}