{"id":13746,"date":"2023-10-04T11:32:30","date_gmt":"2023-10-04T14:32:30","guid":{"rendered":"http:\/\/10.101.10.197\/www\/?p=13746"},"modified":"2023-10-04T12:35:02","modified_gmt":"2023-10-04T15:35:02","slug":"se-realizo-la-charla-debate-los-derechos-de-nuestro-pais-sobre-malvinas-y-antartida","status":"publish","type":"post","link":"https:\/\/www.fcejs.unsl.edu.ar\/index.php\/se-realizo-la-charla-debate-los-derechos-de-nuestro-pais-sobre-malvinas-y-antartida\/","title":{"rendered":"Charla sobre &#8220;Cuestiones territoriales argentinas: Los derechos de nuestro pa\u00eds sobre Malvinas y Ant\u00e1rtida y la delimitaci\u00f3n de las fronteras con los pa\u00edses lim\u00edtrofes\u201d"},"content":{"rendered":"<p>La Secretar\u00eda de Extensi\u00f3n Universitaria informa que se llev\u00f3 a cabo el pasado 25 de setiembre, la \u201cCharla \u2013 Debate: Cuestiones territoriales argentinas: Los derechos de nuestro pa\u00eds sobre Malvinas y Ant\u00e1rtida y la delimitaci\u00f3n de las fronteras con los pa\u00edses lim\u00edtrofes\u201d, organizada por la Asignatura de Derecho Internacional P\u00fablico de la Carrera de Abogac\u00eda de la FCEJS.<\/p>\n<p>El Abogado Germ\u00e1n Viecens, docente y responsable organizador de esta Charla- Debate, destac\u00f3 la incorporaci\u00f3n como\u00a0invitado, del Suboficial Mayor de la Fuerza A\u00e9rea (Retirado), Dr. Juan Carlos Lujan, quien se desempe\u00f1a actualmente como presidente de la Fundaci\u00f3n Marambio, de la cual es su fundador. <img fetchpriority=\"high\" decoding=\"async\" class=\"wp-image-13750 alignright\" src=\"https:\/\/www.fcejs.unsl.edu.ar\/wp-content\/uploads\/2023\/10\/malvinas-02.jpg\" alt=\"\" width=\"468\" height=\"521\" srcset=\"https:\/\/www.fcejs.unsl.edu.ar\/wp-content\/uploads\/2023\/10\/malvinas-02.jpg 576w, https:\/\/www.fcejs.unsl.edu.ar\/wp-content\/uploads\/2023\/10\/malvinas-02-270x300.jpg 270w\" sizes=\"(max-width: 468px) 100vw, 468px\" \/>La incorporaci\u00f3n del Dr. Juan Luj\u00e1n, de manera virtual v\u00eda ZOOM, no s\u00f3lo aport\u00f3 enormemente al objetivo planteado de generar conciencia de la importancia que la guerra tuvo en la historia de la reclamaci\u00f3n argentina sobre los territorios en disputa, sino tambi\u00e9n, permiti\u00f3 contar con el testimonio de un protagonista de la historia reciente de la lucha por la soberan\u00eda de las Islas Malvinas; y habilit\u00f3 a la continuidad de esta actividad con temas vinculados a la tem\u00e1tica propuesta, remarc\u00f3 el Abogado Viecens.\u00a0La actividad se desarroll\u00f3 en el Aula de Posgrado del Campus y aunque estuvo orientada, principalmente para los estudiantes de la Carrera de Abogac\u00eda de la FCEJS, cont\u00f3 con la presencia de p\u00fablico en general interesado en la tem\u00e1tica.<\/p>\n<p>El Dr. Lujan es expedicionario del Desierto Blanco, Caballero del Desierto Blanco y Combatiente de Malvinas, fue condecorado por Ley de la Naci\u00f3n, con la &#8220;Medalla la Naci\u00f3n Argentina al Valor en Combate&#8221;, por su actuaci\u00f3n, por sus relevantes m\u00e9ritos, valor y hero\u00edsmo en defensa de la Patria. Particip\u00f3 de la Campa\u00f1a Ant\u00e1rtica Verano 1967\/68 y fue dotaci\u00f3n anual de la Base Matienzo 1968\/69 y desde all\u00ed integrando la &#8220;Patrulla Soberan\u00eda&#8221;.<\/p>\n<p>Fue fundador de la Base Marambio. Tambi\u00e9n es Historiador Ant\u00e1rtico, Esquiador Militar, Paracaidista Deportivo y Radioaficionado. Es Embajador de Paz, distinci\u00f3n otorgada en el marco de un acuerdo con la UNESCO; Doctor Honoris Causa, en Lima Per\u00fa, otorgado por el Consejo Iberoamericano en Honor a la Calidad Educativa.<\/p>\n","protected":false},"excerpt":{"rendered":"<p>La Secretar\u00eda de Extensi\u00f3n Universitaria informa que se llev\u00f3 a cabo el pasado 25 de setiembre, la \u201cCharla \u2013 Debate: Cuestiones territoriales argentinas: Los derechos&hellip;<\/p>\n","protected":false},"author":9,"featured_media":13748,"comment_status":"closed","ping_status":"closed","sticky":false,"template":"","format":"standard","meta":{"om_disable_all_campaigns":false,"_monsterinsights_skip_tracking":false,"_monsterinsights_sitenote_active":false,"_monsterinsights_sitenote_note":"","_monsterinsights_sitenote_category":0,"footnotes":""},"categories":[1],"tags":[],"class_list":["post-13746","post","type-post","status-publish","format-standard","has-post-thumbnail","hentry","category-noticias"],"yoast_head":"<!-- This site is optimized with the Yoast SEO plugin v27.4 - https:\/\/yoast.com\/product\/yoast-seo-wordpress\/ -->\n<title>Charla sobre &quot;Cuestiones territoriales argentinas: Los derechos de nuestro pa\u00eds sobre Malvinas y Ant\u00e1rtida y la delimitaci\u00f3n de las fronteras con los pa\u00edses lim\u00edtrofes\u201d - Facultad de Ciencias Econ\u00f3micas, Jur\u00ed\u00addicas y Sociales<\/title>\n<meta name=\"robots\" content=\"index, follow, max-snippet:-1, max-image-preview:large, max-video-preview:-1\" \/>\n<link rel=\"canonical\" href=\"https:\/\/www.fcejs.unsl.edu.ar\/index.php\/se-realizo-la-charla-debate-los-derechos-de-nuestro-pais-sobre-malvinas-y-antartida\/\" \/>\n<meta property=\"og:locale\" content=\"es_ES\" \/>\n<meta property=\"og:type\" content=\"article\" \/>\n<meta property=\"og:title\" content=\"Charla sobre &quot;Cuestiones territoriales argentinas: Los derechos de nuestro pa\u00eds sobre Malvinas y Ant\u00e1rtida y la delimitaci\u00f3n de las fronteras con los pa\u00edses lim\u00edtrofes\u201d - Facultad de Ciencias Econ\u00f3micas, Jur\u00ed\u00addicas y Sociales\" \/>\n<meta property=\"og:description\" content=\"La Secretar\u00eda de Extensi\u00f3n Universitaria informa que se llev\u00f3 a cabo el pasado 25 de setiembre, la \u201cCharla \u2013 Debate: Cuestiones territoriales argentinas: Los derechos&hellip;\" \/>\n<meta property=\"og:url\" content=\"https:\/\/www.fcejs.unsl.edu.ar\/index.php\/se-realizo-la-charla-debate-los-derechos-de-nuestro-pais-sobre-malvinas-y-antartida\/\" \/>\n<meta property=\"og:site_name\" content=\"Facultad de Ciencias Econ\u00f3micas, Jur\u00ed\u00addicas y Sociales\" \/>\n<meta property=\"article:publisher\" content=\"https:\/\/www.facebook.com\/FCEJS.UNSL\/\" \/>\n<meta property=\"article:published_time\" content=\"2023-10-04T14:32:30+00:00\" \/>\n<meta property=\"article:modified_time\" content=\"2023-10-04T15:35:02+00:00\" \/>\n<meta property=\"og:image\" content=\"https:\/\/www.fcejs.unsl.edu.ar\/wp-content\/uploads\/2023\/10\/malvinas-front.jpg\" \/>\n\t<meta property=\"og:image:width\" content=\"1152\" \/>\n\t<meta property=\"og:image:height\" content=\"647\" \/>\n\t<meta property=\"og:image:type\" content=\"image\/jpeg\" \/>\n<meta name=\"author\" content=\"DATI\" \/>\n<meta name=\"twitter:card\" content=\"summary_large_image\" \/>\n<meta name=\"twitter:creator\" content=\"@FCEJSUNSL\" \/>\n<meta name=\"twitter:site\" content=\"@FCEJSUNSL\" \/>\n<meta name=\"twitter:label1\" content=\"Escrito por\" \/>\n\t<meta name=\"twitter:data1\" content=\"DATI\" \/>\n\t<meta name=\"twitter:label2\" content=\"Tiempo de lectura\" \/>\n\t<meta name=\"twitter:data2\" content=\"2 minutos\" \/>\n<script type=\"application\/ld+json\" class=\"yoast-schema-graph\">{\"@context\":\"https:\\\/\\\/schema.org\",\"@graph\":[{\"@type\":\"Article\",\"@id\":\"https:\\\/\\\/www.fcejs.unsl.edu.ar\\\/index.php\\\/se-realizo-la-charla-debate-los-derechos-de-nuestro-pais-sobre-malvinas-y-antartida\\\/#article\",\"isPartOf\":{\"@id\":\"https:\\\/\\\/www.fcejs.unsl.edu.ar\\\/index.php\\\/se-realizo-la-charla-debate-los-derechos-de-nuestro-pais-sobre-malvinas-y-antartida\\\/\"},\"author\":{\"name\":\"DATI\",\"@id\":\"https:\\\/\\\/www.fcejs.unsl.edu.ar\\\/#\\\/schema\\\/person\\\/352ee6ed90c3f394c7cb5945f8956d34\"},\"headline\":\"Charla sobre &#8220;Cuestiones territoriales argentinas: Los derechos de nuestro pa\u00eds sobre Malvinas y Ant\u00e1rtida y la delimitaci\u00f3n de las fronteras con los pa\u00edses lim\u00edtrofes\u201d\",\"datePublished\":\"2023-10-04T14:32:30+00:00\",\"dateModified\":\"2023-10-04T15:35:02+00:00\",\"mainEntityOfPage\":{\"@id\":\"https:\\\/\\\/www.fcejs.unsl.edu.ar\\\/index.php\\\/se-realizo-la-charla-debate-los-derechos-de-nuestro-pais-sobre-malvinas-y-antartida\\\/\"},\"wordCount\":406,\"publisher\":{\"@id\":\"https:\\\/\\\/www.fcejs.unsl.edu.ar\\\/#organization\"},\"image\":{\"@id\":\"https:\\\/\\\/www.fcejs.unsl.edu.ar\\\/index.php\\\/se-realizo-la-charla-debate-los-derechos-de-nuestro-pais-sobre-malvinas-y-antartida\\\/#primaryimage\"},\"thumbnailUrl\":\"https:\\\/\\\/www.fcejs.unsl.edu.ar\\\/wp-content\\\/uploads\\\/2023\\\/10\\\/malvinas-front.jpg\",\"articleSection\":[\"Noticias\"],\"inLanguage\":\"es-AR\"},{\"@type\":\"WebPage\",\"@id\":\"https:\\\/\\\/www.fcejs.unsl.edu.ar\\\/index.php\\\/se-realizo-la-charla-debate-los-derechos-de-nuestro-pais-sobre-malvinas-y-antartida\\\/\",\"url\":\"https:\\\/\\\/www.fcejs.unsl.edu.ar\\\/index.php\\\/se-realizo-la-charla-debate-los-derechos-de-nuestro-pais-sobre-malvinas-y-antartida\\\/\",\"name\":\"Charla sobre \\\"Cuestiones territoriales argentinas: Los derechos de nuestro pa\u00eds sobre Malvinas y Ant\u00e1rtida y la delimitaci\u00f3n de las fronteras con los pa\u00edses lim\u00edtrofes\u201d - Facultad de Ciencias Econ\u00f3micas, Jur\u00ed\u00addicas y Sociales\",\"isPartOf\":{\"@id\":\"https:\\\/\\\/www.fcejs.unsl.edu.ar\\\/#website\"},\"primaryImageOfPage\":{\"@id\":\"https:\\\/\\\/www.fcejs.unsl.edu.ar\\\/index.php\\\/se-realizo-la-charla-debate-los-derechos-de-nuestro-pais-sobre-malvinas-y-antartida\\\/#primaryimage\"},\"image\":{\"@id\":\"https:\\\/\\\/www.fcejs.unsl.edu.ar\\\/index.php\\\/se-realizo-la-charla-debate-los-derechos-de-nuestro-pais-sobre-malvinas-y-antartida\\\/#primaryimage\"},\"thumbnailUrl\":\"https:\\\/\\\/www.fcejs.unsl.edu.ar\\\/wp-content\\\/uploads\\\/2023\\\/10\\\/malvinas-front.jpg\",\"datePublished\":\"2023-10-04T14:32:30+00:00\",\"dateModified\":\"2023-10-04T15:35:02+00:00\",\"breadcrumb\":{\"@id\":\"https:\\\/\\\/www.fcejs.unsl.edu.ar\\\/index.php\\\/se-realizo-la-charla-debate-los-derechos-de-nuestro-pais-sobre-malvinas-y-antartida\\\/#breadcrumb\"},\"inLanguage\":\"es-AR\",\"potentialAction\":[{\"@type\":\"ReadAction\",\"target\":[\"https:\\\/\\\/www.fcejs.unsl.edu.ar\\\/index.php\\\/se-realizo-la-charla-debate-los-derechos-de-nuestro-pais-sobre-malvinas-y-antartida\\\/\"]}]},{\"@type\":\"ImageObject\",\"inLanguage\":\"es-AR\",\"@id\":\"https:\\\/\\\/www.fcejs.unsl.edu.ar\\\/index.php\\\/se-realizo-la-charla-debate-los-derechos-de-nuestro-pais-sobre-malvinas-y-antartida\\\/#primaryimage\",\"url\":\"https:\\\/\\\/www.fcejs.unsl.edu.ar\\\/wp-content\\\/uploads\\\/2023\\\/10\\\/malvinas-front.jpg\",\"contentUrl\":\"https:\\\/\\\/www.fcejs.unsl.edu.ar\\\/wp-content\\\/uploads\\\/2023\\\/10\\\/malvinas-front.jpg\",\"width\":1152,\"height\":647},{\"@type\":\"BreadcrumbList\",\"@id\":\"https:\\\/\\\/www.fcejs.unsl.edu.ar\\\/index.php\\\/se-realizo-la-charla-debate-los-derechos-de-nuestro-pais-sobre-malvinas-y-antartida\\\/#breadcrumb\",\"itemListElement\":[{\"@type\":\"ListItem\",\"position\":1,\"name\":\"Inicio\",\"item\":\"https:\\\/\\\/www.fcejs.unsl.edu.ar\\\/\"},{\"@type\":\"ListItem\",\"position\":2,\"name\":\"Charla sobre &#8220;Cuestiones territoriales argentinas: Los derechos de nuestro pa\u00eds sobre Malvinas y Ant\u00e1rtida y la delimitaci\u00f3n de las fronteras con los pa\u00edses lim\u00edtrofes\u201d\"}]},{\"@type\":\"WebSite\",\"@id\":\"https:\\\/\\\/www.fcejs.unsl.edu.ar\\\/#website\",\"url\":\"https:\\\/\\\/www.fcejs.unsl.edu.ar\\\/\",\"name\":\"Facultad de Ciencias Econ\u00f3micas, Jur\u00ed\u00addicas y Sociales\",\"description\":\"\",\"publisher\":{\"@id\":\"https:\\\/\\\/www.fcejs.unsl.edu.ar\\\/#organization\"},\"potentialAction\":[{\"@type\":\"SearchAction\",\"target\":{\"@type\":\"EntryPoint\",\"urlTemplate\":\"https:\\\/\\\/www.fcejs.unsl.edu.ar\\\/?s={search_term_string}\"},\"query-input\":{\"@type\":\"PropertyValueSpecification\",\"valueRequired\":true,\"valueName\":\"search_term_string\"}}],\"inLanguage\":\"es-AR\"},{\"@type\":\"Organization\",\"@id\":\"https:\\\/\\\/www.fcejs.unsl.edu.ar\\\/#organization\",\"name\":\"Facultad de Ciencias Econ\u00f3micas, Jur\u00eddicas y Sociales\",\"url\":\"https:\\\/\\\/www.fcejs.unsl.edu.ar\\\/\",\"logo\":{\"@type\":\"ImageObject\",\"inLanguage\":\"es-AR\",\"@id\":\"https:\\\/\\\/www.fcejs.unsl.edu.ar\\\/#\\\/schema\\\/logo\\\/image\\\/\",\"url\":\"https:\\\/\\\/www.fcejs.unsl.edu.ar\\\/wp-content\\\/uploads\\\/2021\\\/03\\\/logo-1.jpg\",\"contentUrl\":\"https:\\\/\\\/www.fcejs.unsl.edu.ar\\\/wp-content\\\/uploads\\\/2021\\\/03\\\/logo-1.jpg\",\"width\":471,\"height\":146,\"caption\":\"Facultad de Ciencias Econ\u00f3micas, Jur\u00eddicas y Sociales\"},\"image\":{\"@id\":\"https:\\\/\\\/www.fcejs.unsl.edu.ar\\\/#\\\/schema\\\/logo\\\/image\\\/\"},\"sameAs\":[\"https:\\\/\\\/www.facebook.com\\\/FCEJS.UNSL\\\/\",\"https:\\\/\\\/x.com\\\/FCEJSUNSL\",\"https:\\\/\\\/www.instagram.com\\\/fcejs.unsl\\\/\",\"https:\\\/\\\/www.youtube.com\\\/channel\\\/UCH-Ut6EaN_X5ogjIQMPe46g\\\/\"]},{\"@type\":\"Person\",\"@id\":\"https:\\\/\\\/www.fcejs.unsl.edu.ar\\\/#\\\/schema\\\/person\\\/352ee6ed90c3f394c7cb5945f8956d34\",\"name\":\"DATI\"}]}<\/script>\n<!-- \/ Yoast SEO plugin. -->","yoast_head_json":{"title":"Charla sobre \"Cuestiones territoriales argentinas: Los derechos de nuestro pa\u00eds sobre Malvinas y Ant\u00e1rtida y la delimitaci\u00f3n de las fronteras con los pa\u00edses lim\u00edtrofes\u201d - Facultad de Ciencias Econ\u00f3micas, Jur\u00ed\u00addicas y Sociales","robots":{"index":"index","follow":"follow","max-snippet":"max-snippet:-1","max-image-preview":"max-image-preview:large","max-video-preview":"max-video-preview:-1"},"canonical":"https:\/\/www.fcejs.unsl.edu.ar\/index.php\/se-realizo-la-charla-debate-los-derechos-de-nuestro-pais-sobre-malvinas-y-antartida\/","og_locale":"es_ES","og_type":"article","og_title":"Charla sobre \"Cuestiones territoriales argentinas: Los derechos de nuestro pa\u00eds sobre Malvinas y Ant\u00e1rtida y la delimitaci\u00f3n de las fronteras con los pa\u00edses lim\u00edtrofes\u201d - Facultad de Ciencias Econ\u00f3micas, Jur\u00ed\u00addicas y Sociales","og_description":"La Secretar\u00eda de Extensi\u00f3n Universitaria informa que se llev\u00f3 a cabo el pasado 25 de setiembre, la \u201cCharla \u2013 Debate: Cuestiones territoriales argentinas: Los derechos&hellip;","og_url":"https:\/\/www.fcejs.unsl.edu.ar\/index.php\/se-realizo-la-charla-debate-los-derechos-de-nuestro-pais-sobre-malvinas-y-antartida\/","og_site_name":"Facultad de Ciencias Econ\u00f3micas, Jur\u00ed\u00addicas y Sociales","article_publisher":"https:\/\/www.facebook.com\/FCEJS.UNSL\/","article_published_time":"2023-10-04T14:32:30+00:00","article_modified_time":"2023-10-04T15:35:02+00:00","og_image":[{"width":1152,"height":647,"url":"https:\/\/www.fcejs.unsl.edu.ar\/wp-content\/uploads\/2023\/10\/malvinas-front.jpg","type":"image\/jpeg"}],"author":"DATI","twitter_card":"summary_large_image","twitter_creator":"@FCEJSUNSL","twitter_site":"@FCEJSUNSL","twitter_misc":{"Escrito por":"DATI","Tiempo de lectura":"2 minutos"},"schema":{"@context":"https:\/\/schema.org","@graph":[{"@type":"Article","@id":"https:\/\/www.fcejs.unsl.edu.ar\/index.php\/se-realizo-la-charla-debate-los-derechos-de-nuestro-pais-sobre-malvinas-y-antartida\/#article","isPartOf":{"@id":"https:\/\/www.fcejs.unsl.edu.ar\/index.php\/se-realizo-la-charla-debate-los-derechos-de-nuestro-pais-sobre-malvinas-y-antartida\/"},"author":{"name":"DATI","@id":"https:\/\/www.fcejs.unsl.edu.ar\/#\/schema\/person\/352ee6ed90c3f394c7cb5945f8956d34"},"headline":"Charla sobre &#8220;Cuestiones territoriales argentinas: Los derechos de nuestro pa\u00eds sobre Malvinas y Ant\u00e1rtida y la delimitaci\u00f3n de las fronteras con los pa\u00edses lim\u00edtrofes\u201d","datePublished":"2023-10-04T14:32:30+00:00","dateModified":"2023-10-04T15:35:02+00:00","mainEntityOfPage":{"@id":"https:\/\/www.fcejs.unsl.edu.ar\/index.php\/se-realizo-la-charla-debate-los-derechos-de-nuestro-pais-sobre-malvinas-y-antartida\/"},"wordCount":406,"publisher":{"@id":"https:\/\/www.fcejs.unsl.edu.ar\/#organization"},"image":{"@id":"https:\/\/www.fcejs.unsl.edu.ar\/index.php\/se-realizo-la-charla-debate-los-derechos-de-nuestro-pais-sobre-malvinas-y-antartida\/#primaryimage"},"thumbnailUrl":"https:\/\/www.fcejs.unsl.edu.ar\/wp-content\/uploads\/2023\/10\/malvinas-front.jpg","articleSection":["Noticias"],"inLanguage":"es-AR"},{"@type":"WebPage","@id":"https:\/\/www.fcejs.unsl.edu.ar\/index.php\/se-realizo-la-charla-debate-los-derechos-de-nuestro-pais-sobre-malvinas-y-antartida\/","url":"https:\/\/www.fcejs.unsl.edu.ar\/index.php\/se-realizo-la-charla-debate-los-derechos-de-nuestro-pais-sobre-malvinas-y-antartida\/","name":"Charla sobre \"Cuestiones territoriales argentinas: Los derechos de nuestro pa\u00eds sobre Malvinas y Ant\u00e1rtida y la delimitaci\u00f3n de las fronteras con los pa\u00edses lim\u00edtrofes\u201d - Facultad de Ciencias Econ\u00f3micas, Jur\u00ed\u00addicas y Sociales","isPartOf":{"@id":"https:\/\/www.fcejs.unsl.edu.ar\/#website"},"primaryImageOfPage":{"@id":"https:\/\/www.fcejs.unsl.edu.ar\/index.php\/se-realizo-la-charla-debate-los-derechos-de-nuestro-pais-sobre-malvinas-y-antartida\/#primaryimage"},"image":{"@id":"https:\/\/www.fcejs.unsl.edu.ar\/index.php\/se-realizo-la-charla-debate-los-derechos-de-nuestro-pais-sobre-malvinas-y-antartida\/#primaryimage"},"thumbnailUrl":"https:\/\/www.fcejs.unsl.edu.ar\/wp-content\/uploads\/2023\/10\/malvinas-front.jpg","datePublished":"2023-10-04T14:32:30+00:00","dateModified":"2023-10-04T15:35:02+00:00","breadcrumb":{"@id":"https:\/\/www.fcejs.unsl.edu.ar\/index.php\/se-realizo-la-charla-debate-los-derechos-de-nuestro-pais-sobre-malvinas-y-antartida\/#breadcrumb"},"inLanguage":"es-AR","potentialAction":[{"@type":"ReadAction","target":["https:\/\/www.fcejs.unsl.edu.ar\/index.php\/se-realizo-la-charla-debate-los-derechos-de-nuestro-pais-sobre-malvinas-y-antartida\/"]}]},{"@type":"ImageObject","inLanguage":"es-AR","@id":"https:\/\/www.fcejs.unsl.edu.ar\/index.php\/se-realizo-la-charla-debate-los-derechos-de-nuestro-pais-sobre-malvinas-y-antartida\/#primaryimage","url":"https:\/\/www.fcejs.unsl.edu.ar\/wp-content\/uploads\/2023\/10\/malvinas-front.jpg","contentUrl":"https:\/\/www.fcejs.unsl.edu.ar\/wp-content\/uploads\/2023\/10\/malvinas-front.jpg","width":1152,"height":647},{"@type":"BreadcrumbList","@id":"https:\/\/www.fcejs.unsl.edu.ar\/index.php\/se-realizo-la-charla-debate-los-derechos-de-nuestro-pais-sobre-malvinas-y-antartida\/#breadcrumb","itemListElement":[{"@type":"ListItem","position":1,"name":"Inicio","item":"https:\/\/www.fcejs.unsl.edu.ar\/"},{"@type":"ListItem","position":2,"name":"Charla sobre &#8220;Cuestiones territoriales argentinas: Los derechos de nuestro pa\u00eds sobre Malvinas y Ant\u00e1rtida y la delimitaci\u00f3n de las fronteras con los pa\u00edses lim\u00edtrofes\u201d"}]},{"@type":"WebSite","@id":"https:\/\/www.fcejs.unsl.edu.ar\/#website","url":"https:\/\/www.fcejs.unsl.edu.ar\/","name":"Facultad de Ciencias Econ\u00f3micas, Jur\u00ed\u00addicas y Sociales","description":"","publisher":{"@id":"https:\/\/www.fcejs.unsl.edu.ar\/#organization"},"potentialAction":[{"@type":"SearchAction","target":{"@type":"EntryPoint","urlTemplate":"https:\/\/www.fcejs.unsl.edu.ar\/?s={search_term_string}"},"query-input":{"@type":"PropertyValueSpecification","valueRequired":true,"valueName":"search_term_string"}}],"inLanguage":"es-AR"},{"@type":"Organization","@id":"https:\/\/www.fcejs.unsl.edu.ar\/#organization","name":"Facultad de Ciencias Econ\u00f3micas, Jur\u00eddicas y Sociales","url":"https:\/\/www.fcejs.unsl.edu.ar\/","logo":{"@type":"ImageObject","inLanguage":"es-AR","@id":"https:\/\/www.fcejs.unsl.edu.ar\/#\/schema\/logo\/image\/","url":"https:\/\/www.fcejs.unsl.edu.ar\/wp-content\/uploads\/2021\/03\/logo-1.jpg","contentUrl":"https:\/\/www.fcejs.unsl.edu.ar\/wp-content\/uploads\/2021\/03\/logo-1.jpg","width":471,"height":146,"caption":"Facultad de Ciencias Econ\u00f3micas, Jur\u00eddicas y Sociales"},"image":{"@id":"https:\/\/www.fcejs.unsl.edu.ar\/#\/schema\/logo\/image\/"},"sameAs":["https:\/\/www.facebook.com\/FCEJS.UNSL\/","https:\/\/x.com\/FCEJSUNSL","https:\/\/www.instagram.com\/fcejs.unsl\/","https:\/\/www.youtube.com\/channel\/UCH-Ut6EaN_X5ogjIQMPe46g\/"]},{"@type":"Person","@id":"https:\/\/www.fcejs.unsl.edu.ar\/#\/schema\/person\/352ee6ed90c3f394c7cb5945f8956d34","name":"DATI"}]}},"jetpack_featured_media_url":"https:\/\/www.fcejs.unsl.edu.ar\/wp-content\/uploads\/2023\/10\/malvinas-front.jpg","_links":{"self":[{"href":"https:\/\/www.fcejs.unsl.edu.ar\/index.php\/wp-json\/wp\/v2\/posts\/13746","targetHints":{"allow":["GET"]}}],"collection":[{"href":"https:\/\/www.fcejs.unsl.edu.ar\/index.php\/wp-json\/wp\/v2\/posts"}],"about":[{"href":"https:\/\/www.fcejs.unsl.edu.ar\/index.php\/wp-json\/wp\/v2\/types\/post"}],"author":[{"embeddable":true,"href":"https:\/\/www.fcejs.unsl.edu.ar\/index.php\/wp-json\/wp\/v2\/users\/9"}],"replies":[{"embeddable":true,"href":"https:\/\/www.fcejs.unsl.edu.ar\/index.php\/wp-json\/wp\/v2\/comments?post=13746"}],"version-history":[{"count":11,"href":"https:\/\/www.fcejs.unsl.edu.ar\/index.php\/wp-json\/wp\/v2\/posts\/13746\/revisions"}],"predecessor-version":[{"id":13763,"href":"https:\/\/www.fcejs.unsl.edu.ar\/index.php\/wp-json\/wp\/v2\/posts\/13746\/revisions\/13763"}],"wp:featuredmedia":[{"embeddable":true,"href":"https:\/\/www.fcejs.unsl.edu.ar\/index.php\/wp-json\/wp\/v2\/media\/13748"}],"wp:attachment":[{"href":"https:\/\/www.fcejs.unsl.edu.ar\/index.php\/wp-json\/wp\/v2\/media?parent=13746"}],"wp:term":[{"taxonomy":"category","embeddable":true,"href":"https:\/\/www.fcejs.unsl.edu.ar\/index.php\/wp-json\/wp\/v2\/categories?post=13746"},{"taxonomy":"post_tag","embeddable":true,"href":"https:\/\/www.fcejs.unsl.edu.ar\/index.php\/wp-json\/wp\/v2\/tags?post=13746"}],"curies":[{"name":"wp","href":"https:\/\/api.w.org\/{rel}","templated":true}]}}