{"id":13740,"date":"2023-10-04T10:53:02","date_gmt":"2023-10-04T13:53:02","guid":{"rendered":"http:\/\/10.101.10.197\/www\/?p=13740"},"modified":"2023-10-04T14:21:34","modified_gmt":"2023-10-04T17:21:34","slug":"reunion-informativa-sobre-los-programas-de-movilidad-internacional-de-estudiantes-de-grado-y-pre-grado","status":"publish","type":"post","link":"https:\/\/www.fcejs.unsl.edu.ar\/index.php\/reunion-informativa-sobre-los-programas-de-movilidad-internacional-de-estudiantes-de-grado-y-pre-grado\/","title":{"rendered":"Reuni\u00f3n informativa sobre los Programas de Movilidad Internacional de Estudiantes de Grado y Pre grado"},"content":{"rendered":"<p>La Secretar\u00eda de Relaciones Interinstitucionales de la UNSL, invita a reuni\u00f3n informativa sobre los Programas de Movilidad Internacional de Estudiantes de Grado y Pre grado, que se llevar\u00e1 a cabo este mi\u00e9rcoles 4 de octubre a las 14 horas en el Sal\u00f3n de los Escudos, ubicado en el segundo piso del edificio de Rectorado y de manera virtual para Villa Mercedes y Merlo a trav\u00e9s de la plataforma ZOOM.<\/p>\n<h3><span style=\"color: #0000ff;\"><a style=\"color: #0000ff;\" href=\"https:\/\/us06web.zoom.us\/j\/85617129326\">https:\/\/us06web.zoom.us\/j\/85617129326<\/a><\/span><\/h3>\n<p>Meeting ID: 856 1712 9326 Passcode: 941691<\/p>\n<p>Este encuentro tiene la finalidad de informar y colaborar en las futuras postulaciones de estudiantes a programas de movilidad internacionales. Para mayor informaci\u00f3n ingresar al sitio web de la Secretar\u00eda de Relaciones Interinstitucionales: https:\/\/relint.unsl.edu.ar<\/p>\n<p>Consultas al WhatsApp 2664 759308. V\u00eda correo electr\u00f3nico:<\/p>\n<ul>\n<li>interinstitucionales.unsl@gmail.com<\/li>\n<li>cooperacion.unsl@gmail.com<\/li>\n<\/ul>\n","protected":false},"excerpt":{"rendered":"<p>La Secretar\u00eda de Relaciones Interinstitucionales de la UNSL, invita a reuni\u00f3n informativa sobre los Programas de Movilidad Internacional de Estudiantes de Grado y Pre grado,&hellip;<\/p>\n","protected":false},"author":9,"featured_media":13741,"comment_status":"closed","ping_status":"closed","sticky":false,"template":"","format":"standard","meta":{"om_disable_all_campaigns":false,"_monsterinsights_skip_tracking":false,"_monsterinsights_sitenote_active":false,"_monsterinsights_sitenote_note":"","_monsterinsights_sitenote_category":0,"footnotes":""},"categories":[1],"tags":[],"class_list":["post-13740","post","type-post","status-publish","format-standard","has-post-thumbnail","hentry","category-noticias"],"yoast_head":"<!-- This site is optimized with the Yoast SEO plugin v27.4 - https:\/\/yoast.com\/product\/yoast-seo-wordpress\/ -->\n<title>Reuni\u00f3n informativa sobre los Programas de Movilidad Internacional de Estudiantes de Grado y Pre grado - Facultad de Ciencias Econ\u00f3micas, Jur\u00ed\u00addicas y Sociales<\/title>\n<meta name=\"robots\" content=\"index, follow, max-snippet:-1, max-image-preview:large, max-video-preview:-1\" \/>\n<link rel=\"canonical\" href=\"https:\/\/www.fcejs.unsl.edu.ar\/index.php\/reunion-informativa-sobre-los-programas-de-movilidad-internacional-de-estudiantes-de-grado-y-pre-grado\/\" \/>\n<meta property=\"og:locale\" content=\"es_ES\" \/>\n<meta property=\"og:type\" content=\"article\" \/>\n<meta property=\"og:title\" content=\"Reuni\u00f3n informativa sobre los Programas de Movilidad Internacional de Estudiantes de Grado y Pre grado - Facultad de Ciencias Econ\u00f3micas, Jur\u00ed\u00addicas y Sociales\" \/>\n<meta property=\"og:description\" content=\"La Secretar\u00eda de Relaciones Interinstitucionales de la UNSL, invita a reuni\u00f3n informativa sobre los Programas de Movilidad Internacional de Estudiantes de Grado y Pre grado,&hellip;\" \/>\n<meta property=\"og:url\" content=\"https:\/\/www.fcejs.unsl.edu.ar\/index.php\/reunion-informativa-sobre-los-programas-de-movilidad-internacional-de-estudiantes-de-grado-y-pre-grado\/\" \/>\n<meta property=\"og:site_name\" content=\"Facultad de Ciencias Econ\u00f3micas, Jur\u00ed\u00addicas y Sociales\" \/>\n<meta property=\"article:publisher\" content=\"https:\/\/www.facebook.com\/FCEJS.UNSL\/\" \/>\n<meta property=\"article:published_time\" content=\"2023-10-04T13:53:02+00:00\" \/>\n<meta property=\"article:modified_time\" content=\"2023-10-04T17:21:34+00:00\" \/>\n<meta property=\"og:image\" content=\"https:\/\/www.fcejs.unsl.edu.ar\/wp-content\/uploads\/2023\/10\/Programas-de-Movilidad-Internacional-de-Estudiantes-front.jpg\" \/>\n\t<meta property=\"og:image:width\" content=\"1152\" \/>\n\t<meta property=\"og:image:height\" content=\"647\" \/>\n\t<meta property=\"og:image:type\" content=\"image\/jpeg\" \/>\n<meta name=\"author\" content=\"DATI\" \/>\n<meta name=\"twitter:card\" content=\"summary_large_image\" \/>\n<meta name=\"twitter:creator\" content=\"@FCEJSUNSL\" \/>\n<meta name=\"twitter:site\" content=\"@FCEJSUNSL\" \/>\n<meta name=\"twitter:label1\" content=\"Escrito por\" \/>\n\t<meta name=\"twitter:data1\" content=\"DATI\" \/>\n\t<meta name=\"twitter:label2\" content=\"Tiempo de lectura\" \/>\n\t<meta name=\"twitter:data2\" content=\"1 minuto\" \/>\n<script type=\"application\/ld+json\" class=\"yoast-schema-graph\">{\"@context\":\"https:\\\/\\\/schema.org\",\"@graph\":[{\"@type\":\"Article\",\"@id\":\"https:\\\/\\\/www.fcejs.unsl.edu.ar\\\/index.php\\\/reunion-informativa-sobre-los-programas-de-movilidad-internacional-de-estudiantes-de-grado-y-pre-grado\\\/#article\",\"isPartOf\":{\"@id\":\"https:\\\/\\\/www.fcejs.unsl.edu.ar\\\/index.php\\\/reunion-informativa-sobre-los-programas-de-movilidad-internacional-de-estudiantes-de-grado-y-pre-grado\\\/\"},\"author\":{\"name\":\"DATI\",\"@id\":\"https:\\\/\\\/www.fcejs.unsl.edu.ar\\\/#\\\/schema\\\/person\\\/352ee6ed90c3f394c7cb5945f8956d34\"},\"headline\":\"Reuni\u00f3n informativa sobre los Programas de Movilidad Internacional de Estudiantes de Grado y Pre grado\",\"datePublished\":\"2023-10-04T13:53:02+00:00\",\"dateModified\":\"2023-10-04T17:21:34+00:00\",\"mainEntityOfPage\":{\"@id\":\"https:\\\/\\\/www.fcejs.unsl.edu.ar\\\/index.php\\\/reunion-informativa-sobre-los-programas-de-movilidad-internacional-de-estudiantes-de-grado-y-pre-grado\\\/\"},\"wordCount\":153,\"publisher\":{\"@id\":\"https:\\\/\\\/www.fcejs.unsl.edu.ar\\\/#organization\"},\"image\":{\"@id\":\"https:\\\/\\\/www.fcejs.unsl.edu.ar\\\/index.php\\\/reunion-informativa-sobre-los-programas-de-movilidad-internacional-de-estudiantes-de-grado-y-pre-grado\\\/#primaryimage\"},\"thumbnailUrl\":\"https:\\\/\\\/www.fcejs.unsl.edu.ar\\\/wp-content\\\/uploads\\\/2023\\\/10\\\/Programas-de-Movilidad-Internacional-de-Estudiantes-front.jpg\",\"articleSection\":[\"Noticias\"],\"inLanguage\":\"es-AR\"},{\"@type\":\"WebPage\",\"@id\":\"https:\\\/\\\/www.fcejs.unsl.edu.ar\\\/index.php\\\/reunion-informativa-sobre-los-programas-de-movilidad-internacional-de-estudiantes-de-grado-y-pre-grado\\\/\",\"url\":\"https:\\\/\\\/www.fcejs.unsl.edu.ar\\\/index.php\\\/reunion-informativa-sobre-los-programas-de-movilidad-internacional-de-estudiantes-de-grado-y-pre-grado\\\/\",\"name\":\"Reuni\u00f3n informativa sobre los Programas de Movilidad Internacional de Estudiantes de Grado y Pre grado - Facultad de Ciencias Econ\u00f3micas, Jur\u00ed\u00addicas y Sociales\",\"isPartOf\":{\"@id\":\"https:\\\/\\\/www.fcejs.unsl.edu.ar\\\/#website\"},\"primaryImageOfPage\":{\"@id\":\"https:\\\/\\\/www.fcejs.unsl.edu.ar\\\/index.php\\\/reunion-informativa-sobre-los-programas-de-movilidad-internacional-de-estudiantes-de-grado-y-pre-grado\\\/#primaryimage\"},\"image\":{\"@id\":\"https:\\\/\\\/www.fcejs.unsl.edu.ar\\\/index.php\\\/reunion-informativa-sobre-los-programas-de-movilidad-internacional-de-estudiantes-de-grado-y-pre-grado\\\/#primaryimage\"},\"thumbnailUrl\":\"https:\\\/\\\/www.fcejs.unsl.edu.ar\\\/wp-content\\\/uploads\\\/2023\\\/10\\\/Programas-de-Movilidad-Internacional-de-Estudiantes-front.jpg\",\"datePublished\":\"2023-10-04T13:53:02+00:00\",\"dateModified\":\"2023-10-04T17:21:34+00:00\",\"breadcrumb\":{\"@id\":\"https:\\\/\\\/www.fcejs.unsl.edu.ar\\\/index.php\\\/reunion-informativa-sobre-los-programas-de-movilidad-internacional-de-estudiantes-de-grado-y-pre-grado\\\/#breadcrumb\"},\"inLanguage\":\"es-AR\",\"potentialAction\":[{\"@type\":\"ReadAction\",\"target\":[\"https:\\\/\\\/www.fcejs.unsl.edu.ar\\\/index.php\\\/reunion-informativa-sobre-los-programas-de-movilidad-internacional-de-estudiantes-de-grado-y-pre-grado\\\/\"]}]},{\"@type\":\"ImageObject\",\"inLanguage\":\"es-AR\",\"@id\":\"https:\\\/\\\/www.fcejs.unsl.edu.ar\\\/index.php\\\/reunion-informativa-sobre-los-programas-de-movilidad-internacional-de-estudiantes-de-grado-y-pre-grado\\\/#primaryimage\",\"url\":\"https:\\\/\\\/www.fcejs.unsl.edu.ar\\\/wp-content\\\/uploads\\\/2023\\\/10\\\/Programas-de-Movilidad-Internacional-de-Estudiantes-front.jpg\",\"contentUrl\":\"https:\\\/\\\/www.fcejs.unsl.edu.ar\\\/wp-content\\\/uploads\\\/2023\\\/10\\\/Programas-de-Movilidad-Internacional-de-Estudiantes-front.jpg\",\"width\":1152,\"height\":647},{\"@type\":\"BreadcrumbList\",\"@id\":\"https:\\\/\\\/www.fcejs.unsl.edu.ar\\\/index.php\\\/reunion-informativa-sobre-los-programas-de-movilidad-internacional-de-estudiantes-de-grado-y-pre-grado\\\/#breadcrumb\",\"itemListElement\":[{\"@type\":\"ListItem\",\"position\":1,\"name\":\"Inicio\",\"item\":\"https:\\\/\\\/www.fcejs.unsl.edu.ar\\\/\"},{\"@type\":\"ListItem\",\"position\":2,\"name\":\"Reuni\u00f3n informativa sobre los Programas de Movilidad Internacional de Estudiantes de Grado y Pre grado\"}]},{\"@type\":\"WebSite\",\"@id\":\"https:\\\/\\\/www.fcejs.unsl.edu.ar\\\/#website\",\"url\":\"https:\\\/\\\/www.fcejs.unsl.edu.ar\\\/\",\"name\":\"Facultad de Ciencias Econ\u00f3micas, Jur\u00ed\u00addicas y Sociales\",\"description\":\"\",\"publisher\":{\"@id\":\"https:\\\/\\\/www.fcejs.unsl.edu.ar\\\/#organization\"},\"potentialAction\":[{\"@type\":\"SearchAction\",\"target\":{\"@type\":\"EntryPoint\",\"urlTemplate\":\"https:\\\/\\\/www.fcejs.unsl.edu.ar\\\/?s={search_term_string}\"},\"query-input\":{\"@type\":\"PropertyValueSpecification\",\"valueRequired\":true,\"valueName\":\"search_term_string\"}}],\"inLanguage\":\"es-AR\"},{\"@type\":\"Organization\",\"@id\":\"https:\\\/\\\/www.fcejs.unsl.edu.ar\\\/#organization\",\"name\":\"Facultad de Ciencias Econ\u00f3micas, Jur\u00eddicas y Sociales\",\"url\":\"https:\\\/\\\/www.fcejs.unsl.edu.ar\\\/\",\"logo\":{\"@type\":\"ImageObject\",\"inLanguage\":\"es-AR\",\"@id\":\"https:\\\/\\\/www.fcejs.unsl.edu.ar\\\/#\\\/schema\\\/logo\\\/image\\\/\",\"url\":\"https:\\\/\\\/www.fcejs.unsl.edu.ar\\\/wp-content\\\/uploads\\\/2021\\\/03\\\/logo-1.jpg\",\"contentUrl\":\"https:\\\/\\\/www.fcejs.unsl.edu.ar\\\/wp-content\\\/uploads\\\/2021\\\/03\\\/logo-1.jpg\",\"width\":471,\"height\":146,\"caption\":\"Facultad de Ciencias Econ\u00f3micas, Jur\u00eddicas y Sociales\"},\"image\":{\"@id\":\"https:\\\/\\\/www.fcejs.unsl.edu.ar\\\/#\\\/schema\\\/logo\\\/image\\\/\"},\"sameAs\":[\"https:\\\/\\\/www.facebook.com\\\/FCEJS.UNSL\\\/\",\"https:\\\/\\\/x.com\\\/FCEJSUNSL\",\"https:\\\/\\\/www.instagram.com\\\/fcejs.unsl\\\/\",\"https:\\\/\\\/www.youtube.com\\\/channel\\\/UCH-Ut6EaN_X5ogjIQMPe46g\\\/\"]},{\"@type\":\"Person\",\"@id\":\"https:\\\/\\\/www.fcejs.unsl.edu.ar\\\/#\\\/schema\\\/person\\\/352ee6ed90c3f394c7cb5945f8956d34\",\"name\":\"DATI\"}]}<\/script>\n<!-- \/ Yoast SEO plugin. -->","yoast_head_json":{"title":"Reuni\u00f3n informativa sobre los Programas de Movilidad Internacional de Estudiantes de Grado y Pre grado - Facultad de Ciencias Econ\u00f3micas, Jur\u00ed\u00addicas y Sociales","robots":{"index":"index","follow":"follow","max-snippet":"max-snippet:-1","max-image-preview":"max-image-preview:large","max-video-preview":"max-video-preview:-1"},"canonical":"https:\/\/www.fcejs.unsl.edu.ar\/index.php\/reunion-informativa-sobre-los-programas-de-movilidad-internacional-de-estudiantes-de-grado-y-pre-grado\/","og_locale":"es_ES","og_type":"article","og_title":"Reuni\u00f3n informativa sobre los Programas de Movilidad Internacional de Estudiantes de Grado y Pre grado - Facultad de Ciencias Econ\u00f3micas, Jur\u00ed\u00addicas y Sociales","og_description":"La Secretar\u00eda de Relaciones Interinstitucionales de la UNSL, invita a reuni\u00f3n informativa sobre los Programas de Movilidad Internacional de Estudiantes de Grado y Pre grado,&hellip;","og_url":"https:\/\/www.fcejs.unsl.edu.ar\/index.php\/reunion-informativa-sobre-los-programas-de-movilidad-internacional-de-estudiantes-de-grado-y-pre-grado\/","og_site_name":"Facultad de Ciencias Econ\u00f3micas, Jur\u00ed\u00addicas y Sociales","article_publisher":"https:\/\/www.facebook.com\/FCEJS.UNSL\/","article_published_time":"2023-10-04T13:53:02+00:00","article_modified_time":"2023-10-04T17:21:34+00:00","og_image":[{"width":1152,"height":647,"url":"https:\/\/www.fcejs.unsl.edu.ar\/wp-content\/uploads\/2023\/10\/Programas-de-Movilidad-Internacional-de-Estudiantes-front.jpg","type":"image\/jpeg"}],"author":"DATI","twitter_card":"summary_large_image","twitter_creator":"@FCEJSUNSL","twitter_site":"@FCEJSUNSL","twitter_misc":{"Escrito por":"DATI","Tiempo de lectura":"1 minuto"},"schema":{"@context":"https:\/\/schema.org","@graph":[{"@type":"Article","@id":"https:\/\/www.fcejs.unsl.edu.ar\/index.php\/reunion-informativa-sobre-los-programas-de-movilidad-internacional-de-estudiantes-de-grado-y-pre-grado\/#article","isPartOf":{"@id":"https:\/\/www.fcejs.unsl.edu.ar\/index.php\/reunion-informativa-sobre-los-programas-de-movilidad-internacional-de-estudiantes-de-grado-y-pre-grado\/"},"author":{"name":"DATI","@id":"https:\/\/www.fcejs.unsl.edu.ar\/#\/schema\/person\/352ee6ed90c3f394c7cb5945f8956d34"},"headline":"Reuni\u00f3n informativa sobre los Programas de Movilidad Internacional de Estudiantes de Grado y Pre grado","datePublished":"2023-10-04T13:53:02+00:00","dateModified":"2023-10-04T17:21:34+00:00","mainEntityOfPage":{"@id":"https:\/\/www.fcejs.unsl.edu.ar\/index.php\/reunion-informativa-sobre-los-programas-de-movilidad-internacional-de-estudiantes-de-grado-y-pre-grado\/"},"wordCount":153,"publisher":{"@id":"https:\/\/www.fcejs.unsl.edu.ar\/#organization"},"image":{"@id":"https:\/\/www.fcejs.unsl.edu.ar\/index.php\/reunion-informativa-sobre-los-programas-de-movilidad-internacional-de-estudiantes-de-grado-y-pre-grado\/#primaryimage"},"thumbnailUrl":"https:\/\/www.fcejs.unsl.edu.ar\/wp-content\/uploads\/2023\/10\/Programas-de-Movilidad-Internacional-de-Estudiantes-front.jpg","articleSection":["Noticias"],"inLanguage":"es-AR"},{"@type":"WebPage","@id":"https:\/\/www.fcejs.unsl.edu.ar\/index.php\/reunion-informativa-sobre-los-programas-de-movilidad-internacional-de-estudiantes-de-grado-y-pre-grado\/","url":"https:\/\/www.fcejs.unsl.edu.ar\/index.php\/reunion-informativa-sobre-los-programas-de-movilidad-internacional-de-estudiantes-de-grado-y-pre-grado\/","name":"Reuni\u00f3n informativa sobre los Programas de Movilidad Internacional de Estudiantes de Grado y Pre grado - Facultad de Ciencias Econ\u00f3micas, Jur\u00ed\u00addicas y Sociales","isPartOf":{"@id":"https:\/\/www.fcejs.unsl.edu.ar\/#website"},"primaryImageOfPage":{"@id":"https:\/\/www.fcejs.unsl.edu.ar\/index.php\/reunion-informativa-sobre-los-programas-de-movilidad-internacional-de-estudiantes-de-grado-y-pre-grado\/#primaryimage"},"image":{"@id":"https:\/\/www.fcejs.unsl.edu.ar\/index.php\/reunion-informativa-sobre-los-programas-de-movilidad-internacional-de-estudiantes-de-grado-y-pre-grado\/#primaryimage"},"thumbnailUrl":"https:\/\/www.fcejs.unsl.edu.ar\/wp-content\/uploads\/2023\/10\/Programas-de-Movilidad-Internacional-de-Estudiantes-front.jpg","datePublished":"2023-10-04T13:53:02+00:00","dateModified":"2023-10-04T17:21:34+00:00","breadcrumb":{"@id":"https:\/\/www.fcejs.unsl.edu.ar\/index.php\/reunion-informativa-sobre-los-programas-de-movilidad-internacional-de-estudiantes-de-grado-y-pre-grado\/#breadcrumb"},"inLanguage":"es-AR","potentialAction":[{"@type":"ReadAction","target":["https:\/\/www.fcejs.unsl.edu.ar\/index.php\/reunion-informativa-sobre-los-programas-de-movilidad-internacional-de-estudiantes-de-grado-y-pre-grado\/"]}]},{"@type":"ImageObject","inLanguage":"es-AR","@id":"https:\/\/www.fcejs.unsl.edu.ar\/index.php\/reunion-informativa-sobre-los-programas-de-movilidad-internacional-de-estudiantes-de-grado-y-pre-grado\/#primaryimage","url":"https:\/\/www.fcejs.unsl.edu.ar\/wp-content\/uploads\/2023\/10\/Programas-de-Movilidad-Internacional-de-Estudiantes-front.jpg","contentUrl":"https:\/\/www.fcejs.unsl.edu.ar\/wp-content\/uploads\/2023\/10\/Programas-de-Movilidad-Internacional-de-Estudiantes-front.jpg","width":1152,"height":647},{"@type":"BreadcrumbList","@id":"https:\/\/www.fcejs.unsl.edu.ar\/index.php\/reunion-informativa-sobre-los-programas-de-movilidad-internacional-de-estudiantes-de-grado-y-pre-grado\/#breadcrumb","itemListElement":[{"@type":"ListItem","position":1,"name":"Inicio","item":"https:\/\/www.fcejs.unsl.edu.ar\/"},{"@type":"ListItem","position":2,"name":"Reuni\u00f3n informativa sobre los Programas de Movilidad Internacional de Estudiantes de Grado y Pre grado"}]},{"@type":"WebSite","@id":"https:\/\/www.fcejs.unsl.edu.ar\/#website","url":"https:\/\/www.fcejs.unsl.edu.ar\/","name":"Facultad de Ciencias Econ\u00f3micas, Jur\u00ed\u00addicas y Sociales","description":"","publisher":{"@id":"https:\/\/www.fcejs.unsl.edu.ar\/#organization"},"potentialAction":[{"@type":"SearchAction","target":{"@type":"EntryPoint","urlTemplate":"https:\/\/www.fcejs.unsl.edu.ar\/?s={search_term_string}"},"query-input":{"@type":"PropertyValueSpecification","valueRequired":true,"valueName":"search_term_string"}}],"inLanguage":"es-AR"},{"@type":"Organization","@id":"https:\/\/www.fcejs.unsl.edu.ar\/#organization","name":"Facultad de Ciencias Econ\u00f3micas, Jur\u00eddicas y Sociales","url":"https:\/\/www.fcejs.unsl.edu.ar\/","logo":{"@type":"ImageObject","inLanguage":"es-AR","@id":"https:\/\/www.fcejs.unsl.edu.ar\/#\/schema\/logo\/image\/","url":"https:\/\/www.fcejs.unsl.edu.ar\/wp-content\/uploads\/2021\/03\/logo-1.jpg","contentUrl":"https:\/\/www.fcejs.unsl.edu.ar\/wp-content\/uploads\/2021\/03\/logo-1.jpg","width":471,"height":146,"caption":"Facultad de Ciencias Econ\u00f3micas, Jur\u00eddicas y Sociales"},"image":{"@id":"https:\/\/www.fcejs.unsl.edu.ar\/#\/schema\/logo\/image\/"},"sameAs":["https:\/\/www.facebook.com\/FCEJS.UNSL\/","https:\/\/x.com\/FCEJSUNSL","https:\/\/www.instagram.com\/fcejs.unsl\/","https:\/\/www.youtube.com\/channel\/UCH-Ut6EaN_X5ogjIQMPe46g\/"]},{"@type":"Person","@id":"https:\/\/www.fcejs.unsl.edu.ar\/#\/schema\/person\/352ee6ed90c3f394c7cb5945f8956d34","name":"DATI"}]}},"jetpack_featured_media_url":"https:\/\/www.fcejs.unsl.edu.ar\/wp-content\/uploads\/2023\/10\/Programas-de-Movilidad-Internacional-de-Estudiantes-front.jpg","_links":{"self":[{"href":"https:\/\/www.fcejs.unsl.edu.ar\/index.php\/wp-json\/wp\/v2\/posts\/13740","targetHints":{"allow":["GET"]}}],"collection":[{"href":"https:\/\/www.fcejs.unsl.edu.ar\/index.php\/wp-json\/wp\/v2\/posts"}],"about":[{"href":"https:\/\/www.fcejs.unsl.edu.ar\/index.php\/wp-json\/wp\/v2\/types\/post"}],"author":[{"embeddable":true,"href":"https:\/\/www.fcejs.unsl.edu.ar\/index.php\/wp-json\/wp\/v2\/users\/9"}],"replies":[{"embeddable":true,"href":"https:\/\/www.fcejs.unsl.edu.ar\/index.php\/wp-json\/wp\/v2\/comments?post=13740"}],"version-history":[{"count":1,"href":"https:\/\/www.fcejs.unsl.edu.ar\/index.php\/wp-json\/wp\/v2\/posts\/13740\/revisions"}],"predecessor-version":[{"id":13742,"href":"https:\/\/www.fcejs.unsl.edu.ar\/index.php\/wp-json\/wp\/v2\/posts\/13740\/revisions\/13742"}],"wp:featuredmedia":[{"embeddable":true,"href":"https:\/\/www.fcejs.unsl.edu.ar\/index.php\/wp-json\/wp\/v2\/media\/13741"}],"wp:attachment":[{"href":"https:\/\/www.fcejs.unsl.edu.ar\/index.php\/wp-json\/wp\/v2\/media?parent=13740"}],"wp:term":[{"taxonomy":"category","embeddable":true,"href":"https:\/\/www.fcejs.unsl.edu.ar\/index.php\/wp-json\/wp\/v2\/categories?post=13740"},{"taxonomy":"post_tag","embeddable":true,"href":"https:\/\/www.fcejs.unsl.edu.ar\/index.php\/wp-json\/wp\/v2\/tags?post=13740"}],"curies":[{"name":"wp","href":"https:\/\/api.w.org\/{rel}","templated":true}]}}