{"id":13671,"date":"2023-10-02T10:26:11","date_gmt":"2023-10-02T13:26:11","guid":{"rendered":"http:\/\/10.101.10.197\/www\/?p=13671"},"modified":"2023-10-10T13:35:04","modified_gmt":"2023-10-10T16:35:04","slug":"2-profesionales-unsl-ingresaran-conicet","status":"publish","type":"post","link":"https:\/\/www.fcejs.unsl.edu.ar\/index.php\/2-profesionales-unsl-ingresaran-conicet\/","title":{"rendered":"Docentes Investigadores de la UNSL ingresan al CONICET"},"content":{"rendered":"<p>Dos profesionales de la UNSL ingresar\u00e1n a la carrera de investigador cient\u00edfico y tecnol\u00f3gico del CONICET para desarrollar proyectos de trascendencia en la exploraci\u00f3n cient\u00edfica contra enfermedades como el S\u00edndrome Ur\u00e9mico Hemol\u00edtico (SUH) y la alergia a la prote\u00edna de la leche de vaca (APLV).<\/p>\n<p>\u201cLa incorporaci\u00f3n de dos nuevos investigadores de la UNSL al CONICET es de gran importancia para la UNSL, pero fundamentalmente para la comunidad y la regi\u00f3n, debido especialmente a las caracter\u00edsticas de los proyectos\u201d, sostuvo la Dra. Sonia Barberis, directora del Laboratorio de Control de Calidad y Desarrollo de Bromatolog\u00eda de la UNSL, donde se llevan a cabo los proyectos seleccionados por el Consejo Nacional de Investigaciones Cient\u00edficas y T\u00e9cnicas.<\/p>\n<p>Barberis es la directora de los investigadores asistentes Mauricio Omar Adaro y \u00c1ngel Gabriel Salinas Ib\u00e1\u00f1ez, beneficiarios de los proyectos elegidos por el Consejo. \u201cEllos ahora tendr\u00e1n por cuatro a\u00f1os un director y un co-director. El en caso de Mauricio Adaro, el co-director es el Dr. Dar\u00edo Ram\u00edrez, Profesor Titular de la UNSL, Investigador Principal del CONICET y Director del Laboratorio de Medicina Experimental y Traslacional en la UNSL. En el caso de Gabriel Salinas Ib\u00e1\u00f1ez la co-directora es la Dra. Alba Vega, Profesora Titular de Microbiolog\u00eda e Inmunolog\u00eda de la Facultad de Qu\u00edmica, Bioqu\u00edmica y Farmacia de la UNSL\u201d, aclar\u00f3.<\/p>\n<p>El Dr. Mauricio Adaro se present\u00f3 en la Convocatoria Ingresos CIC 2022 &#8211; Modalidad Proyectos Especiales. El t\u00edtulo de su trabajo es \u201cInvestigaci\u00f3n y Desarrollo de un Innovador Alimento a base de Leche de Cabra para Lactantes y Ni\u00f1os Al\u00e9rgicos a las Prote\u00ednas de la Leche de Vaca (APLV)\u201d. El Dr. Gabriel Salinas Ib\u00e1\u00f1ez continuar\u00e1 trabajando y profundizando un tema que ya es de su expertise: \u201cEnfermedades Transmitidas por Alimentos (ETA). Un Nuevo Abordaje en Seguridad Alimentaria en Base a P\u00e9ptidos Sint\u00e9ticos como Conservantes Alimentarios\u201d.<\/p>\n<p><img fetchpriority=\"high\" decoding=\"async\" class=\"aligncenter size-large wp-image-13672\" src=\"https:\/\/www.fcejs.unsl.edu.ar\/wp-content\/uploads\/2023\/10\/conicet-02-1024x678.jpg\" alt=\"\" width=\"843\" height=\"558\" srcset=\"https:\/\/www.fcejs.unsl.edu.ar\/wp-content\/uploads\/2023\/10\/conicet-02-1024x678.jpg 1024w, https:\/\/www.fcejs.unsl.edu.ar\/wp-content\/uploads\/2023\/10\/conicet-02-300x199.jpg 300w, https:\/\/www.fcejs.unsl.edu.ar\/wp-content\/uploads\/2023\/10\/conicet-02-768x509.jpg 768w, https:\/\/www.fcejs.unsl.edu.ar\/wp-content\/uploads\/2023\/10\/conicet-02.jpg 1391w\" sizes=\"(max-width: 843px) 100vw, 843px\" \/><\/p>\n<p>Sobre el proyecto de Salinas Ib\u00e1\u00f1ez, explic\u00f3 Barberis que se trata de una investigaci\u00f3n destinada a inhibir el crecimiento la bacteria que produce el S\u00edndrome Ur\u00e9mico Hemol\u00edtico (SUH), \u201cuna enfermedad end\u00e9mica en nuestro pa\u00eds, donde lamentablemente tiene alta prevalencia y se produce por una bacteria que es la Escherichia coli enterohemorr\u00e1gica, la que es muy grave en ni\u00f1os menores de 5 a\u00f1os\u201d.<\/p>\n<p>Se\u00f1al\u00f3 que esa bacteria contamina los comestibles, especialmente los preparados con carne molida, aunque tambi\u00e9n se transmite a trav\u00e9s de otros alimentos y aguas contaminadas. \u201cLa bacteria produce dos toxinas, Shiga 1 y Shiga 2, que son graves porque pueden causar falla renal y afectar las c\u00e9lulas del cerebro, el h\u00edgado y el p\u00e1ncreas\u201d.<\/p>\n<p>En este caso, las terapias antibi\u00f3ticas no se recomiendan debido a que pueden agravar el cuadro: \u201cExiste una gran bater\u00eda de antibi\u00f3ticos, pero no son recomendados para tratar la infecci\u00f3n con esta bacteria, ya que lisan (rompen) la bacteria, haciendo que se liberen las toxinas y causando un da\u00f1o mayor. Es decir, actualmente, se recomienda realizar tratamientos paliativos, con di\u00e1lisis e hidrataci\u00f3n\u201d. De ah\u00ed la importancia de la investigaci\u00f3n del Dr. Salinas Ib\u00e1\u00f1ez en la UNSL, debido a que su proyecto tiene por objetivo \u201cdise\u00f1ar y producir novedosos compuestos con actividad inhibitoria del crecimiento de E. coli enterohemorr\u00e1gica y\/o de sus toxinas Shiga 1 y 2\u201d.<\/p>\n<p>Sobre el proyecto del Dr. Adaro, coment\u00f3 que en Argentina existe la Ley N\u00ba 27.305: Leche Medicamentosa, promulgada el 19 de octubre de 2016, que establece la obligatoriedad de la cobertura integral para todos los afiliados a obras sociales que padecen APLD. La investigaci\u00f3n que lleva adelante el Dr. Adaro en la UNSL apunta a la modificaci\u00f3n de las prote\u00ednas de la leche de cabra, transform\u00e1ndolo en un alimento de uso preventivo y\/o terap\u00e9utico para los al\u00e9rgicos a la prote\u00edna de la leche de vaca.<\/p>\n<p>\u201cQue ambos proyectos hayan sido seleccionados y que dos miembros de nuestra querida Casa de Altos Estudios ingresen a la carrera de investigador cient\u00edfico y tecnol\u00f3gico del CONICET es un orgullo para la UNSL, y para nuestro Laboratorio. Adem\u00e1s, los resultados impactar\u00e1n no solo a favor de la salud del grupo etario vulnerable, sino tambi\u00e9n en el desarrollo de una econom\u00eda regional de la Provincia de San Luis (l\u00e1cteos caprinos). Es decir, dan respuestas a demandas concretas de la comunidad\u201d, remarc\u00f3 la Dra. Barberis.<\/p>\n<p>&nbsp;<\/p>\n<p><strong>Nota: Jos\u00e9 Luis Baigorria &#8211; Radio UNSL Villa Mercedes<\/strong><\/p>\n<p><strong>Im\u00e1genes: Vicerrectorado | Diario de la Republica<\/strong><\/p>\n","protected":false},"excerpt":{"rendered":"<p>Dos profesionales de la UNSL ingresar\u00e1n a la carrera de investigador cient\u00edfico y tecnol\u00f3gico del CONICET para desarrollar proyectos de trascendencia en la exploraci\u00f3n cient\u00edfica&hellip;<\/p>\n","protected":false},"author":9,"featured_media":13673,"comment_status":"closed","ping_status":"closed","sticky":false,"template":"","format":"standard","meta":{"om_disable_all_campaigns":false,"_monsterinsights_skip_tracking":false,"_monsterinsights_sitenote_active":false,"_monsterinsights_sitenote_note":"","_monsterinsights_sitenote_category":0,"footnotes":""},"categories":[1],"tags":[],"class_list":["post-13671","post","type-post","status-publish","format-standard","has-post-thumbnail","hentry","category-noticias"],"yoast_head":"<!-- This site is optimized with the Yoast SEO plugin v27.4 - https:\/\/yoast.com\/product\/yoast-seo-wordpress\/ -->\n<title>Docentes Investigadores de la UNSL ingresan al CONICET - Facultad de Ciencias Econ\u00f3micas, Jur\u00ed\u00addicas y Sociales<\/title>\n<meta name=\"robots\" content=\"index, follow, max-snippet:-1, max-image-preview:large, max-video-preview:-1\" \/>\n<link rel=\"canonical\" href=\"https:\/\/www.fcejs.unsl.edu.ar\/index.php\/2-profesionales-unsl-ingresaran-conicet\/\" \/>\n<meta property=\"og:locale\" content=\"es_ES\" \/>\n<meta property=\"og:type\" content=\"article\" \/>\n<meta property=\"og:title\" content=\"Docentes Investigadores de la UNSL ingresan al CONICET - Facultad de Ciencias Econ\u00f3micas, Jur\u00ed\u00addicas y Sociales\" \/>\n<meta property=\"og:description\" content=\"Dos profesionales de la UNSL ingresar\u00e1n a la carrera de investigador cient\u00edfico y tecnol\u00f3gico del CONICET para desarrollar proyectos de trascendencia en la exploraci\u00f3n cient\u00edfica&hellip;\" \/>\n<meta property=\"og:url\" content=\"https:\/\/www.fcejs.unsl.edu.ar\/index.php\/2-profesionales-unsl-ingresaran-conicet\/\" \/>\n<meta property=\"og:site_name\" content=\"Facultad de Ciencias Econ\u00f3micas, Jur\u00ed\u00addicas y Sociales\" \/>\n<meta property=\"article:publisher\" content=\"https:\/\/www.facebook.com\/FCEJS.UNSL\/\" \/>\n<meta property=\"article:published_time\" content=\"2023-10-02T13:26:11+00:00\" \/>\n<meta property=\"article:modified_time\" content=\"2023-10-10T16:35:04+00:00\" \/>\n<meta property=\"og:image\" content=\"https:\/\/www.fcejs.unsl.edu.ar\/wp-content\/uploads\/2023\/10\/conicet-front.jpg\" \/>\n\t<meta property=\"og:image:width\" content=\"1152\" \/>\n\t<meta property=\"og:image:height\" content=\"647\" \/>\n\t<meta property=\"og:image:type\" content=\"image\/jpeg\" \/>\n<meta name=\"author\" content=\"DATI\" \/>\n<meta name=\"twitter:card\" content=\"summary_large_image\" \/>\n<meta name=\"twitter:creator\" content=\"@FCEJSUNSL\" \/>\n<meta name=\"twitter:site\" content=\"@FCEJSUNSL\" \/>\n<meta name=\"twitter:label1\" content=\"Escrito por\" \/>\n\t<meta name=\"twitter:data1\" content=\"DATI\" \/>\n\t<meta name=\"twitter:label2\" content=\"Tiempo de lectura\" \/>\n\t<meta name=\"twitter:data2\" content=\"4 minutos\" \/>\n<script type=\"application\/ld+json\" class=\"yoast-schema-graph\">{\"@context\":\"https:\\\/\\\/schema.org\",\"@graph\":[{\"@type\":\"Article\",\"@id\":\"https:\\\/\\\/www.fcejs.unsl.edu.ar\\\/index.php\\\/2-profesionales-unsl-ingresaran-conicet\\\/#article\",\"isPartOf\":{\"@id\":\"https:\\\/\\\/www.fcejs.unsl.edu.ar\\\/index.php\\\/2-profesionales-unsl-ingresaran-conicet\\\/\"},\"author\":{\"name\":\"DATI\",\"@id\":\"https:\\\/\\\/www.fcejs.unsl.edu.ar\\\/#\\\/schema\\\/person\\\/352ee6ed90c3f394c7cb5945f8956d34\"},\"headline\":\"Docentes Investigadores de la UNSL ingresan al CONICET\",\"datePublished\":\"2023-10-02T13:26:11+00:00\",\"dateModified\":\"2023-10-10T16:35:04+00:00\",\"mainEntityOfPage\":{\"@id\":\"https:\\\/\\\/www.fcejs.unsl.edu.ar\\\/index.php\\\/2-profesionales-unsl-ingresaran-conicet\\\/\"},\"wordCount\":784,\"publisher\":{\"@id\":\"https:\\\/\\\/www.fcejs.unsl.edu.ar\\\/#organization\"},\"image\":{\"@id\":\"https:\\\/\\\/www.fcejs.unsl.edu.ar\\\/index.php\\\/2-profesionales-unsl-ingresaran-conicet\\\/#primaryimage\"},\"thumbnailUrl\":\"https:\\\/\\\/www.fcejs.unsl.edu.ar\\\/wp-content\\\/uploads\\\/2023\\\/10\\\/conicet-front.jpg\",\"articleSection\":[\"Noticias\"],\"inLanguage\":\"es-AR\"},{\"@type\":\"WebPage\",\"@id\":\"https:\\\/\\\/www.fcejs.unsl.edu.ar\\\/index.php\\\/2-profesionales-unsl-ingresaran-conicet\\\/\",\"url\":\"https:\\\/\\\/www.fcejs.unsl.edu.ar\\\/index.php\\\/2-profesionales-unsl-ingresaran-conicet\\\/\",\"name\":\"Docentes Investigadores de la UNSL ingresan al CONICET - Facultad de Ciencias Econ\u00f3micas, Jur\u00ed\u00addicas y Sociales\",\"isPartOf\":{\"@id\":\"https:\\\/\\\/www.fcejs.unsl.edu.ar\\\/#website\"},\"primaryImageOfPage\":{\"@id\":\"https:\\\/\\\/www.fcejs.unsl.edu.ar\\\/index.php\\\/2-profesionales-unsl-ingresaran-conicet\\\/#primaryimage\"},\"image\":{\"@id\":\"https:\\\/\\\/www.fcejs.unsl.edu.ar\\\/index.php\\\/2-profesionales-unsl-ingresaran-conicet\\\/#primaryimage\"},\"thumbnailUrl\":\"https:\\\/\\\/www.fcejs.unsl.edu.ar\\\/wp-content\\\/uploads\\\/2023\\\/10\\\/conicet-front.jpg\",\"datePublished\":\"2023-10-02T13:26:11+00:00\",\"dateModified\":\"2023-10-10T16:35:04+00:00\",\"breadcrumb\":{\"@id\":\"https:\\\/\\\/www.fcejs.unsl.edu.ar\\\/index.php\\\/2-profesionales-unsl-ingresaran-conicet\\\/#breadcrumb\"},\"inLanguage\":\"es-AR\",\"potentialAction\":[{\"@type\":\"ReadAction\",\"target\":[\"https:\\\/\\\/www.fcejs.unsl.edu.ar\\\/index.php\\\/2-profesionales-unsl-ingresaran-conicet\\\/\"]}]},{\"@type\":\"ImageObject\",\"inLanguage\":\"es-AR\",\"@id\":\"https:\\\/\\\/www.fcejs.unsl.edu.ar\\\/index.php\\\/2-profesionales-unsl-ingresaran-conicet\\\/#primaryimage\",\"url\":\"https:\\\/\\\/www.fcejs.unsl.edu.ar\\\/wp-content\\\/uploads\\\/2023\\\/10\\\/conicet-front.jpg\",\"contentUrl\":\"https:\\\/\\\/www.fcejs.unsl.edu.ar\\\/wp-content\\\/uploads\\\/2023\\\/10\\\/conicet-front.jpg\",\"width\":1152,\"height\":647},{\"@type\":\"BreadcrumbList\",\"@id\":\"https:\\\/\\\/www.fcejs.unsl.edu.ar\\\/index.php\\\/2-profesionales-unsl-ingresaran-conicet\\\/#breadcrumb\",\"itemListElement\":[{\"@type\":\"ListItem\",\"position\":1,\"name\":\"Inicio\",\"item\":\"https:\\\/\\\/www.fcejs.unsl.edu.ar\\\/\"},{\"@type\":\"ListItem\",\"position\":2,\"name\":\"Docentes Investigadores de la UNSL ingresan al CONICET\"}]},{\"@type\":\"WebSite\",\"@id\":\"https:\\\/\\\/www.fcejs.unsl.edu.ar\\\/#website\",\"url\":\"https:\\\/\\\/www.fcejs.unsl.edu.ar\\\/\",\"name\":\"Facultad de Ciencias Econ\u00f3micas, Jur\u00ed\u00addicas y Sociales\",\"description\":\"\",\"publisher\":{\"@id\":\"https:\\\/\\\/www.fcejs.unsl.edu.ar\\\/#organization\"},\"potentialAction\":[{\"@type\":\"SearchAction\",\"target\":{\"@type\":\"EntryPoint\",\"urlTemplate\":\"https:\\\/\\\/www.fcejs.unsl.edu.ar\\\/?s={search_term_string}\"},\"query-input\":{\"@type\":\"PropertyValueSpecification\",\"valueRequired\":true,\"valueName\":\"search_term_string\"}}],\"inLanguage\":\"es-AR\"},{\"@type\":\"Organization\",\"@id\":\"https:\\\/\\\/www.fcejs.unsl.edu.ar\\\/#organization\",\"name\":\"Facultad de Ciencias Econ\u00f3micas, Jur\u00eddicas y Sociales\",\"url\":\"https:\\\/\\\/www.fcejs.unsl.edu.ar\\\/\",\"logo\":{\"@type\":\"ImageObject\",\"inLanguage\":\"es-AR\",\"@id\":\"https:\\\/\\\/www.fcejs.unsl.edu.ar\\\/#\\\/schema\\\/logo\\\/image\\\/\",\"url\":\"https:\\\/\\\/www.fcejs.unsl.edu.ar\\\/wp-content\\\/uploads\\\/2021\\\/03\\\/logo-1.jpg\",\"contentUrl\":\"https:\\\/\\\/www.fcejs.unsl.edu.ar\\\/wp-content\\\/uploads\\\/2021\\\/03\\\/logo-1.jpg\",\"width\":471,\"height\":146,\"caption\":\"Facultad de Ciencias Econ\u00f3micas, Jur\u00eddicas y Sociales\"},\"image\":{\"@id\":\"https:\\\/\\\/www.fcejs.unsl.edu.ar\\\/#\\\/schema\\\/logo\\\/image\\\/\"},\"sameAs\":[\"https:\\\/\\\/www.facebook.com\\\/FCEJS.UNSL\\\/\",\"https:\\\/\\\/x.com\\\/FCEJSUNSL\",\"https:\\\/\\\/www.instagram.com\\\/fcejs.unsl\\\/\",\"https:\\\/\\\/www.youtube.com\\\/channel\\\/UCH-Ut6EaN_X5ogjIQMPe46g\\\/\"]},{\"@type\":\"Person\",\"@id\":\"https:\\\/\\\/www.fcejs.unsl.edu.ar\\\/#\\\/schema\\\/person\\\/352ee6ed90c3f394c7cb5945f8956d34\",\"name\":\"DATI\"}]}<\/script>\n<!-- \/ Yoast SEO plugin. -->","yoast_head_json":{"title":"Docentes Investigadores de la UNSL ingresan al CONICET - Facultad de Ciencias Econ\u00f3micas, Jur\u00ed\u00addicas y Sociales","robots":{"index":"index","follow":"follow","max-snippet":"max-snippet:-1","max-image-preview":"max-image-preview:large","max-video-preview":"max-video-preview:-1"},"canonical":"https:\/\/www.fcejs.unsl.edu.ar\/index.php\/2-profesionales-unsl-ingresaran-conicet\/","og_locale":"es_ES","og_type":"article","og_title":"Docentes Investigadores de la UNSL ingresan al CONICET - Facultad de Ciencias Econ\u00f3micas, Jur\u00ed\u00addicas y Sociales","og_description":"Dos profesionales de la UNSL ingresar\u00e1n a la carrera de investigador cient\u00edfico y tecnol\u00f3gico del CONICET para desarrollar proyectos de trascendencia en la exploraci\u00f3n cient\u00edfica&hellip;","og_url":"https:\/\/www.fcejs.unsl.edu.ar\/index.php\/2-profesionales-unsl-ingresaran-conicet\/","og_site_name":"Facultad de Ciencias Econ\u00f3micas, Jur\u00ed\u00addicas y Sociales","article_publisher":"https:\/\/www.facebook.com\/FCEJS.UNSL\/","article_published_time":"2023-10-02T13:26:11+00:00","article_modified_time":"2023-10-10T16:35:04+00:00","og_image":[{"width":1152,"height":647,"url":"https:\/\/www.fcejs.unsl.edu.ar\/wp-content\/uploads\/2023\/10\/conicet-front.jpg","type":"image\/jpeg"}],"author":"DATI","twitter_card":"summary_large_image","twitter_creator":"@FCEJSUNSL","twitter_site":"@FCEJSUNSL","twitter_misc":{"Escrito por":"DATI","Tiempo de lectura":"4 minutos"},"schema":{"@context":"https:\/\/schema.org","@graph":[{"@type":"Article","@id":"https:\/\/www.fcejs.unsl.edu.ar\/index.php\/2-profesionales-unsl-ingresaran-conicet\/#article","isPartOf":{"@id":"https:\/\/www.fcejs.unsl.edu.ar\/index.php\/2-profesionales-unsl-ingresaran-conicet\/"},"author":{"name":"DATI","@id":"https:\/\/www.fcejs.unsl.edu.ar\/#\/schema\/person\/352ee6ed90c3f394c7cb5945f8956d34"},"headline":"Docentes Investigadores de la UNSL ingresan al CONICET","datePublished":"2023-10-02T13:26:11+00:00","dateModified":"2023-10-10T16:35:04+00:00","mainEntityOfPage":{"@id":"https:\/\/www.fcejs.unsl.edu.ar\/index.php\/2-profesionales-unsl-ingresaran-conicet\/"},"wordCount":784,"publisher":{"@id":"https:\/\/www.fcejs.unsl.edu.ar\/#organization"},"image":{"@id":"https:\/\/www.fcejs.unsl.edu.ar\/index.php\/2-profesionales-unsl-ingresaran-conicet\/#primaryimage"},"thumbnailUrl":"https:\/\/www.fcejs.unsl.edu.ar\/wp-content\/uploads\/2023\/10\/conicet-front.jpg","articleSection":["Noticias"],"inLanguage":"es-AR"},{"@type":"WebPage","@id":"https:\/\/www.fcejs.unsl.edu.ar\/index.php\/2-profesionales-unsl-ingresaran-conicet\/","url":"https:\/\/www.fcejs.unsl.edu.ar\/index.php\/2-profesionales-unsl-ingresaran-conicet\/","name":"Docentes Investigadores de la UNSL ingresan al CONICET - Facultad de Ciencias Econ\u00f3micas, Jur\u00ed\u00addicas y Sociales","isPartOf":{"@id":"https:\/\/www.fcejs.unsl.edu.ar\/#website"},"primaryImageOfPage":{"@id":"https:\/\/www.fcejs.unsl.edu.ar\/index.php\/2-profesionales-unsl-ingresaran-conicet\/#primaryimage"},"image":{"@id":"https:\/\/www.fcejs.unsl.edu.ar\/index.php\/2-profesionales-unsl-ingresaran-conicet\/#primaryimage"},"thumbnailUrl":"https:\/\/www.fcejs.unsl.edu.ar\/wp-content\/uploads\/2023\/10\/conicet-front.jpg","datePublished":"2023-10-02T13:26:11+00:00","dateModified":"2023-10-10T16:35:04+00:00","breadcrumb":{"@id":"https:\/\/www.fcejs.unsl.edu.ar\/index.php\/2-profesionales-unsl-ingresaran-conicet\/#breadcrumb"},"inLanguage":"es-AR","potentialAction":[{"@type":"ReadAction","target":["https:\/\/www.fcejs.unsl.edu.ar\/index.php\/2-profesionales-unsl-ingresaran-conicet\/"]}]},{"@type":"ImageObject","inLanguage":"es-AR","@id":"https:\/\/www.fcejs.unsl.edu.ar\/index.php\/2-profesionales-unsl-ingresaran-conicet\/#primaryimage","url":"https:\/\/www.fcejs.unsl.edu.ar\/wp-content\/uploads\/2023\/10\/conicet-front.jpg","contentUrl":"https:\/\/www.fcejs.unsl.edu.ar\/wp-content\/uploads\/2023\/10\/conicet-front.jpg","width":1152,"height":647},{"@type":"BreadcrumbList","@id":"https:\/\/www.fcejs.unsl.edu.ar\/index.php\/2-profesionales-unsl-ingresaran-conicet\/#breadcrumb","itemListElement":[{"@type":"ListItem","position":1,"name":"Inicio","item":"https:\/\/www.fcejs.unsl.edu.ar\/"},{"@type":"ListItem","position":2,"name":"Docentes Investigadores de la UNSL ingresan al CONICET"}]},{"@type":"WebSite","@id":"https:\/\/www.fcejs.unsl.edu.ar\/#website","url":"https:\/\/www.fcejs.unsl.edu.ar\/","name":"Facultad de Ciencias Econ\u00f3micas, Jur\u00ed\u00addicas y Sociales","description":"","publisher":{"@id":"https:\/\/www.fcejs.unsl.edu.ar\/#organization"},"potentialAction":[{"@type":"SearchAction","target":{"@type":"EntryPoint","urlTemplate":"https:\/\/www.fcejs.unsl.edu.ar\/?s={search_term_string}"},"query-input":{"@type":"PropertyValueSpecification","valueRequired":true,"valueName":"search_term_string"}}],"inLanguage":"es-AR"},{"@type":"Organization","@id":"https:\/\/www.fcejs.unsl.edu.ar\/#organization","name":"Facultad de Ciencias Econ\u00f3micas, Jur\u00eddicas y Sociales","url":"https:\/\/www.fcejs.unsl.edu.ar\/","logo":{"@type":"ImageObject","inLanguage":"es-AR","@id":"https:\/\/www.fcejs.unsl.edu.ar\/#\/schema\/logo\/image\/","url":"https:\/\/www.fcejs.unsl.edu.ar\/wp-content\/uploads\/2021\/03\/logo-1.jpg","contentUrl":"https:\/\/www.fcejs.unsl.edu.ar\/wp-content\/uploads\/2021\/03\/logo-1.jpg","width":471,"height":146,"caption":"Facultad de Ciencias Econ\u00f3micas, Jur\u00eddicas y Sociales"},"image":{"@id":"https:\/\/www.fcejs.unsl.edu.ar\/#\/schema\/logo\/image\/"},"sameAs":["https:\/\/www.facebook.com\/FCEJS.UNSL\/","https:\/\/x.com\/FCEJSUNSL","https:\/\/www.instagram.com\/fcejs.unsl\/","https:\/\/www.youtube.com\/channel\/UCH-Ut6EaN_X5ogjIQMPe46g\/"]},{"@type":"Person","@id":"https:\/\/www.fcejs.unsl.edu.ar\/#\/schema\/person\/352ee6ed90c3f394c7cb5945f8956d34","name":"DATI"}]}},"jetpack_featured_media_url":"https:\/\/www.fcejs.unsl.edu.ar\/wp-content\/uploads\/2023\/10\/conicet-front.jpg","_links":{"self":[{"href":"https:\/\/www.fcejs.unsl.edu.ar\/index.php\/wp-json\/wp\/v2\/posts\/13671","targetHints":{"allow":["GET"]}}],"collection":[{"href":"https:\/\/www.fcejs.unsl.edu.ar\/index.php\/wp-json\/wp\/v2\/posts"}],"about":[{"href":"https:\/\/www.fcejs.unsl.edu.ar\/index.php\/wp-json\/wp\/v2\/types\/post"}],"author":[{"embeddable":true,"href":"https:\/\/www.fcejs.unsl.edu.ar\/index.php\/wp-json\/wp\/v2\/users\/9"}],"replies":[{"embeddable":true,"href":"https:\/\/www.fcejs.unsl.edu.ar\/index.php\/wp-json\/wp\/v2\/comments?post=13671"}],"version-history":[{"count":3,"href":"https:\/\/www.fcejs.unsl.edu.ar\/index.php\/wp-json\/wp\/v2\/posts\/13671\/revisions"}],"predecessor-version":[{"id":13676,"href":"https:\/\/www.fcejs.unsl.edu.ar\/index.php\/wp-json\/wp\/v2\/posts\/13671\/revisions\/13676"}],"wp:featuredmedia":[{"embeddable":true,"href":"https:\/\/www.fcejs.unsl.edu.ar\/index.php\/wp-json\/wp\/v2\/media\/13673"}],"wp:attachment":[{"href":"https:\/\/www.fcejs.unsl.edu.ar\/index.php\/wp-json\/wp\/v2\/media?parent=13671"}],"wp:term":[{"taxonomy":"category","embeddable":true,"href":"https:\/\/www.fcejs.unsl.edu.ar\/index.php\/wp-json\/wp\/v2\/categories?post=13671"},{"taxonomy":"post_tag","embeddable":true,"href":"https:\/\/www.fcejs.unsl.edu.ar\/index.php\/wp-json\/wp\/v2\/tags?post=13671"}],"curies":[{"name":"wp","href":"https:\/\/api.w.org\/{rel}","templated":true}]}}