{"id":13633,"date":"2023-09-28T12:50:52","date_gmt":"2023-09-28T15:50:52","guid":{"rendered":"http:\/\/10.101.10.197\/www\/?p=13633"},"modified":"2023-10-02T14:02:23","modified_gmt":"2023-10-02T17:02:23","slug":"charla-informativa-sobre-picto-region-cuyo-villa-mercedes","status":"publish","type":"post","link":"https:\/\/www.fcejs.unsl.edu.ar\/index.php\/charla-informativa-sobre-picto-region-cuyo-villa-mercedes\/","title":{"rendered":"Charla informativa sobre la Convocatoria PiCTO Regi\u00f3n Cuyo en Villa Mercedes"},"content":{"rendered":"<p>La Secretar\u00eda de Investigaci\u00f3n y Posgrado, invita a los docentes de la FCEJS a una charla informativa a cargo del Secretario de Ciencia y Tecnolog\u00eda de la UNSL, Dr. Fabricio Cid sobre la Convocatoria PiCTO Regi\u00f3n Cuyo. La misma se desarrollar\u00e1 el <strong>pr\u00f3ximo lunes 2 octubre a las 10 horas en la Sala de Consejo Directivo.<\/strong><\/p>\n<p>A partir del\u00a0<strong>4 de septiembre<\/strong>, y hasta el mi\u00e9rcoles\u00a0<strong>1 de noviembre<\/strong>\u00a0del 2023, la Agencia I+D+i, a trav\u00e9s del Fondo para la Investigaci\u00f3n Cient\u00edfica y Tecnol\u00f3gica (FONCyT) y en colaboraci\u00f3n con la\u00a0<strong>UNSL<\/strong>, UNCUYO, UNSJ y UNViMe, convoca a la presentaci\u00f3n de proyectos de Investigaci\u00f3n Cient\u00edfica y Tecnol\u00f3gica. El objetivo principal es otorgar subsidios a grupos de investigadores\/as consolidados\/as y activos\/as en \u00e1reas de investigaci\u00f3n espec\u00edficas, orientadas por intereses comunes entre las instituciones co-financiadoras. La Convocatoria contar\u00e1 con un presupuesto de\u00a0<strong>SEISCIENTOS SESENTA Y OCHO MILLONES CUATROCIENTOS MIL PESOS ($ 668.400.000)<\/strong>\u00a0durante dos (2) a\u00f1os.<\/p>\n<p>Este extraordinario convenio de inversi\u00f3n en Ciencia y Tecnolog\u00eda ha sido impulsado desde la Secretar\u00eda de CyT de la UNSL y el Rectorado, y promete un impacto significativo tanto para la universidad como para toda la regi\u00f3n. Los \u201cPICTO Regi\u00f3n de Cuyo\u201d representan una convocatoria abierta a docentes e investigadores\/as con financiamiento sustancial disponible en tres categor\u00edas clave:<\/p>\n<ul>\n<li>\u00a0 \u00a0 \u00a0 \u00a0 Proyectos para Investigador\/a Inicial.<\/li>\n<li>\u00a0 \u00a0 \u00a0 \u00a0 Grupos de Reciente Formaci\u00f3n.<\/li>\n<li>\u00a0 \u00a0 \u00a0 \u00a0 Equipos de Trabajo para Proyectos en Red.<\/li>\n<\/ul>\n<p>Ejes de la convocatoria<\/p>\n<p>Se establecen los siguientes ejes tem\u00e1ticos en los cuales existe inter\u00e9s de las instituciones participantes y los cuales los proyectos deber\u00e1n ajustarse:<\/p>\n<ul>\n<li>\u00a0 \u00a0 \u00a0 \u00a0 Salud<\/li>\n<li>\u00a0 \u00a0 \u00a0 \u00a0 Ambiente \/ Energ\u00eda<\/li>\n<li>\u00a0 \u00a0 \u00a0 \u00a0 Econom\u00eda \/ Sociedad \/ Producci\u00f3n<\/li>\n<li>\u00a0 \u00a0 \u00a0 \u00a0 Educaci\u00f3n \/ pol\u00edtica \/ cultura \/ sociedad<\/li>\n<li>\u00a0 \u00a0 \u00a0 \u00a0 Tecnolog\u00edas aplicadas<\/li>\n<li>\u00a0 \u00a0 \u00a0 \u00a0 Econom\u00eda del conocimiento \/ Innovaci\u00f3n<\/li>\n<li>\u00a0 \u00a0 \u00a0 \u00a0 Alimentos \/ Desarrollo sostenible<\/li>\n<li>\u00a0 \u00a0 \u00a0 \u00a0 Ciencias de la tierra y el espacio<\/li>\n<\/ul>\n<p>Ejes transversales<\/p>\n<p>Adem\u00e1s, se establecen tres ejes transversales que deber\u00e1n ser trabajados en red:<\/p>\n<ul>\n<li>\u00a0 \u00a0 \u00a0 \u00a0 Eje transversal 1: Agua: An\u00e1lisis y gesti\u00f3n del recurso h\u00eddrico<\/li>\n<li>\u00a0 \u00a0 \u00a0 \u00a0 Eje transversal 2: Una Salud: salud humana, animal y del ambiente<\/li>\n<li>\u00a0 \u00a0 \u00a0 \u00a0 Eje transversal 3: Inclusi\u00f3n y empleo<\/li>\n<\/ul>\n<p>Para m\u00e1s informaci\u00f3n consultar las bases, disponibles en este\u00a0<a href=\"https:\/\/www.argentina.gob.ar\/sites\/default\/files\/2023\/08\/bases_-_picto_2023_region_de_cuyo.pdf\">link<\/a>.\u00a0Y tambi\u00e9n se puede consultar el Instructivo en este\u00a0<a href=\"https:\/\/www.youtube.com\/watch?v=2k1UbB7e11E\">link<\/a><\/p>\n<p><strong><em>Los avales establecidos en las bases de la presente convocatoria deben solicitarse \u00fanicamente a trav\u00e9s de la Secretar\u00eda de Ciencia y Tecnolog\u00eda de la UNSL\u00a0<\/em><\/strong><a href=\"mailto:foncyt.unsl@gmail.com\"><em>foncyt.unsl@gmail.com<\/em><\/a><em>\u00a0<\/em><\/p>\n<p>&nbsp;<\/p>\n<p>&nbsp;<\/p>\n","protected":false},"excerpt":{"rendered":"<p>La Secretar\u00eda de Investigaci\u00f3n y Posgrado, invita a los docentes de la FCEJS a una charla informativa a cargo del Secretario de Ciencia y Tecnolog\u00eda&hellip;<\/p>\n","protected":false},"author":9,"featured_media":13634,"comment_status":"closed","ping_status":"closed","sticky":false,"template":"","format":"standard","meta":{"om_disable_all_campaigns":false,"_monsterinsights_skip_tracking":false,"_monsterinsights_sitenote_active":false,"_monsterinsights_sitenote_note":"","_monsterinsights_sitenote_category":0,"footnotes":""},"categories":[1],"tags":[],"class_list":["post-13633","post","type-post","status-publish","format-standard","has-post-thumbnail","hentry","category-noticias"],"yoast_head":"<!-- This site is optimized with the Yoast SEO plugin v27.4 - https:\/\/yoast.com\/product\/yoast-seo-wordpress\/ -->\n<title>Charla informativa sobre la Convocatoria PiCTO Regi\u00f3n Cuyo en Villa Mercedes - Facultad de Ciencias Econ\u00f3micas, Jur\u00ed\u00addicas y Sociales<\/title>\n<meta name=\"robots\" content=\"index, follow, max-snippet:-1, max-image-preview:large, max-video-preview:-1\" \/>\n<link rel=\"canonical\" href=\"https:\/\/www.fcejs.unsl.edu.ar\/index.php\/charla-informativa-sobre-picto-region-cuyo-villa-mercedes\/\" \/>\n<meta property=\"og:locale\" content=\"es_ES\" \/>\n<meta property=\"og:type\" content=\"article\" \/>\n<meta property=\"og:title\" content=\"Charla informativa sobre la Convocatoria PiCTO Regi\u00f3n Cuyo en Villa Mercedes - Facultad de Ciencias Econ\u00f3micas, Jur\u00ed\u00addicas y Sociales\" \/>\n<meta property=\"og:description\" content=\"La Secretar\u00eda de Investigaci\u00f3n y Posgrado, invita a los docentes de la FCEJS a una charla informativa a cargo del Secretario de Ciencia y Tecnolog\u00eda&hellip;\" \/>\n<meta property=\"og:url\" content=\"https:\/\/www.fcejs.unsl.edu.ar\/index.php\/charla-informativa-sobre-picto-region-cuyo-villa-mercedes\/\" \/>\n<meta property=\"og:site_name\" content=\"Facultad de Ciencias Econ\u00f3micas, Jur\u00ed\u00addicas y Sociales\" \/>\n<meta property=\"article:publisher\" content=\"https:\/\/www.facebook.com\/FCEJS.UNSL\/\" \/>\n<meta property=\"article:published_time\" content=\"2023-09-28T15:50:52+00:00\" \/>\n<meta property=\"article:modified_time\" content=\"2023-10-02T17:02:23+00:00\" \/>\n<meta property=\"og:image\" content=\"https:\/\/www.fcejs.unsl.edu.ar\/wp-content\/uploads\/2023\/09\/picto-charla-vm.jpg\" \/>\n\t<meta property=\"og:image:width\" content=\"1061\" \/>\n\t<meta property=\"og:image:height\" content=\"585\" \/>\n\t<meta property=\"og:image:type\" content=\"image\/jpeg\" \/>\n<meta name=\"author\" content=\"DATI\" \/>\n<meta name=\"twitter:card\" content=\"summary_large_image\" \/>\n<meta name=\"twitter:creator\" content=\"@FCEJSUNSL\" \/>\n<meta name=\"twitter:site\" content=\"@FCEJSUNSL\" \/>\n<meta name=\"twitter:label1\" content=\"Escrito por\" \/>\n\t<meta name=\"twitter:data1\" content=\"DATI\" \/>\n\t<meta name=\"twitter:label2\" content=\"Tiempo de lectura\" \/>\n\t<meta name=\"twitter:data2\" content=\"2 minutos\" \/>\n<script type=\"application\/ld+json\" class=\"yoast-schema-graph\">{\"@context\":\"https:\\\/\\\/schema.org\",\"@graph\":[{\"@type\":\"Article\",\"@id\":\"https:\\\/\\\/www.fcejs.unsl.edu.ar\\\/index.php\\\/charla-informativa-sobre-picto-region-cuyo-villa-mercedes\\\/#article\",\"isPartOf\":{\"@id\":\"https:\\\/\\\/www.fcejs.unsl.edu.ar\\\/index.php\\\/charla-informativa-sobre-picto-region-cuyo-villa-mercedes\\\/\"},\"author\":{\"name\":\"DATI\",\"@id\":\"https:\\\/\\\/www.fcejs.unsl.edu.ar\\\/#\\\/schema\\\/person\\\/352ee6ed90c3f394c7cb5945f8956d34\"},\"headline\":\"Charla informativa sobre la Convocatoria PiCTO Regi\u00f3n Cuyo en Villa Mercedes\",\"datePublished\":\"2023-09-28T15:50:52+00:00\",\"dateModified\":\"2023-10-02T17:02:23+00:00\",\"mainEntityOfPage\":{\"@id\":\"https:\\\/\\\/www.fcejs.unsl.edu.ar\\\/index.php\\\/charla-informativa-sobre-picto-region-cuyo-villa-mercedes\\\/\"},\"wordCount\":426,\"publisher\":{\"@id\":\"https:\\\/\\\/www.fcejs.unsl.edu.ar\\\/#organization\"},\"image\":{\"@id\":\"https:\\\/\\\/www.fcejs.unsl.edu.ar\\\/index.php\\\/charla-informativa-sobre-picto-region-cuyo-villa-mercedes\\\/#primaryimage\"},\"thumbnailUrl\":\"https:\\\/\\\/www.fcejs.unsl.edu.ar\\\/wp-content\\\/uploads\\\/2023\\\/09\\\/picto-charla-vm.jpg\",\"articleSection\":[\"Noticias\"],\"inLanguage\":\"es-AR\"},{\"@type\":\"WebPage\",\"@id\":\"https:\\\/\\\/www.fcejs.unsl.edu.ar\\\/index.php\\\/charla-informativa-sobre-picto-region-cuyo-villa-mercedes\\\/\",\"url\":\"https:\\\/\\\/www.fcejs.unsl.edu.ar\\\/index.php\\\/charla-informativa-sobre-picto-region-cuyo-villa-mercedes\\\/\",\"name\":\"Charla informativa sobre la Convocatoria PiCTO Regi\u00f3n Cuyo en Villa Mercedes - Facultad de Ciencias Econ\u00f3micas, Jur\u00ed\u00addicas y Sociales\",\"isPartOf\":{\"@id\":\"https:\\\/\\\/www.fcejs.unsl.edu.ar\\\/#website\"},\"primaryImageOfPage\":{\"@id\":\"https:\\\/\\\/www.fcejs.unsl.edu.ar\\\/index.php\\\/charla-informativa-sobre-picto-region-cuyo-villa-mercedes\\\/#primaryimage\"},\"image\":{\"@id\":\"https:\\\/\\\/www.fcejs.unsl.edu.ar\\\/index.php\\\/charla-informativa-sobre-picto-region-cuyo-villa-mercedes\\\/#primaryimage\"},\"thumbnailUrl\":\"https:\\\/\\\/www.fcejs.unsl.edu.ar\\\/wp-content\\\/uploads\\\/2023\\\/09\\\/picto-charla-vm.jpg\",\"datePublished\":\"2023-09-28T15:50:52+00:00\",\"dateModified\":\"2023-10-02T17:02:23+00:00\",\"breadcrumb\":{\"@id\":\"https:\\\/\\\/www.fcejs.unsl.edu.ar\\\/index.php\\\/charla-informativa-sobre-picto-region-cuyo-villa-mercedes\\\/#breadcrumb\"},\"inLanguage\":\"es-AR\",\"potentialAction\":[{\"@type\":\"ReadAction\",\"target\":[\"https:\\\/\\\/www.fcejs.unsl.edu.ar\\\/index.php\\\/charla-informativa-sobre-picto-region-cuyo-villa-mercedes\\\/\"]}]},{\"@type\":\"ImageObject\",\"inLanguage\":\"es-AR\",\"@id\":\"https:\\\/\\\/www.fcejs.unsl.edu.ar\\\/index.php\\\/charla-informativa-sobre-picto-region-cuyo-villa-mercedes\\\/#primaryimage\",\"url\":\"https:\\\/\\\/www.fcejs.unsl.edu.ar\\\/wp-content\\\/uploads\\\/2023\\\/09\\\/picto-charla-vm.jpg\",\"contentUrl\":\"https:\\\/\\\/www.fcejs.unsl.edu.ar\\\/wp-content\\\/uploads\\\/2023\\\/09\\\/picto-charla-vm.jpg\",\"width\":1061,\"height\":585},{\"@type\":\"BreadcrumbList\",\"@id\":\"https:\\\/\\\/www.fcejs.unsl.edu.ar\\\/index.php\\\/charla-informativa-sobre-picto-region-cuyo-villa-mercedes\\\/#breadcrumb\",\"itemListElement\":[{\"@type\":\"ListItem\",\"position\":1,\"name\":\"Inicio\",\"item\":\"https:\\\/\\\/www.fcejs.unsl.edu.ar\\\/\"},{\"@type\":\"ListItem\",\"position\":2,\"name\":\"Charla informativa sobre la Convocatoria PiCTO Regi\u00f3n Cuyo en Villa Mercedes\"}]},{\"@type\":\"WebSite\",\"@id\":\"https:\\\/\\\/www.fcejs.unsl.edu.ar\\\/#website\",\"url\":\"https:\\\/\\\/www.fcejs.unsl.edu.ar\\\/\",\"name\":\"Facultad de Ciencias Econ\u00f3micas, Jur\u00ed\u00addicas y Sociales\",\"description\":\"\",\"publisher\":{\"@id\":\"https:\\\/\\\/www.fcejs.unsl.edu.ar\\\/#organization\"},\"potentialAction\":[{\"@type\":\"SearchAction\",\"target\":{\"@type\":\"EntryPoint\",\"urlTemplate\":\"https:\\\/\\\/www.fcejs.unsl.edu.ar\\\/?s={search_term_string}\"},\"query-input\":{\"@type\":\"PropertyValueSpecification\",\"valueRequired\":true,\"valueName\":\"search_term_string\"}}],\"inLanguage\":\"es-AR\"},{\"@type\":\"Organization\",\"@id\":\"https:\\\/\\\/www.fcejs.unsl.edu.ar\\\/#organization\",\"name\":\"Facultad de Ciencias Econ\u00f3micas, Jur\u00eddicas y Sociales\",\"url\":\"https:\\\/\\\/www.fcejs.unsl.edu.ar\\\/\",\"logo\":{\"@type\":\"ImageObject\",\"inLanguage\":\"es-AR\",\"@id\":\"https:\\\/\\\/www.fcejs.unsl.edu.ar\\\/#\\\/schema\\\/logo\\\/image\\\/\",\"url\":\"https:\\\/\\\/www.fcejs.unsl.edu.ar\\\/wp-content\\\/uploads\\\/2021\\\/03\\\/logo-1.jpg\",\"contentUrl\":\"https:\\\/\\\/www.fcejs.unsl.edu.ar\\\/wp-content\\\/uploads\\\/2021\\\/03\\\/logo-1.jpg\",\"width\":471,\"height\":146,\"caption\":\"Facultad de Ciencias Econ\u00f3micas, Jur\u00eddicas y Sociales\"},\"image\":{\"@id\":\"https:\\\/\\\/www.fcejs.unsl.edu.ar\\\/#\\\/schema\\\/logo\\\/image\\\/\"},\"sameAs\":[\"https:\\\/\\\/www.facebook.com\\\/FCEJS.UNSL\\\/\",\"https:\\\/\\\/x.com\\\/FCEJSUNSL\",\"https:\\\/\\\/www.instagram.com\\\/fcejs.unsl\\\/\",\"https:\\\/\\\/www.youtube.com\\\/channel\\\/UCH-Ut6EaN_X5ogjIQMPe46g\\\/\"]},{\"@type\":\"Person\",\"@id\":\"https:\\\/\\\/www.fcejs.unsl.edu.ar\\\/#\\\/schema\\\/person\\\/352ee6ed90c3f394c7cb5945f8956d34\",\"name\":\"DATI\"}]}<\/script>\n<!-- \/ Yoast SEO plugin. -->","yoast_head_json":{"title":"Charla informativa sobre la Convocatoria PiCTO Regi\u00f3n Cuyo en Villa Mercedes - Facultad de Ciencias Econ\u00f3micas, Jur\u00ed\u00addicas y Sociales","robots":{"index":"index","follow":"follow","max-snippet":"max-snippet:-1","max-image-preview":"max-image-preview:large","max-video-preview":"max-video-preview:-1"},"canonical":"https:\/\/www.fcejs.unsl.edu.ar\/index.php\/charla-informativa-sobre-picto-region-cuyo-villa-mercedes\/","og_locale":"es_ES","og_type":"article","og_title":"Charla informativa sobre la Convocatoria PiCTO Regi\u00f3n Cuyo en Villa Mercedes - Facultad de Ciencias Econ\u00f3micas, Jur\u00ed\u00addicas y Sociales","og_description":"La Secretar\u00eda de Investigaci\u00f3n y Posgrado, invita a los docentes de la FCEJS a una charla informativa a cargo del Secretario de Ciencia y Tecnolog\u00eda&hellip;","og_url":"https:\/\/www.fcejs.unsl.edu.ar\/index.php\/charla-informativa-sobre-picto-region-cuyo-villa-mercedes\/","og_site_name":"Facultad de Ciencias Econ\u00f3micas, Jur\u00ed\u00addicas y Sociales","article_publisher":"https:\/\/www.facebook.com\/FCEJS.UNSL\/","article_published_time":"2023-09-28T15:50:52+00:00","article_modified_time":"2023-10-02T17:02:23+00:00","og_image":[{"width":1061,"height":585,"url":"https:\/\/www.fcejs.unsl.edu.ar\/wp-content\/uploads\/2023\/09\/picto-charla-vm.jpg","type":"image\/jpeg"}],"author":"DATI","twitter_card":"summary_large_image","twitter_creator":"@FCEJSUNSL","twitter_site":"@FCEJSUNSL","twitter_misc":{"Escrito por":"DATI","Tiempo de lectura":"2 minutos"},"schema":{"@context":"https:\/\/schema.org","@graph":[{"@type":"Article","@id":"https:\/\/www.fcejs.unsl.edu.ar\/index.php\/charla-informativa-sobre-picto-region-cuyo-villa-mercedes\/#article","isPartOf":{"@id":"https:\/\/www.fcejs.unsl.edu.ar\/index.php\/charla-informativa-sobre-picto-region-cuyo-villa-mercedes\/"},"author":{"name":"DATI","@id":"https:\/\/www.fcejs.unsl.edu.ar\/#\/schema\/person\/352ee6ed90c3f394c7cb5945f8956d34"},"headline":"Charla informativa sobre la Convocatoria PiCTO Regi\u00f3n Cuyo en Villa Mercedes","datePublished":"2023-09-28T15:50:52+00:00","dateModified":"2023-10-02T17:02:23+00:00","mainEntityOfPage":{"@id":"https:\/\/www.fcejs.unsl.edu.ar\/index.php\/charla-informativa-sobre-picto-region-cuyo-villa-mercedes\/"},"wordCount":426,"publisher":{"@id":"https:\/\/www.fcejs.unsl.edu.ar\/#organization"},"image":{"@id":"https:\/\/www.fcejs.unsl.edu.ar\/index.php\/charla-informativa-sobre-picto-region-cuyo-villa-mercedes\/#primaryimage"},"thumbnailUrl":"https:\/\/www.fcejs.unsl.edu.ar\/wp-content\/uploads\/2023\/09\/picto-charla-vm.jpg","articleSection":["Noticias"],"inLanguage":"es-AR"},{"@type":"WebPage","@id":"https:\/\/www.fcejs.unsl.edu.ar\/index.php\/charla-informativa-sobre-picto-region-cuyo-villa-mercedes\/","url":"https:\/\/www.fcejs.unsl.edu.ar\/index.php\/charla-informativa-sobre-picto-region-cuyo-villa-mercedes\/","name":"Charla informativa sobre la Convocatoria PiCTO Regi\u00f3n Cuyo en Villa Mercedes - Facultad de Ciencias Econ\u00f3micas, Jur\u00ed\u00addicas y Sociales","isPartOf":{"@id":"https:\/\/www.fcejs.unsl.edu.ar\/#website"},"primaryImageOfPage":{"@id":"https:\/\/www.fcejs.unsl.edu.ar\/index.php\/charla-informativa-sobre-picto-region-cuyo-villa-mercedes\/#primaryimage"},"image":{"@id":"https:\/\/www.fcejs.unsl.edu.ar\/index.php\/charla-informativa-sobre-picto-region-cuyo-villa-mercedes\/#primaryimage"},"thumbnailUrl":"https:\/\/www.fcejs.unsl.edu.ar\/wp-content\/uploads\/2023\/09\/picto-charla-vm.jpg","datePublished":"2023-09-28T15:50:52+00:00","dateModified":"2023-10-02T17:02:23+00:00","breadcrumb":{"@id":"https:\/\/www.fcejs.unsl.edu.ar\/index.php\/charla-informativa-sobre-picto-region-cuyo-villa-mercedes\/#breadcrumb"},"inLanguage":"es-AR","potentialAction":[{"@type":"ReadAction","target":["https:\/\/www.fcejs.unsl.edu.ar\/index.php\/charla-informativa-sobre-picto-region-cuyo-villa-mercedes\/"]}]},{"@type":"ImageObject","inLanguage":"es-AR","@id":"https:\/\/www.fcejs.unsl.edu.ar\/index.php\/charla-informativa-sobre-picto-region-cuyo-villa-mercedes\/#primaryimage","url":"https:\/\/www.fcejs.unsl.edu.ar\/wp-content\/uploads\/2023\/09\/picto-charla-vm.jpg","contentUrl":"https:\/\/www.fcejs.unsl.edu.ar\/wp-content\/uploads\/2023\/09\/picto-charla-vm.jpg","width":1061,"height":585},{"@type":"BreadcrumbList","@id":"https:\/\/www.fcejs.unsl.edu.ar\/index.php\/charla-informativa-sobre-picto-region-cuyo-villa-mercedes\/#breadcrumb","itemListElement":[{"@type":"ListItem","position":1,"name":"Inicio","item":"https:\/\/www.fcejs.unsl.edu.ar\/"},{"@type":"ListItem","position":2,"name":"Charla informativa sobre la Convocatoria PiCTO Regi\u00f3n Cuyo en Villa Mercedes"}]},{"@type":"WebSite","@id":"https:\/\/www.fcejs.unsl.edu.ar\/#website","url":"https:\/\/www.fcejs.unsl.edu.ar\/","name":"Facultad de Ciencias Econ\u00f3micas, Jur\u00ed\u00addicas y Sociales","description":"","publisher":{"@id":"https:\/\/www.fcejs.unsl.edu.ar\/#organization"},"potentialAction":[{"@type":"SearchAction","target":{"@type":"EntryPoint","urlTemplate":"https:\/\/www.fcejs.unsl.edu.ar\/?s={search_term_string}"},"query-input":{"@type":"PropertyValueSpecification","valueRequired":true,"valueName":"search_term_string"}}],"inLanguage":"es-AR"},{"@type":"Organization","@id":"https:\/\/www.fcejs.unsl.edu.ar\/#organization","name":"Facultad de Ciencias Econ\u00f3micas, Jur\u00eddicas y Sociales","url":"https:\/\/www.fcejs.unsl.edu.ar\/","logo":{"@type":"ImageObject","inLanguage":"es-AR","@id":"https:\/\/www.fcejs.unsl.edu.ar\/#\/schema\/logo\/image\/","url":"https:\/\/www.fcejs.unsl.edu.ar\/wp-content\/uploads\/2021\/03\/logo-1.jpg","contentUrl":"https:\/\/www.fcejs.unsl.edu.ar\/wp-content\/uploads\/2021\/03\/logo-1.jpg","width":471,"height":146,"caption":"Facultad de Ciencias Econ\u00f3micas, Jur\u00eddicas y Sociales"},"image":{"@id":"https:\/\/www.fcejs.unsl.edu.ar\/#\/schema\/logo\/image\/"},"sameAs":["https:\/\/www.facebook.com\/FCEJS.UNSL\/","https:\/\/x.com\/FCEJSUNSL","https:\/\/www.instagram.com\/fcejs.unsl\/","https:\/\/www.youtube.com\/channel\/UCH-Ut6EaN_X5ogjIQMPe46g\/"]},{"@type":"Person","@id":"https:\/\/www.fcejs.unsl.edu.ar\/#\/schema\/person\/352ee6ed90c3f394c7cb5945f8956d34","name":"DATI"}]}},"jetpack_featured_media_url":"https:\/\/www.fcejs.unsl.edu.ar\/wp-content\/uploads\/2023\/09\/picto-charla-vm.jpg","_links":{"self":[{"href":"https:\/\/www.fcejs.unsl.edu.ar\/index.php\/wp-json\/wp\/v2\/posts\/13633","targetHints":{"allow":["GET"]}}],"collection":[{"href":"https:\/\/www.fcejs.unsl.edu.ar\/index.php\/wp-json\/wp\/v2\/posts"}],"about":[{"href":"https:\/\/www.fcejs.unsl.edu.ar\/index.php\/wp-json\/wp\/v2\/types\/post"}],"author":[{"embeddable":true,"href":"https:\/\/www.fcejs.unsl.edu.ar\/index.php\/wp-json\/wp\/v2\/users\/9"}],"replies":[{"embeddable":true,"href":"https:\/\/www.fcejs.unsl.edu.ar\/index.php\/wp-json\/wp\/v2\/comments?post=13633"}],"version-history":[{"count":2,"href":"https:\/\/www.fcejs.unsl.edu.ar\/index.php\/wp-json\/wp\/v2\/posts\/13633\/revisions"}],"predecessor-version":[{"id":13636,"href":"https:\/\/www.fcejs.unsl.edu.ar\/index.php\/wp-json\/wp\/v2\/posts\/13633\/revisions\/13636"}],"wp:featuredmedia":[{"embeddable":true,"href":"https:\/\/www.fcejs.unsl.edu.ar\/index.php\/wp-json\/wp\/v2\/media\/13634"}],"wp:attachment":[{"href":"https:\/\/www.fcejs.unsl.edu.ar\/index.php\/wp-json\/wp\/v2\/media?parent=13633"}],"wp:term":[{"taxonomy":"category","embeddable":true,"href":"https:\/\/www.fcejs.unsl.edu.ar\/index.php\/wp-json\/wp\/v2\/categories?post=13633"},{"taxonomy":"post_tag","embeddable":true,"href":"https:\/\/www.fcejs.unsl.edu.ar\/index.php\/wp-json\/wp\/v2\/tags?post=13633"}],"curies":[{"name":"wp","href":"https:\/\/api.w.org\/{rel}","templated":true}]}}