{"id":13597,"date":"2023-10-04T10:14:28","date_gmt":"2023-10-04T13:14:28","guid":{"rendered":"http:\/\/10.101.10.197\/www\/?p=13597"},"modified":"2023-10-09T08:54:04","modified_gmt":"2023-10-09T11:54:04","slug":"se-dictara-una-nueva-capacitacion-sobre-finanzas-para-abogados","status":"publish","type":"post","link":"https:\/\/www.fcejs.unsl.edu.ar\/index.php\/se-dictara-una-nueva-capacitacion-sobre-finanzas-para-abogados\/","title":{"rendered":"Se dictar\u00e1 una nueva capacitaci\u00f3n sobre finanzas para Abogados"},"content":{"rendered":"<p>La Secretar\u00eda de Extensi\u00f3n Universitaria informa que el pr\u00f3ximo 6 de octubre a las 17 horas, iniciar\u00e1 el dictado de la capacitaci\u00f3n \u201cFinanzas para Abogados\u201d, a cargo del CPN Marcos Alejandro Lucero y los mag\u00edsteres Francisco Orom\u00ed y Javier Apil\u00e1nez Mart\u00ednez.<\/p>\n<p>Este Trayecto Ejecutivo de Capacitaci\u00f3n, arancelado y con cupo limitado, se desarrollar\u00e1 de forma presencial en dos jornadas: 6 en el aula 6 y el 20 de octubre en el aula \u201cProgramas Especiales del edificio \u201cEspacio Programas Especiales\u201d de la FCEJS.<\/p>\n<p>Aquellos interesados en participar, debe inscribirse en el siguiente enlace:<\/p>\n<h3 style=\"text-align: center;\"><span style=\"color: #0000ff;\"><a style=\"color: #0000ff;\" href=\"https:\/\/docs.google.com\/forms\/d\/1lybbIoHhey0Vb-m0PFTI3TbEnz-DYo6GHSzv003V0Zs\/viewform?edit_requested=true\" target=\"_blank\" rel=\"noopener\">INSCRIPCIONES<\/a><\/span><\/h3>\n<p>La Capacitaci\u00f3n \u201cFinanzas para Abogados\u201d se fundamenta que durante la pandemia del COVID-19 acrecent\u00f3 la necesidad de contar con conocimientos financieros y la utilizaci\u00f3n de herramientas tecnol\u00f3gicas dise\u00f1adas espec\u00edficamente para el manejo de los fondos personales, familiares y profesionales. Por lo que los objetivos de este Trayecto Ejecutivo es que los profesionales del Derecho logren comprender los principios financieros fundamentales y el funcionamiento del sistema financiero; reconocer los aspectos del entorno econ\u00f3mico que puedan afectar sus decisiones profesionales; analizar los cambios del valor del dinero en el tiempo; comprender la separaci\u00f3n necesaria que debe realizarse del patrimonio personal con las finanzas profesionales e interiorizarse sobre diferentes alternativas de inversi\u00f3n en el mercado de capitales argentino, entre otros.<\/p>\n<p>Es organizado por la Secretar\u00eda de Extensi\u00f3n Universitaria de la FCEJS junto al Colegio de Abogados y Procuradores de Villa Mercedes (CAPVM).<\/p>\n","protected":false},"excerpt":{"rendered":"<p>La Secretar\u00eda de Extensi\u00f3n Universitaria informa que el pr\u00f3ximo 6 de octubre a las 17 horas, iniciar\u00e1 el dictado de la capacitaci\u00f3n \u201cFinanzas para Abogados\u201d,&hellip;<\/p>\n","protected":false},"author":9,"featured_media":13599,"comment_status":"closed","ping_status":"closed","sticky":false,"template":"","format":"standard","meta":{"om_disable_all_campaigns":false,"_monsterinsights_skip_tracking":false,"_monsterinsights_sitenote_active":false,"_monsterinsights_sitenote_note":"","_monsterinsights_sitenote_category":0,"footnotes":""},"categories":[1],"tags":[],"class_list":["post-13597","post","type-post","status-publish","format-standard","has-post-thumbnail","hentry","category-noticias"],"yoast_head":"<!-- This site is optimized with the Yoast SEO plugin v27.4 - https:\/\/yoast.com\/product\/yoast-seo-wordpress\/ -->\n<title>Se dictar\u00e1 una nueva capacitaci\u00f3n sobre finanzas para Abogados - Facultad de Ciencias Econ\u00f3micas, Jur\u00ed\u00addicas y Sociales<\/title>\n<meta name=\"robots\" content=\"index, follow, max-snippet:-1, max-image-preview:large, max-video-preview:-1\" \/>\n<link rel=\"canonical\" href=\"https:\/\/www.fcejs.unsl.edu.ar\/index.php\/se-dictara-una-nueva-capacitacion-sobre-finanzas-para-abogados\/\" \/>\n<meta property=\"og:locale\" content=\"es_ES\" \/>\n<meta property=\"og:type\" content=\"article\" \/>\n<meta property=\"og:title\" content=\"Se dictar\u00e1 una nueva capacitaci\u00f3n sobre finanzas para Abogados - Facultad de Ciencias Econ\u00f3micas, Jur\u00ed\u00addicas y Sociales\" \/>\n<meta property=\"og:description\" content=\"La Secretar\u00eda de Extensi\u00f3n Universitaria informa que el pr\u00f3ximo 6 de octubre a las 17 horas, iniciar\u00e1 el dictado de la capacitaci\u00f3n \u201cFinanzas para Abogados\u201d,&hellip;\" \/>\n<meta property=\"og:url\" content=\"https:\/\/www.fcejs.unsl.edu.ar\/index.php\/se-dictara-una-nueva-capacitacion-sobre-finanzas-para-abogados\/\" \/>\n<meta property=\"og:site_name\" content=\"Facultad de Ciencias Econ\u00f3micas, Jur\u00ed\u00addicas y Sociales\" \/>\n<meta property=\"article:publisher\" content=\"https:\/\/www.facebook.com\/FCEJS.UNSL\/\" \/>\n<meta property=\"article:published_time\" content=\"2023-10-04T13:14:28+00:00\" \/>\n<meta property=\"article:modified_time\" content=\"2023-10-09T11:54:04+00:00\" \/>\n<meta property=\"og:image\" content=\"https:\/\/www.fcejs.unsl.edu.ar\/wp-content\/uploads\/2023\/09\/FINANZAS-PARA-ABOGADOS-front-.jpg\" \/>\n\t<meta property=\"og:image:width\" content=\"1154\" \/>\n\t<meta property=\"og:image:height\" content=\"647\" \/>\n\t<meta property=\"og:image:type\" content=\"image\/jpeg\" \/>\n<meta name=\"author\" content=\"DATI\" \/>\n<meta name=\"twitter:card\" content=\"summary_large_image\" \/>\n<meta name=\"twitter:creator\" content=\"@FCEJSUNSL\" \/>\n<meta name=\"twitter:site\" content=\"@FCEJSUNSL\" \/>\n<meta name=\"twitter:label1\" content=\"Escrito por\" \/>\n\t<meta name=\"twitter:data1\" content=\"DATI\" \/>\n\t<meta name=\"twitter:label2\" content=\"Tiempo de lectura\" \/>\n\t<meta name=\"twitter:data2\" content=\"2 minutos\" \/>\n<script type=\"application\/ld+json\" class=\"yoast-schema-graph\">{\"@context\":\"https:\\\/\\\/schema.org\",\"@graph\":[{\"@type\":\"Article\",\"@id\":\"https:\\\/\\\/www.fcejs.unsl.edu.ar\\\/index.php\\\/se-dictara-una-nueva-capacitacion-sobre-finanzas-para-abogados\\\/#article\",\"isPartOf\":{\"@id\":\"https:\\\/\\\/www.fcejs.unsl.edu.ar\\\/index.php\\\/se-dictara-una-nueva-capacitacion-sobre-finanzas-para-abogados\\\/\"},\"author\":{\"name\":\"DATI\",\"@id\":\"https:\\\/\\\/www.fcejs.unsl.edu.ar\\\/#\\\/schema\\\/person\\\/352ee6ed90c3f394c7cb5945f8956d34\"},\"headline\":\"Se dictar\u00e1 una nueva capacitaci\u00f3n sobre finanzas para Abogados\",\"datePublished\":\"2023-10-04T13:14:28+00:00\",\"dateModified\":\"2023-10-09T11:54:04+00:00\",\"mainEntityOfPage\":{\"@id\":\"https:\\\/\\\/www.fcejs.unsl.edu.ar\\\/index.php\\\/se-dictara-una-nueva-capacitacion-sobre-finanzas-para-abogados\\\/\"},\"wordCount\":255,\"publisher\":{\"@id\":\"https:\\\/\\\/www.fcejs.unsl.edu.ar\\\/#organization\"},\"image\":{\"@id\":\"https:\\\/\\\/www.fcejs.unsl.edu.ar\\\/index.php\\\/se-dictara-una-nueva-capacitacion-sobre-finanzas-para-abogados\\\/#primaryimage\"},\"thumbnailUrl\":\"https:\\\/\\\/www.fcejs.unsl.edu.ar\\\/wp-content\\\/uploads\\\/2023\\\/09\\\/FINANZAS-PARA-ABOGADOS-front-.jpg\",\"articleSection\":[\"Noticias\"],\"inLanguage\":\"es-AR\"},{\"@type\":\"WebPage\",\"@id\":\"https:\\\/\\\/www.fcejs.unsl.edu.ar\\\/index.php\\\/se-dictara-una-nueva-capacitacion-sobre-finanzas-para-abogados\\\/\",\"url\":\"https:\\\/\\\/www.fcejs.unsl.edu.ar\\\/index.php\\\/se-dictara-una-nueva-capacitacion-sobre-finanzas-para-abogados\\\/\",\"name\":\"Se dictar\u00e1 una nueva capacitaci\u00f3n sobre finanzas para Abogados - Facultad de Ciencias Econ\u00f3micas, Jur\u00ed\u00addicas y Sociales\",\"isPartOf\":{\"@id\":\"https:\\\/\\\/www.fcejs.unsl.edu.ar\\\/#website\"},\"primaryImageOfPage\":{\"@id\":\"https:\\\/\\\/www.fcejs.unsl.edu.ar\\\/index.php\\\/se-dictara-una-nueva-capacitacion-sobre-finanzas-para-abogados\\\/#primaryimage\"},\"image\":{\"@id\":\"https:\\\/\\\/www.fcejs.unsl.edu.ar\\\/index.php\\\/se-dictara-una-nueva-capacitacion-sobre-finanzas-para-abogados\\\/#primaryimage\"},\"thumbnailUrl\":\"https:\\\/\\\/www.fcejs.unsl.edu.ar\\\/wp-content\\\/uploads\\\/2023\\\/09\\\/FINANZAS-PARA-ABOGADOS-front-.jpg\",\"datePublished\":\"2023-10-04T13:14:28+00:00\",\"dateModified\":\"2023-10-09T11:54:04+00:00\",\"breadcrumb\":{\"@id\":\"https:\\\/\\\/www.fcejs.unsl.edu.ar\\\/index.php\\\/se-dictara-una-nueva-capacitacion-sobre-finanzas-para-abogados\\\/#breadcrumb\"},\"inLanguage\":\"es-AR\",\"potentialAction\":[{\"@type\":\"ReadAction\",\"target\":[\"https:\\\/\\\/www.fcejs.unsl.edu.ar\\\/index.php\\\/se-dictara-una-nueva-capacitacion-sobre-finanzas-para-abogados\\\/\"]}]},{\"@type\":\"ImageObject\",\"inLanguage\":\"es-AR\",\"@id\":\"https:\\\/\\\/www.fcejs.unsl.edu.ar\\\/index.php\\\/se-dictara-una-nueva-capacitacion-sobre-finanzas-para-abogados\\\/#primaryimage\",\"url\":\"https:\\\/\\\/www.fcejs.unsl.edu.ar\\\/wp-content\\\/uploads\\\/2023\\\/09\\\/FINANZAS-PARA-ABOGADOS-front-.jpg\",\"contentUrl\":\"https:\\\/\\\/www.fcejs.unsl.edu.ar\\\/wp-content\\\/uploads\\\/2023\\\/09\\\/FINANZAS-PARA-ABOGADOS-front-.jpg\",\"width\":1154,\"height\":647},{\"@type\":\"BreadcrumbList\",\"@id\":\"https:\\\/\\\/www.fcejs.unsl.edu.ar\\\/index.php\\\/se-dictara-una-nueva-capacitacion-sobre-finanzas-para-abogados\\\/#breadcrumb\",\"itemListElement\":[{\"@type\":\"ListItem\",\"position\":1,\"name\":\"Inicio\",\"item\":\"https:\\\/\\\/www.fcejs.unsl.edu.ar\\\/\"},{\"@type\":\"ListItem\",\"position\":2,\"name\":\"Se dictar\u00e1 una nueva capacitaci\u00f3n sobre finanzas para Abogados\"}]},{\"@type\":\"WebSite\",\"@id\":\"https:\\\/\\\/www.fcejs.unsl.edu.ar\\\/#website\",\"url\":\"https:\\\/\\\/www.fcejs.unsl.edu.ar\\\/\",\"name\":\"Facultad de Ciencias Econ\u00f3micas, Jur\u00ed\u00addicas y Sociales\",\"description\":\"\",\"publisher\":{\"@id\":\"https:\\\/\\\/www.fcejs.unsl.edu.ar\\\/#organization\"},\"potentialAction\":[{\"@type\":\"SearchAction\",\"target\":{\"@type\":\"EntryPoint\",\"urlTemplate\":\"https:\\\/\\\/www.fcejs.unsl.edu.ar\\\/?s={search_term_string}\"},\"query-input\":{\"@type\":\"PropertyValueSpecification\",\"valueRequired\":true,\"valueName\":\"search_term_string\"}}],\"inLanguage\":\"es-AR\"},{\"@type\":\"Organization\",\"@id\":\"https:\\\/\\\/www.fcejs.unsl.edu.ar\\\/#organization\",\"name\":\"Facultad de Ciencias Econ\u00f3micas, Jur\u00eddicas y Sociales\",\"url\":\"https:\\\/\\\/www.fcejs.unsl.edu.ar\\\/\",\"logo\":{\"@type\":\"ImageObject\",\"inLanguage\":\"es-AR\",\"@id\":\"https:\\\/\\\/www.fcejs.unsl.edu.ar\\\/#\\\/schema\\\/logo\\\/image\\\/\",\"url\":\"https:\\\/\\\/www.fcejs.unsl.edu.ar\\\/wp-content\\\/uploads\\\/2021\\\/03\\\/logo-1.jpg\",\"contentUrl\":\"https:\\\/\\\/www.fcejs.unsl.edu.ar\\\/wp-content\\\/uploads\\\/2021\\\/03\\\/logo-1.jpg\",\"width\":471,\"height\":146,\"caption\":\"Facultad de Ciencias Econ\u00f3micas, Jur\u00eddicas y Sociales\"},\"image\":{\"@id\":\"https:\\\/\\\/www.fcejs.unsl.edu.ar\\\/#\\\/schema\\\/logo\\\/image\\\/\"},\"sameAs\":[\"https:\\\/\\\/www.facebook.com\\\/FCEJS.UNSL\\\/\",\"https:\\\/\\\/x.com\\\/FCEJSUNSL\",\"https:\\\/\\\/www.instagram.com\\\/fcejs.unsl\\\/\",\"https:\\\/\\\/www.youtube.com\\\/channel\\\/UCH-Ut6EaN_X5ogjIQMPe46g\\\/\"]},{\"@type\":\"Person\",\"@id\":\"https:\\\/\\\/www.fcejs.unsl.edu.ar\\\/#\\\/schema\\\/person\\\/352ee6ed90c3f394c7cb5945f8956d34\",\"name\":\"DATI\"}]}<\/script>\n<!-- \/ Yoast SEO plugin. -->","yoast_head_json":{"title":"Se dictar\u00e1 una nueva capacitaci\u00f3n sobre finanzas para Abogados - Facultad de Ciencias Econ\u00f3micas, Jur\u00ed\u00addicas y Sociales","robots":{"index":"index","follow":"follow","max-snippet":"max-snippet:-1","max-image-preview":"max-image-preview:large","max-video-preview":"max-video-preview:-1"},"canonical":"https:\/\/www.fcejs.unsl.edu.ar\/index.php\/se-dictara-una-nueva-capacitacion-sobre-finanzas-para-abogados\/","og_locale":"es_ES","og_type":"article","og_title":"Se dictar\u00e1 una nueva capacitaci\u00f3n sobre finanzas para Abogados - Facultad de Ciencias Econ\u00f3micas, Jur\u00ed\u00addicas y Sociales","og_description":"La Secretar\u00eda de Extensi\u00f3n Universitaria informa que el pr\u00f3ximo 6 de octubre a las 17 horas, iniciar\u00e1 el dictado de la capacitaci\u00f3n \u201cFinanzas para Abogados\u201d,&hellip;","og_url":"https:\/\/www.fcejs.unsl.edu.ar\/index.php\/se-dictara-una-nueva-capacitacion-sobre-finanzas-para-abogados\/","og_site_name":"Facultad de Ciencias Econ\u00f3micas, Jur\u00ed\u00addicas y Sociales","article_publisher":"https:\/\/www.facebook.com\/FCEJS.UNSL\/","article_published_time":"2023-10-04T13:14:28+00:00","article_modified_time":"2023-10-09T11:54:04+00:00","og_image":[{"width":1154,"height":647,"url":"https:\/\/www.fcejs.unsl.edu.ar\/wp-content\/uploads\/2023\/09\/FINANZAS-PARA-ABOGADOS-front-.jpg","type":"image\/jpeg"}],"author":"DATI","twitter_card":"summary_large_image","twitter_creator":"@FCEJSUNSL","twitter_site":"@FCEJSUNSL","twitter_misc":{"Escrito por":"DATI","Tiempo de lectura":"2 minutos"},"schema":{"@context":"https:\/\/schema.org","@graph":[{"@type":"Article","@id":"https:\/\/www.fcejs.unsl.edu.ar\/index.php\/se-dictara-una-nueva-capacitacion-sobre-finanzas-para-abogados\/#article","isPartOf":{"@id":"https:\/\/www.fcejs.unsl.edu.ar\/index.php\/se-dictara-una-nueva-capacitacion-sobre-finanzas-para-abogados\/"},"author":{"name":"DATI","@id":"https:\/\/www.fcejs.unsl.edu.ar\/#\/schema\/person\/352ee6ed90c3f394c7cb5945f8956d34"},"headline":"Se dictar\u00e1 una nueva capacitaci\u00f3n sobre finanzas para Abogados","datePublished":"2023-10-04T13:14:28+00:00","dateModified":"2023-10-09T11:54:04+00:00","mainEntityOfPage":{"@id":"https:\/\/www.fcejs.unsl.edu.ar\/index.php\/se-dictara-una-nueva-capacitacion-sobre-finanzas-para-abogados\/"},"wordCount":255,"publisher":{"@id":"https:\/\/www.fcejs.unsl.edu.ar\/#organization"},"image":{"@id":"https:\/\/www.fcejs.unsl.edu.ar\/index.php\/se-dictara-una-nueva-capacitacion-sobre-finanzas-para-abogados\/#primaryimage"},"thumbnailUrl":"https:\/\/www.fcejs.unsl.edu.ar\/wp-content\/uploads\/2023\/09\/FINANZAS-PARA-ABOGADOS-front-.jpg","articleSection":["Noticias"],"inLanguage":"es-AR"},{"@type":"WebPage","@id":"https:\/\/www.fcejs.unsl.edu.ar\/index.php\/se-dictara-una-nueva-capacitacion-sobre-finanzas-para-abogados\/","url":"https:\/\/www.fcejs.unsl.edu.ar\/index.php\/se-dictara-una-nueva-capacitacion-sobre-finanzas-para-abogados\/","name":"Se dictar\u00e1 una nueva capacitaci\u00f3n sobre finanzas para Abogados - Facultad de Ciencias Econ\u00f3micas, Jur\u00ed\u00addicas y Sociales","isPartOf":{"@id":"https:\/\/www.fcejs.unsl.edu.ar\/#website"},"primaryImageOfPage":{"@id":"https:\/\/www.fcejs.unsl.edu.ar\/index.php\/se-dictara-una-nueva-capacitacion-sobre-finanzas-para-abogados\/#primaryimage"},"image":{"@id":"https:\/\/www.fcejs.unsl.edu.ar\/index.php\/se-dictara-una-nueva-capacitacion-sobre-finanzas-para-abogados\/#primaryimage"},"thumbnailUrl":"https:\/\/www.fcejs.unsl.edu.ar\/wp-content\/uploads\/2023\/09\/FINANZAS-PARA-ABOGADOS-front-.jpg","datePublished":"2023-10-04T13:14:28+00:00","dateModified":"2023-10-09T11:54:04+00:00","breadcrumb":{"@id":"https:\/\/www.fcejs.unsl.edu.ar\/index.php\/se-dictara-una-nueva-capacitacion-sobre-finanzas-para-abogados\/#breadcrumb"},"inLanguage":"es-AR","potentialAction":[{"@type":"ReadAction","target":["https:\/\/www.fcejs.unsl.edu.ar\/index.php\/se-dictara-una-nueva-capacitacion-sobre-finanzas-para-abogados\/"]}]},{"@type":"ImageObject","inLanguage":"es-AR","@id":"https:\/\/www.fcejs.unsl.edu.ar\/index.php\/se-dictara-una-nueva-capacitacion-sobre-finanzas-para-abogados\/#primaryimage","url":"https:\/\/www.fcejs.unsl.edu.ar\/wp-content\/uploads\/2023\/09\/FINANZAS-PARA-ABOGADOS-front-.jpg","contentUrl":"https:\/\/www.fcejs.unsl.edu.ar\/wp-content\/uploads\/2023\/09\/FINANZAS-PARA-ABOGADOS-front-.jpg","width":1154,"height":647},{"@type":"BreadcrumbList","@id":"https:\/\/www.fcejs.unsl.edu.ar\/index.php\/se-dictara-una-nueva-capacitacion-sobre-finanzas-para-abogados\/#breadcrumb","itemListElement":[{"@type":"ListItem","position":1,"name":"Inicio","item":"https:\/\/www.fcejs.unsl.edu.ar\/"},{"@type":"ListItem","position":2,"name":"Se dictar\u00e1 una nueva capacitaci\u00f3n sobre finanzas para Abogados"}]},{"@type":"WebSite","@id":"https:\/\/www.fcejs.unsl.edu.ar\/#website","url":"https:\/\/www.fcejs.unsl.edu.ar\/","name":"Facultad de Ciencias Econ\u00f3micas, Jur\u00ed\u00addicas y Sociales","description":"","publisher":{"@id":"https:\/\/www.fcejs.unsl.edu.ar\/#organization"},"potentialAction":[{"@type":"SearchAction","target":{"@type":"EntryPoint","urlTemplate":"https:\/\/www.fcejs.unsl.edu.ar\/?s={search_term_string}"},"query-input":{"@type":"PropertyValueSpecification","valueRequired":true,"valueName":"search_term_string"}}],"inLanguage":"es-AR"},{"@type":"Organization","@id":"https:\/\/www.fcejs.unsl.edu.ar\/#organization","name":"Facultad de Ciencias Econ\u00f3micas, Jur\u00eddicas y Sociales","url":"https:\/\/www.fcejs.unsl.edu.ar\/","logo":{"@type":"ImageObject","inLanguage":"es-AR","@id":"https:\/\/www.fcejs.unsl.edu.ar\/#\/schema\/logo\/image\/","url":"https:\/\/www.fcejs.unsl.edu.ar\/wp-content\/uploads\/2021\/03\/logo-1.jpg","contentUrl":"https:\/\/www.fcejs.unsl.edu.ar\/wp-content\/uploads\/2021\/03\/logo-1.jpg","width":471,"height":146,"caption":"Facultad de Ciencias Econ\u00f3micas, Jur\u00eddicas y Sociales"},"image":{"@id":"https:\/\/www.fcejs.unsl.edu.ar\/#\/schema\/logo\/image\/"},"sameAs":["https:\/\/www.facebook.com\/FCEJS.UNSL\/","https:\/\/x.com\/FCEJSUNSL","https:\/\/www.instagram.com\/fcejs.unsl\/","https:\/\/www.youtube.com\/channel\/UCH-Ut6EaN_X5ogjIQMPe46g\/"]},{"@type":"Person","@id":"https:\/\/www.fcejs.unsl.edu.ar\/#\/schema\/person\/352ee6ed90c3f394c7cb5945f8956d34","name":"DATI"}]}},"jetpack_featured_media_url":"https:\/\/www.fcejs.unsl.edu.ar\/wp-content\/uploads\/2023\/09\/FINANZAS-PARA-ABOGADOS-front-.jpg","_links":{"self":[{"href":"https:\/\/www.fcejs.unsl.edu.ar\/index.php\/wp-json\/wp\/v2\/posts\/13597","targetHints":{"allow":["GET"]}}],"collection":[{"href":"https:\/\/www.fcejs.unsl.edu.ar\/index.php\/wp-json\/wp\/v2\/posts"}],"about":[{"href":"https:\/\/www.fcejs.unsl.edu.ar\/index.php\/wp-json\/wp\/v2\/types\/post"}],"author":[{"embeddable":true,"href":"https:\/\/www.fcejs.unsl.edu.ar\/index.php\/wp-json\/wp\/v2\/users\/9"}],"replies":[{"embeddable":true,"href":"https:\/\/www.fcejs.unsl.edu.ar\/index.php\/wp-json\/wp\/v2\/comments?post=13597"}],"version-history":[{"count":4,"href":"https:\/\/www.fcejs.unsl.edu.ar\/index.php\/wp-json\/wp\/v2\/posts\/13597\/revisions"}],"predecessor-version":[{"id":13619,"href":"https:\/\/www.fcejs.unsl.edu.ar\/index.php\/wp-json\/wp\/v2\/posts\/13597\/revisions\/13619"}],"wp:featuredmedia":[{"embeddable":true,"href":"https:\/\/www.fcejs.unsl.edu.ar\/index.php\/wp-json\/wp\/v2\/media\/13599"}],"wp:attachment":[{"href":"https:\/\/www.fcejs.unsl.edu.ar\/index.php\/wp-json\/wp\/v2\/media?parent=13597"}],"wp:term":[{"taxonomy":"category","embeddable":true,"href":"https:\/\/www.fcejs.unsl.edu.ar\/index.php\/wp-json\/wp\/v2\/categories?post=13597"},{"taxonomy":"post_tag","embeddable":true,"href":"https:\/\/www.fcejs.unsl.edu.ar\/index.php\/wp-json\/wp\/v2\/tags?post=13597"}],"curies":[{"name":"wp","href":"https:\/\/api.w.org\/{rel}","templated":true}]}}