{"id":13584,"date":"2023-09-28T12:54:35","date_gmt":"2023-09-28T15:54:35","guid":{"rendered":"http:\/\/10.101.10.197\/www\/?p=13584"},"modified":"2023-10-02T09:18:58","modified_gmt":"2023-10-02T12:18:58","slug":"la-fcejs-gano-convocatoria-semilla-2023","status":"publish","type":"post","link":"https:\/\/www.fcejs.unsl.edu.ar\/index.php\/la-fcejs-gano-convocatoria-semilla-2023\/","title":{"rendered":"La FCEJS gan\u00f3 la Convocatoria Semilla 2023 del \u201cPrograma argentino-alem\u00e1n para la promoci\u00f3n de Carreras Binacionales con doble titulaci\u00f3n&#8221;"},"content":{"rendered":"<p>La Decana, Mgtr. Roxanna Camiletti junto al equipo de gesti\u00f3n, tiene el agrado de comunicar que la FCEJS gan\u00f3 la Convocatoria Semilla 2023 del \u201cPrograma argentino-alem\u00e1n para la promoci\u00f3n de Carreras Binacionales con doble titulaci\u00f3n\u201d, del Centro Universitario Argentino-Alem\u00e1n.<\/p>\n<p>Este Programa tiene como objetivo la promoci\u00f3n de proyectos innovadores para el desarrollo de Carreras Binacionales con doble titulaci\u00f3n que formen profesionales con capacidad intercultural y multiling\u00fce. En este caso la FCEJS, fue seleccionada a trav\u00e9s del Programa de Licenciatura Binacional en Administraci\u00f3n de Negocios con Doble Titulaci\u00f3n UNSL-EAHJ.<\/p>\n<p>El Dr. Luis Guillermo Quintas, es el coordinador del proyecto, quien, a trav\u00e9s del acompa\u00f1amiento del vicerrector de la UNSL, Mgtr. H\u00e9ctor Flores y la decana de la FCEJS, la Mgtr. Roxanna Camiletti; hicieron las gestiones correspondientes para lograr presentar a la Facultad, en tan importante convocatoria.<\/p>\n<p>El proyecto previsto incluye el desarrollo y la introducci\u00f3n de un programa binacional de grado con doble titulaci\u00f3n en administraci\u00f3n de empresas entre la Universidad Nacional de San Luis (UNSL) y la Universidad Ernst Abbe de Jena (EAHJ). El programa a desarrollar complementa la formaci\u00f3n empresarial ya existente en las respectivas sedes universitarias con especializaciones tem\u00e1ticas que hasta ahora no se ofrec\u00edan all\u00ed o no con este enfoque.<\/p>\n<p>Por ejemplo, la EAHJ ofrece a los estudiantes de la UNSL una especializaci\u00f3n espec\u00edfica en las \u00e1reas de gesti\u00f3n de la innovaci\u00f3n y emprendimiento. La UNSL, a su vez, ofrece a los estudiantes de la EAHJ cursos de especializaci\u00f3n en el \u00e1mbito de la gesti\u00f3n, en particular en lo que se refiere a la gesti\u00f3n internacional en el contexto de Iberoam\u00e9rica.<\/p>\n<p>Al mismo tiempo, el programa binacional de grado pretende proporcionar a los estudiantes amplios conocimientos sobre las condiciones marco econ\u00f3micas, pol\u00edticas y culturales de Alemania y Argentina. En este contexto, se concede especial importancia a la formaci\u00f3n de competencias interculturales, que ser\u00e1n parte integrante del programa de estudios binacional.<\/p>\n<p><img fetchpriority=\"high\" decoding=\"async\" class=\"aligncenter wp-image-13591 size-full\" src=\"https:\/\/www.fcejs.unsl.edu.ar\/wp-content\/uploads\/2023\/09\/convocatoria-semilla-02.jpg\" alt=\"\" width=\"1200\" height=\"782\" srcset=\"https:\/\/www.fcejs.unsl.edu.ar\/wp-content\/uploads\/2023\/09\/convocatoria-semilla-02.jpg 1200w, https:\/\/www.fcejs.unsl.edu.ar\/wp-content\/uploads\/2023\/09\/convocatoria-semilla-02-300x196.jpg 300w, https:\/\/www.fcejs.unsl.edu.ar\/wp-content\/uploads\/2023\/09\/convocatoria-semilla-02-1024x667.jpg 1024w, https:\/\/www.fcejs.unsl.edu.ar\/wp-content\/uploads\/2023\/09\/convocatoria-semilla-02-768x500.jpg 768w\" sizes=\"(max-width: 1200px) 100vw, 1200px\" \/><br \/>\nEn general, el proyecto contribuye a profundizar la orientaci\u00f3n internacional de ambas universidades y fomenta las competencias profesionales, interculturales y ling\u00fc\u00edsticas de los estudiantes de intercambio. Estas competencias permiten a los participantes en el programa de grado binacional dominar los retos del entorno empresarial global y, en particular, desarrollar una comprensi\u00f3n global de las relaciones empresariales entre Europa e Iberoam\u00e9rica. Esto no s\u00f3lo aumenta su empleabilidad, sino que tambi\u00e9n conduce a un entendimiento social m\u00e1s profundo entre las dos regiones econ\u00f3micas.<\/p>\n<p>Los estudiantes de la FCEJS-UNSL y la EAHJ pasar\u00e1n dos semestres en la instituci\u00f3n asociada y participar\u00e1n en los cursos junto con los estudiantes regulares de los programas de grado en administraci\u00f3n de empresas. La preparaci\u00f3n intensiva en el idioma nacional respectivo (espa\u00f1ol o alem\u00e1n) es, por tanto, un componente esencial del programa de estudios binacional, al igual que los m\u00f3dulos obligatorios en el \u00e1rea de la comunicaci\u00f3n intercultural.<\/p>\n<p>La EAHJ Jena se fund\u00f3 en 1991 y no s\u00f3lo es la mayor universidad de ciencias aplicadas del Estado federado de Turingia, sino tambi\u00e9n la m\u00e1s intensiva en investigaci\u00f3n. En la actualidad, la universidad cuenta con 4.400 estudiantes matriculados en 51 programas de grado en nueve facultades, centrados en las \u00e1reas tem\u00e1ticas de tecnolog\u00eda, econom\u00eda, ciencias sociales y salud. La EAHJ centra sus actividades en el extranjero en Sudam\u00e9rica. Esto se aplica igualmente y en particular al Departamento de Administraci\u00f3n de Empresas. El componente central de la educaci\u00f3n en este departamento es un Bachelor de siete semestres \u201cBusiness Administration (B.A.)\u201d, que comprende 210 ECTS y tiene una gran relevancia pr\u00e1ctica. Tras los estudios b\u00e1sicos, los estudiantes pueden especializarse en dos de las siete especialidades empresariales del 4o al 6\u00ba semestre. Adem\u00e1s, existe una amplia oferta de asignaturas optativas obligatorias en los \u00e1mbitos de la gesti\u00f3n de la innovaci\u00f3n y el esp\u00edritu empresarial.<\/p>\n","protected":false},"excerpt":{"rendered":"<p>La Decana, Mgtr. Roxanna Camiletti junto al equipo de gesti\u00f3n, tiene el agrado de comunicar que la FCEJS gan\u00f3 la Convocatoria Semilla 2023 del \u201cPrograma&hellip;<\/p>\n","protected":false},"author":9,"featured_media":13588,"comment_status":"closed","ping_status":"closed","sticky":false,"template":"","format":"standard","meta":{"om_disable_all_campaigns":false,"_monsterinsights_skip_tracking":false,"_monsterinsights_sitenote_active":false,"_monsterinsights_sitenote_note":"","_monsterinsights_sitenote_category":0,"footnotes":""},"categories":[1],"tags":[],"class_list":["post-13584","post","type-post","status-publish","format-standard","has-post-thumbnail","hentry","category-noticias"],"yoast_head":"<!-- This site is optimized with the Yoast SEO plugin v27.4 - https:\/\/yoast.com\/product\/yoast-seo-wordpress\/ -->\n<title>La FCEJS gan\u00f3 la Convocatoria Semilla 2023 del \u201cPrograma argentino-alem\u00e1n para la promoci\u00f3n de Carreras Binacionales con doble titulaci\u00f3n&quot; - Facultad de Ciencias Econ\u00f3micas, Jur\u00ed\u00addicas y Sociales<\/title>\n<meta name=\"robots\" content=\"index, follow, max-snippet:-1, max-image-preview:large, max-video-preview:-1\" \/>\n<link rel=\"canonical\" href=\"https:\/\/www.fcejs.unsl.edu.ar\/index.php\/la-fcejs-gano-convocatoria-semilla-2023\/\" \/>\n<meta property=\"og:locale\" content=\"es_ES\" \/>\n<meta property=\"og:type\" content=\"article\" \/>\n<meta property=\"og:title\" content=\"La FCEJS gan\u00f3 la Convocatoria Semilla 2023 del \u201cPrograma argentino-alem\u00e1n para la promoci\u00f3n de Carreras Binacionales con doble titulaci\u00f3n&quot; - Facultad de Ciencias Econ\u00f3micas, Jur\u00ed\u00addicas y Sociales\" \/>\n<meta property=\"og:description\" content=\"La Decana, Mgtr. Roxanna Camiletti junto al equipo de gesti\u00f3n, tiene el agrado de comunicar que la FCEJS gan\u00f3 la Convocatoria Semilla 2023 del \u201cPrograma&hellip;\" \/>\n<meta property=\"og:url\" content=\"https:\/\/www.fcejs.unsl.edu.ar\/index.php\/la-fcejs-gano-convocatoria-semilla-2023\/\" \/>\n<meta property=\"og:site_name\" content=\"Facultad de Ciencias Econ\u00f3micas, Jur\u00ed\u00addicas y Sociales\" \/>\n<meta property=\"article:publisher\" content=\"https:\/\/www.facebook.com\/FCEJS.UNSL\/\" \/>\n<meta property=\"article:published_time\" content=\"2023-09-28T15:54:35+00:00\" \/>\n<meta property=\"article:modified_time\" content=\"2023-10-02T12:18:58+00:00\" \/>\n<meta property=\"og:image\" content=\"https:\/\/www.fcejs.unsl.edu.ar\/wp-content\/uploads\/2023\/09\/convocatoria-semilla-front.jpg\" \/>\n\t<meta property=\"og:image:width\" content=\"1152\" \/>\n\t<meta property=\"og:image:height\" content=\"647\" \/>\n\t<meta property=\"og:image:type\" content=\"image\/jpeg\" \/>\n<meta name=\"author\" content=\"DATI\" \/>\n<meta name=\"twitter:card\" content=\"summary_large_image\" \/>\n<meta name=\"twitter:creator\" content=\"@FCEJSUNSL\" \/>\n<meta name=\"twitter:site\" content=\"@FCEJSUNSL\" \/>\n<meta name=\"twitter:label1\" content=\"Escrito por\" \/>\n\t<meta name=\"twitter:data1\" content=\"DATI\" \/>\n\t<meta name=\"twitter:label2\" content=\"Tiempo de lectura\" \/>\n\t<meta name=\"twitter:data2\" content=\"3 minutos\" \/>\n<script type=\"application\/ld+json\" class=\"yoast-schema-graph\">{\"@context\":\"https:\\\/\\\/schema.org\",\"@graph\":[{\"@type\":\"Article\",\"@id\":\"https:\\\/\\\/www.fcejs.unsl.edu.ar\\\/index.php\\\/la-fcejs-gano-convocatoria-semilla-2023\\\/#article\",\"isPartOf\":{\"@id\":\"https:\\\/\\\/www.fcejs.unsl.edu.ar\\\/index.php\\\/la-fcejs-gano-convocatoria-semilla-2023\\\/\"},\"author\":{\"name\":\"DATI\",\"@id\":\"https:\\\/\\\/www.fcejs.unsl.edu.ar\\\/#\\\/schema\\\/person\\\/352ee6ed90c3f394c7cb5945f8956d34\"},\"headline\":\"La FCEJS gan\u00f3 la Convocatoria Semilla 2023 del \u201cPrograma argentino-alem\u00e1n para la promoci\u00f3n de Carreras Binacionales con doble titulaci\u00f3n&#8221;\",\"datePublished\":\"2023-09-28T15:54:35+00:00\",\"dateModified\":\"2023-10-02T12:18:58+00:00\",\"mainEntityOfPage\":{\"@id\":\"https:\\\/\\\/www.fcejs.unsl.edu.ar\\\/index.php\\\/la-fcejs-gano-convocatoria-semilla-2023\\\/\"},\"wordCount\":696,\"publisher\":{\"@id\":\"https:\\\/\\\/www.fcejs.unsl.edu.ar\\\/#organization\"},\"image\":{\"@id\":\"https:\\\/\\\/www.fcejs.unsl.edu.ar\\\/index.php\\\/la-fcejs-gano-convocatoria-semilla-2023\\\/#primaryimage\"},\"thumbnailUrl\":\"https:\\\/\\\/www.fcejs.unsl.edu.ar\\\/wp-content\\\/uploads\\\/2023\\\/09\\\/convocatoria-semilla-front.jpg\",\"articleSection\":[\"Noticias\"],\"inLanguage\":\"es-AR\"},{\"@type\":\"WebPage\",\"@id\":\"https:\\\/\\\/www.fcejs.unsl.edu.ar\\\/index.php\\\/la-fcejs-gano-convocatoria-semilla-2023\\\/\",\"url\":\"https:\\\/\\\/www.fcejs.unsl.edu.ar\\\/index.php\\\/la-fcejs-gano-convocatoria-semilla-2023\\\/\",\"name\":\"La FCEJS gan\u00f3 la Convocatoria Semilla 2023 del \u201cPrograma argentino-alem\u00e1n para la promoci\u00f3n de Carreras Binacionales con doble titulaci\u00f3n\\\" - Facultad de Ciencias Econ\u00f3micas, Jur\u00ed\u00addicas y Sociales\",\"isPartOf\":{\"@id\":\"https:\\\/\\\/www.fcejs.unsl.edu.ar\\\/#website\"},\"primaryImageOfPage\":{\"@id\":\"https:\\\/\\\/www.fcejs.unsl.edu.ar\\\/index.php\\\/la-fcejs-gano-convocatoria-semilla-2023\\\/#primaryimage\"},\"image\":{\"@id\":\"https:\\\/\\\/www.fcejs.unsl.edu.ar\\\/index.php\\\/la-fcejs-gano-convocatoria-semilla-2023\\\/#primaryimage\"},\"thumbnailUrl\":\"https:\\\/\\\/www.fcejs.unsl.edu.ar\\\/wp-content\\\/uploads\\\/2023\\\/09\\\/convocatoria-semilla-front.jpg\",\"datePublished\":\"2023-09-28T15:54:35+00:00\",\"dateModified\":\"2023-10-02T12:18:58+00:00\",\"breadcrumb\":{\"@id\":\"https:\\\/\\\/www.fcejs.unsl.edu.ar\\\/index.php\\\/la-fcejs-gano-convocatoria-semilla-2023\\\/#breadcrumb\"},\"inLanguage\":\"es-AR\",\"potentialAction\":[{\"@type\":\"ReadAction\",\"target\":[\"https:\\\/\\\/www.fcejs.unsl.edu.ar\\\/index.php\\\/la-fcejs-gano-convocatoria-semilla-2023\\\/\"]}]},{\"@type\":\"ImageObject\",\"inLanguage\":\"es-AR\",\"@id\":\"https:\\\/\\\/www.fcejs.unsl.edu.ar\\\/index.php\\\/la-fcejs-gano-convocatoria-semilla-2023\\\/#primaryimage\",\"url\":\"https:\\\/\\\/www.fcejs.unsl.edu.ar\\\/wp-content\\\/uploads\\\/2023\\\/09\\\/convocatoria-semilla-front.jpg\",\"contentUrl\":\"https:\\\/\\\/www.fcejs.unsl.edu.ar\\\/wp-content\\\/uploads\\\/2023\\\/09\\\/convocatoria-semilla-front.jpg\",\"width\":1152,\"height\":647},{\"@type\":\"BreadcrumbList\",\"@id\":\"https:\\\/\\\/www.fcejs.unsl.edu.ar\\\/index.php\\\/la-fcejs-gano-convocatoria-semilla-2023\\\/#breadcrumb\",\"itemListElement\":[{\"@type\":\"ListItem\",\"position\":1,\"name\":\"Inicio\",\"item\":\"https:\\\/\\\/www.fcejs.unsl.edu.ar\\\/\"},{\"@type\":\"ListItem\",\"position\":2,\"name\":\"La FCEJS gan\u00f3 la Convocatoria Semilla 2023 del \u201cPrograma argentino-alem\u00e1n para la promoci\u00f3n de Carreras Binacionales con doble titulaci\u00f3n&#8221;\"}]},{\"@type\":\"WebSite\",\"@id\":\"https:\\\/\\\/www.fcejs.unsl.edu.ar\\\/#website\",\"url\":\"https:\\\/\\\/www.fcejs.unsl.edu.ar\\\/\",\"name\":\"Facultad de Ciencias Econ\u00f3micas, Jur\u00ed\u00addicas y Sociales\",\"description\":\"\",\"publisher\":{\"@id\":\"https:\\\/\\\/www.fcejs.unsl.edu.ar\\\/#organization\"},\"potentialAction\":[{\"@type\":\"SearchAction\",\"target\":{\"@type\":\"EntryPoint\",\"urlTemplate\":\"https:\\\/\\\/www.fcejs.unsl.edu.ar\\\/?s={search_term_string}\"},\"query-input\":{\"@type\":\"PropertyValueSpecification\",\"valueRequired\":true,\"valueName\":\"search_term_string\"}}],\"inLanguage\":\"es-AR\"},{\"@type\":\"Organization\",\"@id\":\"https:\\\/\\\/www.fcejs.unsl.edu.ar\\\/#organization\",\"name\":\"Facultad de Ciencias Econ\u00f3micas, Jur\u00eddicas y Sociales\",\"url\":\"https:\\\/\\\/www.fcejs.unsl.edu.ar\\\/\",\"logo\":{\"@type\":\"ImageObject\",\"inLanguage\":\"es-AR\",\"@id\":\"https:\\\/\\\/www.fcejs.unsl.edu.ar\\\/#\\\/schema\\\/logo\\\/image\\\/\",\"url\":\"https:\\\/\\\/www.fcejs.unsl.edu.ar\\\/wp-content\\\/uploads\\\/2021\\\/03\\\/logo-1.jpg\",\"contentUrl\":\"https:\\\/\\\/www.fcejs.unsl.edu.ar\\\/wp-content\\\/uploads\\\/2021\\\/03\\\/logo-1.jpg\",\"width\":471,\"height\":146,\"caption\":\"Facultad de Ciencias Econ\u00f3micas, Jur\u00eddicas y Sociales\"},\"image\":{\"@id\":\"https:\\\/\\\/www.fcejs.unsl.edu.ar\\\/#\\\/schema\\\/logo\\\/image\\\/\"},\"sameAs\":[\"https:\\\/\\\/www.facebook.com\\\/FCEJS.UNSL\\\/\",\"https:\\\/\\\/x.com\\\/FCEJSUNSL\",\"https:\\\/\\\/www.instagram.com\\\/fcejs.unsl\\\/\",\"https:\\\/\\\/www.youtube.com\\\/channel\\\/UCH-Ut6EaN_X5ogjIQMPe46g\\\/\"]},{\"@type\":\"Person\",\"@id\":\"https:\\\/\\\/www.fcejs.unsl.edu.ar\\\/#\\\/schema\\\/person\\\/352ee6ed90c3f394c7cb5945f8956d34\",\"name\":\"DATI\"}]}<\/script>\n<!-- \/ Yoast SEO plugin. -->","yoast_head_json":{"title":"La FCEJS gan\u00f3 la Convocatoria Semilla 2023 del \u201cPrograma argentino-alem\u00e1n para la promoci\u00f3n de Carreras Binacionales con doble titulaci\u00f3n\" - Facultad de Ciencias Econ\u00f3micas, Jur\u00ed\u00addicas y Sociales","robots":{"index":"index","follow":"follow","max-snippet":"max-snippet:-1","max-image-preview":"max-image-preview:large","max-video-preview":"max-video-preview:-1"},"canonical":"https:\/\/www.fcejs.unsl.edu.ar\/index.php\/la-fcejs-gano-convocatoria-semilla-2023\/","og_locale":"es_ES","og_type":"article","og_title":"La FCEJS gan\u00f3 la Convocatoria Semilla 2023 del \u201cPrograma argentino-alem\u00e1n para la promoci\u00f3n de Carreras Binacionales con doble titulaci\u00f3n\" - Facultad de Ciencias Econ\u00f3micas, Jur\u00ed\u00addicas y Sociales","og_description":"La Decana, Mgtr. Roxanna Camiletti junto al equipo de gesti\u00f3n, tiene el agrado de comunicar que la FCEJS gan\u00f3 la Convocatoria Semilla 2023 del \u201cPrograma&hellip;","og_url":"https:\/\/www.fcejs.unsl.edu.ar\/index.php\/la-fcejs-gano-convocatoria-semilla-2023\/","og_site_name":"Facultad de Ciencias Econ\u00f3micas, Jur\u00ed\u00addicas y Sociales","article_publisher":"https:\/\/www.facebook.com\/FCEJS.UNSL\/","article_published_time":"2023-09-28T15:54:35+00:00","article_modified_time":"2023-10-02T12:18:58+00:00","og_image":[{"width":1152,"height":647,"url":"https:\/\/www.fcejs.unsl.edu.ar\/wp-content\/uploads\/2023\/09\/convocatoria-semilla-front.jpg","type":"image\/jpeg"}],"author":"DATI","twitter_card":"summary_large_image","twitter_creator":"@FCEJSUNSL","twitter_site":"@FCEJSUNSL","twitter_misc":{"Escrito por":"DATI","Tiempo de lectura":"3 minutos"},"schema":{"@context":"https:\/\/schema.org","@graph":[{"@type":"Article","@id":"https:\/\/www.fcejs.unsl.edu.ar\/index.php\/la-fcejs-gano-convocatoria-semilla-2023\/#article","isPartOf":{"@id":"https:\/\/www.fcejs.unsl.edu.ar\/index.php\/la-fcejs-gano-convocatoria-semilla-2023\/"},"author":{"name":"DATI","@id":"https:\/\/www.fcejs.unsl.edu.ar\/#\/schema\/person\/352ee6ed90c3f394c7cb5945f8956d34"},"headline":"La FCEJS gan\u00f3 la Convocatoria Semilla 2023 del \u201cPrograma argentino-alem\u00e1n para la promoci\u00f3n de Carreras Binacionales con doble titulaci\u00f3n&#8221;","datePublished":"2023-09-28T15:54:35+00:00","dateModified":"2023-10-02T12:18:58+00:00","mainEntityOfPage":{"@id":"https:\/\/www.fcejs.unsl.edu.ar\/index.php\/la-fcejs-gano-convocatoria-semilla-2023\/"},"wordCount":696,"publisher":{"@id":"https:\/\/www.fcejs.unsl.edu.ar\/#organization"},"image":{"@id":"https:\/\/www.fcejs.unsl.edu.ar\/index.php\/la-fcejs-gano-convocatoria-semilla-2023\/#primaryimage"},"thumbnailUrl":"https:\/\/www.fcejs.unsl.edu.ar\/wp-content\/uploads\/2023\/09\/convocatoria-semilla-front.jpg","articleSection":["Noticias"],"inLanguage":"es-AR"},{"@type":"WebPage","@id":"https:\/\/www.fcejs.unsl.edu.ar\/index.php\/la-fcejs-gano-convocatoria-semilla-2023\/","url":"https:\/\/www.fcejs.unsl.edu.ar\/index.php\/la-fcejs-gano-convocatoria-semilla-2023\/","name":"La FCEJS gan\u00f3 la Convocatoria Semilla 2023 del \u201cPrograma argentino-alem\u00e1n para la promoci\u00f3n de Carreras Binacionales con doble titulaci\u00f3n\" - Facultad de Ciencias Econ\u00f3micas, Jur\u00ed\u00addicas y Sociales","isPartOf":{"@id":"https:\/\/www.fcejs.unsl.edu.ar\/#website"},"primaryImageOfPage":{"@id":"https:\/\/www.fcejs.unsl.edu.ar\/index.php\/la-fcejs-gano-convocatoria-semilla-2023\/#primaryimage"},"image":{"@id":"https:\/\/www.fcejs.unsl.edu.ar\/index.php\/la-fcejs-gano-convocatoria-semilla-2023\/#primaryimage"},"thumbnailUrl":"https:\/\/www.fcejs.unsl.edu.ar\/wp-content\/uploads\/2023\/09\/convocatoria-semilla-front.jpg","datePublished":"2023-09-28T15:54:35+00:00","dateModified":"2023-10-02T12:18:58+00:00","breadcrumb":{"@id":"https:\/\/www.fcejs.unsl.edu.ar\/index.php\/la-fcejs-gano-convocatoria-semilla-2023\/#breadcrumb"},"inLanguage":"es-AR","potentialAction":[{"@type":"ReadAction","target":["https:\/\/www.fcejs.unsl.edu.ar\/index.php\/la-fcejs-gano-convocatoria-semilla-2023\/"]}]},{"@type":"ImageObject","inLanguage":"es-AR","@id":"https:\/\/www.fcejs.unsl.edu.ar\/index.php\/la-fcejs-gano-convocatoria-semilla-2023\/#primaryimage","url":"https:\/\/www.fcejs.unsl.edu.ar\/wp-content\/uploads\/2023\/09\/convocatoria-semilla-front.jpg","contentUrl":"https:\/\/www.fcejs.unsl.edu.ar\/wp-content\/uploads\/2023\/09\/convocatoria-semilla-front.jpg","width":1152,"height":647},{"@type":"BreadcrumbList","@id":"https:\/\/www.fcejs.unsl.edu.ar\/index.php\/la-fcejs-gano-convocatoria-semilla-2023\/#breadcrumb","itemListElement":[{"@type":"ListItem","position":1,"name":"Inicio","item":"https:\/\/www.fcejs.unsl.edu.ar\/"},{"@type":"ListItem","position":2,"name":"La FCEJS gan\u00f3 la Convocatoria Semilla 2023 del \u201cPrograma argentino-alem\u00e1n para la promoci\u00f3n de Carreras Binacionales con doble titulaci\u00f3n&#8221;"}]},{"@type":"WebSite","@id":"https:\/\/www.fcejs.unsl.edu.ar\/#website","url":"https:\/\/www.fcejs.unsl.edu.ar\/","name":"Facultad de Ciencias Econ\u00f3micas, Jur\u00ed\u00addicas y Sociales","description":"","publisher":{"@id":"https:\/\/www.fcejs.unsl.edu.ar\/#organization"},"potentialAction":[{"@type":"SearchAction","target":{"@type":"EntryPoint","urlTemplate":"https:\/\/www.fcejs.unsl.edu.ar\/?s={search_term_string}"},"query-input":{"@type":"PropertyValueSpecification","valueRequired":true,"valueName":"search_term_string"}}],"inLanguage":"es-AR"},{"@type":"Organization","@id":"https:\/\/www.fcejs.unsl.edu.ar\/#organization","name":"Facultad de Ciencias Econ\u00f3micas, Jur\u00eddicas y Sociales","url":"https:\/\/www.fcejs.unsl.edu.ar\/","logo":{"@type":"ImageObject","inLanguage":"es-AR","@id":"https:\/\/www.fcejs.unsl.edu.ar\/#\/schema\/logo\/image\/","url":"https:\/\/www.fcejs.unsl.edu.ar\/wp-content\/uploads\/2021\/03\/logo-1.jpg","contentUrl":"https:\/\/www.fcejs.unsl.edu.ar\/wp-content\/uploads\/2021\/03\/logo-1.jpg","width":471,"height":146,"caption":"Facultad de Ciencias Econ\u00f3micas, Jur\u00eddicas y Sociales"},"image":{"@id":"https:\/\/www.fcejs.unsl.edu.ar\/#\/schema\/logo\/image\/"},"sameAs":["https:\/\/www.facebook.com\/FCEJS.UNSL\/","https:\/\/x.com\/FCEJSUNSL","https:\/\/www.instagram.com\/fcejs.unsl\/","https:\/\/www.youtube.com\/channel\/UCH-Ut6EaN_X5ogjIQMPe46g\/"]},{"@type":"Person","@id":"https:\/\/www.fcejs.unsl.edu.ar\/#\/schema\/person\/352ee6ed90c3f394c7cb5945f8956d34","name":"DATI"}]}},"jetpack_featured_media_url":"https:\/\/www.fcejs.unsl.edu.ar\/wp-content\/uploads\/2023\/09\/convocatoria-semilla-front.jpg","_links":{"self":[{"href":"https:\/\/www.fcejs.unsl.edu.ar\/index.php\/wp-json\/wp\/v2\/posts\/13584","targetHints":{"allow":["GET"]}}],"collection":[{"href":"https:\/\/www.fcejs.unsl.edu.ar\/index.php\/wp-json\/wp\/v2\/posts"}],"about":[{"href":"https:\/\/www.fcejs.unsl.edu.ar\/index.php\/wp-json\/wp\/v2\/types\/post"}],"author":[{"embeddable":true,"href":"https:\/\/www.fcejs.unsl.edu.ar\/index.php\/wp-json\/wp\/v2\/users\/9"}],"replies":[{"embeddable":true,"href":"https:\/\/www.fcejs.unsl.edu.ar\/index.php\/wp-json\/wp\/v2\/comments?post=13584"}],"version-history":[{"count":8,"href":"https:\/\/www.fcejs.unsl.edu.ar\/index.php\/wp-json\/wp\/v2\/posts\/13584\/revisions"}],"predecessor-version":[{"id":13596,"href":"https:\/\/www.fcejs.unsl.edu.ar\/index.php\/wp-json\/wp\/v2\/posts\/13584\/revisions\/13596"}],"wp:featuredmedia":[{"embeddable":true,"href":"https:\/\/www.fcejs.unsl.edu.ar\/index.php\/wp-json\/wp\/v2\/media\/13588"}],"wp:attachment":[{"href":"https:\/\/www.fcejs.unsl.edu.ar\/index.php\/wp-json\/wp\/v2\/media?parent=13584"}],"wp:term":[{"taxonomy":"category","embeddable":true,"href":"https:\/\/www.fcejs.unsl.edu.ar\/index.php\/wp-json\/wp\/v2\/categories?post=13584"},{"taxonomy":"post_tag","embeddable":true,"href":"https:\/\/www.fcejs.unsl.edu.ar\/index.php\/wp-json\/wp\/v2\/tags?post=13584"}],"curies":[{"name":"wp","href":"https:\/\/api.w.org\/{rel}","templated":true}]}}