{"id":13565,"date":"2023-09-24T14:40:21","date_gmt":"2023-09-24T17:40:21","guid":{"rendered":"http:\/\/10.101.10.197\/www\/?p=13565"},"modified":"2023-10-02T09:19:16","modified_gmt":"2023-10-02T12:19:16","slug":"conversatorio-sderechos-de-ninos-ninas-y-adolescentes","status":"publish","type":"post","link":"https:\/\/www.fcejs.unsl.edu.ar\/index.php\/conversatorio-sderechos-de-ninos-ninas-y-adolescentes\/","title":{"rendered":"Conversatorio sobre la Reconversi\u00f3n de titularidad de la AUH\/AFH, Pensi\u00f3n no contributiva y Ley de Reparaci\u00f3n econ\u00f3mica"},"content":{"rendered":"<p>La Secretar\u00eda de Extensi\u00f3n Universitaria invita al Conversatorio \u201cAcercando derechos de ni\u00f1os, ni\u00f1as y adolescentes desde el Trabajo Social: \u00bfQu\u00e9 debemos saber sobre la Reconversi\u00f3n de titularidad de la AUH\/AFH, Pensi\u00f3n no contributiva y Ley de Reparaci\u00f3n econ\u00f3mica?\u201d, que estar\u00e1 a cargo de la Referente Provincial de la DNSP de la Secretaria Nacional de Ni\u00f1ez, Adolescencia y Familia, Licenciada Claudia Videla.<\/p>\n<p>Estos encuentros son destinados a profesionales y estudiantes avanzados\/as de la Licenciatura en Trabajo Social y carreras afines a la tem\u00e1tica. La actualizaci\u00f3n ser\u00e1 dictada en dos ciclos, uno presencial y otro virtual. Se otorgar\u00e1n certificados de asistencia a quienes cumplan con una dos los dos ciclos completos acorde al siguiente cronograma:<\/p>\n<p>Encuentros presenciales para residentes en Villa Mercedes:<\/p>\n<ul>\n<li>D\u00eda: martes 26 de septiembre y martes 3 de octubre<\/li>\n<li>Horario: 18hs<\/li>\n<li>Lugar: Instituto Escuela de Econom\u00eda, Negocios y Transferencia Tecnol\u00f3gica de la FCEJS. Pescadores 314 &#8211; Villa Mercedes<\/li>\n<\/ul>\n<p>Encuentros virtuales sincr\u00f3nicos para residentes en el interior de la Provincia:<\/p>\n<ul>\n<li>D\u00eda: \u00a0jueves 28 de septiembre y jueves 5 de octubre<\/li>\n<li>Horario: 18hs<\/li>\n<\/ul>\n<p>Desde la intervenci\u00f3n profesional se plantea la necesidad de socializar la informaci\u00f3n de las herramientas que brindan las pol\u00edticas p\u00fablicas orientadas al acceso a derecho y ampliaci\u00f3n de ciudadan\u00eda tomando como base la Ley Federal de Trabajo Social 27.072, la Ley 24 463 de la Reformas del sistema Jubilatorio y Pensiones; la Asignaci\u00f3n Universal por Hija e Hijo (AUH) y la Ley 27.452 de Reparaci\u00f3n econ\u00f3mica de ni\u00f1as, ni\u00f1os y\/o adolescentes.<\/p>\n<p>Esta actualizaci\u00f3n plantea que los asistentes conozcan y sean actualizados sobre la legislaci\u00f3n del Sistema Integrado de Jubilaciones y Pensiones. Propiciar\u00e1 una instancia de informaci\u00f3n y profundizaci\u00f3n sobre la implementaci\u00f3n de estas pol\u00edticas p\u00fablicas: documentaci\u00f3n, incompatibilidades, circuitos administrativos.<\/p>\n<p>Esta actividad es coordinada por la Lic. Yolanda Esther Hoyo y es coorganizando por el Colegio de Profesionales de Servicio Social de la Provincia de San Luis y Secretar\u00eda de Extensi\u00f3n Universitaria FCEJS.<\/p>\n<p>Aquellos interesados en participar deber\u00e1n inscribirse en el siguiente enlace:<\/p>\n<h3 style=\"text-align: center;\"><strong><span style=\"color: #0000ff;\"><a style=\"color: #0000ff;\" href=\"https:\/\/forms.gle\/YP6LaFTJ1UsKjVtbA\" target=\"_blank\" rel=\"noopener\">INSCRIPCIONES<\/a><\/span><\/strong><\/h3>\n<p>&nbsp;<\/p>\n<p>&nbsp;<\/p>\n","protected":false},"excerpt":{"rendered":"<p>La Secretar\u00eda de Extensi\u00f3n Universitaria invita al Conversatorio \u201cAcercando derechos de ni\u00f1os, ni\u00f1as y adolescentes desde el Trabajo Social: \u00bfQu\u00e9 debemos saber sobre la Reconversi\u00f3n&hellip;<\/p>\n","protected":false},"author":9,"featured_media":13566,"comment_status":"closed","ping_status":"closed","sticky":false,"template":"","format":"standard","meta":{"om_disable_all_campaigns":false,"_monsterinsights_skip_tracking":false,"_monsterinsights_sitenote_active":false,"_monsterinsights_sitenote_note":"","_monsterinsights_sitenote_category":0,"footnotes":""},"categories":[1],"tags":[],"class_list":["post-13565","post","type-post","status-publish","format-standard","has-post-thumbnail","hentry","category-noticias"],"yoast_head":"<!-- This site is optimized with the Yoast SEO plugin v27.4 - https:\/\/yoast.com\/product\/yoast-seo-wordpress\/ -->\n<title>Conversatorio sobre la Reconversi\u00f3n de titularidad de la AUH\/AFH, Pensi\u00f3n no contributiva y Ley de Reparaci\u00f3n econ\u00f3mica - Facultad de Ciencias Econ\u00f3micas, Jur\u00ed\u00addicas y Sociales<\/title>\n<meta name=\"robots\" content=\"index, follow, max-snippet:-1, max-image-preview:large, max-video-preview:-1\" \/>\n<link rel=\"canonical\" href=\"https:\/\/www.fcejs.unsl.edu.ar\/index.php\/conversatorio-sderechos-de-ninos-ninas-y-adolescentes\/\" \/>\n<meta property=\"og:locale\" content=\"es_ES\" \/>\n<meta property=\"og:type\" content=\"article\" \/>\n<meta property=\"og:title\" content=\"Conversatorio sobre la Reconversi\u00f3n de titularidad de la AUH\/AFH, Pensi\u00f3n no contributiva y Ley de Reparaci\u00f3n econ\u00f3mica - Facultad de Ciencias Econ\u00f3micas, Jur\u00ed\u00addicas y Sociales\" \/>\n<meta property=\"og:description\" content=\"La Secretar\u00eda de Extensi\u00f3n Universitaria invita al Conversatorio \u201cAcercando derechos de ni\u00f1os, ni\u00f1as y adolescentes desde el Trabajo Social: \u00bfQu\u00e9 debemos saber sobre la Reconversi\u00f3n&hellip;\" \/>\n<meta property=\"og:url\" content=\"https:\/\/www.fcejs.unsl.edu.ar\/index.php\/conversatorio-sderechos-de-ninos-ninas-y-adolescentes\/\" \/>\n<meta property=\"og:site_name\" content=\"Facultad de Ciencias Econ\u00f3micas, Jur\u00ed\u00addicas y Sociales\" \/>\n<meta property=\"article:publisher\" content=\"https:\/\/www.facebook.com\/FCEJS.UNSL\/\" \/>\n<meta property=\"article:published_time\" content=\"2023-09-24T17:40:21+00:00\" \/>\n<meta property=\"article:modified_time\" content=\"2023-10-02T12:19:16+00:00\" \/>\n<meta property=\"og:image\" content=\"https:\/\/www.fcejs.unsl.edu.ar\/wp-content\/uploads\/2023\/09\/DERECHOS-NINXS_front.jpg\" \/>\n\t<meta property=\"og:image:width\" content=\"1151\" \/>\n\t<meta property=\"og:image:height\" content=\"644\" \/>\n\t<meta property=\"og:image:type\" content=\"image\/jpeg\" \/>\n<meta name=\"author\" content=\"DATI\" \/>\n<meta name=\"twitter:card\" content=\"summary_large_image\" \/>\n<meta name=\"twitter:creator\" content=\"@FCEJSUNSL\" \/>\n<meta name=\"twitter:site\" content=\"@FCEJSUNSL\" \/>\n<meta name=\"twitter:label1\" content=\"Escrito por\" \/>\n\t<meta name=\"twitter:data1\" content=\"DATI\" \/>\n\t<meta name=\"twitter:label2\" content=\"Tiempo de lectura\" \/>\n\t<meta name=\"twitter:data2\" content=\"2 minutos\" \/>\n<script type=\"application\/ld+json\" class=\"yoast-schema-graph\">{\"@context\":\"https:\\\/\\\/schema.org\",\"@graph\":[{\"@type\":\"Article\",\"@id\":\"https:\\\/\\\/www.fcejs.unsl.edu.ar\\\/index.php\\\/conversatorio-sderechos-de-ninos-ninas-y-adolescentes\\\/#article\",\"isPartOf\":{\"@id\":\"https:\\\/\\\/www.fcejs.unsl.edu.ar\\\/index.php\\\/conversatorio-sderechos-de-ninos-ninas-y-adolescentes\\\/\"},\"author\":{\"name\":\"DATI\",\"@id\":\"https:\\\/\\\/www.fcejs.unsl.edu.ar\\\/#\\\/schema\\\/person\\\/352ee6ed90c3f394c7cb5945f8956d34\"},\"headline\":\"Conversatorio sobre la Reconversi\u00f3n de titularidad de la AUH\\\/AFH, Pensi\u00f3n no contributiva y Ley de Reparaci\u00f3n econ\u00f3mica\",\"datePublished\":\"2023-09-24T17:40:21+00:00\",\"dateModified\":\"2023-10-02T12:19:16+00:00\",\"mainEntityOfPage\":{\"@id\":\"https:\\\/\\\/www.fcejs.unsl.edu.ar\\\/index.php\\\/conversatorio-sderechos-de-ninos-ninas-y-adolescentes\\\/\"},\"wordCount\":382,\"publisher\":{\"@id\":\"https:\\\/\\\/www.fcejs.unsl.edu.ar\\\/#organization\"},\"image\":{\"@id\":\"https:\\\/\\\/www.fcejs.unsl.edu.ar\\\/index.php\\\/conversatorio-sderechos-de-ninos-ninas-y-adolescentes\\\/#primaryimage\"},\"thumbnailUrl\":\"https:\\\/\\\/www.fcejs.unsl.edu.ar\\\/wp-content\\\/uploads\\\/2023\\\/09\\\/DERECHOS-NINXS_front.jpg\",\"articleSection\":[\"Noticias\"],\"inLanguage\":\"es-AR\"},{\"@type\":\"WebPage\",\"@id\":\"https:\\\/\\\/www.fcejs.unsl.edu.ar\\\/index.php\\\/conversatorio-sderechos-de-ninos-ninas-y-adolescentes\\\/\",\"url\":\"https:\\\/\\\/www.fcejs.unsl.edu.ar\\\/index.php\\\/conversatorio-sderechos-de-ninos-ninas-y-adolescentes\\\/\",\"name\":\"Conversatorio sobre la Reconversi\u00f3n de titularidad de la AUH\\\/AFH, Pensi\u00f3n no contributiva y Ley de Reparaci\u00f3n econ\u00f3mica - Facultad de Ciencias Econ\u00f3micas, Jur\u00ed\u00addicas y Sociales\",\"isPartOf\":{\"@id\":\"https:\\\/\\\/www.fcejs.unsl.edu.ar\\\/#website\"},\"primaryImageOfPage\":{\"@id\":\"https:\\\/\\\/www.fcejs.unsl.edu.ar\\\/index.php\\\/conversatorio-sderechos-de-ninos-ninas-y-adolescentes\\\/#primaryimage\"},\"image\":{\"@id\":\"https:\\\/\\\/www.fcejs.unsl.edu.ar\\\/index.php\\\/conversatorio-sderechos-de-ninos-ninas-y-adolescentes\\\/#primaryimage\"},\"thumbnailUrl\":\"https:\\\/\\\/www.fcejs.unsl.edu.ar\\\/wp-content\\\/uploads\\\/2023\\\/09\\\/DERECHOS-NINXS_front.jpg\",\"datePublished\":\"2023-09-24T17:40:21+00:00\",\"dateModified\":\"2023-10-02T12:19:16+00:00\",\"breadcrumb\":{\"@id\":\"https:\\\/\\\/www.fcejs.unsl.edu.ar\\\/index.php\\\/conversatorio-sderechos-de-ninos-ninas-y-adolescentes\\\/#breadcrumb\"},\"inLanguage\":\"es-AR\",\"potentialAction\":[{\"@type\":\"ReadAction\",\"target\":[\"https:\\\/\\\/www.fcejs.unsl.edu.ar\\\/index.php\\\/conversatorio-sderechos-de-ninos-ninas-y-adolescentes\\\/\"]}]},{\"@type\":\"ImageObject\",\"inLanguage\":\"es-AR\",\"@id\":\"https:\\\/\\\/www.fcejs.unsl.edu.ar\\\/index.php\\\/conversatorio-sderechos-de-ninos-ninas-y-adolescentes\\\/#primaryimage\",\"url\":\"https:\\\/\\\/www.fcejs.unsl.edu.ar\\\/wp-content\\\/uploads\\\/2023\\\/09\\\/DERECHOS-NINXS_front.jpg\",\"contentUrl\":\"https:\\\/\\\/www.fcejs.unsl.edu.ar\\\/wp-content\\\/uploads\\\/2023\\\/09\\\/DERECHOS-NINXS_front.jpg\",\"width\":1151,\"height\":644},{\"@type\":\"BreadcrumbList\",\"@id\":\"https:\\\/\\\/www.fcejs.unsl.edu.ar\\\/index.php\\\/conversatorio-sderechos-de-ninos-ninas-y-adolescentes\\\/#breadcrumb\",\"itemListElement\":[{\"@type\":\"ListItem\",\"position\":1,\"name\":\"Inicio\",\"item\":\"https:\\\/\\\/www.fcejs.unsl.edu.ar\\\/\"},{\"@type\":\"ListItem\",\"position\":2,\"name\":\"Conversatorio sobre la Reconversi\u00f3n de titularidad de la AUH\\\/AFH, Pensi\u00f3n no contributiva y Ley de Reparaci\u00f3n econ\u00f3mica\"}]},{\"@type\":\"WebSite\",\"@id\":\"https:\\\/\\\/www.fcejs.unsl.edu.ar\\\/#website\",\"url\":\"https:\\\/\\\/www.fcejs.unsl.edu.ar\\\/\",\"name\":\"Facultad de Ciencias Econ\u00f3micas, Jur\u00ed\u00addicas y Sociales\",\"description\":\"\",\"publisher\":{\"@id\":\"https:\\\/\\\/www.fcejs.unsl.edu.ar\\\/#organization\"},\"potentialAction\":[{\"@type\":\"SearchAction\",\"target\":{\"@type\":\"EntryPoint\",\"urlTemplate\":\"https:\\\/\\\/www.fcejs.unsl.edu.ar\\\/?s={search_term_string}\"},\"query-input\":{\"@type\":\"PropertyValueSpecification\",\"valueRequired\":true,\"valueName\":\"search_term_string\"}}],\"inLanguage\":\"es-AR\"},{\"@type\":\"Organization\",\"@id\":\"https:\\\/\\\/www.fcejs.unsl.edu.ar\\\/#organization\",\"name\":\"Facultad de Ciencias Econ\u00f3micas, Jur\u00eddicas y Sociales\",\"url\":\"https:\\\/\\\/www.fcejs.unsl.edu.ar\\\/\",\"logo\":{\"@type\":\"ImageObject\",\"inLanguage\":\"es-AR\",\"@id\":\"https:\\\/\\\/www.fcejs.unsl.edu.ar\\\/#\\\/schema\\\/logo\\\/image\\\/\",\"url\":\"https:\\\/\\\/www.fcejs.unsl.edu.ar\\\/wp-content\\\/uploads\\\/2021\\\/03\\\/logo-1.jpg\",\"contentUrl\":\"https:\\\/\\\/www.fcejs.unsl.edu.ar\\\/wp-content\\\/uploads\\\/2021\\\/03\\\/logo-1.jpg\",\"width\":471,\"height\":146,\"caption\":\"Facultad de Ciencias Econ\u00f3micas, Jur\u00eddicas y Sociales\"},\"image\":{\"@id\":\"https:\\\/\\\/www.fcejs.unsl.edu.ar\\\/#\\\/schema\\\/logo\\\/image\\\/\"},\"sameAs\":[\"https:\\\/\\\/www.facebook.com\\\/FCEJS.UNSL\\\/\",\"https:\\\/\\\/x.com\\\/FCEJSUNSL\",\"https:\\\/\\\/www.instagram.com\\\/fcejs.unsl\\\/\",\"https:\\\/\\\/www.youtube.com\\\/channel\\\/UCH-Ut6EaN_X5ogjIQMPe46g\\\/\"]},{\"@type\":\"Person\",\"@id\":\"https:\\\/\\\/www.fcejs.unsl.edu.ar\\\/#\\\/schema\\\/person\\\/352ee6ed90c3f394c7cb5945f8956d34\",\"name\":\"DATI\"}]}<\/script>\n<!-- \/ Yoast SEO plugin. -->","yoast_head_json":{"title":"Conversatorio sobre la Reconversi\u00f3n de titularidad de la AUH\/AFH, Pensi\u00f3n no contributiva y Ley de Reparaci\u00f3n econ\u00f3mica - Facultad de Ciencias Econ\u00f3micas, Jur\u00ed\u00addicas y Sociales","robots":{"index":"index","follow":"follow","max-snippet":"max-snippet:-1","max-image-preview":"max-image-preview:large","max-video-preview":"max-video-preview:-1"},"canonical":"https:\/\/www.fcejs.unsl.edu.ar\/index.php\/conversatorio-sderechos-de-ninos-ninas-y-adolescentes\/","og_locale":"es_ES","og_type":"article","og_title":"Conversatorio sobre la Reconversi\u00f3n de titularidad de la AUH\/AFH, Pensi\u00f3n no contributiva y Ley de Reparaci\u00f3n econ\u00f3mica - Facultad de Ciencias Econ\u00f3micas, Jur\u00ed\u00addicas y Sociales","og_description":"La Secretar\u00eda de Extensi\u00f3n Universitaria invita al Conversatorio \u201cAcercando derechos de ni\u00f1os, ni\u00f1as y adolescentes desde el Trabajo Social: \u00bfQu\u00e9 debemos saber sobre la Reconversi\u00f3n&hellip;","og_url":"https:\/\/www.fcejs.unsl.edu.ar\/index.php\/conversatorio-sderechos-de-ninos-ninas-y-adolescentes\/","og_site_name":"Facultad de Ciencias Econ\u00f3micas, Jur\u00ed\u00addicas y Sociales","article_publisher":"https:\/\/www.facebook.com\/FCEJS.UNSL\/","article_published_time":"2023-09-24T17:40:21+00:00","article_modified_time":"2023-10-02T12:19:16+00:00","og_image":[{"width":1151,"height":644,"url":"https:\/\/www.fcejs.unsl.edu.ar\/wp-content\/uploads\/2023\/09\/DERECHOS-NINXS_front.jpg","type":"image\/jpeg"}],"author":"DATI","twitter_card":"summary_large_image","twitter_creator":"@FCEJSUNSL","twitter_site":"@FCEJSUNSL","twitter_misc":{"Escrito por":"DATI","Tiempo de lectura":"2 minutos"},"schema":{"@context":"https:\/\/schema.org","@graph":[{"@type":"Article","@id":"https:\/\/www.fcejs.unsl.edu.ar\/index.php\/conversatorio-sderechos-de-ninos-ninas-y-adolescentes\/#article","isPartOf":{"@id":"https:\/\/www.fcejs.unsl.edu.ar\/index.php\/conversatorio-sderechos-de-ninos-ninas-y-adolescentes\/"},"author":{"name":"DATI","@id":"https:\/\/www.fcejs.unsl.edu.ar\/#\/schema\/person\/352ee6ed90c3f394c7cb5945f8956d34"},"headline":"Conversatorio sobre la Reconversi\u00f3n de titularidad de la AUH\/AFH, Pensi\u00f3n no contributiva y Ley de Reparaci\u00f3n econ\u00f3mica","datePublished":"2023-09-24T17:40:21+00:00","dateModified":"2023-10-02T12:19:16+00:00","mainEntityOfPage":{"@id":"https:\/\/www.fcejs.unsl.edu.ar\/index.php\/conversatorio-sderechos-de-ninos-ninas-y-adolescentes\/"},"wordCount":382,"publisher":{"@id":"https:\/\/www.fcejs.unsl.edu.ar\/#organization"},"image":{"@id":"https:\/\/www.fcejs.unsl.edu.ar\/index.php\/conversatorio-sderechos-de-ninos-ninas-y-adolescentes\/#primaryimage"},"thumbnailUrl":"https:\/\/www.fcejs.unsl.edu.ar\/wp-content\/uploads\/2023\/09\/DERECHOS-NINXS_front.jpg","articleSection":["Noticias"],"inLanguage":"es-AR"},{"@type":"WebPage","@id":"https:\/\/www.fcejs.unsl.edu.ar\/index.php\/conversatorio-sderechos-de-ninos-ninas-y-adolescentes\/","url":"https:\/\/www.fcejs.unsl.edu.ar\/index.php\/conversatorio-sderechos-de-ninos-ninas-y-adolescentes\/","name":"Conversatorio sobre la Reconversi\u00f3n de titularidad de la AUH\/AFH, Pensi\u00f3n no contributiva y Ley de Reparaci\u00f3n econ\u00f3mica - Facultad de Ciencias Econ\u00f3micas, Jur\u00ed\u00addicas y Sociales","isPartOf":{"@id":"https:\/\/www.fcejs.unsl.edu.ar\/#website"},"primaryImageOfPage":{"@id":"https:\/\/www.fcejs.unsl.edu.ar\/index.php\/conversatorio-sderechos-de-ninos-ninas-y-adolescentes\/#primaryimage"},"image":{"@id":"https:\/\/www.fcejs.unsl.edu.ar\/index.php\/conversatorio-sderechos-de-ninos-ninas-y-adolescentes\/#primaryimage"},"thumbnailUrl":"https:\/\/www.fcejs.unsl.edu.ar\/wp-content\/uploads\/2023\/09\/DERECHOS-NINXS_front.jpg","datePublished":"2023-09-24T17:40:21+00:00","dateModified":"2023-10-02T12:19:16+00:00","breadcrumb":{"@id":"https:\/\/www.fcejs.unsl.edu.ar\/index.php\/conversatorio-sderechos-de-ninos-ninas-y-adolescentes\/#breadcrumb"},"inLanguage":"es-AR","potentialAction":[{"@type":"ReadAction","target":["https:\/\/www.fcejs.unsl.edu.ar\/index.php\/conversatorio-sderechos-de-ninos-ninas-y-adolescentes\/"]}]},{"@type":"ImageObject","inLanguage":"es-AR","@id":"https:\/\/www.fcejs.unsl.edu.ar\/index.php\/conversatorio-sderechos-de-ninos-ninas-y-adolescentes\/#primaryimage","url":"https:\/\/www.fcejs.unsl.edu.ar\/wp-content\/uploads\/2023\/09\/DERECHOS-NINXS_front.jpg","contentUrl":"https:\/\/www.fcejs.unsl.edu.ar\/wp-content\/uploads\/2023\/09\/DERECHOS-NINXS_front.jpg","width":1151,"height":644},{"@type":"BreadcrumbList","@id":"https:\/\/www.fcejs.unsl.edu.ar\/index.php\/conversatorio-sderechos-de-ninos-ninas-y-adolescentes\/#breadcrumb","itemListElement":[{"@type":"ListItem","position":1,"name":"Inicio","item":"https:\/\/www.fcejs.unsl.edu.ar\/"},{"@type":"ListItem","position":2,"name":"Conversatorio sobre la Reconversi\u00f3n de titularidad de la AUH\/AFH, Pensi\u00f3n no contributiva y Ley de Reparaci\u00f3n econ\u00f3mica"}]},{"@type":"WebSite","@id":"https:\/\/www.fcejs.unsl.edu.ar\/#website","url":"https:\/\/www.fcejs.unsl.edu.ar\/","name":"Facultad de Ciencias Econ\u00f3micas, Jur\u00ed\u00addicas y Sociales","description":"","publisher":{"@id":"https:\/\/www.fcejs.unsl.edu.ar\/#organization"},"potentialAction":[{"@type":"SearchAction","target":{"@type":"EntryPoint","urlTemplate":"https:\/\/www.fcejs.unsl.edu.ar\/?s={search_term_string}"},"query-input":{"@type":"PropertyValueSpecification","valueRequired":true,"valueName":"search_term_string"}}],"inLanguage":"es-AR"},{"@type":"Organization","@id":"https:\/\/www.fcejs.unsl.edu.ar\/#organization","name":"Facultad de Ciencias Econ\u00f3micas, Jur\u00eddicas y Sociales","url":"https:\/\/www.fcejs.unsl.edu.ar\/","logo":{"@type":"ImageObject","inLanguage":"es-AR","@id":"https:\/\/www.fcejs.unsl.edu.ar\/#\/schema\/logo\/image\/","url":"https:\/\/www.fcejs.unsl.edu.ar\/wp-content\/uploads\/2021\/03\/logo-1.jpg","contentUrl":"https:\/\/www.fcejs.unsl.edu.ar\/wp-content\/uploads\/2021\/03\/logo-1.jpg","width":471,"height":146,"caption":"Facultad de Ciencias Econ\u00f3micas, Jur\u00eddicas y Sociales"},"image":{"@id":"https:\/\/www.fcejs.unsl.edu.ar\/#\/schema\/logo\/image\/"},"sameAs":["https:\/\/www.facebook.com\/FCEJS.UNSL\/","https:\/\/x.com\/FCEJSUNSL","https:\/\/www.instagram.com\/fcejs.unsl\/","https:\/\/www.youtube.com\/channel\/UCH-Ut6EaN_X5ogjIQMPe46g\/"]},{"@type":"Person","@id":"https:\/\/www.fcejs.unsl.edu.ar\/#\/schema\/person\/352ee6ed90c3f394c7cb5945f8956d34","name":"DATI"}]}},"jetpack_featured_media_url":"https:\/\/www.fcejs.unsl.edu.ar\/wp-content\/uploads\/2023\/09\/DERECHOS-NINXS_front.jpg","_links":{"self":[{"href":"https:\/\/www.fcejs.unsl.edu.ar\/index.php\/wp-json\/wp\/v2\/posts\/13565","targetHints":{"allow":["GET"]}}],"collection":[{"href":"https:\/\/www.fcejs.unsl.edu.ar\/index.php\/wp-json\/wp\/v2\/posts"}],"about":[{"href":"https:\/\/www.fcejs.unsl.edu.ar\/index.php\/wp-json\/wp\/v2\/types\/post"}],"author":[{"embeddable":true,"href":"https:\/\/www.fcejs.unsl.edu.ar\/index.php\/wp-json\/wp\/v2\/users\/9"}],"replies":[{"embeddable":true,"href":"https:\/\/www.fcejs.unsl.edu.ar\/index.php\/wp-json\/wp\/v2\/comments?post=13565"}],"version-history":[{"count":5,"href":"https:\/\/www.fcejs.unsl.edu.ar\/index.php\/wp-json\/wp\/v2\/posts\/13565\/revisions"}],"predecessor-version":[{"id":13583,"href":"https:\/\/www.fcejs.unsl.edu.ar\/index.php\/wp-json\/wp\/v2\/posts\/13565\/revisions\/13583"}],"wp:featuredmedia":[{"embeddable":true,"href":"https:\/\/www.fcejs.unsl.edu.ar\/index.php\/wp-json\/wp\/v2\/media\/13566"}],"wp:attachment":[{"href":"https:\/\/www.fcejs.unsl.edu.ar\/index.php\/wp-json\/wp\/v2\/media?parent=13565"}],"wp:term":[{"taxonomy":"category","embeddable":true,"href":"https:\/\/www.fcejs.unsl.edu.ar\/index.php\/wp-json\/wp\/v2\/categories?post=13565"},{"taxonomy":"post_tag","embeddable":true,"href":"https:\/\/www.fcejs.unsl.edu.ar\/index.php\/wp-json\/wp\/v2\/tags?post=13565"}],"curies":[{"name":"wp","href":"https:\/\/api.w.org\/{rel}","templated":true}]}}