{"id":13562,"date":"2023-09-24T14:24:21","date_gmt":"2023-09-24T17:24:21","guid":{"rendered":"http:\/\/10.101.10.197\/www\/?p=13562"},"modified":"2023-09-26T09:26:34","modified_gmt":"2023-09-26T12:26:34","slug":"charla-debato-sobre-los-derechos-sobre-malvinas-y-antartida","status":"publish","type":"post","link":"https:\/\/www.fcejs.unsl.edu.ar\/index.php\/charla-debato-sobre-los-derechos-sobre-malvinas-y-antartida\/","title":{"rendered":"Charla \u2013 debate sobre los \u201cderechos de nuestro pa\u00eds sobre Malvinas y Ant\u00e1rtida y la delimitaci\u00f3n de las fronteras con los pa\u00edses vecinos\u201d"},"content":{"rendered":"<p>La Secretar\u00eda de Extensi\u00f3n Universitaria informa que el pr\u00f3ximo 25 de septiembre se llevar\u00e1 a cabo Charla \u2013 Debate: \u201cCuestiones territoriales argentinas: Los derechos de nuestro pa\u00eds sobre Malvinas y Ant\u00e1rtida y la delimitaci\u00f3n de las fronteras con los pa\u00edses vecinos\u201d, actividad destinada a estudiantes de Abogac\u00eda que cursen o hayan cursado la asignatura \u201cDerecho Internacional P\u00fablico y de la Integraci\u00f3n\u201d.<\/p>\n<p>La charla \u2013debate tendr\u00e1 lugar a partir de las 15 horas en el Aula de Posgrado del Campus Universitario. Estar\u00e1 a cargo de Carlos Germ\u00e1n Viecens, Gustavo Eduardo Garc\u00eda y Claudio Rub\u00e9n D\u00edaz.<\/p>\n<p>Si bien, dentro de la asignatura \u201cDerecho Internacional P\u00fablico y de la Integraci\u00f3n\u201d, perteneciente a la carrera de Abogac\u00eda de la FCEJS se analizan cuestiones vinculadas a los reclamos del pa\u00eds sobre los territorios australes, se considera que deber\u00eda existir la posibilidad de que estas discusiones puedan estar abiertas al p\u00fablico en general. De all\u00ed que las posibilidades de poder profundizar un tema tan caro a los sentimientos argentinos se circunscriben a las pocas horas que la curr\u00edcula de la materia y de la carrera permite desarrollar como es el de Malvinas. De all\u00ed que la posibilidad de generar un espacio adicional en el que los estudiantes interesados puedan participar, no solo discutiendo argumentos jur\u00eddicos \u2013 pol\u00edticos vinculados a los derechos argentinos sobre los territorios irredentos y sobre la Ant\u00e1rtida, sino tambi\u00e9n tomando conciencia de las disputas hist\u00f3ricas que nuestro pa\u00eds ha mantenido a lo largo del tiempo para lograr delimitar sus fronteras actuales y que tienen su punto de inicio una vez lograda la independencia.<\/p>\n<p>Por este motivo esta actividad busca que los estudiantes y el p\u00fablico en general puedan redimensionar la importancia que la extensi\u00f3n territorial de Argentina- uno de los ocho pa\u00edses m\u00e1s grandes del mundo- tiene actualmente en cuanto a reclamos pendientes, pero tambi\u00e9n en cuanto a los procesos que se debieron atravesar para lograr su consolidaci\u00f3n, no siempre pac\u00edfica o ajena a tensiones bilaterales.<\/p>\n","protected":false},"excerpt":{"rendered":"<p>La Secretar\u00eda de Extensi\u00f3n Universitaria informa que el pr\u00f3ximo 25 de septiembre se llevar\u00e1 a cabo Charla \u2013 Debate: \u201cCuestiones territoriales argentinas: Los derechos de&hellip;<\/p>\n","protected":false},"author":9,"featured_media":13563,"comment_status":"closed","ping_status":"closed","sticky":false,"template":"","format":"standard","meta":{"om_disable_all_campaigns":false,"_monsterinsights_skip_tracking":false,"_monsterinsights_sitenote_active":false,"_monsterinsights_sitenote_note":"","_monsterinsights_sitenote_category":0,"footnotes":""},"categories":[1],"tags":[],"class_list":["post-13562","post","type-post","status-publish","format-standard","has-post-thumbnail","hentry","category-noticias"],"yoast_head":"<!-- This site is optimized with the Yoast SEO plugin v27.4 - https:\/\/yoast.com\/product\/yoast-seo-wordpress\/ -->\n<title>Charla \u2013 debate sobre los \u201cderechos de nuestro pa\u00eds sobre Malvinas y Ant\u00e1rtida y la delimitaci\u00f3n de las fronteras con los pa\u00edses vecinos\u201d - Facultad de Ciencias Econ\u00f3micas, Jur\u00ed\u00addicas y Sociales<\/title>\n<meta name=\"robots\" content=\"index, follow, max-snippet:-1, max-image-preview:large, max-video-preview:-1\" \/>\n<link rel=\"canonical\" href=\"https:\/\/www.fcejs.unsl.edu.ar\/index.php\/charla-debato-sobre-los-derechos-sobre-malvinas-y-antartida\/\" \/>\n<meta property=\"og:locale\" content=\"es_ES\" \/>\n<meta property=\"og:type\" content=\"article\" \/>\n<meta property=\"og:title\" content=\"Charla \u2013 debate sobre los \u201cderechos de nuestro pa\u00eds sobre Malvinas y Ant\u00e1rtida y la delimitaci\u00f3n de las fronteras con los pa\u00edses vecinos\u201d - Facultad de Ciencias Econ\u00f3micas, Jur\u00ed\u00addicas y Sociales\" \/>\n<meta property=\"og:description\" content=\"La Secretar\u00eda de Extensi\u00f3n Universitaria informa que el pr\u00f3ximo 25 de septiembre se llevar\u00e1 a cabo Charla \u2013 Debate: \u201cCuestiones territoriales argentinas: Los derechos de&hellip;\" \/>\n<meta property=\"og:url\" content=\"https:\/\/www.fcejs.unsl.edu.ar\/index.php\/charla-debato-sobre-los-derechos-sobre-malvinas-y-antartida\/\" \/>\n<meta property=\"og:site_name\" content=\"Facultad de Ciencias Econ\u00f3micas, Jur\u00ed\u00addicas y Sociales\" \/>\n<meta property=\"article:publisher\" content=\"https:\/\/www.facebook.com\/FCEJS.UNSL\/\" \/>\n<meta property=\"article:published_time\" content=\"2023-09-24T17:24:21+00:00\" \/>\n<meta property=\"article:modified_time\" content=\"2023-09-26T12:26:34+00:00\" \/>\n<meta property=\"og:image\" content=\"https:\/\/www.fcejs.unsl.edu.ar\/wp-content\/uploads\/2023\/09\/TERRITORIO_front.jpg\" \/>\n\t<meta property=\"og:image:width\" content=\"1151\" \/>\n\t<meta property=\"og:image:height\" content=\"644\" \/>\n\t<meta property=\"og:image:type\" content=\"image\/jpeg\" \/>\n<meta name=\"author\" content=\"DATI\" \/>\n<meta name=\"twitter:card\" content=\"summary_large_image\" \/>\n<meta name=\"twitter:creator\" content=\"@FCEJSUNSL\" \/>\n<meta name=\"twitter:site\" content=\"@FCEJSUNSL\" \/>\n<meta name=\"twitter:label1\" content=\"Escrito por\" \/>\n\t<meta name=\"twitter:data1\" content=\"DATI\" \/>\n\t<meta name=\"twitter:label2\" content=\"Tiempo de lectura\" \/>\n\t<meta name=\"twitter:data2\" content=\"2 minutos\" \/>\n<script type=\"application\/ld+json\" class=\"yoast-schema-graph\">{\"@context\":\"https:\\\/\\\/schema.org\",\"@graph\":[{\"@type\":\"Article\",\"@id\":\"https:\\\/\\\/www.fcejs.unsl.edu.ar\\\/index.php\\\/charla-debato-sobre-los-derechos-sobre-malvinas-y-antartida\\\/#article\",\"isPartOf\":{\"@id\":\"https:\\\/\\\/www.fcejs.unsl.edu.ar\\\/index.php\\\/charla-debato-sobre-los-derechos-sobre-malvinas-y-antartida\\\/\"},\"author\":{\"name\":\"DATI\",\"@id\":\"https:\\\/\\\/www.fcejs.unsl.edu.ar\\\/#\\\/schema\\\/person\\\/352ee6ed90c3f394c7cb5945f8956d34\"},\"headline\":\"Charla \u2013 debate sobre los \u201cderechos de nuestro pa\u00eds sobre Malvinas y Ant\u00e1rtida y la delimitaci\u00f3n de las fronteras con los pa\u00edses vecinos\u201d\",\"datePublished\":\"2023-09-24T17:24:21+00:00\",\"dateModified\":\"2023-09-26T12:26:34+00:00\",\"mainEntityOfPage\":{\"@id\":\"https:\\\/\\\/www.fcejs.unsl.edu.ar\\\/index.php\\\/charla-debato-sobre-los-derechos-sobre-malvinas-y-antartida\\\/\"},\"wordCount\":379,\"publisher\":{\"@id\":\"https:\\\/\\\/www.fcejs.unsl.edu.ar\\\/#organization\"},\"image\":{\"@id\":\"https:\\\/\\\/www.fcejs.unsl.edu.ar\\\/index.php\\\/charla-debato-sobre-los-derechos-sobre-malvinas-y-antartida\\\/#primaryimage\"},\"thumbnailUrl\":\"https:\\\/\\\/www.fcejs.unsl.edu.ar\\\/wp-content\\\/uploads\\\/2023\\\/09\\\/TERRITORIO_front.jpg\",\"articleSection\":[\"Noticias\"],\"inLanguage\":\"es-AR\"},{\"@type\":\"WebPage\",\"@id\":\"https:\\\/\\\/www.fcejs.unsl.edu.ar\\\/index.php\\\/charla-debato-sobre-los-derechos-sobre-malvinas-y-antartida\\\/\",\"url\":\"https:\\\/\\\/www.fcejs.unsl.edu.ar\\\/index.php\\\/charla-debato-sobre-los-derechos-sobre-malvinas-y-antartida\\\/\",\"name\":\"Charla \u2013 debate sobre los \u201cderechos de nuestro pa\u00eds sobre Malvinas y Ant\u00e1rtida y la delimitaci\u00f3n de las fronteras con los pa\u00edses vecinos\u201d - Facultad de Ciencias Econ\u00f3micas, Jur\u00ed\u00addicas y Sociales\",\"isPartOf\":{\"@id\":\"https:\\\/\\\/www.fcejs.unsl.edu.ar\\\/#website\"},\"primaryImageOfPage\":{\"@id\":\"https:\\\/\\\/www.fcejs.unsl.edu.ar\\\/index.php\\\/charla-debato-sobre-los-derechos-sobre-malvinas-y-antartida\\\/#primaryimage\"},\"image\":{\"@id\":\"https:\\\/\\\/www.fcejs.unsl.edu.ar\\\/index.php\\\/charla-debato-sobre-los-derechos-sobre-malvinas-y-antartida\\\/#primaryimage\"},\"thumbnailUrl\":\"https:\\\/\\\/www.fcejs.unsl.edu.ar\\\/wp-content\\\/uploads\\\/2023\\\/09\\\/TERRITORIO_front.jpg\",\"datePublished\":\"2023-09-24T17:24:21+00:00\",\"dateModified\":\"2023-09-26T12:26:34+00:00\",\"breadcrumb\":{\"@id\":\"https:\\\/\\\/www.fcejs.unsl.edu.ar\\\/index.php\\\/charla-debato-sobre-los-derechos-sobre-malvinas-y-antartida\\\/#breadcrumb\"},\"inLanguage\":\"es-AR\",\"potentialAction\":[{\"@type\":\"ReadAction\",\"target\":[\"https:\\\/\\\/www.fcejs.unsl.edu.ar\\\/index.php\\\/charla-debato-sobre-los-derechos-sobre-malvinas-y-antartida\\\/\"]}]},{\"@type\":\"ImageObject\",\"inLanguage\":\"es-AR\",\"@id\":\"https:\\\/\\\/www.fcejs.unsl.edu.ar\\\/index.php\\\/charla-debato-sobre-los-derechos-sobre-malvinas-y-antartida\\\/#primaryimage\",\"url\":\"https:\\\/\\\/www.fcejs.unsl.edu.ar\\\/wp-content\\\/uploads\\\/2023\\\/09\\\/TERRITORIO_front.jpg\",\"contentUrl\":\"https:\\\/\\\/www.fcejs.unsl.edu.ar\\\/wp-content\\\/uploads\\\/2023\\\/09\\\/TERRITORIO_front.jpg\",\"width\":1151,\"height\":644},{\"@type\":\"BreadcrumbList\",\"@id\":\"https:\\\/\\\/www.fcejs.unsl.edu.ar\\\/index.php\\\/charla-debato-sobre-los-derechos-sobre-malvinas-y-antartida\\\/#breadcrumb\",\"itemListElement\":[{\"@type\":\"ListItem\",\"position\":1,\"name\":\"Inicio\",\"item\":\"https:\\\/\\\/www.fcejs.unsl.edu.ar\\\/\"},{\"@type\":\"ListItem\",\"position\":2,\"name\":\"Charla \u2013 debate sobre los \u201cderechos de nuestro pa\u00eds sobre Malvinas y Ant\u00e1rtida y la delimitaci\u00f3n de las fronteras con los pa\u00edses vecinos\u201d\"}]},{\"@type\":\"WebSite\",\"@id\":\"https:\\\/\\\/www.fcejs.unsl.edu.ar\\\/#website\",\"url\":\"https:\\\/\\\/www.fcejs.unsl.edu.ar\\\/\",\"name\":\"Facultad de Ciencias Econ\u00f3micas, Jur\u00ed\u00addicas y Sociales\",\"description\":\"\",\"publisher\":{\"@id\":\"https:\\\/\\\/www.fcejs.unsl.edu.ar\\\/#organization\"},\"potentialAction\":[{\"@type\":\"SearchAction\",\"target\":{\"@type\":\"EntryPoint\",\"urlTemplate\":\"https:\\\/\\\/www.fcejs.unsl.edu.ar\\\/?s={search_term_string}\"},\"query-input\":{\"@type\":\"PropertyValueSpecification\",\"valueRequired\":true,\"valueName\":\"search_term_string\"}}],\"inLanguage\":\"es-AR\"},{\"@type\":\"Organization\",\"@id\":\"https:\\\/\\\/www.fcejs.unsl.edu.ar\\\/#organization\",\"name\":\"Facultad de Ciencias Econ\u00f3micas, Jur\u00eddicas y Sociales\",\"url\":\"https:\\\/\\\/www.fcejs.unsl.edu.ar\\\/\",\"logo\":{\"@type\":\"ImageObject\",\"inLanguage\":\"es-AR\",\"@id\":\"https:\\\/\\\/www.fcejs.unsl.edu.ar\\\/#\\\/schema\\\/logo\\\/image\\\/\",\"url\":\"https:\\\/\\\/www.fcejs.unsl.edu.ar\\\/wp-content\\\/uploads\\\/2021\\\/03\\\/logo-1.jpg\",\"contentUrl\":\"https:\\\/\\\/www.fcejs.unsl.edu.ar\\\/wp-content\\\/uploads\\\/2021\\\/03\\\/logo-1.jpg\",\"width\":471,\"height\":146,\"caption\":\"Facultad de Ciencias Econ\u00f3micas, Jur\u00eddicas y Sociales\"},\"image\":{\"@id\":\"https:\\\/\\\/www.fcejs.unsl.edu.ar\\\/#\\\/schema\\\/logo\\\/image\\\/\"},\"sameAs\":[\"https:\\\/\\\/www.facebook.com\\\/FCEJS.UNSL\\\/\",\"https:\\\/\\\/x.com\\\/FCEJSUNSL\",\"https:\\\/\\\/www.instagram.com\\\/fcejs.unsl\\\/\",\"https:\\\/\\\/www.youtube.com\\\/channel\\\/UCH-Ut6EaN_X5ogjIQMPe46g\\\/\"]},{\"@type\":\"Person\",\"@id\":\"https:\\\/\\\/www.fcejs.unsl.edu.ar\\\/#\\\/schema\\\/person\\\/352ee6ed90c3f394c7cb5945f8956d34\",\"name\":\"DATI\"}]}<\/script>\n<!-- \/ Yoast SEO plugin. -->","yoast_head_json":{"title":"Charla \u2013 debate sobre los \u201cderechos de nuestro pa\u00eds sobre Malvinas y Ant\u00e1rtida y la delimitaci\u00f3n de las fronteras con los pa\u00edses vecinos\u201d - Facultad de Ciencias Econ\u00f3micas, Jur\u00ed\u00addicas y Sociales","robots":{"index":"index","follow":"follow","max-snippet":"max-snippet:-1","max-image-preview":"max-image-preview:large","max-video-preview":"max-video-preview:-1"},"canonical":"https:\/\/www.fcejs.unsl.edu.ar\/index.php\/charla-debato-sobre-los-derechos-sobre-malvinas-y-antartida\/","og_locale":"es_ES","og_type":"article","og_title":"Charla \u2013 debate sobre los \u201cderechos de nuestro pa\u00eds sobre Malvinas y Ant\u00e1rtida y la delimitaci\u00f3n de las fronteras con los pa\u00edses vecinos\u201d - Facultad de Ciencias Econ\u00f3micas, Jur\u00ed\u00addicas y Sociales","og_description":"La Secretar\u00eda de Extensi\u00f3n Universitaria informa que el pr\u00f3ximo 25 de septiembre se llevar\u00e1 a cabo Charla \u2013 Debate: \u201cCuestiones territoriales argentinas: Los derechos de&hellip;","og_url":"https:\/\/www.fcejs.unsl.edu.ar\/index.php\/charla-debato-sobre-los-derechos-sobre-malvinas-y-antartida\/","og_site_name":"Facultad de Ciencias Econ\u00f3micas, Jur\u00ed\u00addicas y Sociales","article_publisher":"https:\/\/www.facebook.com\/FCEJS.UNSL\/","article_published_time":"2023-09-24T17:24:21+00:00","article_modified_time":"2023-09-26T12:26:34+00:00","og_image":[{"width":1151,"height":644,"url":"https:\/\/www.fcejs.unsl.edu.ar\/wp-content\/uploads\/2023\/09\/TERRITORIO_front.jpg","type":"image\/jpeg"}],"author":"DATI","twitter_card":"summary_large_image","twitter_creator":"@FCEJSUNSL","twitter_site":"@FCEJSUNSL","twitter_misc":{"Escrito por":"DATI","Tiempo de lectura":"2 minutos"},"schema":{"@context":"https:\/\/schema.org","@graph":[{"@type":"Article","@id":"https:\/\/www.fcejs.unsl.edu.ar\/index.php\/charla-debato-sobre-los-derechos-sobre-malvinas-y-antartida\/#article","isPartOf":{"@id":"https:\/\/www.fcejs.unsl.edu.ar\/index.php\/charla-debato-sobre-los-derechos-sobre-malvinas-y-antartida\/"},"author":{"name":"DATI","@id":"https:\/\/www.fcejs.unsl.edu.ar\/#\/schema\/person\/352ee6ed90c3f394c7cb5945f8956d34"},"headline":"Charla \u2013 debate sobre los \u201cderechos de nuestro pa\u00eds sobre Malvinas y Ant\u00e1rtida y la delimitaci\u00f3n de las fronteras con los pa\u00edses vecinos\u201d","datePublished":"2023-09-24T17:24:21+00:00","dateModified":"2023-09-26T12:26:34+00:00","mainEntityOfPage":{"@id":"https:\/\/www.fcejs.unsl.edu.ar\/index.php\/charla-debato-sobre-los-derechos-sobre-malvinas-y-antartida\/"},"wordCount":379,"publisher":{"@id":"https:\/\/www.fcejs.unsl.edu.ar\/#organization"},"image":{"@id":"https:\/\/www.fcejs.unsl.edu.ar\/index.php\/charla-debato-sobre-los-derechos-sobre-malvinas-y-antartida\/#primaryimage"},"thumbnailUrl":"https:\/\/www.fcejs.unsl.edu.ar\/wp-content\/uploads\/2023\/09\/TERRITORIO_front.jpg","articleSection":["Noticias"],"inLanguage":"es-AR"},{"@type":"WebPage","@id":"https:\/\/www.fcejs.unsl.edu.ar\/index.php\/charla-debato-sobre-los-derechos-sobre-malvinas-y-antartida\/","url":"https:\/\/www.fcejs.unsl.edu.ar\/index.php\/charla-debato-sobre-los-derechos-sobre-malvinas-y-antartida\/","name":"Charla \u2013 debate sobre los \u201cderechos de nuestro pa\u00eds sobre Malvinas y Ant\u00e1rtida y la delimitaci\u00f3n de las fronteras con los pa\u00edses vecinos\u201d - Facultad de Ciencias Econ\u00f3micas, Jur\u00ed\u00addicas y Sociales","isPartOf":{"@id":"https:\/\/www.fcejs.unsl.edu.ar\/#website"},"primaryImageOfPage":{"@id":"https:\/\/www.fcejs.unsl.edu.ar\/index.php\/charla-debato-sobre-los-derechos-sobre-malvinas-y-antartida\/#primaryimage"},"image":{"@id":"https:\/\/www.fcejs.unsl.edu.ar\/index.php\/charla-debato-sobre-los-derechos-sobre-malvinas-y-antartida\/#primaryimage"},"thumbnailUrl":"https:\/\/www.fcejs.unsl.edu.ar\/wp-content\/uploads\/2023\/09\/TERRITORIO_front.jpg","datePublished":"2023-09-24T17:24:21+00:00","dateModified":"2023-09-26T12:26:34+00:00","breadcrumb":{"@id":"https:\/\/www.fcejs.unsl.edu.ar\/index.php\/charla-debato-sobre-los-derechos-sobre-malvinas-y-antartida\/#breadcrumb"},"inLanguage":"es-AR","potentialAction":[{"@type":"ReadAction","target":["https:\/\/www.fcejs.unsl.edu.ar\/index.php\/charla-debato-sobre-los-derechos-sobre-malvinas-y-antartida\/"]}]},{"@type":"ImageObject","inLanguage":"es-AR","@id":"https:\/\/www.fcejs.unsl.edu.ar\/index.php\/charla-debato-sobre-los-derechos-sobre-malvinas-y-antartida\/#primaryimage","url":"https:\/\/www.fcejs.unsl.edu.ar\/wp-content\/uploads\/2023\/09\/TERRITORIO_front.jpg","contentUrl":"https:\/\/www.fcejs.unsl.edu.ar\/wp-content\/uploads\/2023\/09\/TERRITORIO_front.jpg","width":1151,"height":644},{"@type":"BreadcrumbList","@id":"https:\/\/www.fcejs.unsl.edu.ar\/index.php\/charla-debato-sobre-los-derechos-sobre-malvinas-y-antartida\/#breadcrumb","itemListElement":[{"@type":"ListItem","position":1,"name":"Inicio","item":"https:\/\/www.fcejs.unsl.edu.ar\/"},{"@type":"ListItem","position":2,"name":"Charla \u2013 debate sobre los \u201cderechos de nuestro pa\u00eds sobre Malvinas y Ant\u00e1rtida y la delimitaci\u00f3n de las fronteras con los pa\u00edses vecinos\u201d"}]},{"@type":"WebSite","@id":"https:\/\/www.fcejs.unsl.edu.ar\/#website","url":"https:\/\/www.fcejs.unsl.edu.ar\/","name":"Facultad de Ciencias Econ\u00f3micas, Jur\u00ed\u00addicas y Sociales","description":"","publisher":{"@id":"https:\/\/www.fcejs.unsl.edu.ar\/#organization"},"potentialAction":[{"@type":"SearchAction","target":{"@type":"EntryPoint","urlTemplate":"https:\/\/www.fcejs.unsl.edu.ar\/?s={search_term_string}"},"query-input":{"@type":"PropertyValueSpecification","valueRequired":true,"valueName":"search_term_string"}}],"inLanguage":"es-AR"},{"@type":"Organization","@id":"https:\/\/www.fcejs.unsl.edu.ar\/#organization","name":"Facultad de Ciencias Econ\u00f3micas, Jur\u00eddicas y Sociales","url":"https:\/\/www.fcejs.unsl.edu.ar\/","logo":{"@type":"ImageObject","inLanguage":"es-AR","@id":"https:\/\/www.fcejs.unsl.edu.ar\/#\/schema\/logo\/image\/","url":"https:\/\/www.fcejs.unsl.edu.ar\/wp-content\/uploads\/2021\/03\/logo-1.jpg","contentUrl":"https:\/\/www.fcejs.unsl.edu.ar\/wp-content\/uploads\/2021\/03\/logo-1.jpg","width":471,"height":146,"caption":"Facultad de Ciencias Econ\u00f3micas, Jur\u00eddicas y Sociales"},"image":{"@id":"https:\/\/www.fcejs.unsl.edu.ar\/#\/schema\/logo\/image\/"},"sameAs":["https:\/\/www.facebook.com\/FCEJS.UNSL\/","https:\/\/x.com\/FCEJSUNSL","https:\/\/www.instagram.com\/fcejs.unsl\/","https:\/\/www.youtube.com\/channel\/UCH-Ut6EaN_X5ogjIQMPe46g\/"]},{"@type":"Person","@id":"https:\/\/www.fcejs.unsl.edu.ar\/#\/schema\/person\/352ee6ed90c3f394c7cb5945f8956d34","name":"DATI"}]}},"jetpack_featured_media_url":"https:\/\/www.fcejs.unsl.edu.ar\/wp-content\/uploads\/2023\/09\/TERRITORIO_front.jpg","_links":{"self":[{"href":"https:\/\/www.fcejs.unsl.edu.ar\/index.php\/wp-json\/wp\/v2\/posts\/13562","targetHints":{"allow":["GET"]}}],"collection":[{"href":"https:\/\/www.fcejs.unsl.edu.ar\/index.php\/wp-json\/wp\/v2\/posts"}],"about":[{"href":"https:\/\/www.fcejs.unsl.edu.ar\/index.php\/wp-json\/wp\/v2\/types\/post"}],"author":[{"embeddable":true,"href":"https:\/\/www.fcejs.unsl.edu.ar\/index.php\/wp-json\/wp\/v2\/users\/9"}],"replies":[{"embeddable":true,"href":"https:\/\/www.fcejs.unsl.edu.ar\/index.php\/wp-json\/wp\/v2\/comments?post=13562"}],"version-history":[{"count":2,"href":"https:\/\/www.fcejs.unsl.edu.ar\/index.php\/wp-json\/wp\/v2\/posts\/13562\/revisions"}],"predecessor-version":[{"id":13568,"href":"https:\/\/www.fcejs.unsl.edu.ar\/index.php\/wp-json\/wp\/v2\/posts\/13562\/revisions\/13568"}],"wp:featuredmedia":[{"embeddable":true,"href":"https:\/\/www.fcejs.unsl.edu.ar\/index.php\/wp-json\/wp\/v2\/media\/13563"}],"wp:attachment":[{"href":"https:\/\/www.fcejs.unsl.edu.ar\/index.php\/wp-json\/wp\/v2\/media?parent=13562"}],"wp:term":[{"taxonomy":"category","embeddable":true,"href":"https:\/\/www.fcejs.unsl.edu.ar\/index.php\/wp-json\/wp\/v2\/categories?post=13562"},{"taxonomy":"post_tag","embeddable":true,"href":"https:\/\/www.fcejs.unsl.edu.ar\/index.php\/wp-json\/wp\/v2\/tags?post=13562"}],"curies":[{"name":"wp","href":"https:\/\/api.w.org\/{rel}","templated":true}]}}