{"id":12167,"date":"2023-06-29T11:36:13","date_gmt":"2023-06-29T14:36:13","guid":{"rendered":"http:\/\/10.101.10.197\/www\/?p=12167"},"modified":"2023-07-03T09:03:28","modified_gmt":"2023-07-03T12:03:28","slug":"la-fcejs-investiga","status":"publish","type":"post","link":"https:\/\/www.fcejs.unsl.edu.ar\/index.php\/la-fcejs-investiga\/","title":{"rendered":"\u201cLa FCEJS Investiga\u201d: un micro radial para investigadores\/as en Radio Universidad Villa Mercedes FM 97.5"},"content":{"rendered":"<p>La Secretar\u00eda de Investigaci\u00f3n y Posgrado Informa que dio inicio al <strong>ciclo \u201cLa FCEJS Investiga\u201d<\/strong>, un micro radial destinado a difundir el trabajo de <strong>los\/as investigaciones de la Facultad<\/strong>. Emitido en Radio <strong>Universidad Villa Mercedes FM 97.5<\/strong>, este ciclo es conducido por Rossana Salusso con la asistencia t\u00e9cnica de Jorge Baigorria.<\/p>\n<p>Se tiene previsto que en este espacio las\/os investigadores\/as puedan contar como surgieron sus inquietudes investigativas, las distintas experiencias por las que vienen transitando en el devenir de su investigaci\u00f3n, la conformaci\u00f3n de su equipo de trabajo y las perspectivas y desaf\u00edos actuales en relaci\u00f3n a su investigaci\u00f3n.<\/p>\n<p>De este modo en este programa de frecuencia semanal, que se emitir\u00e1 los d\u00edas jueves, pasar\u00e1n los distintos investigadores\/as de las tres \u00e1reas disciplinarias de la FCEJS: socio-antropol\u00f3gica, econom\u00eda y administraci\u00f3n y el \u00e1rea Jur\u00eddico-Pol\u00edtica.<\/p>\n<p>El primer programa tuvo como protagonista la Investigadora Luisa Arias podr\u00e1n escucharlo accediendo al siguiente enlace:<\/p>\n<p>&nbsp;<\/p>\n<audio class=\"wp-audio-shortcode\" id=\"audio-12167-1\" preload=\"none\" style=\"width: 100%;\" controls=\"controls\"><source type=\"audio\/mpeg\" src=\"http:\/\/radioupload.fica.unsl.edu.ar\/files\/jb\/LICENCIADA%20ARIAS.mp3?_=1\" \/><a href=\"http:\/\/radioupload.fica.unsl.edu.ar\/files\/jb\/LICENCIADA%20ARIAS.mp3\">http:\/\/radioupload.fica.unsl.edu.ar\/files\/jb\/LICENCIADA%20ARIAS.mp3<\/a><\/audio>\n<p><img fetchpriority=\"high\" decoding=\"async\" class=\"aligncenter size-full wp-image-12172\" src=\"https:\/\/www.fcejs.unsl.edu.ar\/wp-content\/uploads\/2023\/06\/FLYER-LA-FCEJS-INVESTIGA03.jpg\" alt=\"\" width=\"889\" height=\"886\" srcset=\"https:\/\/www.fcejs.unsl.edu.ar\/wp-content\/uploads\/2023\/06\/FLYER-LA-FCEJS-INVESTIGA03.jpg 889w, https:\/\/www.fcejs.unsl.edu.ar\/wp-content\/uploads\/2023\/06\/FLYER-LA-FCEJS-INVESTIGA03-300x300.jpg 300w, https:\/\/www.fcejs.unsl.edu.ar\/wp-content\/uploads\/2023\/06\/FLYER-LA-FCEJS-INVESTIGA03-150x150.jpg 150w, https:\/\/www.fcejs.unsl.edu.ar\/wp-content\/uploads\/2023\/06\/FLYER-LA-FCEJS-INVESTIGA03-768x765.jpg 768w\" sizes=\"(max-width: 889px) 100vw, 889px\" \/><\/p>\n","protected":false},"excerpt":{"rendered":"<p>La Secretar\u00eda de Investigaci\u00f3n y Posgrado Informa que dio inicio al ciclo \u201cLa FCEJS Investiga\u201d, un micro radial destinado a difundir el trabajo de los\/as&hellip;<\/p>\n","protected":false},"author":9,"featured_media":12174,"comment_status":"closed","ping_status":"closed","sticky":false,"template":"","format":"standard","meta":{"om_disable_all_campaigns":false,"_monsterinsights_skip_tracking":false,"_monsterinsights_sitenote_active":false,"_monsterinsights_sitenote_note":"","_monsterinsights_sitenote_category":0,"footnotes":""},"categories":[1],"tags":[],"class_list":["post-12167","post","type-post","status-publish","format-standard","has-post-thumbnail","hentry","category-noticias"],"yoast_head":"<!-- This site is optimized with the Yoast SEO plugin v27.5 - https:\/\/yoast.com\/product\/yoast-seo-wordpress\/ -->\n<title>\u201cLa FCEJS Investiga\u201d: un micro radial para investigadores\/as en Radio Universidad Villa Mercedes FM 97.5 - Facultad de Ciencias Econ\u00f3micas, Jur\u00ed\u00addicas y Sociales<\/title>\n<meta name=\"robots\" content=\"index, follow, max-snippet:-1, max-image-preview:large, max-video-preview:-1\" \/>\n<link rel=\"canonical\" href=\"https:\/\/www.fcejs.unsl.edu.ar\/index.php\/la-fcejs-investiga\/\" \/>\n<meta property=\"og:locale\" content=\"es_ES\" \/>\n<meta property=\"og:type\" content=\"article\" \/>\n<meta property=\"og:title\" content=\"\u201cLa FCEJS Investiga\u201d: un micro radial para investigadores\/as en Radio Universidad Villa Mercedes FM 97.5 - Facultad de Ciencias Econ\u00f3micas, Jur\u00ed\u00addicas y Sociales\" \/>\n<meta property=\"og:description\" content=\"La Secretar\u00eda de Investigaci\u00f3n y Posgrado Informa que dio inicio al ciclo \u201cLa FCEJS Investiga\u201d, un micro radial destinado a difundir el trabajo de los\/as&hellip;\" \/>\n<meta property=\"og:url\" content=\"https:\/\/www.fcejs.unsl.edu.ar\/index.php\/la-fcejs-investiga\/\" \/>\n<meta property=\"og:site_name\" content=\"Facultad de Ciencias Econ\u00f3micas, Jur\u00ed\u00addicas y Sociales\" \/>\n<meta property=\"article:publisher\" content=\"https:\/\/www.facebook.com\/FCEJS.UNSL\/\" \/>\n<meta property=\"article:published_time\" content=\"2023-06-29T14:36:13+00:00\" \/>\n<meta property=\"article:modified_time\" content=\"2023-07-03T12:03:28+00:00\" \/>\n<meta property=\"og:image\" content=\"https:\/\/www.fcejs.unsl.edu.ar\/wp-content\/uploads\/2023\/06\/FLYER-LA-FCEJS-INVESTIGA-front02.jpg\" \/>\n\t<meta property=\"og:image:width\" content=\"1152\" \/>\n\t<meta property=\"og:image:height\" content=\"647\" \/>\n\t<meta property=\"og:image:type\" content=\"image\/jpeg\" \/>\n<meta name=\"author\" content=\"DATI\" \/>\n<meta name=\"twitter:card\" content=\"summary_large_image\" \/>\n<meta name=\"twitter:creator\" content=\"@FCEJSUNSL\" \/>\n<meta name=\"twitter:site\" content=\"@FCEJSUNSL\" \/>\n<meta name=\"twitter:label1\" content=\"Escrito por\" \/>\n\t<meta name=\"twitter:data1\" content=\"DATI\" \/>\n\t<meta name=\"twitter:label2\" content=\"Tiempo de lectura\" \/>\n\t<meta name=\"twitter:data2\" content=\"1 minuto\" \/>\n<script type=\"application\/ld+json\" class=\"yoast-schema-graph\">{\"@context\":\"https:\\\/\\\/schema.org\",\"@graph\":[{\"@type\":\"Article\",\"@id\":\"https:\\\/\\\/www.fcejs.unsl.edu.ar\\\/index.php\\\/la-fcejs-investiga\\\/#article\",\"isPartOf\":{\"@id\":\"https:\\\/\\\/www.fcejs.unsl.edu.ar\\\/index.php\\\/la-fcejs-investiga\\\/\"},\"author\":{\"name\":\"DATI\",\"@id\":\"https:\\\/\\\/www.fcejs.unsl.edu.ar\\\/#\\\/schema\\\/person\\\/352ee6ed90c3f394c7cb5945f8956d34\"},\"headline\":\"\u201cLa FCEJS Investiga\u201d: un micro radial para investigadores\\\/as en Radio Universidad Villa Mercedes FM 97.5\",\"datePublished\":\"2023-06-29T14:36:13+00:00\",\"dateModified\":\"2023-07-03T12:03:28+00:00\",\"mainEntityOfPage\":{\"@id\":\"https:\\\/\\\/www.fcejs.unsl.edu.ar\\\/index.php\\\/la-fcejs-investiga\\\/\"},\"wordCount\":198,\"publisher\":{\"@id\":\"https:\\\/\\\/www.fcejs.unsl.edu.ar\\\/#organization\"},\"image\":{\"@id\":\"https:\\\/\\\/www.fcejs.unsl.edu.ar\\\/index.php\\\/la-fcejs-investiga\\\/#primaryimage\"},\"thumbnailUrl\":\"https:\\\/\\\/www.fcejs.unsl.edu.ar\\\/wp-content\\\/uploads\\\/2023\\\/06\\\/FLYER-LA-FCEJS-INVESTIGA-front02.jpg\",\"articleSection\":[\"Noticias\"],\"inLanguage\":\"es-AR\"},{\"@type\":\"WebPage\",\"@id\":\"https:\\\/\\\/www.fcejs.unsl.edu.ar\\\/index.php\\\/la-fcejs-investiga\\\/\",\"url\":\"https:\\\/\\\/www.fcejs.unsl.edu.ar\\\/index.php\\\/la-fcejs-investiga\\\/\",\"name\":\"\u201cLa FCEJS Investiga\u201d: un micro radial para investigadores\\\/as en Radio Universidad Villa Mercedes FM 97.5 - Facultad de Ciencias Econ\u00f3micas, Jur\u00ed\u00addicas y Sociales\",\"isPartOf\":{\"@id\":\"https:\\\/\\\/www.fcejs.unsl.edu.ar\\\/#website\"},\"primaryImageOfPage\":{\"@id\":\"https:\\\/\\\/www.fcejs.unsl.edu.ar\\\/index.php\\\/la-fcejs-investiga\\\/#primaryimage\"},\"image\":{\"@id\":\"https:\\\/\\\/www.fcejs.unsl.edu.ar\\\/index.php\\\/la-fcejs-investiga\\\/#primaryimage\"},\"thumbnailUrl\":\"https:\\\/\\\/www.fcejs.unsl.edu.ar\\\/wp-content\\\/uploads\\\/2023\\\/06\\\/FLYER-LA-FCEJS-INVESTIGA-front02.jpg\",\"datePublished\":\"2023-06-29T14:36:13+00:00\",\"dateModified\":\"2023-07-03T12:03:28+00:00\",\"breadcrumb\":{\"@id\":\"https:\\\/\\\/www.fcejs.unsl.edu.ar\\\/index.php\\\/la-fcejs-investiga\\\/#breadcrumb\"},\"inLanguage\":\"es-AR\",\"potentialAction\":[{\"@type\":\"ReadAction\",\"target\":[\"https:\\\/\\\/www.fcejs.unsl.edu.ar\\\/index.php\\\/la-fcejs-investiga\\\/\"]}]},{\"@type\":\"ImageObject\",\"inLanguage\":\"es-AR\",\"@id\":\"https:\\\/\\\/www.fcejs.unsl.edu.ar\\\/index.php\\\/la-fcejs-investiga\\\/#primaryimage\",\"url\":\"https:\\\/\\\/www.fcejs.unsl.edu.ar\\\/wp-content\\\/uploads\\\/2023\\\/06\\\/FLYER-LA-FCEJS-INVESTIGA-front02.jpg\",\"contentUrl\":\"https:\\\/\\\/www.fcejs.unsl.edu.ar\\\/wp-content\\\/uploads\\\/2023\\\/06\\\/FLYER-LA-FCEJS-INVESTIGA-front02.jpg\",\"width\":1152,\"height\":647},{\"@type\":\"BreadcrumbList\",\"@id\":\"https:\\\/\\\/www.fcejs.unsl.edu.ar\\\/index.php\\\/la-fcejs-investiga\\\/#breadcrumb\",\"itemListElement\":[{\"@type\":\"ListItem\",\"position\":1,\"name\":\"Inicio\",\"item\":\"https:\\\/\\\/www.fcejs.unsl.edu.ar\\\/\"},{\"@type\":\"ListItem\",\"position\":2,\"name\":\"\u201cLa FCEJS Investiga\u201d: un micro radial para investigadores\\\/as en Radio Universidad Villa Mercedes FM 97.5\"}]},{\"@type\":\"WebSite\",\"@id\":\"https:\\\/\\\/www.fcejs.unsl.edu.ar\\\/#website\",\"url\":\"https:\\\/\\\/www.fcejs.unsl.edu.ar\\\/\",\"name\":\"Facultad de Ciencias Econ\u00f3micas, Jur\u00ed\u00addicas y Sociales\",\"description\":\"\",\"publisher\":{\"@id\":\"https:\\\/\\\/www.fcejs.unsl.edu.ar\\\/#organization\"},\"potentialAction\":[{\"@type\":\"SearchAction\",\"target\":{\"@type\":\"EntryPoint\",\"urlTemplate\":\"https:\\\/\\\/www.fcejs.unsl.edu.ar\\\/?s={search_term_string}\"},\"query-input\":{\"@type\":\"PropertyValueSpecification\",\"valueRequired\":true,\"valueName\":\"search_term_string\"}}],\"inLanguage\":\"es-AR\"},{\"@type\":\"Organization\",\"@id\":\"https:\\\/\\\/www.fcejs.unsl.edu.ar\\\/#organization\",\"name\":\"Facultad de Ciencias Econ\u00f3micas, Jur\u00eddicas y Sociales\",\"url\":\"https:\\\/\\\/www.fcejs.unsl.edu.ar\\\/\",\"logo\":{\"@type\":\"ImageObject\",\"inLanguage\":\"es-AR\",\"@id\":\"https:\\\/\\\/www.fcejs.unsl.edu.ar\\\/#\\\/schema\\\/logo\\\/image\\\/\",\"url\":\"https:\\\/\\\/www.fcejs.unsl.edu.ar\\\/wp-content\\\/uploads\\\/2021\\\/03\\\/logo-1.jpg\",\"contentUrl\":\"https:\\\/\\\/www.fcejs.unsl.edu.ar\\\/wp-content\\\/uploads\\\/2021\\\/03\\\/logo-1.jpg\",\"width\":471,\"height\":146,\"caption\":\"Facultad de Ciencias Econ\u00f3micas, Jur\u00eddicas y Sociales\"},\"image\":{\"@id\":\"https:\\\/\\\/www.fcejs.unsl.edu.ar\\\/#\\\/schema\\\/logo\\\/image\\\/\"},\"sameAs\":[\"https:\\\/\\\/www.facebook.com\\\/FCEJS.UNSL\\\/\",\"https:\\\/\\\/x.com\\\/FCEJSUNSL\",\"https:\\\/\\\/www.instagram.com\\\/fcejs.unsl\\\/\",\"https:\\\/\\\/www.youtube.com\\\/channel\\\/UCH-Ut6EaN_X5ogjIQMPe46g\\\/\"]},{\"@type\":\"Person\",\"@id\":\"https:\\\/\\\/www.fcejs.unsl.edu.ar\\\/#\\\/schema\\\/person\\\/352ee6ed90c3f394c7cb5945f8956d34\",\"name\":\"DATI\"}]}<\/script>\n<!-- \/ Yoast SEO plugin. -->","yoast_head_json":{"title":"\u201cLa FCEJS Investiga\u201d: un micro radial para investigadores\/as en Radio Universidad Villa Mercedes FM 97.5 - Facultad de Ciencias Econ\u00f3micas, Jur\u00ed\u00addicas y Sociales","robots":{"index":"index","follow":"follow","max-snippet":"max-snippet:-1","max-image-preview":"max-image-preview:large","max-video-preview":"max-video-preview:-1"},"canonical":"https:\/\/www.fcejs.unsl.edu.ar\/index.php\/la-fcejs-investiga\/","og_locale":"es_ES","og_type":"article","og_title":"\u201cLa FCEJS Investiga\u201d: un micro radial para investigadores\/as en Radio Universidad Villa Mercedes FM 97.5 - Facultad de Ciencias Econ\u00f3micas, Jur\u00ed\u00addicas y Sociales","og_description":"La Secretar\u00eda de Investigaci\u00f3n y Posgrado Informa que dio inicio al ciclo \u201cLa FCEJS Investiga\u201d, un micro radial destinado a difundir el trabajo de los\/as&hellip;","og_url":"https:\/\/www.fcejs.unsl.edu.ar\/index.php\/la-fcejs-investiga\/","og_site_name":"Facultad de Ciencias Econ\u00f3micas, Jur\u00ed\u00addicas y Sociales","article_publisher":"https:\/\/www.facebook.com\/FCEJS.UNSL\/","article_published_time":"2023-06-29T14:36:13+00:00","article_modified_time":"2023-07-03T12:03:28+00:00","og_image":[{"width":1152,"height":647,"url":"https:\/\/www.fcejs.unsl.edu.ar\/wp-content\/uploads\/2023\/06\/FLYER-LA-FCEJS-INVESTIGA-front02.jpg","type":"image\/jpeg"}],"author":"DATI","twitter_card":"summary_large_image","twitter_creator":"@FCEJSUNSL","twitter_site":"@FCEJSUNSL","twitter_misc":{"Escrito por":"DATI","Tiempo de lectura":"1 minuto"},"schema":{"@context":"https:\/\/schema.org","@graph":[{"@type":"Article","@id":"https:\/\/www.fcejs.unsl.edu.ar\/index.php\/la-fcejs-investiga\/#article","isPartOf":{"@id":"https:\/\/www.fcejs.unsl.edu.ar\/index.php\/la-fcejs-investiga\/"},"author":{"name":"DATI","@id":"https:\/\/www.fcejs.unsl.edu.ar\/#\/schema\/person\/352ee6ed90c3f394c7cb5945f8956d34"},"headline":"\u201cLa FCEJS Investiga\u201d: un micro radial para investigadores\/as en Radio Universidad Villa Mercedes FM 97.5","datePublished":"2023-06-29T14:36:13+00:00","dateModified":"2023-07-03T12:03:28+00:00","mainEntityOfPage":{"@id":"https:\/\/www.fcejs.unsl.edu.ar\/index.php\/la-fcejs-investiga\/"},"wordCount":198,"publisher":{"@id":"https:\/\/www.fcejs.unsl.edu.ar\/#organization"},"image":{"@id":"https:\/\/www.fcejs.unsl.edu.ar\/index.php\/la-fcejs-investiga\/#primaryimage"},"thumbnailUrl":"https:\/\/www.fcejs.unsl.edu.ar\/wp-content\/uploads\/2023\/06\/FLYER-LA-FCEJS-INVESTIGA-front02.jpg","articleSection":["Noticias"],"inLanguage":"es-AR"},{"@type":"WebPage","@id":"https:\/\/www.fcejs.unsl.edu.ar\/index.php\/la-fcejs-investiga\/","url":"https:\/\/www.fcejs.unsl.edu.ar\/index.php\/la-fcejs-investiga\/","name":"\u201cLa FCEJS Investiga\u201d: un micro radial para investigadores\/as en Radio Universidad Villa Mercedes FM 97.5 - Facultad de Ciencias Econ\u00f3micas, Jur\u00ed\u00addicas y Sociales","isPartOf":{"@id":"https:\/\/www.fcejs.unsl.edu.ar\/#website"},"primaryImageOfPage":{"@id":"https:\/\/www.fcejs.unsl.edu.ar\/index.php\/la-fcejs-investiga\/#primaryimage"},"image":{"@id":"https:\/\/www.fcejs.unsl.edu.ar\/index.php\/la-fcejs-investiga\/#primaryimage"},"thumbnailUrl":"https:\/\/www.fcejs.unsl.edu.ar\/wp-content\/uploads\/2023\/06\/FLYER-LA-FCEJS-INVESTIGA-front02.jpg","datePublished":"2023-06-29T14:36:13+00:00","dateModified":"2023-07-03T12:03:28+00:00","breadcrumb":{"@id":"https:\/\/www.fcejs.unsl.edu.ar\/index.php\/la-fcejs-investiga\/#breadcrumb"},"inLanguage":"es-AR","potentialAction":[{"@type":"ReadAction","target":["https:\/\/www.fcejs.unsl.edu.ar\/index.php\/la-fcejs-investiga\/"]}]},{"@type":"ImageObject","inLanguage":"es-AR","@id":"https:\/\/www.fcejs.unsl.edu.ar\/index.php\/la-fcejs-investiga\/#primaryimage","url":"https:\/\/www.fcejs.unsl.edu.ar\/wp-content\/uploads\/2023\/06\/FLYER-LA-FCEJS-INVESTIGA-front02.jpg","contentUrl":"https:\/\/www.fcejs.unsl.edu.ar\/wp-content\/uploads\/2023\/06\/FLYER-LA-FCEJS-INVESTIGA-front02.jpg","width":1152,"height":647},{"@type":"BreadcrumbList","@id":"https:\/\/www.fcejs.unsl.edu.ar\/index.php\/la-fcejs-investiga\/#breadcrumb","itemListElement":[{"@type":"ListItem","position":1,"name":"Inicio","item":"https:\/\/www.fcejs.unsl.edu.ar\/"},{"@type":"ListItem","position":2,"name":"\u201cLa FCEJS Investiga\u201d: un micro radial para investigadores\/as en Radio Universidad Villa Mercedes FM 97.5"}]},{"@type":"WebSite","@id":"https:\/\/www.fcejs.unsl.edu.ar\/#website","url":"https:\/\/www.fcejs.unsl.edu.ar\/","name":"Facultad de Ciencias Econ\u00f3micas, Jur\u00ed\u00addicas y Sociales","description":"","publisher":{"@id":"https:\/\/www.fcejs.unsl.edu.ar\/#organization"},"potentialAction":[{"@type":"SearchAction","target":{"@type":"EntryPoint","urlTemplate":"https:\/\/www.fcejs.unsl.edu.ar\/?s={search_term_string}"},"query-input":{"@type":"PropertyValueSpecification","valueRequired":true,"valueName":"search_term_string"}}],"inLanguage":"es-AR"},{"@type":"Organization","@id":"https:\/\/www.fcejs.unsl.edu.ar\/#organization","name":"Facultad de Ciencias Econ\u00f3micas, Jur\u00eddicas y Sociales","url":"https:\/\/www.fcejs.unsl.edu.ar\/","logo":{"@type":"ImageObject","inLanguage":"es-AR","@id":"https:\/\/www.fcejs.unsl.edu.ar\/#\/schema\/logo\/image\/","url":"https:\/\/www.fcejs.unsl.edu.ar\/wp-content\/uploads\/2021\/03\/logo-1.jpg","contentUrl":"https:\/\/www.fcejs.unsl.edu.ar\/wp-content\/uploads\/2021\/03\/logo-1.jpg","width":471,"height":146,"caption":"Facultad de Ciencias Econ\u00f3micas, Jur\u00eddicas y Sociales"},"image":{"@id":"https:\/\/www.fcejs.unsl.edu.ar\/#\/schema\/logo\/image\/"},"sameAs":["https:\/\/www.facebook.com\/FCEJS.UNSL\/","https:\/\/x.com\/FCEJSUNSL","https:\/\/www.instagram.com\/fcejs.unsl\/","https:\/\/www.youtube.com\/channel\/UCH-Ut6EaN_X5ogjIQMPe46g\/"]},{"@type":"Person","@id":"https:\/\/www.fcejs.unsl.edu.ar\/#\/schema\/person\/352ee6ed90c3f394c7cb5945f8956d34","name":"DATI"}]}},"jetpack_featured_media_url":"https:\/\/www.fcejs.unsl.edu.ar\/wp-content\/uploads\/2023\/06\/FLYER-LA-FCEJS-INVESTIGA-front02.jpg","_links":{"self":[{"href":"https:\/\/www.fcejs.unsl.edu.ar\/index.php\/wp-json\/wp\/v2\/posts\/12167","targetHints":{"allow":["GET"]}}],"collection":[{"href":"https:\/\/www.fcejs.unsl.edu.ar\/index.php\/wp-json\/wp\/v2\/posts"}],"about":[{"href":"https:\/\/www.fcejs.unsl.edu.ar\/index.php\/wp-json\/wp\/v2\/types\/post"}],"author":[{"embeddable":true,"href":"https:\/\/www.fcejs.unsl.edu.ar\/index.php\/wp-json\/wp\/v2\/users\/9"}],"replies":[{"embeddable":true,"href":"https:\/\/www.fcejs.unsl.edu.ar\/index.php\/wp-json\/wp\/v2\/comments?post=12167"}],"version-history":[{"count":4,"href":"https:\/\/www.fcejs.unsl.edu.ar\/index.php\/wp-json\/wp\/v2\/posts\/12167\/revisions"}],"predecessor-version":[{"id":12175,"href":"https:\/\/www.fcejs.unsl.edu.ar\/index.php\/wp-json\/wp\/v2\/posts\/12167\/revisions\/12175"}],"wp:featuredmedia":[{"embeddable":true,"href":"https:\/\/www.fcejs.unsl.edu.ar\/index.php\/wp-json\/wp\/v2\/media\/12174"}],"wp:attachment":[{"href":"https:\/\/www.fcejs.unsl.edu.ar\/index.php\/wp-json\/wp\/v2\/media?parent=12167"}],"wp:term":[{"taxonomy":"category","embeddable":true,"href":"https:\/\/www.fcejs.unsl.edu.ar\/index.php\/wp-json\/wp\/v2\/categories?post=12167"},{"taxonomy":"post_tag","embeddable":true,"href":"https:\/\/www.fcejs.unsl.edu.ar\/index.php\/wp-json\/wp\/v2\/tags?post=12167"}],"curies":[{"name":"wp","href":"https:\/\/api.w.org\/{rel}","templated":true}]}}