{"id":12053,"date":"2023-06-20T23:16:50","date_gmt":"2023-06-21T02:16:50","guid":{"rendered":"http:\/\/10.101.10.197\/www\/?p=12053"},"modified":"2023-07-03T09:03:57","modified_gmt":"2023-07-03T12:03:57","slug":"becas-extension-est-fcejs","status":"publish","type":"post","link":"https:\/\/www.fcejs.unsl.edu.ar\/index.php\/becas-extension-est-fcejs\/","title":{"rendered":"Apertura de la Convocatoria a Becas de Extensi\u00f3n Universitaria  para estudiantes de la FCEJS"},"content":{"rendered":"<p>La Secretaria de Extensi\u00f3n Universitaria informa que desde el<strong> 26 y hasta el 30 de jun<\/strong>io permanecer\u00e1 abierta la inscripci\u00f3n de la<strong> Convocatoria a las Becas de Extensi\u00f3n Universitaria para estudiantes de la Facultad de Ciencias Econ\u00f3micas, Jur\u00eddicas y Sociales.<\/strong><\/p>\n<p>Esta convocatoria fue <strong>protocolizada mediante la RD-403\/2023<\/strong>, acorde a la <strong>asignaci\u00f3n de fondos provenientes de<\/strong> la <strong>Secretar\u00eda de Pol\u00edticas Universitarias<\/strong> en el marco de la <strong>convocatoria de Fortalecimiento de la Extensi\u00f3n Universitaria, (Resoluci\u00f3n Ministerial N\u00b0 162\/2022)<\/strong>.<\/p>\n<p>La convocatoria consta de tres (3) Becas de iniciaci\u00f3n y tres (3) becas est\u00edmulo y tiene como objetivo fortalecer la formaci\u00f3n de grado y las experiencias de Extensi\u00f3n, potenciando la integralidad de funciones sustantivas de la Universidad.<\/p>\n<p>As\u00ed tambi\u00e9n, la Resoluci\u00f3n se orienta a las \/os estudiantes que busquen formarse y visibilicen las actividades propuestas desde los proyectos de extensi\u00f3n y\/o los programas institucionales que dependen de esta Secretaria.<\/p>\n<p>Los postulantes y directores deben ser integrantes de los proyectos o programas de esta Secretaria y presentar un plan de formaci\u00f3n dirigido por un\/a director\/a.<\/p>\n<p><strong>Beca Iniciaci\u00f3n<\/strong><\/p>\n<p>La Beca Iniciaci\u00f3n est\u00e1 orientada a las\/os estudiantes que participan por primera vez en los proyectos de extensi\u00f3n (convocatorias PEIS y PED 2023)<\/p>\n<p>Que el plan de trabajo puede estar orientado a:<\/p>\n<ol>\n<li>a) Que deben presentar una nota que fundamente las razones de su inter\u00e9s en participar de la convocatoria, objetivo\/s y actividades que contribuyan a enriquecer el proyecto de pertenencia y que sean pasibles de implementar.<\/li>\n<li>b) Actividades innovadoras de comunicaci\u00f3n orientadas a generar contenidos en las redes sociales a fin de visibilizar las actividades realizadas desde el proyecto<\/li>\n<\/ol>\n<p>&nbsp;<\/p>\n<p><strong>Beca Estimulo<\/strong><\/p>\n<p>La Beca Estimulo est\u00e1 orientada a las\/os estudiantes que cuentan con antecedentes en el trabajo territorial de los proyectos de extensi\u00f3n.<\/p>\n<p>Que el plan de trabajo puede estar orientado a:<\/p>\n<ol>\n<li>a) Proponer fundamentos prop\u00f3sitos y actividades que permitan enriquecer el proyecto de pertenencia y que sean pasibles de implementar.<\/li>\n<\/ol>\n<p>Que las actividades propuestas pueden estar orientadas a trabajar con:<\/p>\n<p>1- Las\/os estudiantes del proyecto de pertenencia<\/p>\n<p>2- La poblaci\u00f3n destinataria del proyecto<\/p>\n<p>3- Una poblaci\u00f3n otra que no est\u00e9 contenida en el proyecto<\/p>\n<ol>\n<li>b) Proponer fundamentos prop\u00f3sitos y actividades que favorezcan la formaci\u00f3n y la participaci\u00f3n de las\/os estudiantes de otros proyectos de extensi\u00f3n.<\/li>\n<li>c) Actividades innovadoras de comunicaci\u00f3n orientadas a generar contenidos en las redes sociales a fin de visibilizar el dialogo entre la teor\u00eda y la practica<\/li>\n<\/ol>\n<p><strong>Aspirantes<\/strong><\/p>\n<p>Que las\/os aspirantes deben ser estudiantes regulares de la FCEJS y deben ser integrantes de proyectos de extensi\u00f3n o programas de esta facultad, as\u00ed como sus directores.<\/p>\n<p><strong>Procedimiento <\/strong><\/p>\n<p>Los postulantes deben presentar por mesa de entradas una nota dirigida a la Sra. Decana que fundamente las razones de su inter\u00e9s en participar de la convocatoria. En hojas separadas deber\u00e1 presentar: plan de trabajo, curr\u00edculum resumido del aspirante y del director\/a e impresi\u00f3n de un certificado anal\u00edtico parcial (excluyente).<\/p>\n<p>Una vez aprobada la convocatoria por el CD y realizado el acto administrativo se proceder\u00e1 al llamado de la convocatoria.<\/p>\n<p>Las postulaciones ser\u00e1n analizadas y evaluadas en 15 d\u00edas a partir del cierre de la convocatoria por la CAE (Comisi\u00f3n Asesora de Extensi\u00f3n) de esta facultad atendiendo a los criterios generales de la convocatoria y oportunamente ser\u00e1n notificados v\u00eda departamentos.<\/p>\n<p>Una vez concluido el periodo del plan de tareas el estudiante (con el aval del\/la director\/a) deber\u00e1 presentar un informe final de las actividades realizadas. De no presentar en tiempo y forma el mencionado informe, estudiante y director\/a quedaran inhabilitados para presentarse en las siguientes convocatorias por un periodo de 2 (dos) a\u00f1os.<\/p>\n<p><strong>Criterios para la evaluaci\u00f3n<\/strong><\/p>\n<p>Se considerar\u00e1n la coherencia entre los objetivos y las actividades propuestas con los lineamientos generales del proyecto y la factibilidad de ejecuci\u00f3n en el periodo propuesto<\/p>\n<p><strong>Financiamiento<\/strong><\/p>\n<p>Se otorgar\u00e1n seis (6) Becas:<\/p>\n<p>Tres (3) Becas de Iniciaci\u00f3n por un monto de $15000 (pago \u00fanico) cada una y tres (3) Becas Estimulo por un monto de $ 25000 (pago \u00fanico) cada una.<\/p>\n<p>El plan de tareas contemplara una dedicaci\u00f3n semanal de 10 hs entre agosto y noviembre inclusive de 2023<\/p>\n<p><strong>Plazos<\/strong><\/p>\n<p>Presentaci\u00f3n de las postulaciones desde la publicaci\u00f3n de la Convocatoria hasta el 30 de junio.<\/p>\n<p>Presentaci\u00f3n del informe final fecha: 10 de diciembre.<\/p>\n<p><img fetchpriority=\"high\" decoding=\"async\" class=\"aligncenter size-full wp-image-12246\" src=\"https:\/\/www.fcejs.unsl.edu.ar\/wp-content\/uploads\/2023\/06\/BECAS-FLYER.jpg\" alt=\"\" width=\"886\" height=\"878\" srcset=\"https:\/\/www.fcejs.unsl.edu.ar\/wp-content\/uploads\/2023\/06\/BECAS-FLYER.jpg 886w, https:\/\/www.fcejs.unsl.edu.ar\/wp-content\/uploads\/2023\/06\/BECAS-FLYER-300x297.jpg 300w, https:\/\/www.fcejs.unsl.edu.ar\/wp-content\/uploads\/2023\/06\/BECAS-FLYER-150x150.jpg 150w, https:\/\/www.fcejs.unsl.edu.ar\/wp-content\/uploads\/2023\/06\/BECAS-FLYER-768x761.jpg 768w\" sizes=\"(max-width: 886px) 100vw, 886px\" \/><\/p>\n<p>&nbsp;<\/p>\n<p>&nbsp;<\/p>\n<p>&nbsp;<\/p>\n<p>&nbsp;<\/p>\n<p>&nbsp;<\/p>\n<p>&nbsp;<\/p>\n","protected":false},"excerpt":{"rendered":"<p>La Secretaria de Extensi\u00f3n Universitaria informa que desde el 26 y hasta el 30 de junio permanecer\u00e1 abierta la inscripci\u00f3n de la Convocatoria a las&hellip;<\/p>\n","protected":false},"author":9,"featured_media":12248,"comment_status":"closed","ping_status":"closed","sticky":false,"template":"","format":"standard","meta":{"om_disable_all_campaigns":false,"_monsterinsights_skip_tracking":false,"_monsterinsights_sitenote_active":false,"_monsterinsights_sitenote_note":"","_monsterinsights_sitenote_category":0,"footnotes":""},"categories":[1],"tags":[],"class_list":["post-12053","post","type-post","status-publish","format-standard","has-post-thumbnail","hentry","category-noticias"],"yoast_head":"<!-- This site is optimized with the Yoast SEO plugin v27.5 - https:\/\/yoast.com\/product\/yoast-seo-wordpress\/ -->\n<title>Apertura de la Convocatoria a Becas de Extensi\u00f3n Universitaria para estudiantes de la FCEJS - Facultad de Ciencias Econ\u00f3micas, Jur\u00ed\u00addicas y Sociales<\/title>\n<meta name=\"robots\" content=\"index, follow, max-snippet:-1, max-image-preview:large, max-video-preview:-1\" \/>\n<link rel=\"canonical\" href=\"https:\/\/www.fcejs.unsl.edu.ar\/index.php\/becas-extension-est-fcejs\/\" \/>\n<meta property=\"og:locale\" content=\"es_ES\" \/>\n<meta property=\"og:type\" content=\"article\" \/>\n<meta property=\"og:title\" content=\"Apertura de la Convocatoria a Becas de Extensi\u00f3n Universitaria para estudiantes de la FCEJS - Facultad de Ciencias Econ\u00f3micas, Jur\u00ed\u00addicas y Sociales\" \/>\n<meta property=\"og:description\" content=\"La Secretaria de Extensi\u00f3n Universitaria informa que desde el 26 y hasta el 30 de junio permanecer\u00e1 abierta la inscripci\u00f3n de la Convocatoria a las&hellip;\" \/>\n<meta property=\"og:url\" content=\"https:\/\/www.fcejs.unsl.edu.ar\/index.php\/becas-extension-est-fcejs\/\" \/>\n<meta property=\"og:site_name\" content=\"Facultad de Ciencias Econ\u00f3micas, Jur\u00ed\u00addicas y Sociales\" \/>\n<meta property=\"article:publisher\" content=\"https:\/\/www.facebook.com\/FCEJS.UNSL\/\" \/>\n<meta property=\"article:published_time\" content=\"2023-06-21T02:16:50+00:00\" \/>\n<meta property=\"article:modified_time\" content=\"2023-07-03T12:03:57+00:00\" \/>\n<meta property=\"og:image\" content=\"https:\/\/www.fcejs.unsl.edu.ar\/wp-content\/uploads\/2023\/06\/BECAS-FLYER-FRONT.jpg\" \/>\n\t<meta property=\"og:image:width\" content=\"1152\" \/>\n\t<meta property=\"og:image:height\" content=\"647\" \/>\n\t<meta property=\"og:image:type\" content=\"image\/jpeg\" \/>\n<meta name=\"author\" content=\"DATI\" \/>\n<meta name=\"twitter:card\" content=\"summary_large_image\" \/>\n<meta name=\"twitter:creator\" content=\"@FCEJSUNSL\" \/>\n<meta name=\"twitter:site\" content=\"@FCEJSUNSL\" \/>\n<meta name=\"twitter:label1\" content=\"Escrito por\" \/>\n\t<meta name=\"twitter:data1\" content=\"DATI\" \/>\n\t<meta name=\"twitter:label2\" content=\"Tiempo de lectura\" \/>\n\t<meta name=\"twitter:data2\" content=\"4 minutos\" \/>\n<script type=\"application\/ld+json\" class=\"yoast-schema-graph\">{\"@context\":\"https:\\\/\\\/schema.org\",\"@graph\":[{\"@type\":\"Article\",\"@id\":\"https:\\\/\\\/www.fcejs.unsl.edu.ar\\\/index.php\\\/becas-extension-est-fcejs\\\/#article\",\"isPartOf\":{\"@id\":\"https:\\\/\\\/www.fcejs.unsl.edu.ar\\\/index.php\\\/becas-extension-est-fcejs\\\/\"},\"author\":{\"name\":\"DATI\",\"@id\":\"https:\\\/\\\/www.fcejs.unsl.edu.ar\\\/#\\\/schema\\\/person\\\/352ee6ed90c3f394c7cb5945f8956d34\"},\"headline\":\"Apertura de la Convocatoria a Becas de Extensi\u00f3n Universitaria para estudiantes de la FCEJS\",\"datePublished\":\"2023-06-21T02:16:50+00:00\",\"dateModified\":\"2023-07-03T12:03:57+00:00\",\"mainEntityOfPage\":{\"@id\":\"https:\\\/\\\/www.fcejs.unsl.edu.ar\\\/index.php\\\/becas-extension-est-fcejs\\\/\"},\"wordCount\":763,\"publisher\":{\"@id\":\"https:\\\/\\\/www.fcejs.unsl.edu.ar\\\/#organization\"},\"image\":{\"@id\":\"https:\\\/\\\/www.fcejs.unsl.edu.ar\\\/index.php\\\/becas-extension-est-fcejs\\\/#primaryimage\"},\"thumbnailUrl\":\"https:\\\/\\\/www.fcejs.unsl.edu.ar\\\/wp-content\\\/uploads\\\/2023\\\/06\\\/BECAS-FLYER-FRONT.jpg\",\"articleSection\":[\"Noticias\"],\"inLanguage\":\"es-AR\"},{\"@type\":\"WebPage\",\"@id\":\"https:\\\/\\\/www.fcejs.unsl.edu.ar\\\/index.php\\\/becas-extension-est-fcejs\\\/\",\"url\":\"https:\\\/\\\/www.fcejs.unsl.edu.ar\\\/index.php\\\/becas-extension-est-fcejs\\\/\",\"name\":\"Apertura de la Convocatoria a Becas de Extensi\u00f3n Universitaria para estudiantes de la FCEJS - Facultad de Ciencias Econ\u00f3micas, Jur\u00ed\u00addicas y Sociales\",\"isPartOf\":{\"@id\":\"https:\\\/\\\/www.fcejs.unsl.edu.ar\\\/#website\"},\"primaryImageOfPage\":{\"@id\":\"https:\\\/\\\/www.fcejs.unsl.edu.ar\\\/index.php\\\/becas-extension-est-fcejs\\\/#primaryimage\"},\"image\":{\"@id\":\"https:\\\/\\\/www.fcejs.unsl.edu.ar\\\/index.php\\\/becas-extension-est-fcejs\\\/#primaryimage\"},\"thumbnailUrl\":\"https:\\\/\\\/www.fcejs.unsl.edu.ar\\\/wp-content\\\/uploads\\\/2023\\\/06\\\/BECAS-FLYER-FRONT.jpg\",\"datePublished\":\"2023-06-21T02:16:50+00:00\",\"dateModified\":\"2023-07-03T12:03:57+00:00\",\"breadcrumb\":{\"@id\":\"https:\\\/\\\/www.fcejs.unsl.edu.ar\\\/index.php\\\/becas-extension-est-fcejs\\\/#breadcrumb\"},\"inLanguage\":\"es-AR\",\"potentialAction\":[{\"@type\":\"ReadAction\",\"target\":[\"https:\\\/\\\/www.fcejs.unsl.edu.ar\\\/index.php\\\/becas-extension-est-fcejs\\\/\"]}]},{\"@type\":\"ImageObject\",\"inLanguage\":\"es-AR\",\"@id\":\"https:\\\/\\\/www.fcejs.unsl.edu.ar\\\/index.php\\\/becas-extension-est-fcejs\\\/#primaryimage\",\"url\":\"https:\\\/\\\/www.fcejs.unsl.edu.ar\\\/wp-content\\\/uploads\\\/2023\\\/06\\\/BECAS-FLYER-FRONT.jpg\",\"contentUrl\":\"https:\\\/\\\/www.fcejs.unsl.edu.ar\\\/wp-content\\\/uploads\\\/2023\\\/06\\\/BECAS-FLYER-FRONT.jpg\",\"width\":1152,\"height\":647},{\"@type\":\"BreadcrumbList\",\"@id\":\"https:\\\/\\\/www.fcejs.unsl.edu.ar\\\/index.php\\\/becas-extension-est-fcejs\\\/#breadcrumb\",\"itemListElement\":[{\"@type\":\"ListItem\",\"position\":1,\"name\":\"Inicio\",\"item\":\"https:\\\/\\\/www.fcejs.unsl.edu.ar\\\/\"},{\"@type\":\"ListItem\",\"position\":2,\"name\":\"Apertura de la Convocatoria a Becas de Extensi\u00f3n Universitaria para estudiantes de la FCEJS\"}]},{\"@type\":\"WebSite\",\"@id\":\"https:\\\/\\\/www.fcejs.unsl.edu.ar\\\/#website\",\"url\":\"https:\\\/\\\/www.fcejs.unsl.edu.ar\\\/\",\"name\":\"Facultad de Ciencias Econ\u00f3micas, Jur\u00ed\u00addicas y Sociales\",\"description\":\"\",\"publisher\":{\"@id\":\"https:\\\/\\\/www.fcejs.unsl.edu.ar\\\/#organization\"},\"potentialAction\":[{\"@type\":\"SearchAction\",\"target\":{\"@type\":\"EntryPoint\",\"urlTemplate\":\"https:\\\/\\\/www.fcejs.unsl.edu.ar\\\/?s={search_term_string}\"},\"query-input\":{\"@type\":\"PropertyValueSpecification\",\"valueRequired\":true,\"valueName\":\"search_term_string\"}}],\"inLanguage\":\"es-AR\"},{\"@type\":\"Organization\",\"@id\":\"https:\\\/\\\/www.fcejs.unsl.edu.ar\\\/#organization\",\"name\":\"Facultad de Ciencias Econ\u00f3micas, Jur\u00eddicas y Sociales\",\"url\":\"https:\\\/\\\/www.fcejs.unsl.edu.ar\\\/\",\"logo\":{\"@type\":\"ImageObject\",\"inLanguage\":\"es-AR\",\"@id\":\"https:\\\/\\\/www.fcejs.unsl.edu.ar\\\/#\\\/schema\\\/logo\\\/image\\\/\",\"url\":\"https:\\\/\\\/www.fcejs.unsl.edu.ar\\\/wp-content\\\/uploads\\\/2021\\\/03\\\/logo-1.jpg\",\"contentUrl\":\"https:\\\/\\\/www.fcejs.unsl.edu.ar\\\/wp-content\\\/uploads\\\/2021\\\/03\\\/logo-1.jpg\",\"width\":471,\"height\":146,\"caption\":\"Facultad de Ciencias Econ\u00f3micas, Jur\u00eddicas y Sociales\"},\"image\":{\"@id\":\"https:\\\/\\\/www.fcejs.unsl.edu.ar\\\/#\\\/schema\\\/logo\\\/image\\\/\"},\"sameAs\":[\"https:\\\/\\\/www.facebook.com\\\/FCEJS.UNSL\\\/\",\"https:\\\/\\\/x.com\\\/FCEJSUNSL\",\"https:\\\/\\\/www.instagram.com\\\/fcejs.unsl\\\/\",\"https:\\\/\\\/www.youtube.com\\\/channel\\\/UCH-Ut6EaN_X5ogjIQMPe46g\\\/\"]},{\"@type\":\"Person\",\"@id\":\"https:\\\/\\\/www.fcejs.unsl.edu.ar\\\/#\\\/schema\\\/person\\\/352ee6ed90c3f394c7cb5945f8956d34\",\"name\":\"DATI\"}]}<\/script>\n<!-- \/ Yoast SEO plugin. -->","yoast_head_json":{"title":"Apertura de la Convocatoria a Becas de Extensi\u00f3n Universitaria para estudiantes de la FCEJS - Facultad de Ciencias Econ\u00f3micas, Jur\u00ed\u00addicas y Sociales","robots":{"index":"index","follow":"follow","max-snippet":"max-snippet:-1","max-image-preview":"max-image-preview:large","max-video-preview":"max-video-preview:-1"},"canonical":"https:\/\/www.fcejs.unsl.edu.ar\/index.php\/becas-extension-est-fcejs\/","og_locale":"es_ES","og_type":"article","og_title":"Apertura de la Convocatoria a Becas de Extensi\u00f3n Universitaria para estudiantes de la FCEJS - Facultad de Ciencias Econ\u00f3micas, Jur\u00ed\u00addicas y Sociales","og_description":"La Secretaria de Extensi\u00f3n Universitaria informa que desde el 26 y hasta el 30 de junio permanecer\u00e1 abierta la inscripci\u00f3n de la Convocatoria a las&hellip;","og_url":"https:\/\/www.fcejs.unsl.edu.ar\/index.php\/becas-extension-est-fcejs\/","og_site_name":"Facultad de Ciencias Econ\u00f3micas, Jur\u00ed\u00addicas y Sociales","article_publisher":"https:\/\/www.facebook.com\/FCEJS.UNSL\/","article_published_time":"2023-06-21T02:16:50+00:00","article_modified_time":"2023-07-03T12:03:57+00:00","og_image":[{"width":1152,"height":647,"url":"https:\/\/www.fcejs.unsl.edu.ar\/wp-content\/uploads\/2023\/06\/BECAS-FLYER-FRONT.jpg","type":"image\/jpeg"}],"author":"DATI","twitter_card":"summary_large_image","twitter_creator":"@FCEJSUNSL","twitter_site":"@FCEJSUNSL","twitter_misc":{"Escrito por":"DATI","Tiempo de lectura":"4 minutos"},"schema":{"@context":"https:\/\/schema.org","@graph":[{"@type":"Article","@id":"https:\/\/www.fcejs.unsl.edu.ar\/index.php\/becas-extension-est-fcejs\/#article","isPartOf":{"@id":"https:\/\/www.fcejs.unsl.edu.ar\/index.php\/becas-extension-est-fcejs\/"},"author":{"name":"DATI","@id":"https:\/\/www.fcejs.unsl.edu.ar\/#\/schema\/person\/352ee6ed90c3f394c7cb5945f8956d34"},"headline":"Apertura de la Convocatoria a Becas de Extensi\u00f3n Universitaria para estudiantes de la FCEJS","datePublished":"2023-06-21T02:16:50+00:00","dateModified":"2023-07-03T12:03:57+00:00","mainEntityOfPage":{"@id":"https:\/\/www.fcejs.unsl.edu.ar\/index.php\/becas-extension-est-fcejs\/"},"wordCount":763,"publisher":{"@id":"https:\/\/www.fcejs.unsl.edu.ar\/#organization"},"image":{"@id":"https:\/\/www.fcejs.unsl.edu.ar\/index.php\/becas-extension-est-fcejs\/#primaryimage"},"thumbnailUrl":"https:\/\/www.fcejs.unsl.edu.ar\/wp-content\/uploads\/2023\/06\/BECAS-FLYER-FRONT.jpg","articleSection":["Noticias"],"inLanguage":"es-AR"},{"@type":"WebPage","@id":"https:\/\/www.fcejs.unsl.edu.ar\/index.php\/becas-extension-est-fcejs\/","url":"https:\/\/www.fcejs.unsl.edu.ar\/index.php\/becas-extension-est-fcejs\/","name":"Apertura de la Convocatoria a Becas de Extensi\u00f3n Universitaria para estudiantes de la FCEJS - Facultad de Ciencias Econ\u00f3micas, Jur\u00ed\u00addicas y Sociales","isPartOf":{"@id":"https:\/\/www.fcejs.unsl.edu.ar\/#website"},"primaryImageOfPage":{"@id":"https:\/\/www.fcejs.unsl.edu.ar\/index.php\/becas-extension-est-fcejs\/#primaryimage"},"image":{"@id":"https:\/\/www.fcejs.unsl.edu.ar\/index.php\/becas-extension-est-fcejs\/#primaryimage"},"thumbnailUrl":"https:\/\/www.fcejs.unsl.edu.ar\/wp-content\/uploads\/2023\/06\/BECAS-FLYER-FRONT.jpg","datePublished":"2023-06-21T02:16:50+00:00","dateModified":"2023-07-03T12:03:57+00:00","breadcrumb":{"@id":"https:\/\/www.fcejs.unsl.edu.ar\/index.php\/becas-extension-est-fcejs\/#breadcrumb"},"inLanguage":"es-AR","potentialAction":[{"@type":"ReadAction","target":["https:\/\/www.fcejs.unsl.edu.ar\/index.php\/becas-extension-est-fcejs\/"]}]},{"@type":"ImageObject","inLanguage":"es-AR","@id":"https:\/\/www.fcejs.unsl.edu.ar\/index.php\/becas-extension-est-fcejs\/#primaryimage","url":"https:\/\/www.fcejs.unsl.edu.ar\/wp-content\/uploads\/2023\/06\/BECAS-FLYER-FRONT.jpg","contentUrl":"https:\/\/www.fcejs.unsl.edu.ar\/wp-content\/uploads\/2023\/06\/BECAS-FLYER-FRONT.jpg","width":1152,"height":647},{"@type":"BreadcrumbList","@id":"https:\/\/www.fcejs.unsl.edu.ar\/index.php\/becas-extension-est-fcejs\/#breadcrumb","itemListElement":[{"@type":"ListItem","position":1,"name":"Inicio","item":"https:\/\/www.fcejs.unsl.edu.ar\/"},{"@type":"ListItem","position":2,"name":"Apertura de la Convocatoria a Becas de Extensi\u00f3n Universitaria para estudiantes de la FCEJS"}]},{"@type":"WebSite","@id":"https:\/\/www.fcejs.unsl.edu.ar\/#website","url":"https:\/\/www.fcejs.unsl.edu.ar\/","name":"Facultad de Ciencias Econ\u00f3micas, Jur\u00ed\u00addicas y Sociales","description":"","publisher":{"@id":"https:\/\/www.fcejs.unsl.edu.ar\/#organization"},"potentialAction":[{"@type":"SearchAction","target":{"@type":"EntryPoint","urlTemplate":"https:\/\/www.fcejs.unsl.edu.ar\/?s={search_term_string}"},"query-input":{"@type":"PropertyValueSpecification","valueRequired":true,"valueName":"search_term_string"}}],"inLanguage":"es-AR"},{"@type":"Organization","@id":"https:\/\/www.fcejs.unsl.edu.ar\/#organization","name":"Facultad de Ciencias Econ\u00f3micas, Jur\u00eddicas y Sociales","url":"https:\/\/www.fcejs.unsl.edu.ar\/","logo":{"@type":"ImageObject","inLanguage":"es-AR","@id":"https:\/\/www.fcejs.unsl.edu.ar\/#\/schema\/logo\/image\/","url":"https:\/\/www.fcejs.unsl.edu.ar\/wp-content\/uploads\/2021\/03\/logo-1.jpg","contentUrl":"https:\/\/www.fcejs.unsl.edu.ar\/wp-content\/uploads\/2021\/03\/logo-1.jpg","width":471,"height":146,"caption":"Facultad de Ciencias Econ\u00f3micas, Jur\u00eddicas y Sociales"},"image":{"@id":"https:\/\/www.fcejs.unsl.edu.ar\/#\/schema\/logo\/image\/"},"sameAs":["https:\/\/www.facebook.com\/FCEJS.UNSL\/","https:\/\/x.com\/FCEJSUNSL","https:\/\/www.instagram.com\/fcejs.unsl\/","https:\/\/www.youtube.com\/channel\/UCH-Ut6EaN_X5ogjIQMPe46g\/"]},{"@type":"Person","@id":"https:\/\/www.fcejs.unsl.edu.ar\/#\/schema\/person\/352ee6ed90c3f394c7cb5945f8956d34","name":"DATI"}]}},"jetpack_featured_media_url":"https:\/\/www.fcejs.unsl.edu.ar\/wp-content\/uploads\/2023\/06\/BECAS-FLYER-FRONT.jpg","_links":{"self":[{"href":"https:\/\/www.fcejs.unsl.edu.ar\/index.php\/wp-json\/wp\/v2\/posts\/12053","targetHints":{"allow":["GET"]}}],"collection":[{"href":"https:\/\/www.fcejs.unsl.edu.ar\/index.php\/wp-json\/wp\/v2\/posts"}],"about":[{"href":"https:\/\/www.fcejs.unsl.edu.ar\/index.php\/wp-json\/wp\/v2\/types\/post"}],"author":[{"embeddable":true,"href":"https:\/\/www.fcejs.unsl.edu.ar\/index.php\/wp-json\/wp\/v2\/users\/9"}],"replies":[{"embeddable":true,"href":"https:\/\/www.fcejs.unsl.edu.ar\/index.php\/wp-json\/wp\/v2\/comments?post=12053"}],"version-history":[{"count":6,"href":"https:\/\/www.fcejs.unsl.edu.ar\/index.php\/wp-json\/wp\/v2\/posts\/12053\/revisions"}],"predecessor-version":[{"id":12247,"href":"https:\/\/www.fcejs.unsl.edu.ar\/index.php\/wp-json\/wp\/v2\/posts\/12053\/revisions\/12247"}],"wp:featuredmedia":[{"embeddable":true,"href":"https:\/\/www.fcejs.unsl.edu.ar\/index.php\/wp-json\/wp\/v2\/media\/12248"}],"wp:attachment":[{"href":"https:\/\/www.fcejs.unsl.edu.ar\/index.php\/wp-json\/wp\/v2\/media?parent=12053"}],"wp:term":[{"taxonomy":"category","embeddable":true,"href":"https:\/\/www.fcejs.unsl.edu.ar\/index.php\/wp-json\/wp\/v2\/categories?post=12053"},{"taxonomy":"post_tag","embeddable":true,"href":"https:\/\/www.fcejs.unsl.edu.ar\/index.php\/wp-json\/wp\/v2\/tags?post=12053"}],"curies":[{"name":"wp","href":"https:\/\/api.w.org\/{rel}","templated":true}]}}