{"id":12047,"date":"2023-06-15T09:59:48","date_gmt":"2023-06-15T12:59:48","guid":{"rendered":"http:\/\/10.101.10.197\/www\/?p=12047"},"modified":"2023-06-22T10:16:48","modified_gmt":"2023-06-22T13:16:48","slug":"la-fcejs-red-de-posgrado-ciencia-y-tecnica-de-las-regiones-cuyo-centro-y-comahue","status":"publish","type":"post","link":"https:\/\/www.fcejs.unsl.edu.ar\/index.php\/la-fcejs-red-de-posgrado-ciencia-y-tecnica-de-las-regiones-cuyo-centro-y-comahue\/","title":{"rendered":"La FCEJS es parte de la Red de Posgrado, Ciencia y T\u00e9cnica de las Regiones Cuyo, Centro y Comahue"},"content":{"rendered":"<p>En el marco de la <strong>Reuni\u00f3n Cient\u00edfica &#8220;El posgrado, la ciencia y la tecnolog\u00eda en el campo social y human\u00edstico\u201d<\/strong>, realizado el 12 y 13 de junio por la Facultad de Ciencias Humanas de la UNSL, se conform\u00f3 la nueva <strong>\u201cRed de Posgrado, Ciencia y T\u00e9cnica de las Regiones Cuyo, Centro y Comahue\u201d<\/strong>, de la cual la FCEJS es una de sus integrantes, <strong>representada por la Secretar\u00eda de Investigaci\u00f3n y Posgrado.<\/strong><\/p>\n<p>Esta reuni\u00f3n cient\u00edfica reuni\u00f3 a m\u00e1s de 15 gestores de distintas unidades acad\u00e9micas pertenecientes a Universidades Nacionales de la Regi\u00f3n Cuyo, Centro y Comahue.<\/p>\n<p>En el mencionado encuentro el d\u00eda 12 de junio tuvo lugar la mesa de trabajo &#8220;Transformaciones cient\u00edfico-tecnol\u00f3gicas actuales y desaf\u00edos de la gesti\u00f3n en educaci\u00f3n superior, en el marco de los 40 a\u00f1os de democracia&#8221;.<\/p>\n<p>En la misma se dialog\u00f3 respecto de las transformaciones cient\u00edfico-tecnol\u00f3gicas actuales y las experiencias regionales sobre la gesti\u00f3n de la educaci\u00f3n superior en ciencia, tecnolog\u00eda y posgrado. Se acord\u00f3 trabajar en bases de datos comunes, difusi\u00f3n y articulaci\u00f3n en lo que respecta a convocatorias con financiamiento.<\/p>\n<p><img fetchpriority=\"high\" decoding=\"async\" class=\"aligncenter size-large wp-image-12048\" src=\"https:\/\/www.fcejs.unsl.edu.ar\/wp-content\/uploads\/2023\/06\/fch-fron-02t-1024x575.jpg\" alt=\"\" width=\"843\" height=\"473\" srcset=\"https:\/\/www.fcejs.unsl.edu.ar\/wp-content\/uploads\/2023\/06\/fch-fron-02t-1024x575.jpg 1024w, https:\/\/www.fcejs.unsl.edu.ar\/wp-content\/uploads\/2023\/06\/fch-fron-02t-300x168.jpg 300w, https:\/\/www.fcejs.unsl.edu.ar\/wp-content\/uploads\/2023\/06\/fch-fron-02t-768x431.jpg 768w, https:\/\/www.fcejs.unsl.edu.ar\/wp-content\/uploads\/2023\/06\/fch-fron-02t.jpg 1152w\" sizes=\"(max-width: 843px) 100vw, 843px\" \/><\/p>\n<p>Participaron: Viviana Reta (Decana FCH UNSL), Ver\u00f3nica Longo (Vicedecana FCH-UNSL), Fabricio Cid( Secretario CyT UNSL),\u00a0 Nora Reyes ( Secretaria de Posgrado UNSL) Alberto Palas\u00ed (director IICHYS UNSL), Marcela Becerra Bat\u00e1n (vicedirectora IICHYS UNSL), Ram\u00f3n Sanz Ferramola (integrante IICHYS-UNSL y director del DoctoradoenEducaci\u00f3n), Lorena Di Lorenzo (secretaria de posgrado FCH-UNSL) , Noelia Castillo (secretaria de CyT FCH-UNSL), Luciana Melto (secretaria de extensi\u00f3n FCH UNSL) Andrea Pi\u00f1eda (secretaria FAPSI UNSL), Ayelen Neme (secretaria de Investigaci\u00f3n y Posgrado de FCEJS UNSL), Enrique Elorza (integrantre del Centro de Pensamiento Cr\u00edtico Pedro Paz (FCEJS UNSL), Mario Guti\u00e9rrez (secretario de Posgrado FCS UNSJ), Mar\u00eda Griselda Henr\u00edquez (directora IISE, FCS UNSJ), Mar\u00eda Soledad Aguilera (Secretaria de investigaci\u00f3n e internalizaci\u00f3n de la educaci\u00f3n superior FCH UNRC), Gabriel Carini (Subsecretario de investigaci\u00f3n y posgrado FCH UNRC), M\u00f3nica Sobrino (Secretaria de posgrado FCE UNCo), Romina De Angelis (Directora de Posgrado, FH UNCo) y Dario Sandrone (UNC).<\/p>\n","protected":false},"excerpt":{"rendered":"<p>En el marco de la Reuni\u00f3n Cient\u00edfica &#8220;El posgrado, la ciencia y la tecnolog\u00eda en el campo social y human\u00edstico\u201d, realizado el 12 y 13&hellip;<\/p>\n","protected":false},"author":9,"featured_media":12049,"comment_status":"closed","ping_status":"closed","sticky":false,"template":"","format":"standard","meta":{"om_disable_all_campaigns":false,"_monsterinsights_skip_tracking":false,"_monsterinsights_sitenote_active":false,"_monsterinsights_sitenote_note":"","_monsterinsights_sitenote_category":0,"footnotes":""},"categories":[1],"tags":[],"class_list":["post-12047","post","type-post","status-publish","format-standard","has-post-thumbnail","hentry","category-noticias"],"yoast_head":"<!-- This site is optimized with the Yoast SEO plugin v27.5 - https:\/\/yoast.com\/product\/yoast-seo-wordpress\/ -->\n<title>La FCEJS es parte de la Red de Posgrado, Ciencia y T\u00e9cnica de las Regiones Cuyo, Centro y Comahue - Facultad de Ciencias Econ\u00f3micas, Jur\u00ed\u00addicas y Sociales<\/title>\n<meta name=\"robots\" content=\"index, follow, max-snippet:-1, max-image-preview:large, max-video-preview:-1\" \/>\n<link rel=\"canonical\" href=\"https:\/\/www.fcejs.unsl.edu.ar\/index.php\/la-fcejs-red-de-posgrado-ciencia-y-tecnica-de-las-regiones-cuyo-centro-y-comahue\/\" \/>\n<meta property=\"og:locale\" content=\"es_ES\" \/>\n<meta property=\"og:type\" content=\"article\" \/>\n<meta property=\"og:title\" content=\"La FCEJS es parte de la Red de Posgrado, Ciencia y T\u00e9cnica de las Regiones Cuyo, Centro y Comahue - Facultad de Ciencias Econ\u00f3micas, Jur\u00ed\u00addicas y Sociales\" \/>\n<meta property=\"og:description\" content=\"En el marco de la Reuni\u00f3n Cient\u00edfica &#8220;El posgrado, la ciencia y la tecnolog\u00eda en el campo social y human\u00edstico\u201d, realizado el 12 y 13&hellip;\" \/>\n<meta property=\"og:url\" content=\"https:\/\/www.fcejs.unsl.edu.ar\/index.php\/la-fcejs-red-de-posgrado-ciencia-y-tecnica-de-las-regiones-cuyo-centro-y-comahue\/\" \/>\n<meta property=\"og:site_name\" content=\"Facultad de Ciencias Econ\u00f3micas, Jur\u00ed\u00addicas y Sociales\" \/>\n<meta property=\"article:publisher\" content=\"https:\/\/www.facebook.com\/FCEJS.UNSL\/\" \/>\n<meta property=\"article:published_time\" content=\"2023-06-15T12:59:48+00:00\" \/>\n<meta property=\"article:modified_time\" content=\"2023-06-22T13:16:48+00:00\" \/>\n<meta property=\"og:image\" content=\"https:\/\/www.fcejs.unsl.edu.ar\/wp-content\/uploads\/2023\/06\/fch-front.jpg\" \/>\n\t<meta property=\"og:image:width\" content=\"1152\" \/>\n\t<meta property=\"og:image:height\" content=\"647\" \/>\n\t<meta property=\"og:image:type\" content=\"image\/jpeg\" \/>\n<meta name=\"author\" content=\"DATI\" \/>\n<meta name=\"twitter:card\" content=\"summary_large_image\" \/>\n<meta name=\"twitter:creator\" content=\"@FCEJSUNSL\" \/>\n<meta name=\"twitter:site\" content=\"@FCEJSUNSL\" \/>\n<meta name=\"twitter:label1\" content=\"Escrito por\" \/>\n\t<meta name=\"twitter:data1\" content=\"DATI\" \/>\n\t<meta name=\"twitter:label2\" content=\"Tiempo de lectura\" \/>\n\t<meta name=\"twitter:data2\" content=\"2 minutos\" \/>\n<script type=\"application\/ld+json\" class=\"yoast-schema-graph\">{\"@context\":\"https:\\\/\\\/schema.org\",\"@graph\":[{\"@type\":\"Article\",\"@id\":\"https:\\\/\\\/www.fcejs.unsl.edu.ar\\\/index.php\\\/la-fcejs-red-de-posgrado-ciencia-y-tecnica-de-las-regiones-cuyo-centro-y-comahue\\\/#article\",\"isPartOf\":{\"@id\":\"https:\\\/\\\/www.fcejs.unsl.edu.ar\\\/index.php\\\/la-fcejs-red-de-posgrado-ciencia-y-tecnica-de-las-regiones-cuyo-centro-y-comahue\\\/\"},\"author\":{\"name\":\"DATI\",\"@id\":\"https:\\\/\\\/www.fcejs.unsl.edu.ar\\\/#\\\/schema\\\/person\\\/352ee6ed90c3f394c7cb5945f8956d34\"},\"headline\":\"La FCEJS es parte de la Red de Posgrado, Ciencia y T\u00e9cnica de las Regiones Cuyo, Centro y Comahue\",\"datePublished\":\"2023-06-15T12:59:48+00:00\",\"dateModified\":\"2023-06-22T13:16:48+00:00\",\"mainEntityOfPage\":{\"@id\":\"https:\\\/\\\/www.fcejs.unsl.edu.ar\\\/index.php\\\/la-fcejs-red-de-posgrado-ciencia-y-tecnica-de-las-regiones-cuyo-centro-y-comahue\\\/\"},\"wordCount\":378,\"publisher\":{\"@id\":\"https:\\\/\\\/www.fcejs.unsl.edu.ar\\\/#organization\"},\"image\":{\"@id\":\"https:\\\/\\\/www.fcejs.unsl.edu.ar\\\/index.php\\\/la-fcejs-red-de-posgrado-ciencia-y-tecnica-de-las-regiones-cuyo-centro-y-comahue\\\/#primaryimage\"},\"thumbnailUrl\":\"https:\\\/\\\/www.fcejs.unsl.edu.ar\\\/wp-content\\\/uploads\\\/2023\\\/06\\\/fch-front.jpg\",\"articleSection\":[\"Noticias\"],\"inLanguage\":\"es-AR\"},{\"@type\":\"WebPage\",\"@id\":\"https:\\\/\\\/www.fcejs.unsl.edu.ar\\\/index.php\\\/la-fcejs-red-de-posgrado-ciencia-y-tecnica-de-las-regiones-cuyo-centro-y-comahue\\\/\",\"url\":\"https:\\\/\\\/www.fcejs.unsl.edu.ar\\\/index.php\\\/la-fcejs-red-de-posgrado-ciencia-y-tecnica-de-las-regiones-cuyo-centro-y-comahue\\\/\",\"name\":\"La FCEJS es parte de la Red de Posgrado, Ciencia y T\u00e9cnica de las Regiones Cuyo, Centro y Comahue - Facultad de Ciencias Econ\u00f3micas, Jur\u00ed\u00addicas y Sociales\",\"isPartOf\":{\"@id\":\"https:\\\/\\\/www.fcejs.unsl.edu.ar\\\/#website\"},\"primaryImageOfPage\":{\"@id\":\"https:\\\/\\\/www.fcejs.unsl.edu.ar\\\/index.php\\\/la-fcejs-red-de-posgrado-ciencia-y-tecnica-de-las-regiones-cuyo-centro-y-comahue\\\/#primaryimage\"},\"image\":{\"@id\":\"https:\\\/\\\/www.fcejs.unsl.edu.ar\\\/index.php\\\/la-fcejs-red-de-posgrado-ciencia-y-tecnica-de-las-regiones-cuyo-centro-y-comahue\\\/#primaryimage\"},\"thumbnailUrl\":\"https:\\\/\\\/www.fcejs.unsl.edu.ar\\\/wp-content\\\/uploads\\\/2023\\\/06\\\/fch-front.jpg\",\"datePublished\":\"2023-06-15T12:59:48+00:00\",\"dateModified\":\"2023-06-22T13:16:48+00:00\",\"breadcrumb\":{\"@id\":\"https:\\\/\\\/www.fcejs.unsl.edu.ar\\\/index.php\\\/la-fcejs-red-de-posgrado-ciencia-y-tecnica-de-las-regiones-cuyo-centro-y-comahue\\\/#breadcrumb\"},\"inLanguage\":\"es-AR\",\"potentialAction\":[{\"@type\":\"ReadAction\",\"target\":[\"https:\\\/\\\/www.fcejs.unsl.edu.ar\\\/index.php\\\/la-fcejs-red-de-posgrado-ciencia-y-tecnica-de-las-regiones-cuyo-centro-y-comahue\\\/\"]}]},{\"@type\":\"ImageObject\",\"inLanguage\":\"es-AR\",\"@id\":\"https:\\\/\\\/www.fcejs.unsl.edu.ar\\\/index.php\\\/la-fcejs-red-de-posgrado-ciencia-y-tecnica-de-las-regiones-cuyo-centro-y-comahue\\\/#primaryimage\",\"url\":\"https:\\\/\\\/www.fcejs.unsl.edu.ar\\\/wp-content\\\/uploads\\\/2023\\\/06\\\/fch-front.jpg\",\"contentUrl\":\"https:\\\/\\\/www.fcejs.unsl.edu.ar\\\/wp-content\\\/uploads\\\/2023\\\/06\\\/fch-front.jpg\",\"width\":1152,\"height\":647},{\"@type\":\"BreadcrumbList\",\"@id\":\"https:\\\/\\\/www.fcejs.unsl.edu.ar\\\/index.php\\\/la-fcejs-red-de-posgrado-ciencia-y-tecnica-de-las-regiones-cuyo-centro-y-comahue\\\/#breadcrumb\",\"itemListElement\":[{\"@type\":\"ListItem\",\"position\":1,\"name\":\"Inicio\",\"item\":\"https:\\\/\\\/www.fcejs.unsl.edu.ar\\\/\"},{\"@type\":\"ListItem\",\"position\":2,\"name\":\"La FCEJS es parte de la Red de Posgrado, Ciencia y T\u00e9cnica de las Regiones Cuyo, Centro y Comahue\"}]},{\"@type\":\"WebSite\",\"@id\":\"https:\\\/\\\/www.fcejs.unsl.edu.ar\\\/#website\",\"url\":\"https:\\\/\\\/www.fcejs.unsl.edu.ar\\\/\",\"name\":\"Facultad de Ciencias Econ\u00f3micas, Jur\u00ed\u00addicas y Sociales\",\"description\":\"\",\"publisher\":{\"@id\":\"https:\\\/\\\/www.fcejs.unsl.edu.ar\\\/#organization\"},\"potentialAction\":[{\"@type\":\"SearchAction\",\"target\":{\"@type\":\"EntryPoint\",\"urlTemplate\":\"https:\\\/\\\/www.fcejs.unsl.edu.ar\\\/?s={search_term_string}\"},\"query-input\":{\"@type\":\"PropertyValueSpecification\",\"valueRequired\":true,\"valueName\":\"search_term_string\"}}],\"inLanguage\":\"es-AR\"},{\"@type\":\"Organization\",\"@id\":\"https:\\\/\\\/www.fcejs.unsl.edu.ar\\\/#organization\",\"name\":\"Facultad de Ciencias Econ\u00f3micas, Jur\u00eddicas y Sociales\",\"url\":\"https:\\\/\\\/www.fcejs.unsl.edu.ar\\\/\",\"logo\":{\"@type\":\"ImageObject\",\"inLanguage\":\"es-AR\",\"@id\":\"https:\\\/\\\/www.fcejs.unsl.edu.ar\\\/#\\\/schema\\\/logo\\\/image\\\/\",\"url\":\"https:\\\/\\\/www.fcejs.unsl.edu.ar\\\/wp-content\\\/uploads\\\/2021\\\/03\\\/logo-1.jpg\",\"contentUrl\":\"https:\\\/\\\/www.fcejs.unsl.edu.ar\\\/wp-content\\\/uploads\\\/2021\\\/03\\\/logo-1.jpg\",\"width\":471,\"height\":146,\"caption\":\"Facultad de Ciencias Econ\u00f3micas, Jur\u00eddicas y Sociales\"},\"image\":{\"@id\":\"https:\\\/\\\/www.fcejs.unsl.edu.ar\\\/#\\\/schema\\\/logo\\\/image\\\/\"},\"sameAs\":[\"https:\\\/\\\/www.facebook.com\\\/FCEJS.UNSL\\\/\",\"https:\\\/\\\/x.com\\\/FCEJSUNSL\",\"https:\\\/\\\/www.instagram.com\\\/fcejs.unsl\\\/\",\"https:\\\/\\\/www.youtube.com\\\/channel\\\/UCH-Ut6EaN_X5ogjIQMPe46g\\\/\"]},{\"@type\":\"Person\",\"@id\":\"https:\\\/\\\/www.fcejs.unsl.edu.ar\\\/#\\\/schema\\\/person\\\/352ee6ed90c3f394c7cb5945f8956d34\",\"name\":\"DATI\"}]}<\/script>\n<!-- \/ Yoast SEO plugin. -->","yoast_head_json":{"title":"La FCEJS es parte de la Red de Posgrado, Ciencia y T\u00e9cnica de las Regiones Cuyo, Centro y Comahue - Facultad de Ciencias Econ\u00f3micas, Jur\u00ed\u00addicas y Sociales","robots":{"index":"index","follow":"follow","max-snippet":"max-snippet:-1","max-image-preview":"max-image-preview:large","max-video-preview":"max-video-preview:-1"},"canonical":"https:\/\/www.fcejs.unsl.edu.ar\/index.php\/la-fcejs-red-de-posgrado-ciencia-y-tecnica-de-las-regiones-cuyo-centro-y-comahue\/","og_locale":"es_ES","og_type":"article","og_title":"La FCEJS es parte de la Red de Posgrado, Ciencia y T\u00e9cnica de las Regiones Cuyo, Centro y Comahue - Facultad de Ciencias Econ\u00f3micas, Jur\u00ed\u00addicas y Sociales","og_description":"En el marco de la Reuni\u00f3n Cient\u00edfica &#8220;El posgrado, la ciencia y la tecnolog\u00eda en el campo social y human\u00edstico\u201d, realizado el 12 y 13&hellip;","og_url":"https:\/\/www.fcejs.unsl.edu.ar\/index.php\/la-fcejs-red-de-posgrado-ciencia-y-tecnica-de-las-regiones-cuyo-centro-y-comahue\/","og_site_name":"Facultad de Ciencias Econ\u00f3micas, Jur\u00ed\u00addicas y Sociales","article_publisher":"https:\/\/www.facebook.com\/FCEJS.UNSL\/","article_published_time":"2023-06-15T12:59:48+00:00","article_modified_time":"2023-06-22T13:16:48+00:00","og_image":[{"width":1152,"height":647,"url":"https:\/\/www.fcejs.unsl.edu.ar\/wp-content\/uploads\/2023\/06\/fch-front.jpg","type":"image\/jpeg"}],"author":"DATI","twitter_card":"summary_large_image","twitter_creator":"@FCEJSUNSL","twitter_site":"@FCEJSUNSL","twitter_misc":{"Escrito por":"DATI","Tiempo de lectura":"2 minutos"},"schema":{"@context":"https:\/\/schema.org","@graph":[{"@type":"Article","@id":"https:\/\/www.fcejs.unsl.edu.ar\/index.php\/la-fcejs-red-de-posgrado-ciencia-y-tecnica-de-las-regiones-cuyo-centro-y-comahue\/#article","isPartOf":{"@id":"https:\/\/www.fcejs.unsl.edu.ar\/index.php\/la-fcejs-red-de-posgrado-ciencia-y-tecnica-de-las-regiones-cuyo-centro-y-comahue\/"},"author":{"name":"DATI","@id":"https:\/\/www.fcejs.unsl.edu.ar\/#\/schema\/person\/352ee6ed90c3f394c7cb5945f8956d34"},"headline":"La FCEJS es parte de la Red de Posgrado, Ciencia y T\u00e9cnica de las Regiones Cuyo, Centro y Comahue","datePublished":"2023-06-15T12:59:48+00:00","dateModified":"2023-06-22T13:16:48+00:00","mainEntityOfPage":{"@id":"https:\/\/www.fcejs.unsl.edu.ar\/index.php\/la-fcejs-red-de-posgrado-ciencia-y-tecnica-de-las-regiones-cuyo-centro-y-comahue\/"},"wordCount":378,"publisher":{"@id":"https:\/\/www.fcejs.unsl.edu.ar\/#organization"},"image":{"@id":"https:\/\/www.fcejs.unsl.edu.ar\/index.php\/la-fcejs-red-de-posgrado-ciencia-y-tecnica-de-las-regiones-cuyo-centro-y-comahue\/#primaryimage"},"thumbnailUrl":"https:\/\/www.fcejs.unsl.edu.ar\/wp-content\/uploads\/2023\/06\/fch-front.jpg","articleSection":["Noticias"],"inLanguage":"es-AR"},{"@type":"WebPage","@id":"https:\/\/www.fcejs.unsl.edu.ar\/index.php\/la-fcejs-red-de-posgrado-ciencia-y-tecnica-de-las-regiones-cuyo-centro-y-comahue\/","url":"https:\/\/www.fcejs.unsl.edu.ar\/index.php\/la-fcejs-red-de-posgrado-ciencia-y-tecnica-de-las-regiones-cuyo-centro-y-comahue\/","name":"La FCEJS es parte de la Red de Posgrado, Ciencia y T\u00e9cnica de las Regiones Cuyo, Centro y Comahue - Facultad de Ciencias Econ\u00f3micas, Jur\u00ed\u00addicas y Sociales","isPartOf":{"@id":"https:\/\/www.fcejs.unsl.edu.ar\/#website"},"primaryImageOfPage":{"@id":"https:\/\/www.fcejs.unsl.edu.ar\/index.php\/la-fcejs-red-de-posgrado-ciencia-y-tecnica-de-las-regiones-cuyo-centro-y-comahue\/#primaryimage"},"image":{"@id":"https:\/\/www.fcejs.unsl.edu.ar\/index.php\/la-fcejs-red-de-posgrado-ciencia-y-tecnica-de-las-regiones-cuyo-centro-y-comahue\/#primaryimage"},"thumbnailUrl":"https:\/\/www.fcejs.unsl.edu.ar\/wp-content\/uploads\/2023\/06\/fch-front.jpg","datePublished":"2023-06-15T12:59:48+00:00","dateModified":"2023-06-22T13:16:48+00:00","breadcrumb":{"@id":"https:\/\/www.fcejs.unsl.edu.ar\/index.php\/la-fcejs-red-de-posgrado-ciencia-y-tecnica-de-las-regiones-cuyo-centro-y-comahue\/#breadcrumb"},"inLanguage":"es-AR","potentialAction":[{"@type":"ReadAction","target":["https:\/\/www.fcejs.unsl.edu.ar\/index.php\/la-fcejs-red-de-posgrado-ciencia-y-tecnica-de-las-regiones-cuyo-centro-y-comahue\/"]}]},{"@type":"ImageObject","inLanguage":"es-AR","@id":"https:\/\/www.fcejs.unsl.edu.ar\/index.php\/la-fcejs-red-de-posgrado-ciencia-y-tecnica-de-las-regiones-cuyo-centro-y-comahue\/#primaryimage","url":"https:\/\/www.fcejs.unsl.edu.ar\/wp-content\/uploads\/2023\/06\/fch-front.jpg","contentUrl":"https:\/\/www.fcejs.unsl.edu.ar\/wp-content\/uploads\/2023\/06\/fch-front.jpg","width":1152,"height":647},{"@type":"BreadcrumbList","@id":"https:\/\/www.fcejs.unsl.edu.ar\/index.php\/la-fcejs-red-de-posgrado-ciencia-y-tecnica-de-las-regiones-cuyo-centro-y-comahue\/#breadcrumb","itemListElement":[{"@type":"ListItem","position":1,"name":"Inicio","item":"https:\/\/www.fcejs.unsl.edu.ar\/"},{"@type":"ListItem","position":2,"name":"La FCEJS es parte de la Red de Posgrado, Ciencia y T\u00e9cnica de las Regiones Cuyo, Centro y Comahue"}]},{"@type":"WebSite","@id":"https:\/\/www.fcejs.unsl.edu.ar\/#website","url":"https:\/\/www.fcejs.unsl.edu.ar\/","name":"Facultad de Ciencias Econ\u00f3micas, Jur\u00ed\u00addicas y Sociales","description":"","publisher":{"@id":"https:\/\/www.fcejs.unsl.edu.ar\/#organization"},"potentialAction":[{"@type":"SearchAction","target":{"@type":"EntryPoint","urlTemplate":"https:\/\/www.fcejs.unsl.edu.ar\/?s={search_term_string}"},"query-input":{"@type":"PropertyValueSpecification","valueRequired":true,"valueName":"search_term_string"}}],"inLanguage":"es-AR"},{"@type":"Organization","@id":"https:\/\/www.fcejs.unsl.edu.ar\/#organization","name":"Facultad de Ciencias Econ\u00f3micas, Jur\u00eddicas y Sociales","url":"https:\/\/www.fcejs.unsl.edu.ar\/","logo":{"@type":"ImageObject","inLanguage":"es-AR","@id":"https:\/\/www.fcejs.unsl.edu.ar\/#\/schema\/logo\/image\/","url":"https:\/\/www.fcejs.unsl.edu.ar\/wp-content\/uploads\/2021\/03\/logo-1.jpg","contentUrl":"https:\/\/www.fcejs.unsl.edu.ar\/wp-content\/uploads\/2021\/03\/logo-1.jpg","width":471,"height":146,"caption":"Facultad de Ciencias Econ\u00f3micas, Jur\u00eddicas y Sociales"},"image":{"@id":"https:\/\/www.fcejs.unsl.edu.ar\/#\/schema\/logo\/image\/"},"sameAs":["https:\/\/www.facebook.com\/FCEJS.UNSL\/","https:\/\/x.com\/FCEJSUNSL","https:\/\/www.instagram.com\/fcejs.unsl\/","https:\/\/www.youtube.com\/channel\/UCH-Ut6EaN_X5ogjIQMPe46g\/"]},{"@type":"Person","@id":"https:\/\/www.fcejs.unsl.edu.ar\/#\/schema\/person\/352ee6ed90c3f394c7cb5945f8956d34","name":"DATI"}]}},"jetpack_featured_media_url":"https:\/\/www.fcejs.unsl.edu.ar\/wp-content\/uploads\/2023\/06\/fch-front.jpg","_links":{"self":[{"href":"https:\/\/www.fcejs.unsl.edu.ar\/index.php\/wp-json\/wp\/v2\/posts\/12047","targetHints":{"allow":["GET"]}}],"collection":[{"href":"https:\/\/www.fcejs.unsl.edu.ar\/index.php\/wp-json\/wp\/v2\/posts"}],"about":[{"href":"https:\/\/www.fcejs.unsl.edu.ar\/index.php\/wp-json\/wp\/v2\/types\/post"}],"author":[{"embeddable":true,"href":"https:\/\/www.fcejs.unsl.edu.ar\/index.php\/wp-json\/wp\/v2\/users\/9"}],"replies":[{"embeddable":true,"href":"https:\/\/www.fcejs.unsl.edu.ar\/index.php\/wp-json\/wp\/v2\/comments?post=12047"}],"version-history":[{"count":2,"href":"https:\/\/www.fcejs.unsl.edu.ar\/index.php\/wp-json\/wp\/v2\/posts\/12047\/revisions"}],"predecessor-version":[{"id":12051,"href":"https:\/\/www.fcejs.unsl.edu.ar\/index.php\/wp-json\/wp\/v2\/posts\/12047\/revisions\/12051"}],"wp:featuredmedia":[{"embeddable":true,"href":"https:\/\/www.fcejs.unsl.edu.ar\/index.php\/wp-json\/wp\/v2\/media\/12049"}],"wp:attachment":[{"href":"https:\/\/www.fcejs.unsl.edu.ar\/index.php\/wp-json\/wp\/v2\/media?parent=12047"}],"wp:term":[{"taxonomy":"category","embeddable":true,"href":"https:\/\/www.fcejs.unsl.edu.ar\/index.php\/wp-json\/wp\/v2\/categories?post=12047"},{"taxonomy":"post_tag","embeddable":true,"href":"https:\/\/www.fcejs.unsl.edu.ar\/index.php\/wp-json\/wp\/v2\/tags?post=12047"}],"curies":[{"name":"wp","href":"https:\/\/api.w.org\/{rel}","templated":true}]}}