{"id":12017,"date":"2023-06-14T09:11:15","date_gmt":"2023-06-14T12:11:15","guid":{"rendered":"http:\/\/10.101.10.197\/www\/?p=12017"},"modified":"2023-06-22T10:16:55","modified_gmt":"2023-06-22T13:16:55","slug":"tercer-ano-de-emision-del-programa-radial-la-extension-en-foco","status":"publish","type":"post","link":"https:\/\/www.fcejs.unsl.edu.ar\/index.php\/tercer-ano-de-emision-del-programa-radial-la-extension-en-foco\/","title":{"rendered":"Tercer a\u00f1o de emisi\u00f3n del Programa Radial: La Extensi\u00f3n en Foco"},"content":{"rendered":"<p>En su Tercer Ciclo por Radio Universidad en Villa Mercedes \u2013 FM 97.5-, el Programa: La Extensi\u00f3n en Foco, coordinado desde la Secretar\u00eda de Extensi\u00f3n Universitaria de la Facultad de Ciencias Econ\u00f3micas, Jur\u00eddicas y Sociales (FCEJS) y \u00a0desde la Coordinaci\u00f3n de Extensi\u00f3n, Vinculaci\u00f3n y Transferencia de la Facultad de Ingenier\u00eda y Ciencias Agropecuaria (FICA), se emite todos los mi\u00e9rcoles de 11:00 a 12:00.<\/p>\n<p>Este programa Radial tiene el objetivo de visibilizar el sentido y trabajos que\u00a0 realizan los Programas y Proyectos de Extensi\u00f3n Universitaria de las dos Facultades, en cumplimiento de una de las Funciones de la Extensi\u00f3n Universitaria de difundir los conocimientos elaborados en el \u00e1mbito universitario promoviendo y generando programas culturales y de desarrollo comunitario.<\/p>\n<audio class=\"wp-audio-shortcode\" id=\"audio-12017-1\" preload=\"none\" style=\"width: 100%;\" controls=\"controls\"><source type=\"audio\/mpeg\" src=\"http:\/\/radioupload.fica.unsl.edu.ar\/files\/jb\/EXTENSION-EN-FOCO%20%281%29.mp3?_=1\" \/><a href=\"http:\/\/radioupload.fica.unsl.edu.ar\/files\/jb\/EXTENSION-EN-FOCO%20%281%29.mp3\">http:\/\/radioupload.fica.unsl.edu.ar\/files\/jb\/EXTENSION-EN-FOCO%20%281%29.mp3<\/a><\/audio>\n<p>Realizado, producido y conducido por la Periodista Universitaria Estela Dominguez con la asistencia t\u00e9cnica de Jorge Baigorria y Luisa Rossana Salusso.<\/p>\n<p>As\u00ed, cada mi\u00e9rcoles, las y los distintos miembros de los Proyectos y Programas de Extensi\u00f3n Universitaria, adem\u00e1s de informar quienes son los integrantes que los conforman, sus objetivos; relatan sus metodolog\u00edas de abordaje y las diversas experiencias que se generan en el v\u00ednculo con las distintas Instituciones y Organizaciones de nuestra comunidad.<\/p>\n<p>Todo esto, en el marco de un dise\u00f1o de est\u00e9tica comunicacional que promueve, conforme lo exige la Ley Nacional de Servicios Audiovisuales, los y las cantautoras locales, provinciales, nacionales y latinoamericanas, en tanto constituyen nuestras identidades; como as\u00ed tambi\u00e9n, presentaciones del programa con las voces de integrantes de la comunidad universitaria que ya han transitado por nuestro Programa.<\/p>\n<p>El programa radial agradece la participaci\u00f3n y predisposici\u00f3n de las y los integrantes de los distintos Proyectos y Programas de Extensi\u00f3n Universitaria que ya han participado del Programa.<\/p>\n<p>En lo transcurrido de este a\u00f1o 2023, los siguientes Integrantes de Programas y Proyectos de Extensi\u00f3n y otras y otros miembros de la comunidad universitaria que han visitado el estudio son:<\/p>\n<ul>\n<li>Secretaria de Extensi\u00f3n Universitaria de la Facultad de Ciencias Econ\u00f3micas, Jur\u00eddicas y Sociales, Licenciada Elizabeth Magallanes.<\/li>\n<li>Mar\u00eda de los \u00c1ngeles G\u00f3mez Cruz, en representaci\u00f3n de la Biblioteca Popular Esteban Ag\u00fcero, en la firma del Convenio Marco de Cooperaci\u00f3n N\u00ba 1554 y la respectiva Acta Complementaria N\u00b0 1.<\/li>\n<li>Programa de Econom\u00eda Social, Solidaria, Comunitaria, Popular y Plural coordinado por el Esp. Juan Norberto Carena.<\/li>\n<li>El Especialista Esteban Arias sobre: La UNSL fue seleccionada por el Ministerio de Obras P\u00fablicas de la Naci\u00f3n para la construcci\u00f3n del \u201cCentro de Capacitaci\u00f3n, Acopio y Ventas de Bienes Producidos por Actores\/As de la Econom\u00eda Social Solidaria\u201d de la FCEJS.<\/li>\n<li>La Dra. Laura Rodriguez, quien en el a\u00f1o 2020 en la Comisi\u00f3n de Derechos Humanos del Colegio de Abogados y procuradores Villa Mercedes -San Luis- , se refer\u00eda al Dr. Raimundo Bodo.<\/li>\n<li>El Vice-Rector H\u00e9ctor Flores al momento del descubrimiento de la placa en Homenaje al Dr. Raimundo Bodo.<\/li>\n<li>Nota del Periodista Jos\u00e9 Luis Baigorria sobre el Acto de conmemoraci\u00f3n y reconocimiento al Dr. Raimundo Bodo.<\/li>\n<li>Especialista Mariela Zu\u00f1iga, Coordinadora del Programa Universidad Discapacidad de la Universidad.<\/li>\n<li>La Licenciada Victoria Giuliani, referente de la FCEJS en el Programa Universidad Discapacidad.<\/li>\n<li>Proyecto de Extensi\u00f3n Universitaria de FCEJS, \u201cDerechos Humanos y acceso a la justicia de los sectores en situaci\u00f3n de vulnerabilidad social\u201d; las Abogadas Virginia Carolina Vilchez y Gabriela Alejandra Ricart.<\/li>\n<li>La Coordinadora de Vinculaci\u00f3n, Extensi\u00f3n y Transferencia Tecnol\u00f3gica de FICA, la Ingeniera Mariana Saber y la Ingeniera Eugenia Riimini sobre la vinculaci\u00f3n de FICA.<\/li>\n<li>Curso de posgrado y extensi\u00f3n sobre Pr\u00e1cticas Profesionales en el Campo de la Discapacidad, a cargo de la Esp. Myrian Rubertoni y con la coordinaci\u00f3n de la Abg. Vanesa Sosa,<\/li>\n<li>Curso de Nivelaci\u00f3n Autogestionado de Matem\u00e1tica. Las docentes Graciela Echevarria y Paola Vilchez.<\/li>\n<li>El Proyecto &#8220;Matem\u00e1tica Ambiental. Aportes a pr\u00e1cticas sustentables, las Ingenieras Paola Vilchez y Vanina Bianciotti<\/li>\n<li>Cursos y Talleres de Extensi\u00f3n Programa de Educaci\u00f3n Continua Intergeneracional de Adultos (PECIA) 2023. La Sra. Gladys Torres, integrantes de la Comisi\u00f3n Directiva de la Asociaci\u00f3n 8 C<\/li>\n<li>El proyecto &#8220;Cocina Cient\u00edfica\u201d. Un Proyecto de la Facultad de Ingenier\u00eda y Ciencias agropecuarias. En la voz de su responsable, la Ingeniera Natalia del Negro<\/li>\n<li>El Proyecto &#8220;\u00bfQu\u00e9 estudiamos en Qu\u00edmica?, de la Facultad de Ingenier\u00eda y Ciencias agropecuarias. En la voz de su co- directora, la Ingeniera Mariela Barzola<\/li>\n<li>La Secretar\u00eda de Extensi\u00f3n Universitaria de FCEJS sobre el Taller de Lenguas de Se\u00f1as con la Secretaria de Extensi\u00f3n Universitaria, la Licenciada Elizabeth Magallanes Y con el Instructor en Lengua de Se\u00f1as, Mariano Santill\u00e1n<\/li>\n<\/ul>\n<p>&nbsp;<\/p>\n<p>Nota: Periodista Universitaria Estela Dominguez | Secretar\u00eda de Extensi\u00f3n Universitaria de la FCEJS.<\/p>\n<p>&nbsp;<\/p>\n<p><img fetchpriority=\"high\" decoding=\"async\" class=\"aligncenter size-large wp-image-12019\" src=\"https:\/\/www.fcejs.unsl.edu.ar\/wp-content\/uploads\/2023\/06\/FLYER-LA-EXTENSION-EN-FOCO-PROGRAMA-1024x1024.jpg\" alt=\"\" width=\"843\" height=\"843\" srcset=\"https:\/\/www.fcejs.unsl.edu.ar\/wp-content\/uploads\/2023\/06\/FLYER-LA-EXTENSION-EN-FOCO-PROGRAMA-1024x1024.jpg 1024w, https:\/\/www.fcejs.unsl.edu.ar\/wp-content\/uploads\/2023\/06\/FLYER-LA-EXTENSION-EN-FOCO-PROGRAMA-300x300.jpg 300w, https:\/\/www.fcejs.unsl.edu.ar\/wp-content\/uploads\/2023\/06\/FLYER-LA-EXTENSION-EN-FOCO-PROGRAMA-150x150.jpg 150w, https:\/\/www.fcejs.unsl.edu.ar\/wp-content\/uploads\/2023\/06\/FLYER-LA-EXTENSION-EN-FOCO-PROGRAMA-768x768.jpg 768w, https:\/\/www.fcejs.unsl.edu.ar\/wp-content\/uploads\/2023\/06\/FLYER-LA-EXTENSION-EN-FOCO-PROGRAMA.jpg 1080w\" sizes=\"(max-width: 843px) 100vw, 843px\" \/><\/p>\n","protected":false},"excerpt":{"rendered":"<p>En su Tercer Ciclo por Radio Universidad en Villa Mercedes \u2013 FM 97.5-, el Programa: La Extensi\u00f3n en Foco, coordinado desde la Secretar\u00eda de Extensi\u00f3n&hellip;<\/p>\n","protected":false},"author":9,"featured_media":12018,"comment_status":"closed","ping_status":"closed","sticky":false,"template":"","format":"standard","meta":{"om_disable_all_campaigns":false,"_monsterinsights_skip_tracking":false,"_monsterinsights_sitenote_active":false,"_monsterinsights_sitenote_note":"","_monsterinsights_sitenote_category":0,"footnotes":""},"categories":[1],"tags":[],"class_list":["post-12017","post","type-post","status-publish","format-standard","has-post-thumbnail","hentry","category-noticias"],"yoast_head":"<!-- This site is optimized with the Yoast SEO plugin v27.5 - https:\/\/yoast.com\/product\/yoast-seo-wordpress\/ -->\n<title>Tercer a\u00f1o de emisi\u00f3n del Programa Radial: La Extensi\u00f3n en Foco - Facultad de Ciencias Econ\u00f3micas, Jur\u00ed\u00addicas y Sociales<\/title>\n<meta name=\"robots\" content=\"index, follow, max-snippet:-1, max-image-preview:large, max-video-preview:-1\" \/>\n<link rel=\"canonical\" href=\"https:\/\/www.fcejs.unsl.edu.ar\/index.php\/tercer-ano-de-emision-del-programa-radial-la-extension-en-foco\/\" \/>\n<meta property=\"og:locale\" content=\"es_ES\" \/>\n<meta property=\"og:type\" content=\"article\" \/>\n<meta property=\"og:title\" content=\"Tercer a\u00f1o de emisi\u00f3n del Programa Radial: La Extensi\u00f3n en Foco - Facultad de Ciencias Econ\u00f3micas, Jur\u00ed\u00addicas y Sociales\" \/>\n<meta property=\"og:description\" content=\"En su Tercer Ciclo por Radio Universidad en Villa Mercedes \u2013 FM 97.5-, el Programa: La Extensi\u00f3n en Foco, coordinado desde la Secretar\u00eda de Extensi\u00f3n&hellip;\" \/>\n<meta property=\"og:url\" content=\"https:\/\/www.fcejs.unsl.edu.ar\/index.php\/tercer-ano-de-emision-del-programa-radial-la-extension-en-foco\/\" \/>\n<meta property=\"og:site_name\" content=\"Facultad de Ciencias Econ\u00f3micas, Jur\u00ed\u00addicas y Sociales\" \/>\n<meta property=\"article:publisher\" content=\"https:\/\/www.facebook.com\/FCEJS.UNSL\/\" \/>\n<meta property=\"article:published_time\" content=\"2023-06-14T12:11:15+00:00\" \/>\n<meta property=\"article:modified_time\" content=\"2023-06-22T13:16:55+00:00\" \/>\n<meta property=\"og:image\" content=\"https:\/\/www.fcejs.unsl.edu.ar\/wp-content\/uploads\/2023\/06\/FLYER-LA-EXTENSION-EN-FOCO-PROGRAMA-front.jpg\" \/>\n\t<meta property=\"og:image:width\" content=\"1152\" \/>\n\t<meta property=\"og:image:height\" content=\"647\" \/>\n\t<meta property=\"og:image:type\" content=\"image\/jpeg\" \/>\n<meta name=\"author\" content=\"DATI\" \/>\n<meta name=\"twitter:card\" content=\"summary_large_image\" \/>\n<meta name=\"twitter:creator\" content=\"@FCEJSUNSL\" \/>\n<meta name=\"twitter:site\" content=\"@FCEJSUNSL\" \/>\n<meta name=\"twitter:label1\" content=\"Escrito por\" \/>\n\t<meta name=\"twitter:data1\" content=\"DATI\" \/>\n\t<meta name=\"twitter:label2\" content=\"Tiempo de lectura\" \/>\n\t<meta name=\"twitter:data2\" content=\"4 minutos\" \/>\n<script type=\"application\/ld+json\" class=\"yoast-schema-graph\">{\"@context\":\"https:\\\/\\\/schema.org\",\"@graph\":[{\"@type\":\"Article\",\"@id\":\"https:\\\/\\\/www.fcejs.unsl.edu.ar\\\/index.php\\\/tercer-ano-de-emision-del-programa-radial-la-extension-en-foco\\\/#article\",\"isPartOf\":{\"@id\":\"https:\\\/\\\/www.fcejs.unsl.edu.ar\\\/index.php\\\/tercer-ano-de-emision-del-programa-radial-la-extension-en-foco\\\/\"},\"author\":{\"name\":\"DATI\",\"@id\":\"https:\\\/\\\/www.fcejs.unsl.edu.ar\\\/#\\\/schema\\\/person\\\/352ee6ed90c3f394c7cb5945f8956d34\"},\"headline\":\"Tercer a\u00f1o de emisi\u00f3n del Programa Radial: La Extensi\u00f3n en Foco\",\"datePublished\":\"2023-06-14T12:11:15+00:00\",\"dateModified\":\"2023-06-22T13:16:55+00:00\",\"mainEntityOfPage\":{\"@id\":\"https:\\\/\\\/www.fcejs.unsl.edu.ar\\\/index.php\\\/tercer-ano-de-emision-del-programa-radial-la-extension-en-foco\\\/\"},\"wordCount\":831,\"publisher\":{\"@id\":\"https:\\\/\\\/www.fcejs.unsl.edu.ar\\\/#organization\"},\"image\":{\"@id\":\"https:\\\/\\\/www.fcejs.unsl.edu.ar\\\/index.php\\\/tercer-ano-de-emision-del-programa-radial-la-extension-en-foco\\\/#primaryimage\"},\"thumbnailUrl\":\"https:\\\/\\\/www.fcejs.unsl.edu.ar\\\/wp-content\\\/uploads\\\/2023\\\/06\\\/FLYER-LA-EXTENSION-EN-FOCO-PROGRAMA-front.jpg\",\"articleSection\":[\"Noticias\"],\"inLanguage\":\"es-AR\"},{\"@type\":\"WebPage\",\"@id\":\"https:\\\/\\\/www.fcejs.unsl.edu.ar\\\/index.php\\\/tercer-ano-de-emision-del-programa-radial-la-extension-en-foco\\\/\",\"url\":\"https:\\\/\\\/www.fcejs.unsl.edu.ar\\\/index.php\\\/tercer-ano-de-emision-del-programa-radial-la-extension-en-foco\\\/\",\"name\":\"Tercer a\u00f1o de emisi\u00f3n del Programa Radial: La Extensi\u00f3n en Foco - Facultad de Ciencias Econ\u00f3micas, Jur\u00ed\u00addicas y Sociales\",\"isPartOf\":{\"@id\":\"https:\\\/\\\/www.fcejs.unsl.edu.ar\\\/#website\"},\"primaryImageOfPage\":{\"@id\":\"https:\\\/\\\/www.fcejs.unsl.edu.ar\\\/index.php\\\/tercer-ano-de-emision-del-programa-radial-la-extension-en-foco\\\/#primaryimage\"},\"image\":{\"@id\":\"https:\\\/\\\/www.fcejs.unsl.edu.ar\\\/index.php\\\/tercer-ano-de-emision-del-programa-radial-la-extension-en-foco\\\/#primaryimage\"},\"thumbnailUrl\":\"https:\\\/\\\/www.fcejs.unsl.edu.ar\\\/wp-content\\\/uploads\\\/2023\\\/06\\\/FLYER-LA-EXTENSION-EN-FOCO-PROGRAMA-front.jpg\",\"datePublished\":\"2023-06-14T12:11:15+00:00\",\"dateModified\":\"2023-06-22T13:16:55+00:00\",\"breadcrumb\":{\"@id\":\"https:\\\/\\\/www.fcejs.unsl.edu.ar\\\/index.php\\\/tercer-ano-de-emision-del-programa-radial-la-extension-en-foco\\\/#breadcrumb\"},\"inLanguage\":\"es-AR\",\"potentialAction\":[{\"@type\":\"ReadAction\",\"target\":[\"https:\\\/\\\/www.fcejs.unsl.edu.ar\\\/index.php\\\/tercer-ano-de-emision-del-programa-radial-la-extension-en-foco\\\/\"]}]},{\"@type\":\"ImageObject\",\"inLanguage\":\"es-AR\",\"@id\":\"https:\\\/\\\/www.fcejs.unsl.edu.ar\\\/index.php\\\/tercer-ano-de-emision-del-programa-radial-la-extension-en-foco\\\/#primaryimage\",\"url\":\"https:\\\/\\\/www.fcejs.unsl.edu.ar\\\/wp-content\\\/uploads\\\/2023\\\/06\\\/FLYER-LA-EXTENSION-EN-FOCO-PROGRAMA-front.jpg\",\"contentUrl\":\"https:\\\/\\\/www.fcejs.unsl.edu.ar\\\/wp-content\\\/uploads\\\/2023\\\/06\\\/FLYER-LA-EXTENSION-EN-FOCO-PROGRAMA-front.jpg\",\"width\":1152,\"height\":647},{\"@type\":\"BreadcrumbList\",\"@id\":\"https:\\\/\\\/www.fcejs.unsl.edu.ar\\\/index.php\\\/tercer-ano-de-emision-del-programa-radial-la-extension-en-foco\\\/#breadcrumb\",\"itemListElement\":[{\"@type\":\"ListItem\",\"position\":1,\"name\":\"Inicio\",\"item\":\"https:\\\/\\\/www.fcejs.unsl.edu.ar\\\/\"},{\"@type\":\"ListItem\",\"position\":2,\"name\":\"Tercer a\u00f1o de emisi\u00f3n del Programa Radial: La Extensi\u00f3n en Foco\"}]},{\"@type\":\"WebSite\",\"@id\":\"https:\\\/\\\/www.fcejs.unsl.edu.ar\\\/#website\",\"url\":\"https:\\\/\\\/www.fcejs.unsl.edu.ar\\\/\",\"name\":\"Facultad de Ciencias Econ\u00f3micas, Jur\u00ed\u00addicas y Sociales\",\"description\":\"\",\"publisher\":{\"@id\":\"https:\\\/\\\/www.fcejs.unsl.edu.ar\\\/#organization\"},\"potentialAction\":[{\"@type\":\"SearchAction\",\"target\":{\"@type\":\"EntryPoint\",\"urlTemplate\":\"https:\\\/\\\/www.fcejs.unsl.edu.ar\\\/?s={search_term_string}\"},\"query-input\":{\"@type\":\"PropertyValueSpecification\",\"valueRequired\":true,\"valueName\":\"search_term_string\"}}],\"inLanguage\":\"es-AR\"},{\"@type\":\"Organization\",\"@id\":\"https:\\\/\\\/www.fcejs.unsl.edu.ar\\\/#organization\",\"name\":\"Facultad de Ciencias Econ\u00f3micas, Jur\u00eddicas y Sociales\",\"url\":\"https:\\\/\\\/www.fcejs.unsl.edu.ar\\\/\",\"logo\":{\"@type\":\"ImageObject\",\"inLanguage\":\"es-AR\",\"@id\":\"https:\\\/\\\/www.fcejs.unsl.edu.ar\\\/#\\\/schema\\\/logo\\\/image\\\/\",\"url\":\"https:\\\/\\\/www.fcejs.unsl.edu.ar\\\/wp-content\\\/uploads\\\/2021\\\/03\\\/logo-1.jpg\",\"contentUrl\":\"https:\\\/\\\/www.fcejs.unsl.edu.ar\\\/wp-content\\\/uploads\\\/2021\\\/03\\\/logo-1.jpg\",\"width\":471,\"height\":146,\"caption\":\"Facultad de Ciencias Econ\u00f3micas, Jur\u00eddicas y Sociales\"},\"image\":{\"@id\":\"https:\\\/\\\/www.fcejs.unsl.edu.ar\\\/#\\\/schema\\\/logo\\\/image\\\/\"},\"sameAs\":[\"https:\\\/\\\/www.facebook.com\\\/FCEJS.UNSL\\\/\",\"https:\\\/\\\/x.com\\\/FCEJSUNSL\",\"https:\\\/\\\/www.instagram.com\\\/fcejs.unsl\\\/\",\"https:\\\/\\\/www.youtube.com\\\/channel\\\/UCH-Ut6EaN_X5ogjIQMPe46g\\\/\"]},{\"@type\":\"Person\",\"@id\":\"https:\\\/\\\/www.fcejs.unsl.edu.ar\\\/#\\\/schema\\\/person\\\/352ee6ed90c3f394c7cb5945f8956d34\",\"name\":\"DATI\"}]}<\/script>\n<!-- \/ Yoast SEO plugin. -->","yoast_head_json":{"title":"Tercer a\u00f1o de emisi\u00f3n del Programa Radial: La Extensi\u00f3n en Foco - Facultad de Ciencias Econ\u00f3micas, Jur\u00ed\u00addicas y Sociales","robots":{"index":"index","follow":"follow","max-snippet":"max-snippet:-1","max-image-preview":"max-image-preview:large","max-video-preview":"max-video-preview:-1"},"canonical":"https:\/\/www.fcejs.unsl.edu.ar\/index.php\/tercer-ano-de-emision-del-programa-radial-la-extension-en-foco\/","og_locale":"es_ES","og_type":"article","og_title":"Tercer a\u00f1o de emisi\u00f3n del Programa Radial: La Extensi\u00f3n en Foco - Facultad de Ciencias Econ\u00f3micas, Jur\u00ed\u00addicas y Sociales","og_description":"En su Tercer Ciclo por Radio Universidad en Villa Mercedes \u2013 FM 97.5-, el Programa: La Extensi\u00f3n en Foco, coordinado desde la Secretar\u00eda de Extensi\u00f3n&hellip;","og_url":"https:\/\/www.fcejs.unsl.edu.ar\/index.php\/tercer-ano-de-emision-del-programa-radial-la-extension-en-foco\/","og_site_name":"Facultad de Ciencias Econ\u00f3micas, Jur\u00ed\u00addicas y Sociales","article_publisher":"https:\/\/www.facebook.com\/FCEJS.UNSL\/","article_published_time":"2023-06-14T12:11:15+00:00","article_modified_time":"2023-06-22T13:16:55+00:00","og_image":[{"width":1152,"height":647,"url":"https:\/\/www.fcejs.unsl.edu.ar\/wp-content\/uploads\/2023\/06\/FLYER-LA-EXTENSION-EN-FOCO-PROGRAMA-front.jpg","type":"image\/jpeg"}],"author":"DATI","twitter_card":"summary_large_image","twitter_creator":"@FCEJSUNSL","twitter_site":"@FCEJSUNSL","twitter_misc":{"Escrito por":"DATI","Tiempo de lectura":"4 minutos"},"schema":{"@context":"https:\/\/schema.org","@graph":[{"@type":"Article","@id":"https:\/\/www.fcejs.unsl.edu.ar\/index.php\/tercer-ano-de-emision-del-programa-radial-la-extension-en-foco\/#article","isPartOf":{"@id":"https:\/\/www.fcejs.unsl.edu.ar\/index.php\/tercer-ano-de-emision-del-programa-radial-la-extension-en-foco\/"},"author":{"name":"DATI","@id":"https:\/\/www.fcejs.unsl.edu.ar\/#\/schema\/person\/352ee6ed90c3f394c7cb5945f8956d34"},"headline":"Tercer a\u00f1o de emisi\u00f3n del Programa Radial: La Extensi\u00f3n en Foco","datePublished":"2023-06-14T12:11:15+00:00","dateModified":"2023-06-22T13:16:55+00:00","mainEntityOfPage":{"@id":"https:\/\/www.fcejs.unsl.edu.ar\/index.php\/tercer-ano-de-emision-del-programa-radial-la-extension-en-foco\/"},"wordCount":831,"publisher":{"@id":"https:\/\/www.fcejs.unsl.edu.ar\/#organization"},"image":{"@id":"https:\/\/www.fcejs.unsl.edu.ar\/index.php\/tercer-ano-de-emision-del-programa-radial-la-extension-en-foco\/#primaryimage"},"thumbnailUrl":"https:\/\/www.fcejs.unsl.edu.ar\/wp-content\/uploads\/2023\/06\/FLYER-LA-EXTENSION-EN-FOCO-PROGRAMA-front.jpg","articleSection":["Noticias"],"inLanguage":"es-AR"},{"@type":"WebPage","@id":"https:\/\/www.fcejs.unsl.edu.ar\/index.php\/tercer-ano-de-emision-del-programa-radial-la-extension-en-foco\/","url":"https:\/\/www.fcejs.unsl.edu.ar\/index.php\/tercer-ano-de-emision-del-programa-radial-la-extension-en-foco\/","name":"Tercer a\u00f1o de emisi\u00f3n del Programa Radial: La Extensi\u00f3n en Foco - Facultad de Ciencias Econ\u00f3micas, Jur\u00ed\u00addicas y Sociales","isPartOf":{"@id":"https:\/\/www.fcejs.unsl.edu.ar\/#website"},"primaryImageOfPage":{"@id":"https:\/\/www.fcejs.unsl.edu.ar\/index.php\/tercer-ano-de-emision-del-programa-radial-la-extension-en-foco\/#primaryimage"},"image":{"@id":"https:\/\/www.fcejs.unsl.edu.ar\/index.php\/tercer-ano-de-emision-del-programa-radial-la-extension-en-foco\/#primaryimage"},"thumbnailUrl":"https:\/\/www.fcejs.unsl.edu.ar\/wp-content\/uploads\/2023\/06\/FLYER-LA-EXTENSION-EN-FOCO-PROGRAMA-front.jpg","datePublished":"2023-06-14T12:11:15+00:00","dateModified":"2023-06-22T13:16:55+00:00","breadcrumb":{"@id":"https:\/\/www.fcejs.unsl.edu.ar\/index.php\/tercer-ano-de-emision-del-programa-radial-la-extension-en-foco\/#breadcrumb"},"inLanguage":"es-AR","potentialAction":[{"@type":"ReadAction","target":["https:\/\/www.fcejs.unsl.edu.ar\/index.php\/tercer-ano-de-emision-del-programa-radial-la-extension-en-foco\/"]}]},{"@type":"ImageObject","inLanguage":"es-AR","@id":"https:\/\/www.fcejs.unsl.edu.ar\/index.php\/tercer-ano-de-emision-del-programa-radial-la-extension-en-foco\/#primaryimage","url":"https:\/\/www.fcejs.unsl.edu.ar\/wp-content\/uploads\/2023\/06\/FLYER-LA-EXTENSION-EN-FOCO-PROGRAMA-front.jpg","contentUrl":"https:\/\/www.fcejs.unsl.edu.ar\/wp-content\/uploads\/2023\/06\/FLYER-LA-EXTENSION-EN-FOCO-PROGRAMA-front.jpg","width":1152,"height":647},{"@type":"BreadcrumbList","@id":"https:\/\/www.fcejs.unsl.edu.ar\/index.php\/tercer-ano-de-emision-del-programa-radial-la-extension-en-foco\/#breadcrumb","itemListElement":[{"@type":"ListItem","position":1,"name":"Inicio","item":"https:\/\/www.fcejs.unsl.edu.ar\/"},{"@type":"ListItem","position":2,"name":"Tercer a\u00f1o de emisi\u00f3n del Programa Radial: La Extensi\u00f3n en Foco"}]},{"@type":"WebSite","@id":"https:\/\/www.fcejs.unsl.edu.ar\/#website","url":"https:\/\/www.fcejs.unsl.edu.ar\/","name":"Facultad de Ciencias Econ\u00f3micas, Jur\u00ed\u00addicas y Sociales","description":"","publisher":{"@id":"https:\/\/www.fcejs.unsl.edu.ar\/#organization"},"potentialAction":[{"@type":"SearchAction","target":{"@type":"EntryPoint","urlTemplate":"https:\/\/www.fcejs.unsl.edu.ar\/?s={search_term_string}"},"query-input":{"@type":"PropertyValueSpecification","valueRequired":true,"valueName":"search_term_string"}}],"inLanguage":"es-AR"},{"@type":"Organization","@id":"https:\/\/www.fcejs.unsl.edu.ar\/#organization","name":"Facultad de Ciencias Econ\u00f3micas, Jur\u00eddicas y Sociales","url":"https:\/\/www.fcejs.unsl.edu.ar\/","logo":{"@type":"ImageObject","inLanguage":"es-AR","@id":"https:\/\/www.fcejs.unsl.edu.ar\/#\/schema\/logo\/image\/","url":"https:\/\/www.fcejs.unsl.edu.ar\/wp-content\/uploads\/2021\/03\/logo-1.jpg","contentUrl":"https:\/\/www.fcejs.unsl.edu.ar\/wp-content\/uploads\/2021\/03\/logo-1.jpg","width":471,"height":146,"caption":"Facultad de Ciencias Econ\u00f3micas, Jur\u00eddicas y Sociales"},"image":{"@id":"https:\/\/www.fcejs.unsl.edu.ar\/#\/schema\/logo\/image\/"},"sameAs":["https:\/\/www.facebook.com\/FCEJS.UNSL\/","https:\/\/x.com\/FCEJSUNSL","https:\/\/www.instagram.com\/fcejs.unsl\/","https:\/\/www.youtube.com\/channel\/UCH-Ut6EaN_X5ogjIQMPe46g\/"]},{"@type":"Person","@id":"https:\/\/www.fcejs.unsl.edu.ar\/#\/schema\/person\/352ee6ed90c3f394c7cb5945f8956d34","name":"DATI"}]}},"jetpack_featured_media_url":"https:\/\/www.fcejs.unsl.edu.ar\/wp-content\/uploads\/2023\/06\/FLYER-LA-EXTENSION-EN-FOCO-PROGRAMA-front.jpg","_links":{"self":[{"href":"https:\/\/www.fcejs.unsl.edu.ar\/index.php\/wp-json\/wp\/v2\/posts\/12017","targetHints":{"allow":["GET"]}}],"collection":[{"href":"https:\/\/www.fcejs.unsl.edu.ar\/index.php\/wp-json\/wp\/v2\/posts"}],"about":[{"href":"https:\/\/www.fcejs.unsl.edu.ar\/index.php\/wp-json\/wp\/v2\/types\/post"}],"author":[{"embeddable":true,"href":"https:\/\/www.fcejs.unsl.edu.ar\/index.php\/wp-json\/wp\/v2\/users\/9"}],"replies":[{"embeddable":true,"href":"https:\/\/www.fcejs.unsl.edu.ar\/index.php\/wp-json\/wp\/v2\/comments?post=12017"}],"version-history":[{"count":1,"href":"https:\/\/www.fcejs.unsl.edu.ar\/index.php\/wp-json\/wp\/v2\/posts\/12017\/revisions"}],"predecessor-version":[{"id":12020,"href":"https:\/\/www.fcejs.unsl.edu.ar\/index.php\/wp-json\/wp\/v2\/posts\/12017\/revisions\/12020"}],"wp:featuredmedia":[{"embeddable":true,"href":"https:\/\/www.fcejs.unsl.edu.ar\/index.php\/wp-json\/wp\/v2\/media\/12018"}],"wp:attachment":[{"href":"https:\/\/www.fcejs.unsl.edu.ar\/index.php\/wp-json\/wp\/v2\/media?parent=12017"}],"wp:term":[{"taxonomy":"category","embeddable":true,"href":"https:\/\/www.fcejs.unsl.edu.ar\/index.php\/wp-json\/wp\/v2\/categories?post=12017"},{"taxonomy":"post_tag","embeddable":true,"href":"https:\/\/www.fcejs.unsl.edu.ar\/index.php\/wp-json\/wp\/v2\/tags?post=12017"}],"curies":[{"name":"wp","href":"https:\/\/api.w.org\/{rel}","templated":true}]}}