{"id":11991,"date":"2023-06-10T11:30:00","date_gmt":"2023-06-10T14:30:00","guid":{"rendered":"http:\/\/10.101.10.197\/www\/?p=11991"},"modified":"2023-06-13T12:02:39","modified_gmt":"2023-06-13T15:02:39","slug":"svts-convocatorias-mincyt","status":"publish","type":"post","link":"https:\/\/www.fcejs.unsl.edu.ar\/index.php\/svts-convocatorias-mincyt\/","title":{"rendered":"SVTS: convocatorias abiertas del Ministerio de Ciencia, Tecnolog\u00eda e Innovaci\u00f3n"},"content":{"rendered":"<p>La <strong>Secretar\u00eda de Vinculaci\u00f3n Tecnol\u00f3gica y Social (SVTS) de la UNSL<\/strong>, informa que se encuentran abiertas dos convocatorias del <strong>Programa Nacional de Tecnolog\u00eda e Innovaci\u00f3n Social \u201cInnovar para incluir\u201d<\/strong>. Se tratan de las convocatorias \u201c<strong>Proyectos asociativos de dise\u00f1o 2023\u201d; y \u201cProyectos de tecnolog\u00edas para la inclusi\u00f3n social 2023\u201d<\/strong><\/p>\n<p>Impulsadas por el Ministerio de Ciencia, Tecnolog\u00eda e Innovaci\u00f3n (MINCyT), ambas convocatorias de innovaci\u00f3n social <strong>finalizan el 30 de junio de 2023.<\/strong><\/p>\n<p><strong>Proyectos de tecnolog\u00edas para la inclusi\u00f3n social 2023.<\/strong> La convocatoria est\u00e1 dirigida a cofinanciar propuestas que impliquen el desarrollo e implementaci\u00f3n en territorio de soluciones tecnol\u00f3gicas orientadas a la resoluci\u00f3n de demandas sociales y productivas concretas que mejoren la calidad de vida de la poblaci\u00f3n.<\/p>\n<p>El objetivo es promover din\u00e1micas de innovaci\u00f3n entre actores sociales y entidades del Sistema Nacional de Ciencia, Tecnolog\u00eda e Innovaci\u00f3n (SNCTI) a fin de generar nuevas modalidades de resoluci\u00f3n de problem\u00e1ticas sociales o productivas.<\/p>\n<h3 style=\"text-align: center;\"><strong><span style=\"color: #0000ff;\"><a style=\"color: #0000ff;\" href=\"https:\/\/www.argentina.gob.ar\/ciencia\/seppcti\/innovar-para-incluir\/convocatorias-de-innovacion-social\/proyectos-de-tecnologias\" target=\"_blank\" rel=\"noopener\">BASES<\/a><\/span><\/strong><\/h3>\n<p><strong>Proyectos asociativos de dise\u00f1o 2023. <\/strong>La convocatoria est\u00e1 dirigida a cofinanciar proyectos que tengan por finalidad la incorporaci\u00f3n del dise\u00f1o como factor estrat\u00e9gico de innovaci\u00f3n en peque\u00f1as unidades productivas, microemprendimientos, cooperativas y empresas recuperadas y autogestionadas por sus trabajadores\/as. Esto apunta tanto a la generaci\u00f3n de nuevos productos, como a la introducci\u00f3n de mejoras en procesos y\/o productos existentes.<\/p>\n<p>El objetivo es impulsar, a trav\u00e9s de la incorporaci\u00f3n del dise\u00f1o, plataformas innovadoras que ayuden a mejorar las condiciones de producci\u00f3n de los emprendimientos, permitiendo y afianzando el desarrollo de pol\u00edticas de inclusi\u00f3n socio-laboral.<\/p>\n<h3 style=\"text-align: center;\"><a href=\"https:\/\/www.argentina.gob.ar\/ciencia\/seppcti\/innovar-para-incluir\/convocatorias-de-innovacion-social\/proyectos-asociativos-de\" target=\"_blank\" rel=\"noopener\"><span style=\"color: #0000ff;\">BASES<\/span><\/a><\/h3>\n<p>&nbsp;<\/p>\n","protected":false},"excerpt":{"rendered":"<p>La Secretar\u00eda de Vinculaci\u00f3n Tecnol\u00f3gica y Social (SVTS) de la UNSL, informa que se encuentran abiertas dos convocatorias del Programa Nacional de Tecnolog\u00eda e Innovaci\u00f3n&hellip;<\/p>\n","protected":false},"author":9,"featured_media":11992,"comment_status":"closed","ping_status":"closed","sticky":false,"template":"","format":"standard","meta":{"om_disable_all_campaigns":false,"_monsterinsights_skip_tracking":false,"_monsterinsights_sitenote_active":false,"_monsterinsights_sitenote_note":"","_monsterinsights_sitenote_category":0,"footnotes":""},"categories":[1],"tags":[],"class_list":["post-11991","post","type-post","status-publish","format-standard","has-post-thumbnail","hentry","category-noticias"],"yoast_head":"<!-- This site is optimized with the Yoast SEO plugin v27.4 - https:\/\/yoast.com\/product\/yoast-seo-wordpress\/ -->\n<title>SVTS: convocatorias abiertas del Ministerio de Ciencia, Tecnolog\u00eda e Innovaci\u00f3n - Facultad de Ciencias Econ\u00f3micas, Jur\u00ed\u00addicas y Sociales<\/title>\n<meta name=\"robots\" content=\"index, follow, max-snippet:-1, max-image-preview:large, max-video-preview:-1\" \/>\n<link rel=\"canonical\" href=\"https:\/\/www.fcejs.unsl.edu.ar\/index.php\/svts-convocatorias-mincyt\/\" \/>\n<meta property=\"og:locale\" content=\"es_ES\" \/>\n<meta property=\"og:type\" content=\"article\" \/>\n<meta property=\"og:title\" content=\"SVTS: convocatorias abiertas del Ministerio de Ciencia, Tecnolog\u00eda e Innovaci\u00f3n - Facultad de Ciencias Econ\u00f3micas, Jur\u00ed\u00addicas y Sociales\" \/>\n<meta property=\"og:description\" content=\"La Secretar\u00eda de Vinculaci\u00f3n Tecnol\u00f3gica y Social (SVTS) de la UNSL, informa que se encuentran abiertas dos convocatorias del Programa Nacional de Tecnolog\u00eda e Innovaci\u00f3n&hellip;\" \/>\n<meta property=\"og:url\" content=\"https:\/\/www.fcejs.unsl.edu.ar\/index.php\/svts-convocatorias-mincyt\/\" \/>\n<meta property=\"og:site_name\" content=\"Facultad de Ciencias Econ\u00f3micas, Jur\u00ed\u00addicas y Sociales\" \/>\n<meta property=\"article:publisher\" content=\"https:\/\/www.facebook.com\/FCEJS.UNSL\/\" \/>\n<meta property=\"article:published_time\" content=\"2023-06-10T14:30:00+00:00\" \/>\n<meta property=\"article:modified_time\" content=\"2023-06-13T15:02:39+00:00\" \/>\n<meta property=\"og:image\" content=\"https:\/\/www.fcejs.unsl.edu.ar\/wp-content\/uploads\/2023\/06\/convocatorias_MINCyT.jpg\" \/>\n\t<meta property=\"og:image:width\" content=\"1152\" \/>\n\t<meta property=\"og:image:height\" content=\"647\" \/>\n\t<meta property=\"og:image:type\" content=\"image\/jpeg\" \/>\n<meta name=\"author\" content=\"DATI\" \/>\n<meta name=\"twitter:card\" content=\"summary_large_image\" \/>\n<meta name=\"twitter:creator\" content=\"@FCEJSUNSL\" \/>\n<meta name=\"twitter:site\" content=\"@FCEJSUNSL\" \/>\n<meta name=\"twitter:label1\" content=\"Escrito por\" \/>\n\t<meta name=\"twitter:data1\" content=\"DATI\" \/>\n\t<meta name=\"twitter:label2\" content=\"Tiempo de lectura\" \/>\n\t<meta name=\"twitter:data2\" content=\"2 minutos\" \/>\n<script type=\"application\/ld+json\" class=\"yoast-schema-graph\">{\"@context\":\"https:\\\/\\\/schema.org\",\"@graph\":[{\"@type\":\"Article\",\"@id\":\"https:\\\/\\\/www.fcejs.unsl.edu.ar\\\/index.php\\\/svts-convocatorias-mincyt\\\/#article\",\"isPartOf\":{\"@id\":\"https:\\\/\\\/www.fcejs.unsl.edu.ar\\\/index.php\\\/svts-convocatorias-mincyt\\\/\"},\"author\":{\"name\":\"DATI\",\"@id\":\"https:\\\/\\\/www.fcejs.unsl.edu.ar\\\/#\\\/schema\\\/person\\\/352ee6ed90c3f394c7cb5945f8956d34\"},\"headline\":\"SVTS: convocatorias abiertas del Ministerio de Ciencia, Tecnolog\u00eda e Innovaci\u00f3n\",\"datePublished\":\"2023-06-10T14:30:00+00:00\",\"dateModified\":\"2023-06-13T15:02:39+00:00\",\"mainEntityOfPage\":{\"@id\":\"https:\\\/\\\/www.fcejs.unsl.edu.ar\\\/index.php\\\/svts-convocatorias-mincyt\\\/\"},\"wordCount\":290,\"publisher\":{\"@id\":\"https:\\\/\\\/www.fcejs.unsl.edu.ar\\\/#organization\"},\"image\":{\"@id\":\"https:\\\/\\\/www.fcejs.unsl.edu.ar\\\/index.php\\\/svts-convocatorias-mincyt\\\/#primaryimage\"},\"thumbnailUrl\":\"https:\\\/\\\/www.fcejs.unsl.edu.ar\\\/wp-content\\\/uploads\\\/2023\\\/06\\\/convocatorias_MINCyT.jpg\",\"articleSection\":[\"Noticias\"],\"inLanguage\":\"es-AR\"},{\"@type\":\"WebPage\",\"@id\":\"https:\\\/\\\/www.fcejs.unsl.edu.ar\\\/index.php\\\/svts-convocatorias-mincyt\\\/\",\"url\":\"https:\\\/\\\/www.fcejs.unsl.edu.ar\\\/index.php\\\/svts-convocatorias-mincyt\\\/\",\"name\":\"SVTS: convocatorias abiertas del Ministerio de Ciencia, Tecnolog\u00eda e Innovaci\u00f3n - Facultad de Ciencias Econ\u00f3micas, Jur\u00ed\u00addicas y Sociales\",\"isPartOf\":{\"@id\":\"https:\\\/\\\/www.fcejs.unsl.edu.ar\\\/#website\"},\"primaryImageOfPage\":{\"@id\":\"https:\\\/\\\/www.fcejs.unsl.edu.ar\\\/index.php\\\/svts-convocatorias-mincyt\\\/#primaryimage\"},\"image\":{\"@id\":\"https:\\\/\\\/www.fcejs.unsl.edu.ar\\\/index.php\\\/svts-convocatorias-mincyt\\\/#primaryimage\"},\"thumbnailUrl\":\"https:\\\/\\\/www.fcejs.unsl.edu.ar\\\/wp-content\\\/uploads\\\/2023\\\/06\\\/convocatorias_MINCyT.jpg\",\"datePublished\":\"2023-06-10T14:30:00+00:00\",\"dateModified\":\"2023-06-13T15:02:39+00:00\",\"breadcrumb\":{\"@id\":\"https:\\\/\\\/www.fcejs.unsl.edu.ar\\\/index.php\\\/svts-convocatorias-mincyt\\\/#breadcrumb\"},\"inLanguage\":\"es-AR\",\"potentialAction\":[{\"@type\":\"ReadAction\",\"target\":[\"https:\\\/\\\/www.fcejs.unsl.edu.ar\\\/index.php\\\/svts-convocatorias-mincyt\\\/\"]}]},{\"@type\":\"ImageObject\",\"inLanguage\":\"es-AR\",\"@id\":\"https:\\\/\\\/www.fcejs.unsl.edu.ar\\\/index.php\\\/svts-convocatorias-mincyt\\\/#primaryimage\",\"url\":\"https:\\\/\\\/www.fcejs.unsl.edu.ar\\\/wp-content\\\/uploads\\\/2023\\\/06\\\/convocatorias_MINCyT.jpg\",\"contentUrl\":\"https:\\\/\\\/www.fcejs.unsl.edu.ar\\\/wp-content\\\/uploads\\\/2023\\\/06\\\/convocatorias_MINCyT.jpg\",\"width\":1152,\"height\":647},{\"@type\":\"BreadcrumbList\",\"@id\":\"https:\\\/\\\/www.fcejs.unsl.edu.ar\\\/index.php\\\/svts-convocatorias-mincyt\\\/#breadcrumb\",\"itemListElement\":[{\"@type\":\"ListItem\",\"position\":1,\"name\":\"Inicio\",\"item\":\"https:\\\/\\\/www.fcejs.unsl.edu.ar\\\/\"},{\"@type\":\"ListItem\",\"position\":2,\"name\":\"SVTS: convocatorias abiertas del Ministerio de Ciencia, Tecnolog\u00eda e Innovaci\u00f3n\"}]},{\"@type\":\"WebSite\",\"@id\":\"https:\\\/\\\/www.fcejs.unsl.edu.ar\\\/#website\",\"url\":\"https:\\\/\\\/www.fcejs.unsl.edu.ar\\\/\",\"name\":\"Facultad de Ciencias Econ\u00f3micas, Jur\u00ed\u00addicas y Sociales\",\"description\":\"\",\"publisher\":{\"@id\":\"https:\\\/\\\/www.fcejs.unsl.edu.ar\\\/#organization\"},\"potentialAction\":[{\"@type\":\"SearchAction\",\"target\":{\"@type\":\"EntryPoint\",\"urlTemplate\":\"https:\\\/\\\/www.fcejs.unsl.edu.ar\\\/?s={search_term_string}\"},\"query-input\":{\"@type\":\"PropertyValueSpecification\",\"valueRequired\":true,\"valueName\":\"search_term_string\"}}],\"inLanguage\":\"es-AR\"},{\"@type\":\"Organization\",\"@id\":\"https:\\\/\\\/www.fcejs.unsl.edu.ar\\\/#organization\",\"name\":\"Facultad de Ciencias Econ\u00f3micas, Jur\u00eddicas y Sociales\",\"url\":\"https:\\\/\\\/www.fcejs.unsl.edu.ar\\\/\",\"logo\":{\"@type\":\"ImageObject\",\"inLanguage\":\"es-AR\",\"@id\":\"https:\\\/\\\/www.fcejs.unsl.edu.ar\\\/#\\\/schema\\\/logo\\\/image\\\/\",\"url\":\"https:\\\/\\\/www.fcejs.unsl.edu.ar\\\/wp-content\\\/uploads\\\/2021\\\/03\\\/logo-1.jpg\",\"contentUrl\":\"https:\\\/\\\/www.fcejs.unsl.edu.ar\\\/wp-content\\\/uploads\\\/2021\\\/03\\\/logo-1.jpg\",\"width\":471,\"height\":146,\"caption\":\"Facultad de Ciencias Econ\u00f3micas, Jur\u00eddicas y Sociales\"},\"image\":{\"@id\":\"https:\\\/\\\/www.fcejs.unsl.edu.ar\\\/#\\\/schema\\\/logo\\\/image\\\/\"},\"sameAs\":[\"https:\\\/\\\/www.facebook.com\\\/FCEJS.UNSL\\\/\",\"https:\\\/\\\/x.com\\\/FCEJSUNSL\",\"https:\\\/\\\/www.instagram.com\\\/fcejs.unsl\\\/\",\"https:\\\/\\\/www.youtube.com\\\/channel\\\/UCH-Ut6EaN_X5ogjIQMPe46g\\\/\"]},{\"@type\":\"Person\",\"@id\":\"https:\\\/\\\/www.fcejs.unsl.edu.ar\\\/#\\\/schema\\\/person\\\/352ee6ed90c3f394c7cb5945f8956d34\",\"name\":\"DATI\"}]}<\/script>\n<!-- \/ Yoast SEO plugin. -->","yoast_head_json":{"title":"SVTS: convocatorias abiertas del Ministerio de Ciencia, Tecnolog\u00eda e Innovaci\u00f3n - Facultad de Ciencias Econ\u00f3micas, Jur\u00ed\u00addicas y Sociales","robots":{"index":"index","follow":"follow","max-snippet":"max-snippet:-1","max-image-preview":"max-image-preview:large","max-video-preview":"max-video-preview:-1"},"canonical":"https:\/\/www.fcejs.unsl.edu.ar\/index.php\/svts-convocatorias-mincyt\/","og_locale":"es_ES","og_type":"article","og_title":"SVTS: convocatorias abiertas del Ministerio de Ciencia, Tecnolog\u00eda e Innovaci\u00f3n - Facultad de Ciencias Econ\u00f3micas, Jur\u00ed\u00addicas y Sociales","og_description":"La Secretar\u00eda de Vinculaci\u00f3n Tecnol\u00f3gica y Social (SVTS) de la UNSL, informa que se encuentran abiertas dos convocatorias del Programa Nacional de Tecnolog\u00eda e Innovaci\u00f3n&hellip;","og_url":"https:\/\/www.fcejs.unsl.edu.ar\/index.php\/svts-convocatorias-mincyt\/","og_site_name":"Facultad de Ciencias Econ\u00f3micas, Jur\u00ed\u00addicas y Sociales","article_publisher":"https:\/\/www.facebook.com\/FCEJS.UNSL\/","article_published_time":"2023-06-10T14:30:00+00:00","article_modified_time":"2023-06-13T15:02:39+00:00","og_image":[{"width":1152,"height":647,"url":"https:\/\/www.fcejs.unsl.edu.ar\/wp-content\/uploads\/2023\/06\/convocatorias_MINCyT.jpg","type":"image\/jpeg"}],"author":"DATI","twitter_card":"summary_large_image","twitter_creator":"@FCEJSUNSL","twitter_site":"@FCEJSUNSL","twitter_misc":{"Escrito por":"DATI","Tiempo de lectura":"2 minutos"},"schema":{"@context":"https:\/\/schema.org","@graph":[{"@type":"Article","@id":"https:\/\/www.fcejs.unsl.edu.ar\/index.php\/svts-convocatorias-mincyt\/#article","isPartOf":{"@id":"https:\/\/www.fcejs.unsl.edu.ar\/index.php\/svts-convocatorias-mincyt\/"},"author":{"name":"DATI","@id":"https:\/\/www.fcejs.unsl.edu.ar\/#\/schema\/person\/352ee6ed90c3f394c7cb5945f8956d34"},"headline":"SVTS: convocatorias abiertas del Ministerio de Ciencia, Tecnolog\u00eda e Innovaci\u00f3n","datePublished":"2023-06-10T14:30:00+00:00","dateModified":"2023-06-13T15:02:39+00:00","mainEntityOfPage":{"@id":"https:\/\/www.fcejs.unsl.edu.ar\/index.php\/svts-convocatorias-mincyt\/"},"wordCount":290,"publisher":{"@id":"https:\/\/www.fcejs.unsl.edu.ar\/#organization"},"image":{"@id":"https:\/\/www.fcejs.unsl.edu.ar\/index.php\/svts-convocatorias-mincyt\/#primaryimage"},"thumbnailUrl":"https:\/\/www.fcejs.unsl.edu.ar\/wp-content\/uploads\/2023\/06\/convocatorias_MINCyT.jpg","articleSection":["Noticias"],"inLanguage":"es-AR"},{"@type":"WebPage","@id":"https:\/\/www.fcejs.unsl.edu.ar\/index.php\/svts-convocatorias-mincyt\/","url":"https:\/\/www.fcejs.unsl.edu.ar\/index.php\/svts-convocatorias-mincyt\/","name":"SVTS: convocatorias abiertas del Ministerio de Ciencia, Tecnolog\u00eda e Innovaci\u00f3n - Facultad de Ciencias Econ\u00f3micas, Jur\u00ed\u00addicas y Sociales","isPartOf":{"@id":"https:\/\/www.fcejs.unsl.edu.ar\/#website"},"primaryImageOfPage":{"@id":"https:\/\/www.fcejs.unsl.edu.ar\/index.php\/svts-convocatorias-mincyt\/#primaryimage"},"image":{"@id":"https:\/\/www.fcejs.unsl.edu.ar\/index.php\/svts-convocatorias-mincyt\/#primaryimage"},"thumbnailUrl":"https:\/\/www.fcejs.unsl.edu.ar\/wp-content\/uploads\/2023\/06\/convocatorias_MINCyT.jpg","datePublished":"2023-06-10T14:30:00+00:00","dateModified":"2023-06-13T15:02:39+00:00","breadcrumb":{"@id":"https:\/\/www.fcejs.unsl.edu.ar\/index.php\/svts-convocatorias-mincyt\/#breadcrumb"},"inLanguage":"es-AR","potentialAction":[{"@type":"ReadAction","target":["https:\/\/www.fcejs.unsl.edu.ar\/index.php\/svts-convocatorias-mincyt\/"]}]},{"@type":"ImageObject","inLanguage":"es-AR","@id":"https:\/\/www.fcejs.unsl.edu.ar\/index.php\/svts-convocatorias-mincyt\/#primaryimage","url":"https:\/\/www.fcejs.unsl.edu.ar\/wp-content\/uploads\/2023\/06\/convocatorias_MINCyT.jpg","contentUrl":"https:\/\/www.fcejs.unsl.edu.ar\/wp-content\/uploads\/2023\/06\/convocatorias_MINCyT.jpg","width":1152,"height":647},{"@type":"BreadcrumbList","@id":"https:\/\/www.fcejs.unsl.edu.ar\/index.php\/svts-convocatorias-mincyt\/#breadcrumb","itemListElement":[{"@type":"ListItem","position":1,"name":"Inicio","item":"https:\/\/www.fcejs.unsl.edu.ar\/"},{"@type":"ListItem","position":2,"name":"SVTS: convocatorias abiertas del Ministerio de Ciencia, Tecnolog\u00eda e Innovaci\u00f3n"}]},{"@type":"WebSite","@id":"https:\/\/www.fcejs.unsl.edu.ar\/#website","url":"https:\/\/www.fcejs.unsl.edu.ar\/","name":"Facultad de Ciencias Econ\u00f3micas, Jur\u00ed\u00addicas y Sociales","description":"","publisher":{"@id":"https:\/\/www.fcejs.unsl.edu.ar\/#organization"},"potentialAction":[{"@type":"SearchAction","target":{"@type":"EntryPoint","urlTemplate":"https:\/\/www.fcejs.unsl.edu.ar\/?s={search_term_string}"},"query-input":{"@type":"PropertyValueSpecification","valueRequired":true,"valueName":"search_term_string"}}],"inLanguage":"es-AR"},{"@type":"Organization","@id":"https:\/\/www.fcejs.unsl.edu.ar\/#organization","name":"Facultad de Ciencias Econ\u00f3micas, Jur\u00eddicas y Sociales","url":"https:\/\/www.fcejs.unsl.edu.ar\/","logo":{"@type":"ImageObject","inLanguage":"es-AR","@id":"https:\/\/www.fcejs.unsl.edu.ar\/#\/schema\/logo\/image\/","url":"https:\/\/www.fcejs.unsl.edu.ar\/wp-content\/uploads\/2021\/03\/logo-1.jpg","contentUrl":"https:\/\/www.fcejs.unsl.edu.ar\/wp-content\/uploads\/2021\/03\/logo-1.jpg","width":471,"height":146,"caption":"Facultad de Ciencias Econ\u00f3micas, Jur\u00eddicas y Sociales"},"image":{"@id":"https:\/\/www.fcejs.unsl.edu.ar\/#\/schema\/logo\/image\/"},"sameAs":["https:\/\/www.facebook.com\/FCEJS.UNSL\/","https:\/\/x.com\/FCEJSUNSL","https:\/\/www.instagram.com\/fcejs.unsl\/","https:\/\/www.youtube.com\/channel\/UCH-Ut6EaN_X5ogjIQMPe46g\/"]},{"@type":"Person","@id":"https:\/\/www.fcejs.unsl.edu.ar\/#\/schema\/person\/352ee6ed90c3f394c7cb5945f8956d34","name":"DATI"}]}},"jetpack_featured_media_url":"https:\/\/www.fcejs.unsl.edu.ar\/wp-content\/uploads\/2023\/06\/convocatorias_MINCyT.jpg","_links":{"self":[{"href":"https:\/\/www.fcejs.unsl.edu.ar\/index.php\/wp-json\/wp\/v2\/posts\/11991","targetHints":{"allow":["GET"]}}],"collection":[{"href":"https:\/\/www.fcejs.unsl.edu.ar\/index.php\/wp-json\/wp\/v2\/posts"}],"about":[{"href":"https:\/\/www.fcejs.unsl.edu.ar\/index.php\/wp-json\/wp\/v2\/types\/post"}],"author":[{"embeddable":true,"href":"https:\/\/www.fcejs.unsl.edu.ar\/index.php\/wp-json\/wp\/v2\/users\/9"}],"replies":[{"embeddable":true,"href":"https:\/\/www.fcejs.unsl.edu.ar\/index.php\/wp-json\/wp\/v2\/comments?post=11991"}],"version-history":[{"count":3,"href":"https:\/\/www.fcejs.unsl.edu.ar\/index.php\/wp-json\/wp\/v2\/posts\/11991\/revisions"}],"predecessor-version":[{"id":11995,"href":"https:\/\/www.fcejs.unsl.edu.ar\/index.php\/wp-json\/wp\/v2\/posts\/11991\/revisions\/11995"}],"wp:featuredmedia":[{"embeddable":true,"href":"https:\/\/www.fcejs.unsl.edu.ar\/index.php\/wp-json\/wp\/v2\/media\/11992"}],"wp:attachment":[{"href":"https:\/\/www.fcejs.unsl.edu.ar\/index.php\/wp-json\/wp\/v2\/media?parent=11991"}],"wp:term":[{"taxonomy":"category","embeddable":true,"href":"https:\/\/www.fcejs.unsl.edu.ar\/index.php\/wp-json\/wp\/v2\/categories?post=11991"},{"taxonomy":"post_tag","embeddable":true,"href":"https:\/\/www.fcejs.unsl.edu.ar\/index.php\/wp-json\/wp\/v2\/tags?post=11991"}],"curies":[{"name":"wp","href":"https:\/\/api.w.org\/{rel}","templated":true}]}}