{"id":11987,"date":"2023-06-12T13:45:35","date_gmt":"2023-06-12T16:45:35","guid":{"rendered":"http:\/\/10.101.10.197\/www\/?p=11987"},"modified":"2023-06-15T11:42:25","modified_gmt":"2023-06-15T14:42:25","slug":"visita-de-cristina-tata-evangelista","status":"publish","type":"post","link":"https:\/\/www.fcejs.unsl.edu.ar\/index.php\/visita-de-cristina-tata-evangelista\/","title":{"rendered":"El Proyecto \u201cPr\u00e1cticas Socio-Educativas e Inclusi\u00f3n de Sujetos y Saberes Populares\u201d concluy\u00f3 su primera etapa con la visita de Cristina \u201cTata\u201d Evangelista."},"content":{"rendered":"<p>Como cierre de la primera etapa de las actividades organizadas para el 2023, el Proyecto de Extensi\u00f3n Universitaria \u201cPr\u00e1cticas Socio-Educativas e Inclusi\u00f3n de Sujetos y Saberes Populares\u201d de la FCEJS invit\u00f3 el pasado jueves 8 de junio, a Cristina \u201cTata\u201d Evangelista, docente de nivel primario jubilada y referente social.<\/p>\n<p>El objetivo de este programa de extensi\u00f3n a cargo de la Mgtr. Sonia Pereyra, es vincular los saberes comunitarios, ancestrales y populares a trav\u00e9s de los relatos y experiencias de vida de una referente de la Comunidad Huarpe, educadora originaria Ya Umuk; una referente de la Comunidad Rankulche, Miriam Orellano; y por \u00faltimo, la docente Cristina \u201cTata\u201d Evangelista; con los objetivos de las Asignaturas.<\/p>\n<p>De este modo los estudiantes registran estos relatos para, en esta primera instancia trabajar la s\u00edntesis y despu\u00e9s el ensayo; y en la segunda etapa realizar una monograf\u00eda.<\/p>\n<p>Cada referente de las Comunidades Originarias plante\u00f3 las distintas problem\u00e1ticas que viven sus comunidades como el terrecido, la falta de reconocimiento de las lenguas originarias y respeto y reconocimiento a sus modos de vida.<\/p>\n<p>En particular, la docente Cristina \u201cTata\u201d Evangelista hizo un recorrido hist\u00f3rico del recupero de la memoria y modos de vida de la Comunidad Originaria en la que se inserta la Escuela Rural N\u00ba 35 Granadero Basilio Bustos, donde desarroll\u00f3 toda su carrera educativa, a partir y acompa\u00f1ando las historias vivida por sus estudiantes.<\/p>\n<p><img fetchpriority=\"high\" decoding=\"async\" class=\"aligncenter size-large wp-image-11988\" src=\"https:\/\/www.fcejs.unsl.edu.ar\/wp-content\/uploads\/2023\/06\/tata-02-1024x575.jpg\" alt=\"\" width=\"843\" height=\"473\" srcset=\"https:\/\/www.fcejs.unsl.edu.ar\/wp-content\/uploads\/2023\/06\/tata-02-1024x575.jpg 1024w, https:\/\/www.fcejs.unsl.edu.ar\/wp-content\/uploads\/2023\/06\/tata-02-300x168.jpg 300w, https:\/\/www.fcejs.unsl.edu.ar\/wp-content\/uploads\/2023\/06\/tata-02-768x431.jpg 768w, https:\/\/www.fcejs.unsl.edu.ar\/wp-content\/uploads\/2023\/06\/tata-02.jpg 1152w\" sizes=\"(max-width: 843px) 100vw, 843px\" \/><\/p>\n<p>As\u00ed, relat\u00f3 las estrategias que se desarrollaron, por un lado, para habilitar las voces y salir del silencio producto del dolor que genera tanto tiempo de vulneraci\u00f3n y muerte; como as\u00ed tambi\u00e9n, fortalecer las posibilidades de emprendimientos de saberes y habilidades propias de la Comunidad como medio de mejoras econ\u00f3micas y de vida.<\/p>\n<p>\u201cEn alg\u00fan momento el grito va a salir\u201d, manifest\u00f3 Tata Evangelista al finalizar el relato cuando se recuper\u00f3 la historia de las 22 mujeres ranqueles que huyendo de la matanza del Pozo del Cuadril son asesinadas, en lo que hoy ser\u00eda \u201cen frente de la Escuela\u201d. Esta historia que se ten\u00eda como parte del relato de la Comunidad y que fuera comprobado en los registros hist\u00f3ricos existentes.<\/p>\n<p>Cabe destacar lo dicho por la Magister Sonia Pereyra sobre la importancia del trabajo en red, manifest\u00f3: \u201c El trabajo en red es fundamental para llevar a cabo el Proyecto en funci\u00f3n de saber c\u00f3mo los saberes acad\u00e9micos pueden aportar para mejorar los saberes ancestrales y, c\u00f3mo estos saberes ancestrales nos ayudan a nosotros y nosotras; a poder ver que las razones para que estos saberes no est\u00e9n en el sistema educativo, desde una perspectiva te\u00f3rica cr\u00edtica, tienen que ver con los procesos de colonizaci\u00f3n de los sujetos y de los saberes que llevaron a su invisibilizaci\u00f3n\u201d.<\/p>\n<p>El Proyecto de Extensi\u00f3n Universitaria \u201cPr\u00e1cticas Socio-Educativas e Inclusi\u00f3n de Sujetos y Saberes Populares\u201d surgi\u00f3 a partir de algunos encuentros con referentes de las Comunidades Ancestrales, las Comunidades Originarias, conversando en torno a la invisibilizaci\u00f3n de algunas problem\u00e1ticas que tienen a nivel social en lo general y en el nivel educativo, en particular.<\/p>\n<p>Participan en este trabajo las asignaturas \u201cProducci\u00f3n y Comunicaci\u00f3n\u201d perteneciente a la Licenciatura en Trabajo Social; y \u201cProducci\u00f3n y Comprensi\u00f3n de Texto de la Tecnicatura\u201d de la Licenciatura en Acompa\u00f1amiento Terap\u00e9utico, acompa\u00f1adas por otras organizaciones vinculadas como el Instituto Nacional de Tecnolog\u00eda Industrial (INTI). As\u00ed tambi\u00e9n una Ingeniera en Alimentos de la Facultad de Qu\u00edmica, Bioqu\u00edmica y Farmacia de la UNSL; y el Programa de Econom\u00eda Social y Solidaria.<\/p>\n<p><img decoding=\"async\" class=\"aligncenter size-large wp-image-12059\" src=\"https:\/\/www.fcejs.unsl.edu.ar\/wp-content\/uploads\/2023\/06\/tata-04-1024x961.jpg\" alt=\"\" width=\"843\" height=\"791\" srcset=\"https:\/\/www.fcejs.unsl.edu.ar\/wp-content\/uploads\/2023\/06\/tata-04-1024x961.jpg 1024w, https:\/\/www.fcejs.unsl.edu.ar\/wp-content\/uploads\/2023\/06\/tata-04-300x282.jpg 300w, https:\/\/www.fcejs.unsl.edu.ar\/wp-content\/uploads\/2023\/06\/tata-04-768x721.jpg 768w, https:\/\/www.fcejs.unsl.edu.ar\/wp-content\/uploads\/2023\/06\/tata-04.jpg 1136w\" sizes=\"(max-width: 843px) 100vw, 843px\" \/><\/p>\n<p>&nbsp;<\/p>\n","protected":false},"excerpt":{"rendered":"<p>Como cierre de la primera etapa de las actividades organizadas para el 2023, el Proyecto de Extensi\u00f3n Universitaria \u201cPr\u00e1cticas Socio-Educativas e Inclusi\u00f3n de Sujetos y&hellip;<\/p>\n","protected":false},"author":9,"featured_media":11989,"comment_status":"closed","ping_status":"closed","sticky":false,"template":"","format":"standard","meta":{"om_disable_all_campaigns":false,"_monsterinsights_skip_tracking":false,"_monsterinsights_sitenote_active":false,"_monsterinsights_sitenote_note":"","_monsterinsights_sitenote_category":0,"footnotes":""},"categories":[1],"tags":[],"class_list":["post-11987","post","type-post","status-publish","format-standard","has-post-thumbnail","hentry","category-noticias"],"yoast_head":"<!-- This site is optimized with the Yoast SEO plugin v27.4 - https:\/\/yoast.com\/product\/yoast-seo-wordpress\/ -->\n<title>El Proyecto \u201cPr\u00e1cticas Socio-Educativas e Inclusi\u00f3n de Sujetos y Saberes Populares\u201d concluy\u00f3 su primera etapa con la visita de Cristina \u201cTata\u201d Evangelista. - Facultad de Ciencias Econ\u00f3micas, Jur\u00ed\u00addicas y Sociales<\/title>\n<meta name=\"robots\" content=\"index, follow, max-snippet:-1, max-image-preview:large, max-video-preview:-1\" \/>\n<link rel=\"canonical\" href=\"https:\/\/www.fcejs.unsl.edu.ar\/index.php\/visita-de-cristina-tata-evangelista\/\" \/>\n<meta property=\"og:locale\" content=\"es_ES\" \/>\n<meta property=\"og:type\" content=\"article\" \/>\n<meta property=\"og:title\" content=\"El Proyecto \u201cPr\u00e1cticas Socio-Educativas e Inclusi\u00f3n de Sujetos y Saberes Populares\u201d concluy\u00f3 su primera etapa con la visita de Cristina \u201cTata\u201d Evangelista. - Facultad de Ciencias Econ\u00f3micas, Jur\u00ed\u00addicas y Sociales\" \/>\n<meta property=\"og:description\" content=\"Como cierre de la primera etapa de las actividades organizadas para el 2023, el Proyecto de Extensi\u00f3n Universitaria \u201cPr\u00e1cticas Socio-Educativas e Inclusi\u00f3n de Sujetos y&hellip;\" \/>\n<meta property=\"og:url\" content=\"https:\/\/www.fcejs.unsl.edu.ar\/index.php\/visita-de-cristina-tata-evangelista\/\" \/>\n<meta property=\"og:site_name\" content=\"Facultad de Ciencias Econ\u00f3micas, Jur\u00ed\u00addicas y Sociales\" \/>\n<meta property=\"article:publisher\" content=\"https:\/\/www.facebook.com\/FCEJS.UNSL\/\" \/>\n<meta property=\"article:published_time\" content=\"2023-06-12T16:45:35+00:00\" \/>\n<meta property=\"article:modified_time\" content=\"2023-06-15T14:42:25+00:00\" \/>\n<meta property=\"og:image\" content=\"https:\/\/www.fcejs.unsl.edu.ar\/wp-content\/uploads\/2023\/06\/tata-front.jpg\" \/>\n\t<meta property=\"og:image:width\" content=\"1152\" \/>\n\t<meta property=\"og:image:height\" content=\"647\" \/>\n\t<meta property=\"og:image:type\" content=\"image\/jpeg\" \/>\n<meta name=\"author\" content=\"DATI\" \/>\n<meta name=\"twitter:card\" content=\"summary_large_image\" \/>\n<meta name=\"twitter:creator\" content=\"@FCEJSUNSL\" \/>\n<meta name=\"twitter:site\" content=\"@FCEJSUNSL\" \/>\n<meta name=\"twitter:label1\" content=\"Escrito por\" \/>\n\t<meta name=\"twitter:data1\" content=\"DATI\" \/>\n\t<meta name=\"twitter:label2\" content=\"Tiempo de lectura\" \/>\n\t<meta name=\"twitter:data2\" content=\"3 minutos\" \/>\n<script type=\"application\/ld+json\" class=\"yoast-schema-graph\">{\"@context\":\"https:\\\/\\\/schema.org\",\"@graph\":[{\"@type\":\"Article\",\"@id\":\"https:\\\/\\\/www.fcejs.unsl.edu.ar\\\/index.php\\\/visita-de-cristina-tata-evangelista\\\/#article\",\"isPartOf\":{\"@id\":\"https:\\\/\\\/www.fcejs.unsl.edu.ar\\\/index.php\\\/visita-de-cristina-tata-evangelista\\\/\"},\"author\":{\"name\":\"DATI\",\"@id\":\"https:\\\/\\\/www.fcejs.unsl.edu.ar\\\/#\\\/schema\\\/person\\\/352ee6ed90c3f394c7cb5945f8956d34\"},\"headline\":\"El Proyecto \u201cPr\u00e1cticas Socio-Educativas e Inclusi\u00f3n de Sujetos y Saberes Populares\u201d concluy\u00f3 su primera etapa con la visita de Cristina \u201cTata\u201d Evangelista.\",\"datePublished\":\"2023-06-12T16:45:35+00:00\",\"dateModified\":\"2023-06-15T14:42:25+00:00\",\"mainEntityOfPage\":{\"@id\":\"https:\\\/\\\/www.fcejs.unsl.edu.ar\\\/index.php\\\/visita-de-cristina-tata-evangelista\\\/\"},\"wordCount\":631,\"publisher\":{\"@id\":\"https:\\\/\\\/www.fcejs.unsl.edu.ar\\\/#organization\"},\"image\":{\"@id\":\"https:\\\/\\\/www.fcejs.unsl.edu.ar\\\/index.php\\\/visita-de-cristina-tata-evangelista\\\/#primaryimage\"},\"thumbnailUrl\":\"https:\\\/\\\/www.fcejs.unsl.edu.ar\\\/wp-content\\\/uploads\\\/2023\\\/06\\\/tata-front.jpg\",\"articleSection\":[\"Noticias\"],\"inLanguage\":\"es-AR\"},{\"@type\":\"WebPage\",\"@id\":\"https:\\\/\\\/www.fcejs.unsl.edu.ar\\\/index.php\\\/visita-de-cristina-tata-evangelista\\\/\",\"url\":\"https:\\\/\\\/www.fcejs.unsl.edu.ar\\\/index.php\\\/visita-de-cristina-tata-evangelista\\\/\",\"name\":\"El Proyecto \u201cPr\u00e1cticas Socio-Educativas e Inclusi\u00f3n de Sujetos y Saberes Populares\u201d concluy\u00f3 su primera etapa con la visita de Cristina \u201cTata\u201d Evangelista. - Facultad de Ciencias Econ\u00f3micas, Jur\u00ed\u00addicas y Sociales\",\"isPartOf\":{\"@id\":\"https:\\\/\\\/www.fcejs.unsl.edu.ar\\\/#website\"},\"primaryImageOfPage\":{\"@id\":\"https:\\\/\\\/www.fcejs.unsl.edu.ar\\\/index.php\\\/visita-de-cristina-tata-evangelista\\\/#primaryimage\"},\"image\":{\"@id\":\"https:\\\/\\\/www.fcejs.unsl.edu.ar\\\/index.php\\\/visita-de-cristina-tata-evangelista\\\/#primaryimage\"},\"thumbnailUrl\":\"https:\\\/\\\/www.fcejs.unsl.edu.ar\\\/wp-content\\\/uploads\\\/2023\\\/06\\\/tata-front.jpg\",\"datePublished\":\"2023-06-12T16:45:35+00:00\",\"dateModified\":\"2023-06-15T14:42:25+00:00\",\"breadcrumb\":{\"@id\":\"https:\\\/\\\/www.fcejs.unsl.edu.ar\\\/index.php\\\/visita-de-cristina-tata-evangelista\\\/#breadcrumb\"},\"inLanguage\":\"es-AR\",\"potentialAction\":[{\"@type\":\"ReadAction\",\"target\":[\"https:\\\/\\\/www.fcejs.unsl.edu.ar\\\/index.php\\\/visita-de-cristina-tata-evangelista\\\/\"]}]},{\"@type\":\"ImageObject\",\"inLanguage\":\"es-AR\",\"@id\":\"https:\\\/\\\/www.fcejs.unsl.edu.ar\\\/index.php\\\/visita-de-cristina-tata-evangelista\\\/#primaryimage\",\"url\":\"https:\\\/\\\/www.fcejs.unsl.edu.ar\\\/wp-content\\\/uploads\\\/2023\\\/06\\\/tata-front.jpg\",\"contentUrl\":\"https:\\\/\\\/www.fcejs.unsl.edu.ar\\\/wp-content\\\/uploads\\\/2023\\\/06\\\/tata-front.jpg\",\"width\":1152,\"height\":647},{\"@type\":\"BreadcrumbList\",\"@id\":\"https:\\\/\\\/www.fcejs.unsl.edu.ar\\\/index.php\\\/visita-de-cristina-tata-evangelista\\\/#breadcrumb\",\"itemListElement\":[{\"@type\":\"ListItem\",\"position\":1,\"name\":\"Inicio\",\"item\":\"https:\\\/\\\/www.fcejs.unsl.edu.ar\\\/\"},{\"@type\":\"ListItem\",\"position\":2,\"name\":\"El Proyecto \u201cPr\u00e1cticas Socio-Educativas e Inclusi\u00f3n de Sujetos y Saberes Populares\u201d concluy\u00f3 su primera etapa con la visita de Cristina \u201cTata\u201d Evangelista.\"}]},{\"@type\":\"WebSite\",\"@id\":\"https:\\\/\\\/www.fcejs.unsl.edu.ar\\\/#website\",\"url\":\"https:\\\/\\\/www.fcejs.unsl.edu.ar\\\/\",\"name\":\"Facultad de Ciencias Econ\u00f3micas, Jur\u00ed\u00addicas y Sociales\",\"description\":\"\",\"publisher\":{\"@id\":\"https:\\\/\\\/www.fcejs.unsl.edu.ar\\\/#organization\"},\"potentialAction\":[{\"@type\":\"SearchAction\",\"target\":{\"@type\":\"EntryPoint\",\"urlTemplate\":\"https:\\\/\\\/www.fcejs.unsl.edu.ar\\\/?s={search_term_string}\"},\"query-input\":{\"@type\":\"PropertyValueSpecification\",\"valueRequired\":true,\"valueName\":\"search_term_string\"}}],\"inLanguage\":\"es-AR\"},{\"@type\":\"Organization\",\"@id\":\"https:\\\/\\\/www.fcejs.unsl.edu.ar\\\/#organization\",\"name\":\"Facultad de Ciencias Econ\u00f3micas, Jur\u00eddicas y Sociales\",\"url\":\"https:\\\/\\\/www.fcejs.unsl.edu.ar\\\/\",\"logo\":{\"@type\":\"ImageObject\",\"inLanguage\":\"es-AR\",\"@id\":\"https:\\\/\\\/www.fcejs.unsl.edu.ar\\\/#\\\/schema\\\/logo\\\/image\\\/\",\"url\":\"https:\\\/\\\/www.fcejs.unsl.edu.ar\\\/wp-content\\\/uploads\\\/2021\\\/03\\\/logo-1.jpg\",\"contentUrl\":\"https:\\\/\\\/www.fcejs.unsl.edu.ar\\\/wp-content\\\/uploads\\\/2021\\\/03\\\/logo-1.jpg\",\"width\":471,\"height\":146,\"caption\":\"Facultad de Ciencias Econ\u00f3micas, Jur\u00eddicas y Sociales\"},\"image\":{\"@id\":\"https:\\\/\\\/www.fcejs.unsl.edu.ar\\\/#\\\/schema\\\/logo\\\/image\\\/\"},\"sameAs\":[\"https:\\\/\\\/www.facebook.com\\\/FCEJS.UNSL\\\/\",\"https:\\\/\\\/x.com\\\/FCEJSUNSL\",\"https:\\\/\\\/www.instagram.com\\\/fcejs.unsl\\\/\",\"https:\\\/\\\/www.youtube.com\\\/channel\\\/UCH-Ut6EaN_X5ogjIQMPe46g\\\/\"]},{\"@type\":\"Person\",\"@id\":\"https:\\\/\\\/www.fcejs.unsl.edu.ar\\\/#\\\/schema\\\/person\\\/352ee6ed90c3f394c7cb5945f8956d34\",\"name\":\"DATI\"}]}<\/script>\n<!-- \/ Yoast SEO plugin. -->","yoast_head_json":{"title":"El Proyecto \u201cPr\u00e1cticas Socio-Educativas e Inclusi\u00f3n de Sujetos y Saberes Populares\u201d concluy\u00f3 su primera etapa con la visita de Cristina \u201cTata\u201d Evangelista. - Facultad de Ciencias Econ\u00f3micas, Jur\u00ed\u00addicas y Sociales","robots":{"index":"index","follow":"follow","max-snippet":"max-snippet:-1","max-image-preview":"max-image-preview:large","max-video-preview":"max-video-preview:-1"},"canonical":"https:\/\/www.fcejs.unsl.edu.ar\/index.php\/visita-de-cristina-tata-evangelista\/","og_locale":"es_ES","og_type":"article","og_title":"El Proyecto \u201cPr\u00e1cticas Socio-Educativas e Inclusi\u00f3n de Sujetos y Saberes Populares\u201d concluy\u00f3 su primera etapa con la visita de Cristina \u201cTata\u201d Evangelista. - Facultad de Ciencias Econ\u00f3micas, Jur\u00ed\u00addicas y Sociales","og_description":"Como cierre de la primera etapa de las actividades organizadas para el 2023, el Proyecto de Extensi\u00f3n Universitaria \u201cPr\u00e1cticas Socio-Educativas e Inclusi\u00f3n de Sujetos y&hellip;","og_url":"https:\/\/www.fcejs.unsl.edu.ar\/index.php\/visita-de-cristina-tata-evangelista\/","og_site_name":"Facultad de Ciencias Econ\u00f3micas, Jur\u00ed\u00addicas y Sociales","article_publisher":"https:\/\/www.facebook.com\/FCEJS.UNSL\/","article_published_time":"2023-06-12T16:45:35+00:00","article_modified_time":"2023-06-15T14:42:25+00:00","og_image":[{"width":1152,"height":647,"url":"https:\/\/www.fcejs.unsl.edu.ar\/wp-content\/uploads\/2023\/06\/tata-front.jpg","type":"image\/jpeg"}],"author":"DATI","twitter_card":"summary_large_image","twitter_creator":"@FCEJSUNSL","twitter_site":"@FCEJSUNSL","twitter_misc":{"Escrito por":"DATI","Tiempo de lectura":"3 minutos"},"schema":{"@context":"https:\/\/schema.org","@graph":[{"@type":"Article","@id":"https:\/\/www.fcejs.unsl.edu.ar\/index.php\/visita-de-cristina-tata-evangelista\/#article","isPartOf":{"@id":"https:\/\/www.fcejs.unsl.edu.ar\/index.php\/visita-de-cristina-tata-evangelista\/"},"author":{"name":"DATI","@id":"https:\/\/www.fcejs.unsl.edu.ar\/#\/schema\/person\/352ee6ed90c3f394c7cb5945f8956d34"},"headline":"El Proyecto \u201cPr\u00e1cticas Socio-Educativas e Inclusi\u00f3n de Sujetos y Saberes Populares\u201d concluy\u00f3 su primera etapa con la visita de Cristina \u201cTata\u201d Evangelista.","datePublished":"2023-06-12T16:45:35+00:00","dateModified":"2023-06-15T14:42:25+00:00","mainEntityOfPage":{"@id":"https:\/\/www.fcejs.unsl.edu.ar\/index.php\/visita-de-cristina-tata-evangelista\/"},"wordCount":631,"publisher":{"@id":"https:\/\/www.fcejs.unsl.edu.ar\/#organization"},"image":{"@id":"https:\/\/www.fcejs.unsl.edu.ar\/index.php\/visita-de-cristina-tata-evangelista\/#primaryimage"},"thumbnailUrl":"https:\/\/www.fcejs.unsl.edu.ar\/wp-content\/uploads\/2023\/06\/tata-front.jpg","articleSection":["Noticias"],"inLanguage":"es-AR"},{"@type":"WebPage","@id":"https:\/\/www.fcejs.unsl.edu.ar\/index.php\/visita-de-cristina-tata-evangelista\/","url":"https:\/\/www.fcejs.unsl.edu.ar\/index.php\/visita-de-cristina-tata-evangelista\/","name":"El Proyecto \u201cPr\u00e1cticas Socio-Educativas e Inclusi\u00f3n de Sujetos y Saberes Populares\u201d concluy\u00f3 su primera etapa con la visita de Cristina \u201cTata\u201d Evangelista. - Facultad de Ciencias Econ\u00f3micas, Jur\u00ed\u00addicas y Sociales","isPartOf":{"@id":"https:\/\/www.fcejs.unsl.edu.ar\/#website"},"primaryImageOfPage":{"@id":"https:\/\/www.fcejs.unsl.edu.ar\/index.php\/visita-de-cristina-tata-evangelista\/#primaryimage"},"image":{"@id":"https:\/\/www.fcejs.unsl.edu.ar\/index.php\/visita-de-cristina-tata-evangelista\/#primaryimage"},"thumbnailUrl":"https:\/\/www.fcejs.unsl.edu.ar\/wp-content\/uploads\/2023\/06\/tata-front.jpg","datePublished":"2023-06-12T16:45:35+00:00","dateModified":"2023-06-15T14:42:25+00:00","breadcrumb":{"@id":"https:\/\/www.fcejs.unsl.edu.ar\/index.php\/visita-de-cristina-tata-evangelista\/#breadcrumb"},"inLanguage":"es-AR","potentialAction":[{"@type":"ReadAction","target":["https:\/\/www.fcejs.unsl.edu.ar\/index.php\/visita-de-cristina-tata-evangelista\/"]}]},{"@type":"ImageObject","inLanguage":"es-AR","@id":"https:\/\/www.fcejs.unsl.edu.ar\/index.php\/visita-de-cristina-tata-evangelista\/#primaryimage","url":"https:\/\/www.fcejs.unsl.edu.ar\/wp-content\/uploads\/2023\/06\/tata-front.jpg","contentUrl":"https:\/\/www.fcejs.unsl.edu.ar\/wp-content\/uploads\/2023\/06\/tata-front.jpg","width":1152,"height":647},{"@type":"BreadcrumbList","@id":"https:\/\/www.fcejs.unsl.edu.ar\/index.php\/visita-de-cristina-tata-evangelista\/#breadcrumb","itemListElement":[{"@type":"ListItem","position":1,"name":"Inicio","item":"https:\/\/www.fcejs.unsl.edu.ar\/"},{"@type":"ListItem","position":2,"name":"El Proyecto \u201cPr\u00e1cticas Socio-Educativas e Inclusi\u00f3n de Sujetos y Saberes Populares\u201d concluy\u00f3 su primera etapa con la visita de Cristina \u201cTata\u201d Evangelista."}]},{"@type":"WebSite","@id":"https:\/\/www.fcejs.unsl.edu.ar\/#website","url":"https:\/\/www.fcejs.unsl.edu.ar\/","name":"Facultad de Ciencias Econ\u00f3micas, Jur\u00ed\u00addicas y Sociales","description":"","publisher":{"@id":"https:\/\/www.fcejs.unsl.edu.ar\/#organization"},"potentialAction":[{"@type":"SearchAction","target":{"@type":"EntryPoint","urlTemplate":"https:\/\/www.fcejs.unsl.edu.ar\/?s={search_term_string}"},"query-input":{"@type":"PropertyValueSpecification","valueRequired":true,"valueName":"search_term_string"}}],"inLanguage":"es-AR"},{"@type":"Organization","@id":"https:\/\/www.fcejs.unsl.edu.ar\/#organization","name":"Facultad de Ciencias Econ\u00f3micas, Jur\u00eddicas y Sociales","url":"https:\/\/www.fcejs.unsl.edu.ar\/","logo":{"@type":"ImageObject","inLanguage":"es-AR","@id":"https:\/\/www.fcejs.unsl.edu.ar\/#\/schema\/logo\/image\/","url":"https:\/\/www.fcejs.unsl.edu.ar\/wp-content\/uploads\/2021\/03\/logo-1.jpg","contentUrl":"https:\/\/www.fcejs.unsl.edu.ar\/wp-content\/uploads\/2021\/03\/logo-1.jpg","width":471,"height":146,"caption":"Facultad de Ciencias Econ\u00f3micas, Jur\u00eddicas y Sociales"},"image":{"@id":"https:\/\/www.fcejs.unsl.edu.ar\/#\/schema\/logo\/image\/"},"sameAs":["https:\/\/www.facebook.com\/FCEJS.UNSL\/","https:\/\/x.com\/FCEJSUNSL","https:\/\/www.instagram.com\/fcejs.unsl\/","https:\/\/www.youtube.com\/channel\/UCH-Ut6EaN_X5ogjIQMPe46g\/"]},{"@type":"Person","@id":"https:\/\/www.fcejs.unsl.edu.ar\/#\/schema\/person\/352ee6ed90c3f394c7cb5945f8956d34","name":"DATI"}]}},"jetpack_featured_media_url":"https:\/\/www.fcejs.unsl.edu.ar\/wp-content\/uploads\/2023\/06\/tata-front.jpg","_links":{"self":[{"href":"https:\/\/www.fcejs.unsl.edu.ar\/index.php\/wp-json\/wp\/v2\/posts\/11987","targetHints":{"allow":["GET"]}}],"collection":[{"href":"https:\/\/www.fcejs.unsl.edu.ar\/index.php\/wp-json\/wp\/v2\/posts"}],"about":[{"href":"https:\/\/www.fcejs.unsl.edu.ar\/index.php\/wp-json\/wp\/v2\/types\/post"}],"author":[{"embeddable":true,"href":"https:\/\/www.fcejs.unsl.edu.ar\/index.php\/wp-json\/wp\/v2\/users\/9"}],"replies":[{"embeddable":true,"href":"https:\/\/www.fcejs.unsl.edu.ar\/index.php\/wp-json\/wp\/v2\/comments?post=11987"}],"version-history":[{"count":2,"href":"https:\/\/www.fcejs.unsl.edu.ar\/index.php\/wp-json\/wp\/v2\/posts\/11987\/revisions"}],"predecessor-version":[{"id":12060,"href":"https:\/\/www.fcejs.unsl.edu.ar\/index.php\/wp-json\/wp\/v2\/posts\/11987\/revisions\/12060"}],"wp:featuredmedia":[{"embeddable":true,"href":"https:\/\/www.fcejs.unsl.edu.ar\/index.php\/wp-json\/wp\/v2\/media\/11989"}],"wp:attachment":[{"href":"https:\/\/www.fcejs.unsl.edu.ar\/index.php\/wp-json\/wp\/v2\/media?parent=11987"}],"wp:term":[{"taxonomy":"category","embeddable":true,"href":"https:\/\/www.fcejs.unsl.edu.ar\/index.php\/wp-json\/wp\/v2\/categories?post=11987"},{"taxonomy":"post_tag","embeddable":true,"href":"https:\/\/www.fcejs.unsl.edu.ar\/index.php\/wp-json\/wp\/v2\/tags?post=11987"}],"curies":[{"name":"wp","href":"https:\/\/api.w.org\/{rel}","templated":true}]}}