{"id":11949,"date":"2023-06-08T13:23:45","date_gmt":"2023-06-08T16:23:45","guid":{"rendered":"http:\/\/10.101.10.197\/www\/?p=11949"},"modified":"2023-06-22T10:17:20","modified_gmt":"2023-06-22T13:17:20","slug":"fcejs-a-traves-del-instituto-eentt-trabaja-en-proyecto-institucional-para-la-ciudad-de-villa-mercedes","status":"publish","type":"post","link":"https:\/\/www.fcejs.unsl.edu.ar\/index.php\/fcejs-a-traves-del-instituto-eentt-trabaja-en-proyecto-institucional-para-la-ciudad-de-villa-mercedes\/","title":{"rendered":"La FCEJS a trav\u00e9s del Instituto EEN&#038;TT trabaja en Proyecto Institucional para la ciudad de Villa Mercedes"},"content":{"rendered":"<p style=\"text-align: justify;\">La <strong>Facultad de Ciencias Econ\u00f3micas Jur\u00eddicas y Sociales<\/strong> a trav\u00e9s del <strong>Instituto \u201cEscuela de Econom\u00eda, Negocios y Transferencia Tecnol\u00f3gica\u201d<\/strong>, conform\u00f3 un <strong>equipo interdisciplinario<\/strong> que est\u00e1 trabajando en la elaboraci\u00f3n de<strong> propuestas de pol\u00edticas p\u00fablicas relativas al desarrollo de la ciudad de Villa Mercedes<\/strong>.<\/p>\n<p style=\"text-align: justify;\">Como Universidad Publica el principal <strong>objetivo<\/strong> es <em>contribuir al mejoramiento del funcionamiento de la instituci\u00f3n Municipio y a la calidad de vida de los ciudadanos de Villa Mercedes<\/em>.<\/p>\n<p style=\"text-align: justify;\">Se conform\u00f3 un <strong>equipo de profesionales de \u00e1mbitos diversos<\/strong> con el af\u00e1n de abarcar la mayor parte de campos de acci\u00f3n. <strong>Enfoques disciplinares diversos contribuyen a un resultado integro y s\u00f3lido<\/strong>. El Proyecto Institucional est\u00e1 <strong>abierto a la incorporaci\u00f3n de nuevos miembros<\/strong>.<\/p>\n<p style=\"text-align: justify;\">La <strong>coordinaci\u00f3n del Proyecto Institucional<\/strong> ser\u00e1 presidida por la Decana de la FCEJS, <em>Mgtr. Roxanna Bettina CAMILETTI<\/em>, y cuenta con la colaboraci\u00f3n administrativa de la Personal No Docente de la FCEJS, <em>Nadia Ver\u00f3nica MUZEVICH<\/em>. A continuaci\u00f3n, se presentan a los <strong>miembros actuales<\/strong>:<\/p>\n<ul>\n<li style=\"text-align: justify;\"><em>ARIAS, Esteban Gabriel<\/em> \u2013 Licenciado en Trabajo Social. Especialista en Estudios Socioecon\u00f3micos Latinoamericanos. Vicedecano FCEJS 2019-2022. Director del Departamento de Ciencias Sociales de la FCEJS 2022 y contin\u00faa. Docente. Investigador. Experiencia en investigaciones socio antropol\u00f3gicas.<\/li>\n<li style=\"text-align: justify;\"><em>BIANCO, Pamela<\/em> \u2013 Licenciada en Trabajo Social. Directora Observatorio Social de la FCEJS 2022 y contin\u00faa. Docente de Metodolog\u00eda de la Investigaci\u00f3n para Cs Sociales y Econ\u00f3micas. Investigadora en el \u00e1rea de memoria e historia oral.<\/li>\n<li style=\"text-align: justify;\"><em>BROCCA, Mar\u00eda Florencia<\/em> \u2013 Contadora P\u00fablica Nacional. Especializando en contabilidad superior y auditor\u00eda. Responsable \u00e1rea contable DOSPU Delegaci\u00f3n Villa Mercedes. Experiencia en administraci\u00f3n p\u00fablica.<\/li>\n<li style=\"text-align: justify;\"><em>CAMILETTI, Roxanna Bettina<\/em> \u2013 Licenciada en Administraci\u00f3n. Contadora P\u00fablica Nacional. Magister en Econom\u00eda y Negocios. Decana FCEJS 2022 y contin\u00faa. Profesora Asociada \u00c1rea Contable. Investigadora. Experiencia en gesti\u00f3n, desarrollo, contabilidad y auditor\u00eda.<\/li>\n<li style=\"text-align: justify;\"><em>CONTRERA, Cesar<\/em> \u2013 Licenciado en Educaci\u00f3n F\u00edsica y Deportes. Coordinador Departamento de Educaci\u00f3n F\u00edsica SsAEBU UNSL 2022 y contin\u00faa.<\/li>\n<li style=\"text-align: justify;\"><em>D\u00cdAZ, Jorge Nicol\u00e1s<\/em> \u2013 Ingeniero Industrial. Licenciado en Ciencias Pol\u00edticas. Subdirector de Planificaci\u00f3n y Vinculaci\u00f3n Institucional de Instituto EEN&amp;TT FCEJS 2022 y contin\u00faa. Docente. Experiencia en formulaci\u00f3n, evaluaci\u00f3n y gesti\u00f3n de proyectos, administraci\u00f3n financiera y tem\u00e1ticas referidas al desarrollo sostenible.<\/li>\n<li style=\"text-align: justify;\"><em>DIAZ, Jorge Ra\u00fal<\/em> \u2013 Ingeniero Agr\u00f3nomo. Magister Econom\u00eda y Negocios. Director Ejecutivo de Instituto EEN&amp;TT FCEJS 2022 y contin\u00faa. Experiencia en desarrollo territorial y bioeconom\u00eda.<\/li>\n<li style=\"text-align: justify;\"><em>FLORES, H\u00e9ctor Daniel<\/em> \u2013 Mag\u00edster en Econom\u00eda y Negocios. Decano de la FCEJS 2013- 2019. Vicerrector de la UNSL 2019 y contin\u00faa. Profesor Titular \u00c1rea Econom\u00eda y Gesti\u00f3n P\u00fablica. Investigador. Consultor BID, BANCO MUNDIAL, CFI.<\/li>\n<li style=\"text-align: justify;\"><em>FLORES, Joaqu\u00edn<\/em> \u2013 Ingeniero Industrial. Vicepresidente\u00a0 de la DOSPU 2022 y contin\u00faa. Experiencia como consultor de pymes y empresas, docente universitario.<\/li>\n<li style=\"text-align: justify;\"><em>GARGIULO, Marco<\/em> \u2013 Licenciado en Administraci\u00f3n. Magister en Emprendimiento e Innovaci\u00f3n. Subsecretario de Comunicaci\u00f3n Ceremonial y Protocolo FICA-FCEJS 2022 y contin\u00faa. Docente. Experiencia como consultor de empresas y mentor de pymes y emprendedores.<\/li>\n<li style=\"text-align: justify;\"><em>HARTE, Alfredo<\/em> \u2013 Ingeniero Agr\u00f3nomo. Jefe de sector agr\u00edcola Arcor. Experiencia como consultor y asesor agropecuario.<\/li>\n<li style=\"text-align: justify;\"><em>INSUA, Marcelino Federico<\/em> \u2013 Abogado. Secretario General de la FCEJS 2022 y contin\u00faa. Docente. Empresario. Profesional Independiente, Experiencia en Gesti\u00f3n P\u00fablica y Gesti\u00f3n Universitaria. Asesor de empresas y pymes.<\/li>\n<li style=\"text-align: justify;\"><em>LUCERO, Marcos Alejandro<\/em> \u2013 Contador P\u00fablico Nacional. Representante Claustro Docente FCEJS en Consejo Superior UNSL 2016 y contin\u00faa. Docente. Extensionista. Experiencia en formulaci\u00f3n y evaluaci\u00f3n de proyectos de inversi\u00f3n p\u00fablicos y privado. Consultor\u00eda para organismos internacionales.<\/li>\n<li style=\"text-align: justify;\"><em>LUCERO SORIA, Ricardo Maximiliano<\/em> \u2013 Ingeniero Industrial. Experiencia en el sector industrial privado, gesti\u00f3n en el sector p\u00fablico y asesor t\u00e9cnico en proyectos ambientales.<\/li>\n<li style=\"text-align: justify;\"><em>MUZEVICH, Ivana Romina<\/em> \u2013 Abogada. Maestranda en Derecho Administrativo. Coordinadora General de OPI FCEJS 2022 y contin\u00faa. Directora de Carrera de Cs. Jur\u00eddicas FCEJS 2022 y contin\u00faa. Docente. Investigadora. Experiencia en Derecho Administrativo y Administraci\u00f3n P\u00fablica.<\/li>\n<li style=\"text-align: justify;\"><em>NU\u00d1EZ, Sonia Carolina<\/em> \u2013 Ingeniera Qu\u00edmica. Mag\u00edster en Log\u00edstica. Coordinadora de Secretar\u00eda de Vinculaci\u00f3n Tecnol\u00f3gica y Social UNSL 2022 y contin\u00faa. Subdirectora de Proyectos del Instituto EEN&amp;TT FCEJS 2022 y contin\u00faa. Profesora Adjunta en FICA-UNSL. Profesora Titular en FCEJ-UNLPam. Investigadora FICA y FCEJS.<\/li>\n<li style=\"text-align: justify;\"><em>PEREZ CUBERO, Mar\u00eda Eugenia<\/em> \u2013 Abogada. Mag\u00edster en derecho ambiental, urbanismo y patrimonio cultural. Doctora en Ciencia Pol\u00edtica. Director del Departamento de Ciencias Jur\u00eddicas y Pol\u00edticas de la FCEJS 2022 y contin\u00faa. Experiencia en justicia ambiental y clim\u00e1tica.<\/li>\n<li style=\"text-align: justify;\"><em>RAMOS, Nicol\u00e1s Ariel<\/em> \u2013 Ingeniero Industrial. Docente. Experiencia en gesti\u00f3n p\u00fablica y consultor de pymes.<\/li>\n<li style=\"text-align: justify;\"><em>SOSA, Jorge Ariel<\/em> \u2013 Contador P\u00fablico Nacional. Magister en Econom\u00eda y Negocios. Subdirector Financiero y Legal de Instituto EEN&amp;TT FCEJS 2022 y contin\u00faa. Docente del \u00c1rea Econom\u00eda y Gesti\u00f3n P\u00fablica de la FCEJS. Investigador.<\/li>\n<li style=\"text-align: justify;\"><em>TAHTAGIAN, Liliana Melina<\/em> \u2013 Contadora P\u00fablica Nacional. Coordinadora de Planeamiento de la FCEJS 2022 y contin\u00faa. Docente. Extensionista. Investigadora. Experiencia en control de gesti\u00f3n y an\u00e1lisis de costos.<\/li>\n<\/ul>\n<p><img decoding=\"async\" class=\"alignnone size-medium wp-image-11950\" src=\"https:\/\/www.fcejs.unsl.edu.ar\/wp-content\/uploads\/2023\/06\/IMG_8833.heic\" alt=\"\" width=\"1\" height=\"1\" \/><\/p>\n","protected":false},"excerpt":{"rendered":"<p>La Facultad de Ciencias Econ\u00f3micas Jur\u00eddicas y Sociales a trav\u00e9s del Instituto \u201cEscuela de Econom\u00eda, Negocios y Transferencia Tecnol\u00f3gica\u201d, conform\u00f3 un equipo interdisciplinario que est\u00e1&hellip;<\/p>\n","protected":false},"author":9,"featured_media":11953,"comment_status":"closed","ping_status":"closed","sticky":false,"template":"","format":"standard","meta":{"om_disable_all_campaigns":false,"_monsterinsights_skip_tracking":false,"_monsterinsights_sitenote_active":false,"_monsterinsights_sitenote_note":"","_monsterinsights_sitenote_category":0,"footnotes":""},"categories":[1],"tags":[],"class_list":["post-11949","post","type-post","status-publish","format-standard","has-post-thumbnail","hentry","category-noticias"],"yoast_head":"<!-- This site is optimized with the Yoast SEO plugin v27.4 - https:\/\/yoast.com\/product\/yoast-seo-wordpress\/ -->\n<title>La FCEJS a trav\u00e9s del Instituto EEN&amp;TT trabaja en Proyecto Institucional para la ciudad de Villa Mercedes - Facultad de Ciencias Econ\u00f3micas, Jur\u00ed\u00addicas y Sociales<\/title>\n<meta name=\"robots\" content=\"index, follow, max-snippet:-1, max-image-preview:large, max-video-preview:-1\" \/>\n<link rel=\"canonical\" href=\"https:\/\/www.fcejs.unsl.edu.ar\/index.php\/fcejs-a-traves-del-instituto-eentt-trabaja-en-proyecto-institucional-para-la-ciudad-de-villa-mercedes\/\" \/>\n<meta property=\"og:locale\" content=\"es_ES\" \/>\n<meta property=\"og:type\" content=\"article\" \/>\n<meta property=\"og:title\" content=\"La FCEJS a trav\u00e9s del Instituto EEN&amp;TT trabaja en Proyecto Institucional para la ciudad de Villa Mercedes - Facultad de Ciencias Econ\u00f3micas, Jur\u00ed\u00addicas y Sociales\" \/>\n<meta property=\"og:description\" content=\"La Facultad de Ciencias Econ\u00f3micas Jur\u00eddicas y Sociales a trav\u00e9s del Instituto \u201cEscuela de Econom\u00eda, Negocios y Transferencia Tecnol\u00f3gica\u201d, conform\u00f3 un equipo interdisciplinario que est\u00e1&hellip;\" \/>\n<meta property=\"og:url\" content=\"https:\/\/www.fcejs.unsl.edu.ar\/index.php\/fcejs-a-traves-del-instituto-eentt-trabaja-en-proyecto-institucional-para-la-ciudad-de-villa-mercedes\/\" \/>\n<meta property=\"og:site_name\" content=\"Facultad de Ciencias Econ\u00f3micas, Jur\u00ed\u00addicas y Sociales\" \/>\n<meta property=\"article:publisher\" content=\"https:\/\/www.facebook.com\/FCEJS.UNSL\/\" \/>\n<meta property=\"article:published_time\" content=\"2023-06-08T16:23:45+00:00\" \/>\n<meta property=\"article:modified_time\" content=\"2023-06-22T13:17:20+00:00\" \/>\n<meta property=\"og:image\" content=\"https:\/\/www.fcejs.unsl.edu.ar\/wp-content\/uploads\/2023\/06\/proyecto-front.jpg\" \/>\n\t<meta property=\"og:image:width\" content=\"1152\" \/>\n\t<meta property=\"og:image:height\" content=\"647\" \/>\n\t<meta property=\"og:image:type\" content=\"image\/jpeg\" \/>\n<meta name=\"author\" content=\"DATI\" \/>\n<meta name=\"twitter:card\" content=\"summary_large_image\" \/>\n<meta name=\"twitter:creator\" content=\"@FCEJSUNSL\" \/>\n<meta name=\"twitter:site\" content=\"@FCEJSUNSL\" \/>\n<meta name=\"twitter:label1\" content=\"Escrito por\" \/>\n\t<meta name=\"twitter:data1\" content=\"DATI\" \/>\n\t<meta name=\"twitter:label2\" content=\"Tiempo de lectura\" \/>\n\t<meta name=\"twitter:data2\" content=\"4 minutos\" \/>\n<script type=\"application\/ld+json\" class=\"yoast-schema-graph\">{\"@context\":\"https:\\\/\\\/schema.org\",\"@graph\":[{\"@type\":\"Article\",\"@id\":\"https:\\\/\\\/www.fcejs.unsl.edu.ar\\\/index.php\\\/fcejs-a-traves-del-instituto-eentt-trabaja-en-proyecto-institucional-para-la-ciudad-de-villa-mercedes\\\/#article\",\"isPartOf\":{\"@id\":\"https:\\\/\\\/www.fcejs.unsl.edu.ar\\\/index.php\\\/fcejs-a-traves-del-instituto-eentt-trabaja-en-proyecto-institucional-para-la-ciudad-de-villa-mercedes\\\/\"},\"author\":{\"name\":\"DATI\",\"@id\":\"https:\\\/\\\/www.fcejs.unsl.edu.ar\\\/#\\\/schema\\\/person\\\/352ee6ed90c3f394c7cb5945f8956d34\"},\"headline\":\"La FCEJS a trav\u00e9s del Instituto EEN&#038;TT trabaja en Proyecto Institucional para la ciudad de Villa Mercedes\",\"datePublished\":\"2023-06-08T16:23:45+00:00\",\"dateModified\":\"2023-06-22T13:17:20+00:00\",\"mainEntityOfPage\":{\"@id\":\"https:\\\/\\\/www.fcejs.unsl.edu.ar\\\/index.php\\\/fcejs-a-traves-del-instituto-eentt-trabaja-en-proyecto-institucional-para-la-ciudad-de-villa-mercedes\\\/\"},\"wordCount\":862,\"publisher\":{\"@id\":\"https:\\\/\\\/www.fcejs.unsl.edu.ar\\\/#organization\"},\"image\":{\"@id\":\"https:\\\/\\\/www.fcejs.unsl.edu.ar\\\/index.php\\\/fcejs-a-traves-del-instituto-eentt-trabaja-en-proyecto-institucional-para-la-ciudad-de-villa-mercedes\\\/#primaryimage\"},\"thumbnailUrl\":\"https:\\\/\\\/www.fcejs.unsl.edu.ar\\\/wp-content\\\/uploads\\\/2023\\\/06\\\/proyecto-front.jpg\",\"articleSection\":[\"Noticias\"],\"inLanguage\":\"es-AR\"},{\"@type\":\"WebPage\",\"@id\":\"https:\\\/\\\/www.fcejs.unsl.edu.ar\\\/index.php\\\/fcejs-a-traves-del-instituto-eentt-trabaja-en-proyecto-institucional-para-la-ciudad-de-villa-mercedes\\\/\",\"url\":\"https:\\\/\\\/www.fcejs.unsl.edu.ar\\\/index.php\\\/fcejs-a-traves-del-instituto-eentt-trabaja-en-proyecto-institucional-para-la-ciudad-de-villa-mercedes\\\/\",\"name\":\"La FCEJS a trav\u00e9s del Instituto EEN&TT trabaja en Proyecto Institucional para la ciudad de Villa Mercedes - Facultad de Ciencias Econ\u00f3micas, Jur\u00ed\u00addicas y Sociales\",\"isPartOf\":{\"@id\":\"https:\\\/\\\/www.fcejs.unsl.edu.ar\\\/#website\"},\"primaryImageOfPage\":{\"@id\":\"https:\\\/\\\/www.fcejs.unsl.edu.ar\\\/index.php\\\/fcejs-a-traves-del-instituto-eentt-trabaja-en-proyecto-institucional-para-la-ciudad-de-villa-mercedes\\\/#primaryimage\"},\"image\":{\"@id\":\"https:\\\/\\\/www.fcejs.unsl.edu.ar\\\/index.php\\\/fcejs-a-traves-del-instituto-eentt-trabaja-en-proyecto-institucional-para-la-ciudad-de-villa-mercedes\\\/#primaryimage\"},\"thumbnailUrl\":\"https:\\\/\\\/www.fcejs.unsl.edu.ar\\\/wp-content\\\/uploads\\\/2023\\\/06\\\/proyecto-front.jpg\",\"datePublished\":\"2023-06-08T16:23:45+00:00\",\"dateModified\":\"2023-06-22T13:17:20+00:00\",\"breadcrumb\":{\"@id\":\"https:\\\/\\\/www.fcejs.unsl.edu.ar\\\/index.php\\\/fcejs-a-traves-del-instituto-eentt-trabaja-en-proyecto-institucional-para-la-ciudad-de-villa-mercedes\\\/#breadcrumb\"},\"inLanguage\":\"es-AR\",\"potentialAction\":[{\"@type\":\"ReadAction\",\"target\":[\"https:\\\/\\\/www.fcejs.unsl.edu.ar\\\/index.php\\\/fcejs-a-traves-del-instituto-eentt-trabaja-en-proyecto-institucional-para-la-ciudad-de-villa-mercedes\\\/\"]}]},{\"@type\":\"ImageObject\",\"inLanguage\":\"es-AR\",\"@id\":\"https:\\\/\\\/www.fcejs.unsl.edu.ar\\\/index.php\\\/fcejs-a-traves-del-instituto-eentt-trabaja-en-proyecto-institucional-para-la-ciudad-de-villa-mercedes\\\/#primaryimage\",\"url\":\"https:\\\/\\\/www.fcejs.unsl.edu.ar\\\/wp-content\\\/uploads\\\/2023\\\/06\\\/proyecto-front.jpg\",\"contentUrl\":\"https:\\\/\\\/www.fcejs.unsl.edu.ar\\\/wp-content\\\/uploads\\\/2023\\\/06\\\/proyecto-front.jpg\",\"width\":1152,\"height\":647},{\"@type\":\"BreadcrumbList\",\"@id\":\"https:\\\/\\\/www.fcejs.unsl.edu.ar\\\/index.php\\\/fcejs-a-traves-del-instituto-eentt-trabaja-en-proyecto-institucional-para-la-ciudad-de-villa-mercedes\\\/#breadcrumb\",\"itemListElement\":[{\"@type\":\"ListItem\",\"position\":1,\"name\":\"Inicio\",\"item\":\"https:\\\/\\\/www.fcejs.unsl.edu.ar\\\/\"},{\"@type\":\"ListItem\",\"position\":2,\"name\":\"La FCEJS a trav\u00e9s del Instituto EEN&#038;TT trabaja en Proyecto Institucional para la ciudad de Villa Mercedes\"}]},{\"@type\":\"WebSite\",\"@id\":\"https:\\\/\\\/www.fcejs.unsl.edu.ar\\\/#website\",\"url\":\"https:\\\/\\\/www.fcejs.unsl.edu.ar\\\/\",\"name\":\"Facultad de Ciencias Econ\u00f3micas, Jur\u00ed\u00addicas y Sociales\",\"description\":\"\",\"publisher\":{\"@id\":\"https:\\\/\\\/www.fcejs.unsl.edu.ar\\\/#organization\"},\"potentialAction\":[{\"@type\":\"SearchAction\",\"target\":{\"@type\":\"EntryPoint\",\"urlTemplate\":\"https:\\\/\\\/www.fcejs.unsl.edu.ar\\\/?s={search_term_string}\"},\"query-input\":{\"@type\":\"PropertyValueSpecification\",\"valueRequired\":true,\"valueName\":\"search_term_string\"}}],\"inLanguage\":\"es-AR\"},{\"@type\":\"Organization\",\"@id\":\"https:\\\/\\\/www.fcejs.unsl.edu.ar\\\/#organization\",\"name\":\"Facultad de Ciencias Econ\u00f3micas, Jur\u00eddicas y Sociales\",\"url\":\"https:\\\/\\\/www.fcejs.unsl.edu.ar\\\/\",\"logo\":{\"@type\":\"ImageObject\",\"inLanguage\":\"es-AR\",\"@id\":\"https:\\\/\\\/www.fcejs.unsl.edu.ar\\\/#\\\/schema\\\/logo\\\/image\\\/\",\"url\":\"https:\\\/\\\/www.fcejs.unsl.edu.ar\\\/wp-content\\\/uploads\\\/2021\\\/03\\\/logo-1.jpg\",\"contentUrl\":\"https:\\\/\\\/www.fcejs.unsl.edu.ar\\\/wp-content\\\/uploads\\\/2021\\\/03\\\/logo-1.jpg\",\"width\":471,\"height\":146,\"caption\":\"Facultad de Ciencias Econ\u00f3micas, Jur\u00eddicas y Sociales\"},\"image\":{\"@id\":\"https:\\\/\\\/www.fcejs.unsl.edu.ar\\\/#\\\/schema\\\/logo\\\/image\\\/\"},\"sameAs\":[\"https:\\\/\\\/www.facebook.com\\\/FCEJS.UNSL\\\/\",\"https:\\\/\\\/x.com\\\/FCEJSUNSL\",\"https:\\\/\\\/www.instagram.com\\\/fcejs.unsl\\\/\",\"https:\\\/\\\/www.youtube.com\\\/channel\\\/UCH-Ut6EaN_X5ogjIQMPe46g\\\/\"]},{\"@type\":\"Person\",\"@id\":\"https:\\\/\\\/www.fcejs.unsl.edu.ar\\\/#\\\/schema\\\/person\\\/352ee6ed90c3f394c7cb5945f8956d34\",\"name\":\"DATI\"}]}<\/script>\n<!-- \/ Yoast SEO plugin. -->","yoast_head_json":{"title":"La FCEJS a trav\u00e9s del Instituto EEN&TT trabaja en Proyecto Institucional para la ciudad de Villa Mercedes - Facultad de Ciencias Econ\u00f3micas, Jur\u00ed\u00addicas y Sociales","robots":{"index":"index","follow":"follow","max-snippet":"max-snippet:-1","max-image-preview":"max-image-preview:large","max-video-preview":"max-video-preview:-1"},"canonical":"https:\/\/www.fcejs.unsl.edu.ar\/index.php\/fcejs-a-traves-del-instituto-eentt-trabaja-en-proyecto-institucional-para-la-ciudad-de-villa-mercedes\/","og_locale":"es_ES","og_type":"article","og_title":"La FCEJS a trav\u00e9s del Instituto EEN&TT trabaja en Proyecto Institucional para la ciudad de Villa Mercedes - Facultad de Ciencias Econ\u00f3micas, Jur\u00ed\u00addicas y Sociales","og_description":"La Facultad de Ciencias Econ\u00f3micas Jur\u00eddicas y Sociales a trav\u00e9s del Instituto \u201cEscuela de Econom\u00eda, Negocios y Transferencia Tecnol\u00f3gica\u201d, conform\u00f3 un equipo interdisciplinario que est\u00e1&hellip;","og_url":"https:\/\/www.fcejs.unsl.edu.ar\/index.php\/fcejs-a-traves-del-instituto-eentt-trabaja-en-proyecto-institucional-para-la-ciudad-de-villa-mercedes\/","og_site_name":"Facultad de Ciencias Econ\u00f3micas, Jur\u00ed\u00addicas y Sociales","article_publisher":"https:\/\/www.facebook.com\/FCEJS.UNSL\/","article_published_time":"2023-06-08T16:23:45+00:00","article_modified_time":"2023-06-22T13:17:20+00:00","og_image":[{"width":1152,"height":647,"url":"https:\/\/www.fcejs.unsl.edu.ar\/wp-content\/uploads\/2023\/06\/proyecto-front.jpg","type":"image\/jpeg"}],"author":"DATI","twitter_card":"summary_large_image","twitter_creator":"@FCEJSUNSL","twitter_site":"@FCEJSUNSL","twitter_misc":{"Escrito por":"DATI","Tiempo de lectura":"4 minutos"},"schema":{"@context":"https:\/\/schema.org","@graph":[{"@type":"Article","@id":"https:\/\/www.fcejs.unsl.edu.ar\/index.php\/fcejs-a-traves-del-instituto-eentt-trabaja-en-proyecto-institucional-para-la-ciudad-de-villa-mercedes\/#article","isPartOf":{"@id":"https:\/\/www.fcejs.unsl.edu.ar\/index.php\/fcejs-a-traves-del-instituto-eentt-trabaja-en-proyecto-institucional-para-la-ciudad-de-villa-mercedes\/"},"author":{"name":"DATI","@id":"https:\/\/www.fcejs.unsl.edu.ar\/#\/schema\/person\/352ee6ed90c3f394c7cb5945f8956d34"},"headline":"La FCEJS a trav\u00e9s del Instituto EEN&#038;TT trabaja en Proyecto Institucional para la ciudad de Villa Mercedes","datePublished":"2023-06-08T16:23:45+00:00","dateModified":"2023-06-22T13:17:20+00:00","mainEntityOfPage":{"@id":"https:\/\/www.fcejs.unsl.edu.ar\/index.php\/fcejs-a-traves-del-instituto-eentt-trabaja-en-proyecto-institucional-para-la-ciudad-de-villa-mercedes\/"},"wordCount":862,"publisher":{"@id":"https:\/\/www.fcejs.unsl.edu.ar\/#organization"},"image":{"@id":"https:\/\/www.fcejs.unsl.edu.ar\/index.php\/fcejs-a-traves-del-instituto-eentt-trabaja-en-proyecto-institucional-para-la-ciudad-de-villa-mercedes\/#primaryimage"},"thumbnailUrl":"https:\/\/www.fcejs.unsl.edu.ar\/wp-content\/uploads\/2023\/06\/proyecto-front.jpg","articleSection":["Noticias"],"inLanguage":"es-AR"},{"@type":"WebPage","@id":"https:\/\/www.fcejs.unsl.edu.ar\/index.php\/fcejs-a-traves-del-instituto-eentt-trabaja-en-proyecto-institucional-para-la-ciudad-de-villa-mercedes\/","url":"https:\/\/www.fcejs.unsl.edu.ar\/index.php\/fcejs-a-traves-del-instituto-eentt-trabaja-en-proyecto-institucional-para-la-ciudad-de-villa-mercedes\/","name":"La FCEJS a trav\u00e9s del Instituto EEN&TT trabaja en Proyecto Institucional para la ciudad de Villa Mercedes - Facultad de Ciencias Econ\u00f3micas, Jur\u00ed\u00addicas y Sociales","isPartOf":{"@id":"https:\/\/www.fcejs.unsl.edu.ar\/#website"},"primaryImageOfPage":{"@id":"https:\/\/www.fcejs.unsl.edu.ar\/index.php\/fcejs-a-traves-del-instituto-eentt-trabaja-en-proyecto-institucional-para-la-ciudad-de-villa-mercedes\/#primaryimage"},"image":{"@id":"https:\/\/www.fcejs.unsl.edu.ar\/index.php\/fcejs-a-traves-del-instituto-eentt-trabaja-en-proyecto-institucional-para-la-ciudad-de-villa-mercedes\/#primaryimage"},"thumbnailUrl":"https:\/\/www.fcejs.unsl.edu.ar\/wp-content\/uploads\/2023\/06\/proyecto-front.jpg","datePublished":"2023-06-08T16:23:45+00:00","dateModified":"2023-06-22T13:17:20+00:00","breadcrumb":{"@id":"https:\/\/www.fcejs.unsl.edu.ar\/index.php\/fcejs-a-traves-del-instituto-eentt-trabaja-en-proyecto-institucional-para-la-ciudad-de-villa-mercedes\/#breadcrumb"},"inLanguage":"es-AR","potentialAction":[{"@type":"ReadAction","target":["https:\/\/www.fcejs.unsl.edu.ar\/index.php\/fcejs-a-traves-del-instituto-eentt-trabaja-en-proyecto-institucional-para-la-ciudad-de-villa-mercedes\/"]}]},{"@type":"ImageObject","inLanguage":"es-AR","@id":"https:\/\/www.fcejs.unsl.edu.ar\/index.php\/fcejs-a-traves-del-instituto-eentt-trabaja-en-proyecto-institucional-para-la-ciudad-de-villa-mercedes\/#primaryimage","url":"https:\/\/www.fcejs.unsl.edu.ar\/wp-content\/uploads\/2023\/06\/proyecto-front.jpg","contentUrl":"https:\/\/www.fcejs.unsl.edu.ar\/wp-content\/uploads\/2023\/06\/proyecto-front.jpg","width":1152,"height":647},{"@type":"BreadcrumbList","@id":"https:\/\/www.fcejs.unsl.edu.ar\/index.php\/fcejs-a-traves-del-instituto-eentt-trabaja-en-proyecto-institucional-para-la-ciudad-de-villa-mercedes\/#breadcrumb","itemListElement":[{"@type":"ListItem","position":1,"name":"Inicio","item":"https:\/\/www.fcejs.unsl.edu.ar\/"},{"@type":"ListItem","position":2,"name":"La FCEJS a trav\u00e9s del Instituto EEN&#038;TT trabaja en Proyecto Institucional para la ciudad de Villa Mercedes"}]},{"@type":"WebSite","@id":"https:\/\/www.fcejs.unsl.edu.ar\/#website","url":"https:\/\/www.fcejs.unsl.edu.ar\/","name":"Facultad de Ciencias Econ\u00f3micas, Jur\u00ed\u00addicas y Sociales","description":"","publisher":{"@id":"https:\/\/www.fcejs.unsl.edu.ar\/#organization"},"potentialAction":[{"@type":"SearchAction","target":{"@type":"EntryPoint","urlTemplate":"https:\/\/www.fcejs.unsl.edu.ar\/?s={search_term_string}"},"query-input":{"@type":"PropertyValueSpecification","valueRequired":true,"valueName":"search_term_string"}}],"inLanguage":"es-AR"},{"@type":"Organization","@id":"https:\/\/www.fcejs.unsl.edu.ar\/#organization","name":"Facultad de Ciencias Econ\u00f3micas, Jur\u00eddicas y Sociales","url":"https:\/\/www.fcejs.unsl.edu.ar\/","logo":{"@type":"ImageObject","inLanguage":"es-AR","@id":"https:\/\/www.fcejs.unsl.edu.ar\/#\/schema\/logo\/image\/","url":"https:\/\/www.fcejs.unsl.edu.ar\/wp-content\/uploads\/2021\/03\/logo-1.jpg","contentUrl":"https:\/\/www.fcejs.unsl.edu.ar\/wp-content\/uploads\/2021\/03\/logo-1.jpg","width":471,"height":146,"caption":"Facultad de Ciencias Econ\u00f3micas, Jur\u00eddicas y Sociales"},"image":{"@id":"https:\/\/www.fcejs.unsl.edu.ar\/#\/schema\/logo\/image\/"},"sameAs":["https:\/\/www.facebook.com\/FCEJS.UNSL\/","https:\/\/x.com\/FCEJSUNSL","https:\/\/www.instagram.com\/fcejs.unsl\/","https:\/\/www.youtube.com\/channel\/UCH-Ut6EaN_X5ogjIQMPe46g\/"]},{"@type":"Person","@id":"https:\/\/www.fcejs.unsl.edu.ar\/#\/schema\/person\/352ee6ed90c3f394c7cb5945f8956d34","name":"DATI"}]}},"jetpack_featured_media_url":"https:\/\/www.fcejs.unsl.edu.ar\/wp-content\/uploads\/2023\/06\/proyecto-front.jpg","_links":{"self":[{"href":"https:\/\/www.fcejs.unsl.edu.ar\/index.php\/wp-json\/wp\/v2\/posts\/11949","targetHints":{"allow":["GET"]}}],"collection":[{"href":"https:\/\/www.fcejs.unsl.edu.ar\/index.php\/wp-json\/wp\/v2\/posts"}],"about":[{"href":"https:\/\/www.fcejs.unsl.edu.ar\/index.php\/wp-json\/wp\/v2\/types\/post"}],"author":[{"embeddable":true,"href":"https:\/\/www.fcejs.unsl.edu.ar\/index.php\/wp-json\/wp\/v2\/users\/9"}],"replies":[{"embeddable":true,"href":"https:\/\/www.fcejs.unsl.edu.ar\/index.php\/wp-json\/wp\/v2\/comments?post=11949"}],"version-history":[{"count":5,"href":"https:\/\/www.fcejs.unsl.edu.ar\/index.php\/wp-json\/wp\/v2\/posts\/11949\/revisions"}],"predecessor-version":[{"id":11957,"href":"https:\/\/www.fcejs.unsl.edu.ar\/index.php\/wp-json\/wp\/v2\/posts\/11949\/revisions\/11957"}],"wp:featuredmedia":[{"embeddable":true,"href":"https:\/\/www.fcejs.unsl.edu.ar\/index.php\/wp-json\/wp\/v2\/media\/11953"}],"wp:attachment":[{"href":"https:\/\/www.fcejs.unsl.edu.ar\/index.php\/wp-json\/wp\/v2\/media?parent=11949"}],"wp:term":[{"taxonomy":"category","embeddable":true,"href":"https:\/\/www.fcejs.unsl.edu.ar\/index.php\/wp-json\/wp\/v2\/categories?post=11949"},{"taxonomy":"post_tag","embeddable":true,"href":"https:\/\/www.fcejs.unsl.edu.ar\/index.php\/wp-json\/wp\/v2\/tags?post=11949"}],"curies":[{"name":"wp","href":"https:\/\/api.w.org\/{rel}","templated":true}]}}