{"id":11941,"date":"2023-06-23T13:30:34","date_gmt":"2023-06-23T16:30:34","guid":{"rendered":"http:\/\/10.101.10.197\/www\/?p=11941"},"modified":"2023-06-29T11:47:44","modified_gmt":"2023-06-29T14:47:44","slug":"la-universidad-se-prepara-para-la-primera-colacion-de-grados-2023","status":"publish","type":"post","link":"https:\/\/www.fcejs.unsl.edu.ar\/index.php\/la-universidad-se-prepara-para-la-primera-colacion-de-grados-2023\/","title":{"rendered":"La Universidad se prepara para la primera colaci\u00f3n de grados 2023"},"content":{"rendered":"<p><strong>M\u00e1s de 400 egresados y egresadas recibir\u00e1n sus diplomas en diversos encuentros que se llevar\u00e1n a cabo del 27 de junio al 7 de julio en tres (3) de las sedes de la Universidad Nacional de San Luis.<\/strong><\/p>\n<p>Las facultades del Centro Universitario Villa Mercedes de la UNSL ser\u00e1n las primeras en recibir los t\u00edtulos. Ser\u00e1 el <strong>27 de junio<\/strong>\u00a0a las 18:00 horas en el Teatro Molino F\u00e9nix. Los y las egresados\/as de las\u00a0<strong>Facultades de Ingenier\u00eda y Ciencias Agropecuarias<\/strong>\u00a0(FICA) y de\u00a0<strong>Ciencias Econ\u00f3micas, Jur\u00eddicas y Sociales<\/strong>\u00a0(FCEJS) deber\u00e1n acercarse al<strong> aula del Consejo Directivo del Campus, el mismo 27 de 10:00 a 12:00 horas, para la firma de sus diplomas.<\/strong><\/p>\n<p>Las firmas para las Unidades Acad\u00e9micas de San Luis se realizar\u00e1n del 21 al 30 de junio de 9:00 a 12:00 y de 15:00 a 17:00 horas, en la Direcci\u00f3n de T\u00edtulos y Convalidaciones, ubicada en el segundo piso del edificio Rectorado.<\/p>\n<p>Las y los egresadas y egresados ser\u00e1n notificados por medio de una invitaci\u00f3n que les llegar\u00e1 al correo electr\u00f3nico. Adem\u00e1s, all\u00ed se les solicitar\u00e1 completar un formulario web, que podr\u00e1n llenarlo por \u00fanica vez. Esto permitir\u00e1 obtener informaci\u00f3n certera, actualizada y abarcativa que ser\u00e1 utilizada para la base de datos de graduados\/as. Tambi\u00e9n estar\u00e1 habilitado el formulario para extranjeros\/as.<\/p>\n<p><strong>FACULTAD DE CIENCIAS ECON\u00d3MICAS, JUR\u00cdDICAS Y SOCIALES<\/strong><\/p>\n<p><strong>Abogac\u00eda<\/strong><\/p>\n<ul>\n<li>Samaia Nabila Read<\/li>\n<li>\u00a0Mateo Caceres<\/li>\n<li>Lucas Javier Lagos<\/li>\n<li>\u00a0Agustin Pelanda<\/li>\n<\/ul>\n<p><strong>Contador P\u00fablico Nacional<\/strong><\/p>\n<ul>\n<li>\u00a0\u00c1lvaro Nicol\u00e1s Torres Ruiz<\/li>\n<li>Mar\u00eda P\u00eda Boccagni<\/li>\n<li>Ivana Elisabeth Fernandez<\/li>\n<li>Milagros Pansa<\/li>\n<li>\u00a0Sofia Dahyana Serracino<\/li>\n<li>\u00a0Joaqu\u00edn Ivan Videla<\/li>\n<\/ul>\n<p><strong>Licenciatura en Administraci\u00f3n<\/strong><\/p>\n<ul>\n<li>\u00a0Maria Giuliana Civalero<\/li>\n<li>Gisela Paola Valdez<\/li>\n<li>Octavio Caunedo<\/li>\n<\/ul>\n<p><strong>Licenciatura en Trabajo Social<\/strong><\/p>\n<ul>\n<li>Mar\u00eda Nilda Rosa Altamirano<\/li>\n<li>Yamila Soledad C\u00f3rdoba<\/li>\n<li>Mar\u00eda Nazarena Echandia<\/li>\n<li>Araceli del Carmen Holzer<\/li>\n<li>\u00a0Elizabeth Daniela Moreno<\/li>\n<\/ul>\n<p><strong>Licenciatura en Administraci\u00f3n P\u00fablica<\/strong><\/p>\n<ul>\n<li>Omar Satti<\/li>\n<\/ul>\n<p><strong>Martillero y Corredor P\u00fablico Nacional<\/strong><\/p>\n<ul>\n<li>\u00a0Roberto Mat\u00edas Furlan<\/li>\n<\/ul>\n<p><strong>Procurador<\/strong><\/p>\n<ul>\n<li>Rodrigo Nicolas Iglesias<\/li>\n<li>\u00a0Florencia Magali Arias<\/li>\n<\/ul>\n<p><strong>Tecnicatura Universitaria en Acompa\u00f1amiento Terap\u00e9utico<\/strong><\/p>\n<ul>\n<li>\u00a0Mariela Vanesa del Rosario Aguilera del Bosco<\/li>\n<li>Romina Eliana Assat<\/li>\n<li>\u00a0Maria Betania Diaz Davi<\/li>\n<li>Gina Ercoli<\/li>\n<li>\u00a0Valentina Micaela Gallardo<\/li>\n<li>\u00a0Natalia Roxana Lucero<\/li>\n<li>Narella Karen Morales<\/li>\n<li>Gabriela Soledad Rosales<\/li>\n<li>\u00a0Martin Manuel Chumacero<\/li>\n<\/ul>\n<p><strong>\u00a0Tecnicatura Universitaria en Asistencia Jur\u00eddica<\/strong><\/p>\n<ul>\n<li>Florencia Magali Arias<\/li>\n<li>Aldana Florencia Romano<\/li>\n<\/ul>\n<p><strong>\u00a0Tecnicatura Universitaria en Gesti\u00f3n Financiera<\/strong><\/p>\n<ul>\n<li>Juan Alejo Escudero<\/li>\n<\/ul>\n","protected":false},"excerpt":{"rendered":"<p>M\u00e1s de 400 egresados y egresadas recibir\u00e1n sus diplomas en diversos encuentros que se llevar\u00e1n a cabo del 27 de junio al 7 de julio&hellip;<\/p>\n","protected":false},"author":9,"featured_media":6348,"comment_status":"closed","ping_status":"closed","sticky":false,"template":"","format":"standard","meta":{"om_disable_all_campaigns":false,"_monsterinsights_skip_tracking":false,"_monsterinsights_sitenote_active":false,"_monsterinsights_sitenote_note":"","_monsterinsights_sitenote_category":0,"footnotes":""},"categories":[1],"tags":[],"class_list":["post-11941","post","type-post","status-publish","format-standard","has-post-thumbnail","hentry","category-noticias"],"yoast_head":"<!-- This site is optimized with the Yoast SEO plugin v27.5 - https:\/\/yoast.com\/product\/yoast-seo-wordpress\/ -->\n<title>La Universidad se prepara para la primera colaci\u00f3n de grados 2023 - Facultad de Ciencias Econ\u00f3micas, Jur\u00ed\u00addicas y Sociales<\/title>\n<meta name=\"robots\" content=\"index, follow, max-snippet:-1, max-image-preview:large, max-video-preview:-1\" \/>\n<link rel=\"canonical\" href=\"https:\/\/www.fcejs.unsl.edu.ar\/index.php\/la-universidad-se-prepara-para-la-primera-colacion-de-grados-2023\/\" \/>\n<meta property=\"og:locale\" content=\"es_ES\" \/>\n<meta property=\"og:type\" content=\"article\" \/>\n<meta property=\"og:title\" content=\"La Universidad se prepara para la primera colaci\u00f3n de grados 2023 - Facultad de Ciencias Econ\u00f3micas, Jur\u00ed\u00addicas y Sociales\" \/>\n<meta property=\"og:description\" content=\"M\u00e1s de 400 egresados y egresadas recibir\u00e1n sus diplomas en diversos encuentros que se llevar\u00e1n a cabo del 27 de junio al 7 de julio&hellip;\" \/>\n<meta property=\"og:url\" content=\"https:\/\/www.fcejs.unsl.edu.ar\/index.php\/la-universidad-se-prepara-para-la-primera-colacion-de-grados-2023\/\" \/>\n<meta property=\"og:site_name\" content=\"Facultad de Ciencias Econ\u00f3micas, Jur\u00ed\u00addicas y Sociales\" \/>\n<meta property=\"article:publisher\" content=\"https:\/\/www.facebook.com\/FCEJS.UNSL\/\" \/>\n<meta property=\"article:published_time\" content=\"2023-06-23T16:30:34+00:00\" \/>\n<meta property=\"article:modified_time\" content=\"2023-06-29T14:47:44+00:00\" \/>\n<meta property=\"og:image\" content=\"https:\/\/www.fcejs.unsl.edu.ar\/wp-content\/uploads\/2021\/11\/colacion-grados-fcejs.jpg\" \/>\n\t<meta property=\"og:image:width\" content=\"1152\" \/>\n\t<meta property=\"og:image:height\" content=\"647\" \/>\n\t<meta property=\"og:image:type\" content=\"image\/jpeg\" \/>\n<meta name=\"author\" content=\"DATI\" \/>\n<meta name=\"twitter:card\" content=\"summary_large_image\" \/>\n<meta name=\"twitter:creator\" content=\"@FCEJSUNSL\" \/>\n<meta name=\"twitter:site\" content=\"@FCEJSUNSL\" \/>\n<meta name=\"twitter:label1\" content=\"Escrito por\" \/>\n\t<meta name=\"twitter:data1\" content=\"DATI\" \/>\n\t<meta name=\"twitter:label2\" content=\"Tiempo de lectura\" \/>\n\t<meta name=\"twitter:data2\" content=\"2 minutos\" \/>\n<script type=\"application\/ld+json\" class=\"yoast-schema-graph\">{\"@context\":\"https:\\\/\\\/schema.org\",\"@graph\":[{\"@type\":\"Article\",\"@id\":\"https:\\\/\\\/www.fcejs.unsl.edu.ar\\\/index.php\\\/la-universidad-se-prepara-para-la-primera-colacion-de-grados-2023\\\/#article\",\"isPartOf\":{\"@id\":\"https:\\\/\\\/www.fcejs.unsl.edu.ar\\\/index.php\\\/la-universidad-se-prepara-para-la-primera-colacion-de-grados-2023\\\/\"},\"author\":{\"name\":\"DATI\",\"@id\":\"https:\\\/\\\/www.fcejs.unsl.edu.ar\\\/#\\\/schema\\\/person\\\/352ee6ed90c3f394c7cb5945f8956d34\"},\"headline\":\"La Universidad se prepara para la primera colaci\u00f3n de grados 2023\",\"datePublished\":\"2023-06-23T16:30:34+00:00\",\"dateModified\":\"2023-06-29T14:47:44+00:00\",\"mainEntityOfPage\":{\"@id\":\"https:\\\/\\\/www.fcejs.unsl.edu.ar\\\/index.php\\\/la-universidad-se-prepara-para-la-primera-colacion-de-grados-2023\\\/\"},\"wordCount\":401,\"publisher\":{\"@id\":\"https:\\\/\\\/www.fcejs.unsl.edu.ar\\\/#organization\"},\"image\":{\"@id\":\"https:\\\/\\\/www.fcejs.unsl.edu.ar\\\/index.php\\\/la-universidad-se-prepara-para-la-primera-colacion-de-grados-2023\\\/#primaryimage\"},\"thumbnailUrl\":\"https:\\\/\\\/www.fcejs.unsl.edu.ar\\\/wp-content\\\/uploads\\\/2021\\\/11\\\/colacion-grados-fcejs.jpg\",\"articleSection\":[\"Noticias\"],\"inLanguage\":\"es-AR\"},{\"@type\":\"WebPage\",\"@id\":\"https:\\\/\\\/www.fcejs.unsl.edu.ar\\\/index.php\\\/la-universidad-se-prepara-para-la-primera-colacion-de-grados-2023\\\/\",\"url\":\"https:\\\/\\\/www.fcejs.unsl.edu.ar\\\/index.php\\\/la-universidad-se-prepara-para-la-primera-colacion-de-grados-2023\\\/\",\"name\":\"La Universidad se prepara para la primera colaci\u00f3n de grados 2023 - Facultad de Ciencias Econ\u00f3micas, Jur\u00ed\u00addicas y Sociales\",\"isPartOf\":{\"@id\":\"https:\\\/\\\/www.fcejs.unsl.edu.ar\\\/#website\"},\"primaryImageOfPage\":{\"@id\":\"https:\\\/\\\/www.fcejs.unsl.edu.ar\\\/index.php\\\/la-universidad-se-prepara-para-la-primera-colacion-de-grados-2023\\\/#primaryimage\"},\"image\":{\"@id\":\"https:\\\/\\\/www.fcejs.unsl.edu.ar\\\/index.php\\\/la-universidad-se-prepara-para-la-primera-colacion-de-grados-2023\\\/#primaryimage\"},\"thumbnailUrl\":\"https:\\\/\\\/www.fcejs.unsl.edu.ar\\\/wp-content\\\/uploads\\\/2021\\\/11\\\/colacion-grados-fcejs.jpg\",\"datePublished\":\"2023-06-23T16:30:34+00:00\",\"dateModified\":\"2023-06-29T14:47:44+00:00\",\"breadcrumb\":{\"@id\":\"https:\\\/\\\/www.fcejs.unsl.edu.ar\\\/index.php\\\/la-universidad-se-prepara-para-la-primera-colacion-de-grados-2023\\\/#breadcrumb\"},\"inLanguage\":\"es-AR\",\"potentialAction\":[{\"@type\":\"ReadAction\",\"target\":[\"https:\\\/\\\/www.fcejs.unsl.edu.ar\\\/index.php\\\/la-universidad-se-prepara-para-la-primera-colacion-de-grados-2023\\\/\"]}]},{\"@type\":\"ImageObject\",\"inLanguage\":\"es-AR\",\"@id\":\"https:\\\/\\\/www.fcejs.unsl.edu.ar\\\/index.php\\\/la-universidad-se-prepara-para-la-primera-colacion-de-grados-2023\\\/#primaryimage\",\"url\":\"https:\\\/\\\/www.fcejs.unsl.edu.ar\\\/wp-content\\\/uploads\\\/2021\\\/11\\\/colacion-grados-fcejs.jpg\",\"contentUrl\":\"https:\\\/\\\/www.fcejs.unsl.edu.ar\\\/wp-content\\\/uploads\\\/2021\\\/11\\\/colacion-grados-fcejs.jpg\",\"width\":1152,\"height\":647},{\"@type\":\"BreadcrumbList\",\"@id\":\"https:\\\/\\\/www.fcejs.unsl.edu.ar\\\/index.php\\\/la-universidad-se-prepara-para-la-primera-colacion-de-grados-2023\\\/#breadcrumb\",\"itemListElement\":[{\"@type\":\"ListItem\",\"position\":1,\"name\":\"Inicio\",\"item\":\"https:\\\/\\\/www.fcejs.unsl.edu.ar\\\/\"},{\"@type\":\"ListItem\",\"position\":2,\"name\":\"La Universidad se prepara para la primera colaci\u00f3n de grados 2023\"}]},{\"@type\":\"WebSite\",\"@id\":\"https:\\\/\\\/www.fcejs.unsl.edu.ar\\\/#website\",\"url\":\"https:\\\/\\\/www.fcejs.unsl.edu.ar\\\/\",\"name\":\"Facultad de Ciencias Econ\u00f3micas, Jur\u00ed\u00addicas y Sociales\",\"description\":\"\",\"publisher\":{\"@id\":\"https:\\\/\\\/www.fcejs.unsl.edu.ar\\\/#organization\"},\"potentialAction\":[{\"@type\":\"SearchAction\",\"target\":{\"@type\":\"EntryPoint\",\"urlTemplate\":\"https:\\\/\\\/www.fcejs.unsl.edu.ar\\\/?s={search_term_string}\"},\"query-input\":{\"@type\":\"PropertyValueSpecification\",\"valueRequired\":true,\"valueName\":\"search_term_string\"}}],\"inLanguage\":\"es-AR\"},{\"@type\":\"Organization\",\"@id\":\"https:\\\/\\\/www.fcejs.unsl.edu.ar\\\/#organization\",\"name\":\"Facultad de Ciencias Econ\u00f3micas, Jur\u00eddicas y Sociales\",\"url\":\"https:\\\/\\\/www.fcejs.unsl.edu.ar\\\/\",\"logo\":{\"@type\":\"ImageObject\",\"inLanguage\":\"es-AR\",\"@id\":\"https:\\\/\\\/www.fcejs.unsl.edu.ar\\\/#\\\/schema\\\/logo\\\/image\\\/\",\"url\":\"https:\\\/\\\/www.fcejs.unsl.edu.ar\\\/wp-content\\\/uploads\\\/2021\\\/03\\\/logo-1.jpg\",\"contentUrl\":\"https:\\\/\\\/www.fcejs.unsl.edu.ar\\\/wp-content\\\/uploads\\\/2021\\\/03\\\/logo-1.jpg\",\"width\":471,\"height\":146,\"caption\":\"Facultad de Ciencias Econ\u00f3micas, Jur\u00eddicas y Sociales\"},\"image\":{\"@id\":\"https:\\\/\\\/www.fcejs.unsl.edu.ar\\\/#\\\/schema\\\/logo\\\/image\\\/\"},\"sameAs\":[\"https:\\\/\\\/www.facebook.com\\\/FCEJS.UNSL\\\/\",\"https:\\\/\\\/x.com\\\/FCEJSUNSL\",\"https:\\\/\\\/www.instagram.com\\\/fcejs.unsl\\\/\",\"https:\\\/\\\/www.youtube.com\\\/channel\\\/UCH-Ut6EaN_X5ogjIQMPe46g\\\/\"]},{\"@type\":\"Person\",\"@id\":\"https:\\\/\\\/www.fcejs.unsl.edu.ar\\\/#\\\/schema\\\/person\\\/352ee6ed90c3f394c7cb5945f8956d34\",\"name\":\"DATI\"}]}<\/script>\n<!-- \/ Yoast SEO plugin. -->","yoast_head_json":{"title":"La Universidad se prepara para la primera colaci\u00f3n de grados 2023 - Facultad de Ciencias Econ\u00f3micas, Jur\u00ed\u00addicas y Sociales","robots":{"index":"index","follow":"follow","max-snippet":"max-snippet:-1","max-image-preview":"max-image-preview:large","max-video-preview":"max-video-preview:-1"},"canonical":"https:\/\/www.fcejs.unsl.edu.ar\/index.php\/la-universidad-se-prepara-para-la-primera-colacion-de-grados-2023\/","og_locale":"es_ES","og_type":"article","og_title":"La Universidad se prepara para la primera colaci\u00f3n de grados 2023 - Facultad de Ciencias Econ\u00f3micas, Jur\u00ed\u00addicas y Sociales","og_description":"M\u00e1s de 400 egresados y egresadas recibir\u00e1n sus diplomas en diversos encuentros que se llevar\u00e1n a cabo del 27 de junio al 7 de julio&hellip;","og_url":"https:\/\/www.fcejs.unsl.edu.ar\/index.php\/la-universidad-se-prepara-para-la-primera-colacion-de-grados-2023\/","og_site_name":"Facultad de Ciencias Econ\u00f3micas, Jur\u00ed\u00addicas y Sociales","article_publisher":"https:\/\/www.facebook.com\/FCEJS.UNSL\/","article_published_time":"2023-06-23T16:30:34+00:00","article_modified_time":"2023-06-29T14:47:44+00:00","og_image":[{"width":1152,"height":647,"url":"https:\/\/www.fcejs.unsl.edu.ar\/wp-content\/uploads\/2021\/11\/colacion-grados-fcejs.jpg","type":"image\/jpeg"}],"author":"DATI","twitter_card":"summary_large_image","twitter_creator":"@FCEJSUNSL","twitter_site":"@FCEJSUNSL","twitter_misc":{"Escrito por":"DATI","Tiempo de lectura":"2 minutos"},"schema":{"@context":"https:\/\/schema.org","@graph":[{"@type":"Article","@id":"https:\/\/www.fcejs.unsl.edu.ar\/index.php\/la-universidad-se-prepara-para-la-primera-colacion-de-grados-2023\/#article","isPartOf":{"@id":"https:\/\/www.fcejs.unsl.edu.ar\/index.php\/la-universidad-se-prepara-para-la-primera-colacion-de-grados-2023\/"},"author":{"name":"DATI","@id":"https:\/\/www.fcejs.unsl.edu.ar\/#\/schema\/person\/352ee6ed90c3f394c7cb5945f8956d34"},"headline":"La Universidad se prepara para la primera colaci\u00f3n de grados 2023","datePublished":"2023-06-23T16:30:34+00:00","dateModified":"2023-06-29T14:47:44+00:00","mainEntityOfPage":{"@id":"https:\/\/www.fcejs.unsl.edu.ar\/index.php\/la-universidad-se-prepara-para-la-primera-colacion-de-grados-2023\/"},"wordCount":401,"publisher":{"@id":"https:\/\/www.fcejs.unsl.edu.ar\/#organization"},"image":{"@id":"https:\/\/www.fcejs.unsl.edu.ar\/index.php\/la-universidad-se-prepara-para-la-primera-colacion-de-grados-2023\/#primaryimage"},"thumbnailUrl":"https:\/\/www.fcejs.unsl.edu.ar\/wp-content\/uploads\/2021\/11\/colacion-grados-fcejs.jpg","articleSection":["Noticias"],"inLanguage":"es-AR"},{"@type":"WebPage","@id":"https:\/\/www.fcejs.unsl.edu.ar\/index.php\/la-universidad-se-prepara-para-la-primera-colacion-de-grados-2023\/","url":"https:\/\/www.fcejs.unsl.edu.ar\/index.php\/la-universidad-se-prepara-para-la-primera-colacion-de-grados-2023\/","name":"La Universidad se prepara para la primera colaci\u00f3n de grados 2023 - Facultad de Ciencias Econ\u00f3micas, Jur\u00ed\u00addicas y Sociales","isPartOf":{"@id":"https:\/\/www.fcejs.unsl.edu.ar\/#website"},"primaryImageOfPage":{"@id":"https:\/\/www.fcejs.unsl.edu.ar\/index.php\/la-universidad-se-prepara-para-la-primera-colacion-de-grados-2023\/#primaryimage"},"image":{"@id":"https:\/\/www.fcejs.unsl.edu.ar\/index.php\/la-universidad-se-prepara-para-la-primera-colacion-de-grados-2023\/#primaryimage"},"thumbnailUrl":"https:\/\/www.fcejs.unsl.edu.ar\/wp-content\/uploads\/2021\/11\/colacion-grados-fcejs.jpg","datePublished":"2023-06-23T16:30:34+00:00","dateModified":"2023-06-29T14:47:44+00:00","breadcrumb":{"@id":"https:\/\/www.fcejs.unsl.edu.ar\/index.php\/la-universidad-se-prepara-para-la-primera-colacion-de-grados-2023\/#breadcrumb"},"inLanguage":"es-AR","potentialAction":[{"@type":"ReadAction","target":["https:\/\/www.fcejs.unsl.edu.ar\/index.php\/la-universidad-se-prepara-para-la-primera-colacion-de-grados-2023\/"]}]},{"@type":"ImageObject","inLanguage":"es-AR","@id":"https:\/\/www.fcejs.unsl.edu.ar\/index.php\/la-universidad-se-prepara-para-la-primera-colacion-de-grados-2023\/#primaryimage","url":"https:\/\/www.fcejs.unsl.edu.ar\/wp-content\/uploads\/2021\/11\/colacion-grados-fcejs.jpg","contentUrl":"https:\/\/www.fcejs.unsl.edu.ar\/wp-content\/uploads\/2021\/11\/colacion-grados-fcejs.jpg","width":1152,"height":647},{"@type":"BreadcrumbList","@id":"https:\/\/www.fcejs.unsl.edu.ar\/index.php\/la-universidad-se-prepara-para-la-primera-colacion-de-grados-2023\/#breadcrumb","itemListElement":[{"@type":"ListItem","position":1,"name":"Inicio","item":"https:\/\/www.fcejs.unsl.edu.ar\/"},{"@type":"ListItem","position":2,"name":"La Universidad se prepara para la primera colaci\u00f3n de grados 2023"}]},{"@type":"WebSite","@id":"https:\/\/www.fcejs.unsl.edu.ar\/#website","url":"https:\/\/www.fcejs.unsl.edu.ar\/","name":"Facultad de Ciencias Econ\u00f3micas, Jur\u00ed\u00addicas y Sociales","description":"","publisher":{"@id":"https:\/\/www.fcejs.unsl.edu.ar\/#organization"},"potentialAction":[{"@type":"SearchAction","target":{"@type":"EntryPoint","urlTemplate":"https:\/\/www.fcejs.unsl.edu.ar\/?s={search_term_string}"},"query-input":{"@type":"PropertyValueSpecification","valueRequired":true,"valueName":"search_term_string"}}],"inLanguage":"es-AR"},{"@type":"Organization","@id":"https:\/\/www.fcejs.unsl.edu.ar\/#organization","name":"Facultad de Ciencias Econ\u00f3micas, Jur\u00eddicas y Sociales","url":"https:\/\/www.fcejs.unsl.edu.ar\/","logo":{"@type":"ImageObject","inLanguage":"es-AR","@id":"https:\/\/www.fcejs.unsl.edu.ar\/#\/schema\/logo\/image\/","url":"https:\/\/www.fcejs.unsl.edu.ar\/wp-content\/uploads\/2021\/03\/logo-1.jpg","contentUrl":"https:\/\/www.fcejs.unsl.edu.ar\/wp-content\/uploads\/2021\/03\/logo-1.jpg","width":471,"height":146,"caption":"Facultad de Ciencias Econ\u00f3micas, Jur\u00eddicas y Sociales"},"image":{"@id":"https:\/\/www.fcejs.unsl.edu.ar\/#\/schema\/logo\/image\/"},"sameAs":["https:\/\/www.facebook.com\/FCEJS.UNSL\/","https:\/\/x.com\/FCEJSUNSL","https:\/\/www.instagram.com\/fcejs.unsl\/","https:\/\/www.youtube.com\/channel\/UCH-Ut6EaN_X5ogjIQMPe46g\/"]},{"@type":"Person","@id":"https:\/\/www.fcejs.unsl.edu.ar\/#\/schema\/person\/352ee6ed90c3f394c7cb5945f8956d34","name":"DATI"}]}},"jetpack_featured_media_url":"https:\/\/www.fcejs.unsl.edu.ar\/wp-content\/uploads\/2021\/11\/colacion-grados-fcejs.jpg","_links":{"self":[{"href":"https:\/\/www.fcejs.unsl.edu.ar\/index.php\/wp-json\/wp\/v2\/posts\/11941","targetHints":{"allow":["GET"]}}],"collection":[{"href":"https:\/\/www.fcejs.unsl.edu.ar\/index.php\/wp-json\/wp\/v2\/posts"}],"about":[{"href":"https:\/\/www.fcejs.unsl.edu.ar\/index.php\/wp-json\/wp\/v2\/types\/post"}],"author":[{"embeddable":true,"href":"https:\/\/www.fcejs.unsl.edu.ar\/index.php\/wp-json\/wp\/v2\/users\/9"}],"replies":[{"embeddable":true,"href":"https:\/\/www.fcejs.unsl.edu.ar\/index.php\/wp-json\/wp\/v2\/comments?post=11941"}],"version-history":[{"count":5,"href":"https:\/\/www.fcejs.unsl.edu.ar\/index.php\/wp-json\/wp\/v2\/posts\/11941\/revisions"}],"predecessor-version":[{"id":12442,"href":"https:\/\/www.fcejs.unsl.edu.ar\/index.php\/wp-json\/wp\/v2\/posts\/11941\/revisions\/12442"}],"wp:featuredmedia":[{"embeddable":true,"href":"https:\/\/www.fcejs.unsl.edu.ar\/index.php\/wp-json\/wp\/v2\/media\/6348"}],"wp:attachment":[{"href":"https:\/\/www.fcejs.unsl.edu.ar\/index.php\/wp-json\/wp\/v2\/media?parent=11941"}],"wp:term":[{"taxonomy":"category","embeddable":true,"href":"https:\/\/www.fcejs.unsl.edu.ar\/index.php\/wp-json\/wp\/v2\/categories?post=11941"},{"taxonomy":"post_tag","embeddable":true,"href":"https:\/\/www.fcejs.unsl.edu.ar\/index.php\/wp-json\/wp\/v2\/tags?post=11941"}],"curies":[{"name":"wp","href":"https:\/\/api.w.org\/{rel}","templated":true}]}}