{"id":10666,"date":"2023-02-02T13:19:34","date_gmt":"2023-02-02T16:19:34","guid":{"rendered":"http:\/\/10.101.10.197\/www\/?p=10666"},"modified":"2023-02-14T09:19:13","modified_gmt":"2023-02-14T12:19:13","slug":"hector-flores-coordinara-proyectos-especiales-y-de-cooperacion-vinculados-a-materia-espacial","status":"publish","type":"post","link":"https:\/\/www.fcejs.unsl.edu.ar\/index.php\/hector-flores-coordinara-proyectos-especiales-y-de-cooperacion-vinculados-a-materia-espacial\/","title":{"rendered":"El Vicerrector H\u00e9ctor Flores coordinar\u00e1 Proyectos especiales y de cooperaci\u00f3n vinculados a materia espacial"},"content":{"rendered":"<p><strong>La Comisi\u00f3n Directiva de la Asociaci\u00f3n Interamericana en Materia Espacial (AIAME), design\u00f3 al vicerrector de la Universidad Nacional de San Luis, Mgtr. H\u00e9ctor Flores, como coordinador de Proyectos Especiales y Cooperaci\u00f3n T\u00e9cnica.<\/strong>\u00a0<strong>La UNSL es la \u00fanica Instituci\u00f3n del pa\u00eds que participa en la coordinaci\u00f3n de una de las \u00e1reas.<\/strong><\/p>\n<p>La Asociaci\u00f3n, con sede central en Montevideo, Uruguay, se constituy\u00f3 en septiembre de 2022 con representaci\u00f3n de Argentina, Paraguay y Uruguay: Comisi\u00f3n Nacional de Actividades Espaciales de Argentina (CONAE); Instituto Nacional del Agua de Argentina (INA); Universidad Nacional de San Luis (UNSL); Universidad Nacional de Asunci\u00f3n de Paraguay (UNA); Fundaci\u00f3n RICALDONI de la Facultad de Ingenier\u00eda de la UDeLAR de Uruguay; y Centro Interamericano de Capacitaci\u00f3n de Uruguay (CICAP).<\/p>\n<p>De esta manera, a trav\u00e9s del trabajo en conjunto, se busca el fortalecimiento de lazos regionales con el fin de promover la investigaci\u00f3n, y el desarrollo\u202ft\u00e9cnico\u202fy tecnol\u00f3gico\u202fen materia espacial. Especialmente de sus aplicaciones en los diferentes sectores productivo, social y ambiental, para generar y\/o utilizar productos que tiendan a mejorar la toma de decisiones en los diferentes sectores de la sociedad, y colaborar en la identificaci\u00f3n de problem\u00e1ticas para llevar adelante nuevos proyectos de desarrollo de aplicativos que beneficien a las comunidades.<\/p>\n<p>Sobre la designaci\u00f3n, el vicerrector de la UNSL expres\u00f3 que es un verdadero orgullo ser parte de la Asociaci\u00f3n Interamericana. A partir de la presencia en la coordinaci\u00f3n, se trabajar\u00e1 en crear alternativas para el uso de informaci\u00f3n e im\u00e1genes satelitales en el proceso de toma de decisiones y mejoramiento de pol\u00edticas.\u00a0<em>\u00abLos que formamos parte de esta Asociaci\u00f3n estamos tras el mismo objetivo: mejorar el proceso de toma de decisiones tanto en el sector p\u00fablico como privado, a partir de informaci\u00f3n satelital (\u2026) es una apuesta fuerte de la UNSL en sumarse a esta Asociaci\u00f3n, y desde el \u00e1rea de Proyectos Especiales y Cooperaci\u00f3n trabajaremos en incluir m\u00e1s instituciones para hacer crecer a la Asociaci\u00f3n\u00bb<\/em>, expres\u00f3.<\/p>\n<p>Fuente: Vicerrectorado<br \/>\nImagen:<strong>\u00a0<\/strong>extra\u00edda de la web<\/p>\n","protected":false},"excerpt":{"rendered":"<p>La Comisi\u00f3n Directiva de la Asociaci\u00f3n Interamericana en Materia Espacial (AIAME), design\u00f3 al vicerrector de la Universidad Nacional de San Luis, Mgtr. H\u00e9ctor Flores, como&hellip;<\/p>\n","protected":false},"author":9,"featured_media":10667,"comment_status":"closed","ping_status":"closed","sticky":false,"template":"","format":"standard","meta":{"om_disable_all_campaigns":false,"_monsterinsights_skip_tracking":false,"_monsterinsights_sitenote_active":false,"_monsterinsights_sitenote_note":"","_monsterinsights_sitenote_category":0,"footnotes":""},"categories":[1],"tags":[],"class_list":["post-10666","post","type-post","status-publish","format-standard","has-post-thumbnail","hentry","category-noticias"],"yoast_head":"<!-- This site is optimized with the Yoast SEO plugin v27.5 - https:\/\/yoast.com\/product\/yoast-seo-wordpress\/ -->\n<title>El Vicerrector H\u00e9ctor Flores coordinar\u00e1 Proyectos especiales y de cooperaci\u00f3n vinculados a materia espacial - Facultad de Ciencias Econ\u00f3micas, Jur\u00ed\u00addicas y Sociales<\/title>\n<meta name=\"robots\" content=\"index, follow, max-snippet:-1, max-image-preview:large, max-video-preview:-1\" \/>\n<link rel=\"canonical\" href=\"https:\/\/www.fcejs.unsl.edu.ar\/index.php\/hector-flores-coordinara-proyectos-especiales-y-de-cooperacion-vinculados-a-materia-espacial\/\" \/>\n<meta property=\"og:locale\" content=\"es_ES\" \/>\n<meta property=\"og:type\" content=\"article\" \/>\n<meta property=\"og:title\" content=\"El Vicerrector H\u00e9ctor Flores coordinar\u00e1 Proyectos especiales y de cooperaci\u00f3n vinculados a materia espacial - Facultad de Ciencias Econ\u00f3micas, Jur\u00ed\u00addicas y Sociales\" \/>\n<meta property=\"og:description\" content=\"La Comisi\u00f3n Directiva de la Asociaci\u00f3n Interamericana en Materia Espacial (AIAME), design\u00f3 al vicerrector de la Universidad Nacional de San Luis, Mgtr. H\u00e9ctor Flores, como&hellip;\" \/>\n<meta property=\"og:url\" content=\"https:\/\/www.fcejs.unsl.edu.ar\/index.php\/hector-flores-coordinara-proyectos-especiales-y-de-cooperacion-vinculados-a-materia-espacial\/\" \/>\n<meta property=\"og:site_name\" content=\"Facultad de Ciencias Econ\u00f3micas, Jur\u00ed\u00addicas y Sociales\" \/>\n<meta property=\"article:publisher\" content=\"https:\/\/www.facebook.com\/FCEJS.UNSL\/\" \/>\n<meta property=\"article:published_time\" content=\"2023-02-02T16:19:34+00:00\" \/>\n<meta property=\"article:modified_time\" content=\"2023-02-14T12:19:13+00:00\" \/>\n<meta property=\"og:image\" content=\"https:\/\/www.fcejs.unsl.edu.ar\/wp-content\/uploads\/2023\/02\/WhatsApp-Image-2023-02-01-at-17.47.37.jpeg\" \/>\n\t<meta property=\"og:image:width\" content=\"1000\" \/>\n\t<meta property=\"og:image:height\" content=\"562\" \/>\n\t<meta property=\"og:image:type\" content=\"image\/jpeg\" \/>\n<meta name=\"author\" content=\"DATI\" \/>\n<meta name=\"twitter:card\" content=\"summary_large_image\" \/>\n<meta name=\"twitter:creator\" content=\"@FCEJSUNSL\" \/>\n<meta name=\"twitter:site\" content=\"@FCEJSUNSL\" \/>\n<meta name=\"twitter:label1\" content=\"Escrito por\" \/>\n\t<meta name=\"twitter:data1\" content=\"DATI\" \/>\n\t<meta name=\"twitter:label2\" content=\"Tiempo de lectura\" \/>\n\t<meta name=\"twitter:data2\" content=\"2 minutos\" \/>\n<script type=\"application\/ld+json\" class=\"yoast-schema-graph\">{\"@context\":\"https:\\\/\\\/schema.org\",\"@graph\":[{\"@type\":\"Article\",\"@id\":\"https:\\\/\\\/www.fcejs.unsl.edu.ar\\\/index.php\\\/hector-flores-coordinara-proyectos-especiales-y-de-cooperacion-vinculados-a-materia-espacial\\\/#article\",\"isPartOf\":{\"@id\":\"https:\\\/\\\/www.fcejs.unsl.edu.ar\\\/index.php\\\/hector-flores-coordinara-proyectos-especiales-y-de-cooperacion-vinculados-a-materia-espacial\\\/\"},\"author\":{\"name\":\"DATI\",\"@id\":\"https:\\\/\\\/www.fcejs.unsl.edu.ar\\\/#\\\/schema\\\/person\\\/352ee6ed90c3f394c7cb5945f8956d34\"},\"headline\":\"El Vicerrector H\u00e9ctor Flores coordinar\u00e1 Proyectos especiales y de cooperaci\u00f3n vinculados a materia espacial\",\"datePublished\":\"2023-02-02T16:19:34+00:00\",\"dateModified\":\"2023-02-14T12:19:13+00:00\",\"mainEntityOfPage\":{\"@id\":\"https:\\\/\\\/www.fcejs.unsl.edu.ar\\\/index.php\\\/hector-flores-coordinara-proyectos-especiales-y-de-cooperacion-vinculados-a-materia-espacial\\\/\"},\"wordCount\":378,\"publisher\":{\"@id\":\"https:\\\/\\\/www.fcejs.unsl.edu.ar\\\/#organization\"},\"image\":{\"@id\":\"https:\\\/\\\/www.fcejs.unsl.edu.ar\\\/index.php\\\/hector-flores-coordinara-proyectos-especiales-y-de-cooperacion-vinculados-a-materia-espacial\\\/#primaryimage\"},\"thumbnailUrl\":\"https:\\\/\\\/www.fcejs.unsl.edu.ar\\\/wp-content\\\/uploads\\\/2023\\\/02\\\/WhatsApp-Image-2023-02-01-at-17.47.37.jpeg\",\"articleSection\":[\"Noticias\"],\"inLanguage\":\"es-AR\"},{\"@type\":\"WebPage\",\"@id\":\"https:\\\/\\\/www.fcejs.unsl.edu.ar\\\/index.php\\\/hector-flores-coordinara-proyectos-especiales-y-de-cooperacion-vinculados-a-materia-espacial\\\/\",\"url\":\"https:\\\/\\\/www.fcejs.unsl.edu.ar\\\/index.php\\\/hector-flores-coordinara-proyectos-especiales-y-de-cooperacion-vinculados-a-materia-espacial\\\/\",\"name\":\"El Vicerrector H\u00e9ctor Flores coordinar\u00e1 Proyectos especiales y de cooperaci\u00f3n vinculados a materia espacial - Facultad de Ciencias Econ\u00f3micas, Jur\u00ed\u00addicas y Sociales\",\"isPartOf\":{\"@id\":\"https:\\\/\\\/www.fcejs.unsl.edu.ar\\\/#website\"},\"primaryImageOfPage\":{\"@id\":\"https:\\\/\\\/www.fcejs.unsl.edu.ar\\\/index.php\\\/hector-flores-coordinara-proyectos-especiales-y-de-cooperacion-vinculados-a-materia-espacial\\\/#primaryimage\"},\"image\":{\"@id\":\"https:\\\/\\\/www.fcejs.unsl.edu.ar\\\/index.php\\\/hector-flores-coordinara-proyectos-especiales-y-de-cooperacion-vinculados-a-materia-espacial\\\/#primaryimage\"},\"thumbnailUrl\":\"https:\\\/\\\/www.fcejs.unsl.edu.ar\\\/wp-content\\\/uploads\\\/2023\\\/02\\\/WhatsApp-Image-2023-02-01-at-17.47.37.jpeg\",\"datePublished\":\"2023-02-02T16:19:34+00:00\",\"dateModified\":\"2023-02-14T12:19:13+00:00\",\"breadcrumb\":{\"@id\":\"https:\\\/\\\/www.fcejs.unsl.edu.ar\\\/index.php\\\/hector-flores-coordinara-proyectos-especiales-y-de-cooperacion-vinculados-a-materia-espacial\\\/#breadcrumb\"},\"inLanguage\":\"es-AR\",\"potentialAction\":[{\"@type\":\"ReadAction\",\"target\":[\"https:\\\/\\\/www.fcejs.unsl.edu.ar\\\/index.php\\\/hector-flores-coordinara-proyectos-especiales-y-de-cooperacion-vinculados-a-materia-espacial\\\/\"]}]},{\"@type\":\"ImageObject\",\"inLanguage\":\"es-AR\",\"@id\":\"https:\\\/\\\/www.fcejs.unsl.edu.ar\\\/index.php\\\/hector-flores-coordinara-proyectos-especiales-y-de-cooperacion-vinculados-a-materia-espacial\\\/#primaryimage\",\"url\":\"https:\\\/\\\/www.fcejs.unsl.edu.ar\\\/wp-content\\\/uploads\\\/2023\\\/02\\\/WhatsApp-Image-2023-02-01-at-17.47.37.jpeg\",\"contentUrl\":\"https:\\\/\\\/www.fcejs.unsl.edu.ar\\\/wp-content\\\/uploads\\\/2023\\\/02\\\/WhatsApp-Image-2023-02-01-at-17.47.37.jpeg\",\"width\":1000,\"height\":562},{\"@type\":\"BreadcrumbList\",\"@id\":\"https:\\\/\\\/www.fcejs.unsl.edu.ar\\\/index.php\\\/hector-flores-coordinara-proyectos-especiales-y-de-cooperacion-vinculados-a-materia-espacial\\\/#breadcrumb\",\"itemListElement\":[{\"@type\":\"ListItem\",\"position\":1,\"name\":\"Inicio\",\"item\":\"https:\\\/\\\/www.fcejs.unsl.edu.ar\\\/\"},{\"@type\":\"ListItem\",\"position\":2,\"name\":\"El Vicerrector H\u00e9ctor Flores coordinar\u00e1 Proyectos especiales y de cooperaci\u00f3n vinculados a materia espacial\"}]},{\"@type\":\"WebSite\",\"@id\":\"https:\\\/\\\/www.fcejs.unsl.edu.ar\\\/#website\",\"url\":\"https:\\\/\\\/www.fcejs.unsl.edu.ar\\\/\",\"name\":\"Facultad de Ciencias Econ\u00f3micas, Jur\u00ed\u00addicas y Sociales\",\"description\":\"\",\"publisher\":{\"@id\":\"https:\\\/\\\/www.fcejs.unsl.edu.ar\\\/#organization\"},\"potentialAction\":[{\"@type\":\"SearchAction\",\"target\":{\"@type\":\"EntryPoint\",\"urlTemplate\":\"https:\\\/\\\/www.fcejs.unsl.edu.ar\\\/?s={search_term_string}\"},\"query-input\":{\"@type\":\"PropertyValueSpecification\",\"valueRequired\":true,\"valueName\":\"search_term_string\"}}],\"inLanguage\":\"es-AR\"},{\"@type\":\"Organization\",\"@id\":\"https:\\\/\\\/www.fcejs.unsl.edu.ar\\\/#organization\",\"name\":\"Facultad de Ciencias Econ\u00f3micas, Jur\u00eddicas y Sociales\",\"url\":\"https:\\\/\\\/www.fcejs.unsl.edu.ar\\\/\",\"logo\":{\"@type\":\"ImageObject\",\"inLanguage\":\"es-AR\",\"@id\":\"https:\\\/\\\/www.fcejs.unsl.edu.ar\\\/#\\\/schema\\\/logo\\\/image\\\/\",\"url\":\"https:\\\/\\\/www.fcejs.unsl.edu.ar\\\/wp-content\\\/uploads\\\/2021\\\/03\\\/logo-1.jpg\",\"contentUrl\":\"https:\\\/\\\/www.fcejs.unsl.edu.ar\\\/wp-content\\\/uploads\\\/2021\\\/03\\\/logo-1.jpg\",\"width\":471,\"height\":146,\"caption\":\"Facultad de Ciencias Econ\u00f3micas, Jur\u00eddicas y Sociales\"},\"image\":{\"@id\":\"https:\\\/\\\/www.fcejs.unsl.edu.ar\\\/#\\\/schema\\\/logo\\\/image\\\/\"},\"sameAs\":[\"https:\\\/\\\/www.facebook.com\\\/FCEJS.UNSL\\\/\",\"https:\\\/\\\/x.com\\\/FCEJSUNSL\",\"https:\\\/\\\/www.instagram.com\\\/fcejs.unsl\\\/\",\"https:\\\/\\\/www.youtube.com\\\/channel\\\/UCH-Ut6EaN_X5ogjIQMPe46g\\\/\"]},{\"@type\":\"Person\",\"@id\":\"https:\\\/\\\/www.fcejs.unsl.edu.ar\\\/#\\\/schema\\\/person\\\/352ee6ed90c3f394c7cb5945f8956d34\",\"name\":\"DATI\"}]}<\/script>\n<!-- \/ Yoast SEO plugin. -->","yoast_head_json":{"title":"El Vicerrector H\u00e9ctor Flores coordinar\u00e1 Proyectos especiales y de cooperaci\u00f3n vinculados a materia espacial - Facultad de Ciencias Econ\u00f3micas, Jur\u00ed\u00addicas y Sociales","robots":{"index":"index","follow":"follow","max-snippet":"max-snippet:-1","max-image-preview":"max-image-preview:large","max-video-preview":"max-video-preview:-1"},"canonical":"https:\/\/www.fcejs.unsl.edu.ar\/index.php\/hector-flores-coordinara-proyectos-especiales-y-de-cooperacion-vinculados-a-materia-espacial\/","og_locale":"es_ES","og_type":"article","og_title":"El Vicerrector H\u00e9ctor Flores coordinar\u00e1 Proyectos especiales y de cooperaci\u00f3n vinculados a materia espacial - Facultad de Ciencias Econ\u00f3micas, Jur\u00ed\u00addicas y Sociales","og_description":"La Comisi\u00f3n Directiva de la Asociaci\u00f3n Interamericana en Materia Espacial (AIAME), design\u00f3 al vicerrector de la Universidad Nacional de San Luis, Mgtr. H\u00e9ctor Flores, como&hellip;","og_url":"https:\/\/www.fcejs.unsl.edu.ar\/index.php\/hector-flores-coordinara-proyectos-especiales-y-de-cooperacion-vinculados-a-materia-espacial\/","og_site_name":"Facultad de Ciencias Econ\u00f3micas, Jur\u00ed\u00addicas y Sociales","article_publisher":"https:\/\/www.facebook.com\/FCEJS.UNSL\/","article_published_time":"2023-02-02T16:19:34+00:00","article_modified_time":"2023-02-14T12:19:13+00:00","og_image":[{"width":1000,"height":562,"url":"https:\/\/www.fcejs.unsl.edu.ar\/wp-content\/uploads\/2023\/02\/WhatsApp-Image-2023-02-01-at-17.47.37.jpeg","type":"image\/jpeg"}],"author":"DATI","twitter_card":"summary_large_image","twitter_creator":"@FCEJSUNSL","twitter_site":"@FCEJSUNSL","twitter_misc":{"Escrito por":"DATI","Tiempo de lectura":"2 minutos"},"schema":{"@context":"https:\/\/schema.org","@graph":[{"@type":"Article","@id":"https:\/\/www.fcejs.unsl.edu.ar\/index.php\/hector-flores-coordinara-proyectos-especiales-y-de-cooperacion-vinculados-a-materia-espacial\/#article","isPartOf":{"@id":"https:\/\/www.fcejs.unsl.edu.ar\/index.php\/hector-flores-coordinara-proyectos-especiales-y-de-cooperacion-vinculados-a-materia-espacial\/"},"author":{"name":"DATI","@id":"https:\/\/www.fcejs.unsl.edu.ar\/#\/schema\/person\/352ee6ed90c3f394c7cb5945f8956d34"},"headline":"El Vicerrector H\u00e9ctor Flores coordinar\u00e1 Proyectos especiales y de cooperaci\u00f3n vinculados a materia espacial","datePublished":"2023-02-02T16:19:34+00:00","dateModified":"2023-02-14T12:19:13+00:00","mainEntityOfPage":{"@id":"https:\/\/www.fcejs.unsl.edu.ar\/index.php\/hector-flores-coordinara-proyectos-especiales-y-de-cooperacion-vinculados-a-materia-espacial\/"},"wordCount":378,"publisher":{"@id":"https:\/\/www.fcejs.unsl.edu.ar\/#organization"},"image":{"@id":"https:\/\/www.fcejs.unsl.edu.ar\/index.php\/hector-flores-coordinara-proyectos-especiales-y-de-cooperacion-vinculados-a-materia-espacial\/#primaryimage"},"thumbnailUrl":"https:\/\/www.fcejs.unsl.edu.ar\/wp-content\/uploads\/2023\/02\/WhatsApp-Image-2023-02-01-at-17.47.37.jpeg","articleSection":["Noticias"],"inLanguage":"es-AR"},{"@type":"WebPage","@id":"https:\/\/www.fcejs.unsl.edu.ar\/index.php\/hector-flores-coordinara-proyectos-especiales-y-de-cooperacion-vinculados-a-materia-espacial\/","url":"https:\/\/www.fcejs.unsl.edu.ar\/index.php\/hector-flores-coordinara-proyectos-especiales-y-de-cooperacion-vinculados-a-materia-espacial\/","name":"El Vicerrector H\u00e9ctor Flores coordinar\u00e1 Proyectos especiales y de cooperaci\u00f3n vinculados a materia espacial - Facultad de Ciencias Econ\u00f3micas, Jur\u00ed\u00addicas y Sociales","isPartOf":{"@id":"https:\/\/www.fcejs.unsl.edu.ar\/#website"},"primaryImageOfPage":{"@id":"https:\/\/www.fcejs.unsl.edu.ar\/index.php\/hector-flores-coordinara-proyectos-especiales-y-de-cooperacion-vinculados-a-materia-espacial\/#primaryimage"},"image":{"@id":"https:\/\/www.fcejs.unsl.edu.ar\/index.php\/hector-flores-coordinara-proyectos-especiales-y-de-cooperacion-vinculados-a-materia-espacial\/#primaryimage"},"thumbnailUrl":"https:\/\/www.fcejs.unsl.edu.ar\/wp-content\/uploads\/2023\/02\/WhatsApp-Image-2023-02-01-at-17.47.37.jpeg","datePublished":"2023-02-02T16:19:34+00:00","dateModified":"2023-02-14T12:19:13+00:00","breadcrumb":{"@id":"https:\/\/www.fcejs.unsl.edu.ar\/index.php\/hector-flores-coordinara-proyectos-especiales-y-de-cooperacion-vinculados-a-materia-espacial\/#breadcrumb"},"inLanguage":"es-AR","potentialAction":[{"@type":"ReadAction","target":["https:\/\/www.fcejs.unsl.edu.ar\/index.php\/hector-flores-coordinara-proyectos-especiales-y-de-cooperacion-vinculados-a-materia-espacial\/"]}]},{"@type":"ImageObject","inLanguage":"es-AR","@id":"https:\/\/www.fcejs.unsl.edu.ar\/index.php\/hector-flores-coordinara-proyectos-especiales-y-de-cooperacion-vinculados-a-materia-espacial\/#primaryimage","url":"https:\/\/www.fcejs.unsl.edu.ar\/wp-content\/uploads\/2023\/02\/WhatsApp-Image-2023-02-01-at-17.47.37.jpeg","contentUrl":"https:\/\/www.fcejs.unsl.edu.ar\/wp-content\/uploads\/2023\/02\/WhatsApp-Image-2023-02-01-at-17.47.37.jpeg","width":1000,"height":562},{"@type":"BreadcrumbList","@id":"https:\/\/www.fcejs.unsl.edu.ar\/index.php\/hector-flores-coordinara-proyectos-especiales-y-de-cooperacion-vinculados-a-materia-espacial\/#breadcrumb","itemListElement":[{"@type":"ListItem","position":1,"name":"Inicio","item":"https:\/\/www.fcejs.unsl.edu.ar\/"},{"@type":"ListItem","position":2,"name":"El Vicerrector H\u00e9ctor Flores coordinar\u00e1 Proyectos especiales y de cooperaci\u00f3n vinculados a materia espacial"}]},{"@type":"WebSite","@id":"https:\/\/www.fcejs.unsl.edu.ar\/#website","url":"https:\/\/www.fcejs.unsl.edu.ar\/","name":"Facultad de Ciencias Econ\u00f3micas, Jur\u00ed\u00addicas y Sociales","description":"","publisher":{"@id":"https:\/\/www.fcejs.unsl.edu.ar\/#organization"},"potentialAction":[{"@type":"SearchAction","target":{"@type":"EntryPoint","urlTemplate":"https:\/\/www.fcejs.unsl.edu.ar\/?s={search_term_string}"},"query-input":{"@type":"PropertyValueSpecification","valueRequired":true,"valueName":"search_term_string"}}],"inLanguage":"es-AR"},{"@type":"Organization","@id":"https:\/\/www.fcejs.unsl.edu.ar\/#organization","name":"Facultad de Ciencias Econ\u00f3micas, Jur\u00eddicas y Sociales","url":"https:\/\/www.fcejs.unsl.edu.ar\/","logo":{"@type":"ImageObject","inLanguage":"es-AR","@id":"https:\/\/www.fcejs.unsl.edu.ar\/#\/schema\/logo\/image\/","url":"https:\/\/www.fcejs.unsl.edu.ar\/wp-content\/uploads\/2021\/03\/logo-1.jpg","contentUrl":"https:\/\/www.fcejs.unsl.edu.ar\/wp-content\/uploads\/2021\/03\/logo-1.jpg","width":471,"height":146,"caption":"Facultad de Ciencias Econ\u00f3micas, Jur\u00eddicas y Sociales"},"image":{"@id":"https:\/\/www.fcejs.unsl.edu.ar\/#\/schema\/logo\/image\/"},"sameAs":["https:\/\/www.facebook.com\/FCEJS.UNSL\/","https:\/\/x.com\/FCEJSUNSL","https:\/\/www.instagram.com\/fcejs.unsl\/","https:\/\/www.youtube.com\/channel\/UCH-Ut6EaN_X5ogjIQMPe46g\/"]},{"@type":"Person","@id":"https:\/\/www.fcejs.unsl.edu.ar\/#\/schema\/person\/352ee6ed90c3f394c7cb5945f8956d34","name":"DATI"}]}},"jetpack_featured_media_url":"https:\/\/www.fcejs.unsl.edu.ar\/wp-content\/uploads\/2023\/02\/WhatsApp-Image-2023-02-01-at-17.47.37.jpeg","_links":{"self":[{"href":"https:\/\/www.fcejs.unsl.edu.ar\/index.php\/wp-json\/wp\/v2\/posts\/10666","targetHints":{"allow":["GET"]}}],"collection":[{"href":"https:\/\/www.fcejs.unsl.edu.ar\/index.php\/wp-json\/wp\/v2\/posts"}],"about":[{"href":"https:\/\/www.fcejs.unsl.edu.ar\/index.php\/wp-json\/wp\/v2\/types\/post"}],"author":[{"embeddable":true,"href":"https:\/\/www.fcejs.unsl.edu.ar\/index.php\/wp-json\/wp\/v2\/users\/9"}],"replies":[{"embeddable":true,"href":"https:\/\/www.fcejs.unsl.edu.ar\/index.php\/wp-json\/wp\/v2\/comments?post=10666"}],"version-history":[{"count":2,"href":"https:\/\/www.fcejs.unsl.edu.ar\/index.php\/wp-json\/wp\/v2\/posts\/10666\/revisions"}],"predecessor-version":[{"id":10669,"href":"https:\/\/www.fcejs.unsl.edu.ar\/index.php\/wp-json\/wp\/v2\/posts\/10666\/revisions\/10669"}],"wp:featuredmedia":[{"embeddable":true,"href":"https:\/\/www.fcejs.unsl.edu.ar\/index.php\/wp-json\/wp\/v2\/media\/10667"}],"wp:attachment":[{"href":"https:\/\/www.fcejs.unsl.edu.ar\/index.php\/wp-json\/wp\/v2\/media?parent=10666"}],"wp:term":[{"taxonomy":"category","embeddable":true,"href":"https:\/\/www.fcejs.unsl.edu.ar\/index.php\/wp-json\/wp\/v2\/categories?post=10666"},{"taxonomy":"post_tag","embeddable":true,"href":"https:\/\/www.fcejs.unsl.edu.ar\/index.php\/wp-json\/wp\/v2\/tags?post=10666"}],"curies":[{"name":"wp","href":"https:\/\/api.w.org\/{rel}","templated":true}]}}