{"id":10645,"date":"2022-12-26T13:38:09","date_gmt":"2022-12-26T16:38:09","guid":{"rendered":"http:\/\/10.101.10.197\/www\/?p=10645"},"modified":"2023-02-03T10:05:03","modified_gmt":"2023-02-03T13:05:03","slug":"esp-amelia-marchisone-de-la-unsl-a-la-republica-de-sudafrica","status":"publish","type":"post","link":"https:\/\/www.fcejs.unsl.edu.ar\/index.php\/esp-amelia-marchisone-de-la-unsl-a-la-republica-de-sudafrica\/","title":{"rendered":"Esp. Amelia Marchisone: de la UNSL a la Rep\u00fablica de Sud\u00e1frica"},"content":{"rendered":"<p style=\"text-align: justify;\">D\u00edas atr\u00e1s, entre el 11 y el 15 de diciembre, en la Facultad de Derecho de la Universidad de Stellensbosch (Rep\u00fablica de Sud\u00e1frica), la <strong>docente de la FCEJS, Esp. Amelia Marchisone<\/strong> particip\u00f3 -como investigadora y profesora de la UNSL- de la <strong>\u201c11th Worldwide Conference organizada por Global Alliance for Justice Education (GAJE)\u201d.<\/strong><\/p>\n<p style=\"text-align: justify;\">La conferencia se lleva a cabo cada dos a\u00f1os en distintas partes del mundo y busc\u00f3 promover el acceso a derechos y a la justicia a trav\u00e9s de la educaci\u00f3n y, en particular, de la ense\u00f1anza cl\u00ednica del derecho.<\/p>\n<p style=\"text-align: justify;\">En esta oportunidad, la Esp. Marchisone<strong> present\u00f3 su trabajo<\/strong> \u201cAccess to rights and justice for people with endometriosis and the challenges in the setting up of a legal clinic at university\u201d (\u201c<strong>Acceso a la justicia de las personas con endometriosis y los desaf\u00edos de la implementaci\u00f3n de una cl\u00ednica jur\u00eddica en la universidad<\/strong>\u201d).<\/p>\n<p style=\"text-align: justify;\"><img fetchpriority=\"high\" decoding=\"async\" class=\"aligncenter size-large wp-image-10646\" src=\"https:\/\/www.fcejs.unsl.edu.ar\/wp-content\/uploads\/2022\/12\/amelia-02-1024x575.jpg\" alt=\"\" width=\"843\" height=\"473\" srcset=\"https:\/\/www.fcejs.unsl.edu.ar\/wp-content\/uploads\/2022\/12\/amelia-02-1024x575.jpg 1024w, https:\/\/www.fcejs.unsl.edu.ar\/wp-content\/uploads\/2022\/12\/amelia-02-300x168.jpg 300w, https:\/\/www.fcejs.unsl.edu.ar\/wp-content\/uploads\/2022\/12\/amelia-02-768x431.jpg 768w, https:\/\/www.fcejs.unsl.edu.ar\/wp-content\/uploads\/2022\/12\/amelia-02.jpg 1152w\" sizes=\"(max-width: 843px) 100vw, 843px\" \/><br \/>\nAsimismo, y como parte de las actividades de la Conferencia, la Esp. Marchisone particip\u00f3 de los talleres de formaci\u00f3n cl\u00ednica y de una serie de visitas a diferentes organizaciones de derechos humanos sudafricanas que buscan en la promoci\u00f3n de derechos de personas en situaci\u00f3n de vulnerabilidad a trav\u00e9s del trabajo conjunto con las escuelas de derecho.<\/p>\n<p style=\"text-align: justify;\">Este a\u00f1o, la Conferencia fue coorganizado por International Journal of Clinical Legal Education (IJCLE) y la South African University Law Clinics Association, y participaron organizaciones y universidades de m\u00e1s de treinta pa\u00edses, siendo la Universidad Nacional de San Luis la \u00fanica representaci\u00f3n argentina presente.<\/p>\n<p style=\"text-align: justify;\">La presentaci\u00f3n de la Esp. Marchisone en la Conferencia dio cuenta de los principales lineamientos y resultados obtenidos en el marco del \u201cPrograma de Investigaci\u00f3n Institucional UNSL Abordaje integral de la endometriosis desde la educaci\u00f3n, el derecho y la biomedicina\u201d, dirigido por la Dra. Marilina Casais. En dicho programa, trabajaron interdisciplinariamente proyectos de investigaci\u00f3n de las Facultades de Ciencias Qu\u00edmicas, Bioqu\u00edmica y Farmacia, de Ciencias Humanas y de Ciencias Econ\u00f3micas, Jur\u00eddicas y Sociales.<\/p>\n<p style=\"text-align: justify;\">En el caso de la FCEJS, el Proyecto de Investigaci\u00f3n Consolidado \u201cLa formaci\u00f3n pr\u00e1ctica en las carreras jur\u00eddicas de la Universidad Nacional de San Luis\u201d -dirigido por la Mter. M\u00f3nica Bussetti- integr\u00f3 el Programa y trabaj\u00f3 fundamentalmente en torno a dos objetivos principales: a) analizar de qu\u00e9 maneras las personas con endometriosis ven afectado el goce integral de su derecho a la salud y a otros derechos fundamentales, y b) dise\u00f1ar estrategias de ense\u00f1anza cl\u00ednica en la formaci\u00f3n profesional de abogados y abogadas para capacitar en el abordaje de problemas jur\u00eddicos referidos al acceso al derecho a la salud. As\u00ed, desde el proyecto y con la participaci\u00f3n de los profesores Mar\u00eda Amelia Marchisone y Diego Castillo, se organizaron un curso de posgrado y una materia electiva de grado para estudiantes avanzados de la carrera de Abogac\u00eda, y que contaron con la colaboraci\u00f3n de distinguidos profesionales especializados en la materia, tanto en el campo de la salud como en el del derecho.<\/p>\n","protected":false},"excerpt":{"rendered":"<p>D\u00edas atr\u00e1s, entre el 11 y el 15 de diciembre, en la Facultad de Derecho de la Universidad de Stellensbosch (Rep\u00fablica de Sud\u00e1frica), la docente&hellip;<\/p>\n","protected":false},"author":9,"featured_media":10647,"comment_status":"closed","ping_status":"closed","sticky":false,"template":"","format":"standard","meta":{"om_disable_all_campaigns":false,"_monsterinsights_skip_tracking":false,"_monsterinsights_sitenote_active":false,"_monsterinsights_sitenote_note":"","_monsterinsights_sitenote_category":0,"footnotes":""},"categories":[1],"tags":[],"class_list":["post-10645","post","type-post","status-publish","format-standard","has-post-thumbnail","hentry","category-noticias"],"yoast_head":"<!-- This site is optimized with the Yoast SEO plugin v27.5 - https:\/\/yoast.com\/product\/yoast-seo-wordpress\/ -->\n<title>Esp. Amelia Marchisone: de la UNSL a la Rep\u00fablica de Sud\u00e1frica - Facultad de Ciencias Econ\u00f3micas, Jur\u00ed\u00addicas y Sociales<\/title>\n<meta name=\"robots\" content=\"index, follow, max-snippet:-1, max-image-preview:large, max-video-preview:-1\" \/>\n<link rel=\"canonical\" href=\"https:\/\/www.fcejs.unsl.edu.ar\/index.php\/esp-amelia-marchisone-de-la-unsl-a-la-republica-de-sudafrica\/\" \/>\n<meta property=\"og:locale\" content=\"es_ES\" \/>\n<meta property=\"og:type\" content=\"article\" \/>\n<meta property=\"og:title\" content=\"Esp. Amelia Marchisone: de la UNSL a la Rep\u00fablica de Sud\u00e1frica - Facultad de Ciencias Econ\u00f3micas, Jur\u00ed\u00addicas y Sociales\" \/>\n<meta property=\"og:description\" content=\"D\u00edas atr\u00e1s, entre el 11 y el 15 de diciembre, en la Facultad de Derecho de la Universidad de Stellensbosch (Rep\u00fablica de Sud\u00e1frica), la docente&hellip;\" \/>\n<meta property=\"og:url\" content=\"https:\/\/www.fcejs.unsl.edu.ar\/index.php\/esp-amelia-marchisone-de-la-unsl-a-la-republica-de-sudafrica\/\" \/>\n<meta property=\"og:site_name\" content=\"Facultad de Ciencias Econ\u00f3micas, Jur\u00ed\u00addicas y Sociales\" \/>\n<meta property=\"article:publisher\" content=\"https:\/\/www.facebook.com\/FCEJS.UNSL\/\" \/>\n<meta property=\"article:published_time\" content=\"2022-12-26T16:38:09+00:00\" \/>\n<meta property=\"article:modified_time\" content=\"2023-02-03T13:05:03+00:00\" \/>\n<meta property=\"og:image\" content=\"https:\/\/www.fcejs.unsl.edu.ar\/wp-content\/uploads\/2022\/12\/amelia-front.jpg\" \/>\n\t<meta property=\"og:image:width\" content=\"1152\" \/>\n\t<meta property=\"og:image:height\" content=\"647\" \/>\n\t<meta property=\"og:image:type\" content=\"image\/jpeg\" \/>\n<meta name=\"author\" content=\"DATI\" \/>\n<meta name=\"twitter:card\" content=\"summary_large_image\" \/>\n<meta name=\"twitter:creator\" content=\"@FCEJSUNSL\" \/>\n<meta name=\"twitter:site\" content=\"@FCEJSUNSL\" \/>\n<meta name=\"twitter:label1\" content=\"Escrito por\" \/>\n\t<meta name=\"twitter:data1\" content=\"DATI\" \/>\n\t<meta name=\"twitter:label2\" content=\"Tiempo de lectura\" \/>\n\t<meta name=\"twitter:data2\" content=\"3 minutos\" \/>\n<script type=\"application\/ld+json\" class=\"yoast-schema-graph\">{\"@context\":\"https:\\\/\\\/schema.org\",\"@graph\":[{\"@type\":\"Article\",\"@id\":\"https:\\\/\\\/www.fcejs.unsl.edu.ar\\\/index.php\\\/esp-amelia-marchisone-de-la-unsl-a-la-republica-de-sudafrica\\\/#article\",\"isPartOf\":{\"@id\":\"https:\\\/\\\/www.fcejs.unsl.edu.ar\\\/index.php\\\/esp-amelia-marchisone-de-la-unsl-a-la-republica-de-sudafrica\\\/\"},\"author\":{\"name\":\"DATI\",\"@id\":\"https:\\\/\\\/www.fcejs.unsl.edu.ar\\\/#\\\/schema\\\/person\\\/352ee6ed90c3f394c7cb5945f8956d34\"},\"headline\":\"Esp. Amelia Marchisone: de la UNSL a la Rep\u00fablica de Sud\u00e1frica\",\"datePublished\":\"2022-12-26T16:38:09+00:00\",\"dateModified\":\"2023-02-03T13:05:03+00:00\",\"mainEntityOfPage\":{\"@id\":\"https:\\\/\\\/www.fcejs.unsl.edu.ar\\\/index.php\\\/esp-amelia-marchisone-de-la-unsl-a-la-republica-de-sudafrica\\\/\"},\"wordCount\":533,\"publisher\":{\"@id\":\"https:\\\/\\\/www.fcejs.unsl.edu.ar\\\/#organization\"},\"image\":{\"@id\":\"https:\\\/\\\/www.fcejs.unsl.edu.ar\\\/index.php\\\/esp-amelia-marchisone-de-la-unsl-a-la-republica-de-sudafrica\\\/#primaryimage\"},\"thumbnailUrl\":\"https:\\\/\\\/www.fcejs.unsl.edu.ar\\\/wp-content\\\/uploads\\\/2022\\\/12\\\/amelia-front.jpg\",\"articleSection\":[\"Noticias\"],\"inLanguage\":\"es-AR\"},{\"@type\":\"WebPage\",\"@id\":\"https:\\\/\\\/www.fcejs.unsl.edu.ar\\\/index.php\\\/esp-amelia-marchisone-de-la-unsl-a-la-republica-de-sudafrica\\\/\",\"url\":\"https:\\\/\\\/www.fcejs.unsl.edu.ar\\\/index.php\\\/esp-amelia-marchisone-de-la-unsl-a-la-republica-de-sudafrica\\\/\",\"name\":\"Esp. Amelia Marchisone: de la UNSL a la Rep\u00fablica de Sud\u00e1frica - Facultad de Ciencias Econ\u00f3micas, Jur\u00ed\u00addicas y Sociales\",\"isPartOf\":{\"@id\":\"https:\\\/\\\/www.fcejs.unsl.edu.ar\\\/#website\"},\"primaryImageOfPage\":{\"@id\":\"https:\\\/\\\/www.fcejs.unsl.edu.ar\\\/index.php\\\/esp-amelia-marchisone-de-la-unsl-a-la-republica-de-sudafrica\\\/#primaryimage\"},\"image\":{\"@id\":\"https:\\\/\\\/www.fcejs.unsl.edu.ar\\\/index.php\\\/esp-amelia-marchisone-de-la-unsl-a-la-republica-de-sudafrica\\\/#primaryimage\"},\"thumbnailUrl\":\"https:\\\/\\\/www.fcejs.unsl.edu.ar\\\/wp-content\\\/uploads\\\/2022\\\/12\\\/amelia-front.jpg\",\"datePublished\":\"2022-12-26T16:38:09+00:00\",\"dateModified\":\"2023-02-03T13:05:03+00:00\",\"breadcrumb\":{\"@id\":\"https:\\\/\\\/www.fcejs.unsl.edu.ar\\\/index.php\\\/esp-amelia-marchisone-de-la-unsl-a-la-republica-de-sudafrica\\\/#breadcrumb\"},\"inLanguage\":\"es-AR\",\"potentialAction\":[{\"@type\":\"ReadAction\",\"target\":[\"https:\\\/\\\/www.fcejs.unsl.edu.ar\\\/index.php\\\/esp-amelia-marchisone-de-la-unsl-a-la-republica-de-sudafrica\\\/\"]}]},{\"@type\":\"ImageObject\",\"inLanguage\":\"es-AR\",\"@id\":\"https:\\\/\\\/www.fcejs.unsl.edu.ar\\\/index.php\\\/esp-amelia-marchisone-de-la-unsl-a-la-republica-de-sudafrica\\\/#primaryimage\",\"url\":\"https:\\\/\\\/www.fcejs.unsl.edu.ar\\\/wp-content\\\/uploads\\\/2022\\\/12\\\/amelia-front.jpg\",\"contentUrl\":\"https:\\\/\\\/www.fcejs.unsl.edu.ar\\\/wp-content\\\/uploads\\\/2022\\\/12\\\/amelia-front.jpg\",\"width\":1152,\"height\":647},{\"@type\":\"BreadcrumbList\",\"@id\":\"https:\\\/\\\/www.fcejs.unsl.edu.ar\\\/index.php\\\/esp-amelia-marchisone-de-la-unsl-a-la-republica-de-sudafrica\\\/#breadcrumb\",\"itemListElement\":[{\"@type\":\"ListItem\",\"position\":1,\"name\":\"Inicio\",\"item\":\"https:\\\/\\\/www.fcejs.unsl.edu.ar\\\/\"},{\"@type\":\"ListItem\",\"position\":2,\"name\":\"Esp. Amelia Marchisone: de la UNSL a la Rep\u00fablica de Sud\u00e1frica\"}]},{\"@type\":\"WebSite\",\"@id\":\"https:\\\/\\\/www.fcejs.unsl.edu.ar\\\/#website\",\"url\":\"https:\\\/\\\/www.fcejs.unsl.edu.ar\\\/\",\"name\":\"Facultad de Ciencias Econ\u00f3micas, Jur\u00ed\u00addicas y Sociales\",\"description\":\"\",\"publisher\":{\"@id\":\"https:\\\/\\\/www.fcejs.unsl.edu.ar\\\/#organization\"},\"potentialAction\":[{\"@type\":\"SearchAction\",\"target\":{\"@type\":\"EntryPoint\",\"urlTemplate\":\"https:\\\/\\\/www.fcejs.unsl.edu.ar\\\/?s={search_term_string}\"},\"query-input\":{\"@type\":\"PropertyValueSpecification\",\"valueRequired\":true,\"valueName\":\"search_term_string\"}}],\"inLanguage\":\"es-AR\"},{\"@type\":\"Organization\",\"@id\":\"https:\\\/\\\/www.fcejs.unsl.edu.ar\\\/#organization\",\"name\":\"Facultad de Ciencias Econ\u00f3micas, Jur\u00eddicas y Sociales\",\"url\":\"https:\\\/\\\/www.fcejs.unsl.edu.ar\\\/\",\"logo\":{\"@type\":\"ImageObject\",\"inLanguage\":\"es-AR\",\"@id\":\"https:\\\/\\\/www.fcejs.unsl.edu.ar\\\/#\\\/schema\\\/logo\\\/image\\\/\",\"url\":\"https:\\\/\\\/www.fcejs.unsl.edu.ar\\\/wp-content\\\/uploads\\\/2021\\\/03\\\/logo-1.jpg\",\"contentUrl\":\"https:\\\/\\\/www.fcejs.unsl.edu.ar\\\/wp-content\\\/uploads\\\/2021\\\/03\\\/logo-1.jpg\",\"width\":471,\"height\":146,\"caption\":\"Facultad de Ciencias Econ\u00f3micas, Jur\u00eddicas y Sociales\"},\"image\":{\"@id\":\"https:\\\/\\\/www.fcejs.unsl.edu.ar\\\/#\\\/schema\\\/logo\\\/image\\\/\"},\"sameAs\":[\"https:\\\/\\\/www.facebook.com\\\/FCEJS.UNSL\\\/\",\"https:\\\/\\\/x.com\\\/FCEJSUNSL\",\"https:\\\/\\\/www.instagram.com\\\/fcejs.unsl\\\/\",\"https:\\\/\\\/www.youtube.com\\\/channel\\\/UCH-Ut6EaN_X5ogjIQMPe46g\\\/\"]},{\"@type\":\"Person\",\"@id\":\"https:\\\/\\\/www.fcejs.unsl.edu.ar\\\/#\\\/schema\\\/person\\\/352ee6ed90c3f394c7cb5945f8956d34\",\"name\":\"DATI\"}]}<\/script>\n<!-- \/ Yoast SEO plugin. -->","yoast_head_json":{"title":"Esp. Amelia Marchisone: de la UNSL a la Rep\u00fablica de Sud\u00e1frica - Facultad de Ciencias Econ\u00f3micas, Jur\u00ed\u00addicas y Sociales","robots":{"index":"index","follow":"follow","max-snippet":"max-snippet:-1","max-image-preview":"max-image-preview:large","max-video-preview":"max-video-preview:-1"},"canonical":"https:\/\/www.fcejs.unsl.edu.ar\/index.php\/esp-amelia-marchisone-de-la-unsl-a-la-republica-de-sudafrica\/","og_locale":"es_ES","og_type":"article","og_title":"Esp. Amelia Marchisone: de la UNSL a la Rep\u00fablica de Sud\u00e1frica - Facultad de Ciencias Econ\u00f3micas, Jur\u00ed\u00addicas y Sociales","og_description":"D\u00edas atr\u00e1s, entre el 11 y el 15 de diciembre, en la Facultad de Derecho de la Universidad de Stellensbosch (Rep\u00fablica de Sud\u00e1frica), la docente&hellip;","og_url":"https:\/\/www.fcejs.unsl.edu.ar\/index.php\/esp-amelia-marchisone-de-la-unsl-a-la-republica-de-sudafrica\/","og_site_name":"Facultad de Ciencias Econ\u00f3micas, Jur\u00ed\u00addicas y Sociales","article_publisher":"https:\/\/www.facebook.com\/FCEJS.UNSL\/","article_published_time":"2022-12-26T16:38:09+00:00","article_modified_time":"2023-02-03T13:05:03+00:00","og_image":[{"width":1152,"height":647,"url":"https:\/\/www.fcejs.unsl.edu.ar\/wp-content\/uploads\/2022\/12\/amelia-front.jpg","type":"image\/jpeg"}],"author":"DATI","twitter_card":"summary_large_image","twitter_creator":"@FCEJSUNSL","twitter_site":"@FCEJSUNSL","twitter_misc":{"Escrito por":"DATI","Tiempo de lectura":"3 minutos"},"schema":{"@context":"https:\/\/schema.org","@graph":[{"@type":"Article","@id":"https:\/\/www.fcejs.unsl.edu.ar\/index.php\/esp-amelia-marchisone-de-la-unsl-a-la-republica-de-sudafrica\/#article","isPartOf":{"@id":"https:\/\/www.fcejs.unsl.edu.ar\/index.php\/esp-amelia-marchisone-de-la-unsl-a-la-republica-de-sudafrica\/"},"author":{"name":"DATI","@id":"https:\/\/www.fcejs.unsl.edu.ar\/#\/schema\/person\/352ee6ed90c3f394c7cb5945f8956d34"},"headline":"Esp. Amelia Marchisone: de la UNSL a la Rep\u00fablica de Sud\u00e1frica","datePublished":"2022-12-26T16:38:09+00:00","dateModified":"2023-02-03T13:05:03+00:00","mainEntityOfPage":{"@id":"https:\/\/www.fcejs.unsl.edu.ar\/index.php\/esp-amelia-marchisone-de-la-unsl-a-la-republica-de-sudafrica\/"},"wordCount":533,"publisher":{"@id":"https:\/\/www.fcejs.unsl.edu.ar\/#organization"},"image":{"@id":"https:\/\/www.fcejs.unsl.edu.ar\/index.php\/esp-amelia-marchisone-de-la-unsl-a-la-republica-de-sudafrica\/#primaryimage"},"thumbnailUrl":"https:\/\/www.fcejs.unsl.edu.ar\/wp-content\/uploads\/2022\/12\/amelia-front.jpg","articleSection":["Noticias"],"inLanguage":"es-AR"},{"@type":"WebPage","@id":"https:\/\/www.fcejs.unsl.edu.ar\/index.php\/esp-amelia-marchisone-de-la-unsl-a-la-republica-de-sudafrica\/","url":"https:\/\/www.fcejs.unsl.edu.ar\/index.php\/esp-amelia-marchisone-de-la-unsl-a-la-republica-de-sudafrica\/","name":"Esp. Amelia Marchisone: de la UNSL a la Rep\u00fablica de Sud\u00e1frica - Facultad de Ciencias Econ\u00f3micas, Jur\u00ed\u00addicas y Sociales","isPartOf":{"@id":"https:\/\/www.fcejs.unsl.edu.ar\/#website"},"primaryImageOfPage":{"@id":"https:\/\/www.fcejs.unsl.edu.ar\/index.php\/esp-amelia-marchisone-de-la-unsl-a-la-republica-de-sudafrica\/#primaryimage"},"image":{"@id":"https:\/\/www.fcejs.unsl.edu.ar\/index.php\/esp-amelia-marchisone-de-la-unsl-a-la-republica-de-sudafrica\/#primaryimage"},"thumbnailUrl":"https:\/\/www.fcejs.unsl.edu.ar\/wp-content\/uploads\/2022\/12\/amelia-front.jpg","datePublished":"2022-12-26T16:38:09+00:00","dateModified":"2023-02-03T13:05:03+00:00","breadcrumb":{"@id":"https:\/\/www.fcejs.unsl.edu.ar\/index.php\/esp-amelia-marchisone-de-la-unsl-a-la-republica-de-sudafrica\/#breadcrumb"},"inLanguage":"es-AR","potentialAction":[{"@type":"ReadAction","target":["https:\/\/www.fcejs.unsl.edu.ar\/index.php\/esp-amelia-marchisone-de-la-unsl-a-la-republica-de-sudafrica\/"]}]},{"@type":"ImageObject","inLanguage":"es-AR","@id":"https:\/\/www.fcejs.unsl.edu.ar\/index.php\/esp-amelia-marchisone-de-la-unsl-a-la-republica-de-sudafrica\/#primaryimage","url":"https:\/\/www.fcejs.unsl.edu.ar\/wp-content\/uploads\/2022\/12\/amelia-front.jpg","contentUrl":"https:\/\/www.fcejs.unsl.edu.ar\/wp-content\/uploads\/2022\/12\/amelia-front.jpg","width":1152,"height":647},{"@type":"BreadcrumbList","@id":"https:\/\/www.fcejs.unsl.edu.ar\/index.php\/esp-amelia-marchisone-de-la-unsl-a-la-republica-de-sudafrica\/#breadcrumb","itemListElement":[{"@type":"ListItem","position":1,"name":"Inicio","item":"https:\/\/www.fcejs.unsl.edu.ar\/"},{"@type":"ListItem","position":2,"name":"Esp. Amelia Marchisone: de la UNSL a la Rep\u00fablica de Sud\u00e1frica"}]},{"@type":"WebSite","@id":"https:\/\/www.fcejs.unsl.edu.ar\/#website","url":"https:\/\/www.fcejs.unsl.edu.ar\/","name":"Facultad de Ciencias Econ\u00f3micas, Jur\u00ed\u00addicas y Sociales","description":"","publisher":{"@id":"https:\/\/www.fcejs.unsl.edu.ar\/#organization"},"potentialAction":[{"@type":"SearchAction","target":{"@type":"EntryPoint","urlTemplate":"https:\/\/www.fcejs.unsl.edu.ar\/?s={search_term_string}"},"query-input":{"@type":"PropertyValueSpecification","valueRequired":true,"valueName":"search_term_string"}}],"inLanguage":"es-AR"},{"@type":"Organization","@id":"https:\/\/www.fcejs.unsl.edu.ar\/#organization","name":"Facultad de Ciencias Econ\u00f3micas, Jur\u00eddicas y Sociales","url":"https:\/\/www.fcejs.unsl.edu.ar\/","logo":{"@type":"ImageObject","inLanguage":"es-AR","@id":"https:\/\/www.fcejs.unsl.edu.ar\/#\/schema\/logo\/image\/","url":"https:\/\/www.fcejs.unsl.edu.ar\/wp-content\/uploads\/2021\/03\/logo-1.jpg","contentUrl":"https:\/\/www.fcejs.unsl.edu.ar\/wp-content\/uploads\/2021\/03\/logo-1.jpg","width":471,"height":146,"caption":"Facultad de Ciencias Econ\u00f3micas, Jur\u00eddicas y Sociales"},"image":{"@id":"https:\/\/www.fcejs.unsl.edu.ar\/#\/schema\/logo\/image\/"},"sameAs":["https:\/\/www.facebook.com\/FCEJS.UNSL\/","https:\/\/x.com\/FCEJSUNSL","https:\/\/www.instagram.com\/fcejs.unsl\/","https:\/\/www.youtube.com\/channel\/UCH-Ut6EaN_X5ogjIQMPe46g\/"]},{"@type":"Person","@id":"https:\/\/www.fcejs.unsl.edu.ar\/#\/schema\/person\/352ee6ed90c3f394c7cb5945f8956d34","name":"DATI"}]}},"jetpack_featured_media_url":"https:\/\/www.fcejs.unsl.edu.ar\/wp-content\/uploads\/2022\/12\/amelia-front.jpg","_links":{"self":[{"href":"https:\/\/www.fcejs.unsl.edu.ar\/index.php\/wp-json\/wp\/v2\/posts\/10645","targetHints":{"allow":["GET"]}}],"collection":[{"href":"https:\/\/www.fcejs.unsl.edu.ar\/index.php\/wp-json\/wp\/v2\/posts"}],"about":[{"href":"https:\/\/www.fcejs.unsl.edu.ar\/index.php\/wp-json\/wp\/v2\/types\/post"}],"author":[{"embeddable":true,"href":"https:\/\/www.fcejs.unsl.edu.ar\/index.php\/wp-json\/wp\/v2\/users\/9"}],"replies":[{"embeddable":true,"href":"https:\/\/www.fcejs.unsl.edu.ar\/index.php\/wp-json\/wp\/v2\/comments?post=10645"}],"version-history":[{"count":1,"href":"https:\/\/www.fcejs.unsl.edu.ar\/index.php\/wp-json\/wp\/v2\/posts\/10645\/revisions"}],"predecessor-version":[{"id":10648,"href":"https:\/\/www.fcejs.unsl.edu.ar\/index.php\/wp-json\/wp\/v2\/posts\/10645\/revisions\/10648"}],"wp:featuredmedia":[{"embeddable":true,"href":"https:\/\/www.fcejs.unsl.edu.ar\/index.php\/wp-json\/wp\/v2\/media\/10647"}],"wp:attachment":[{"href":"https:\/\/www.fcejs.unsl.edu.ar\/index.php\/wp-json\/wp\/v2\/media?parent=10645"}],"wp:term":[{"taxonomy":"category","embeddable":true,"href":"https:\/\/www.fcejs.unsl.edu.ar\/index.php\/wp-json\/wp\/v2\/categories?post=10645"},{"taxonomy":"post_tag","embeddable":true,"href":"https:\/\/www.fcejs.unsl.edu.ar\/index.php\/wp-json\/wp\/v2\/tags?post=10645"}],"curies":[{"name":"wp","href":"https:\/\/api.w.org\/{rel}","templated":true}]}}