{"id":10575,"date":"2022-12-20T23:21:14","date_gmt":"2022-12-21T02:21:14","guid":{"rendered":"http:\/\/10.101.10.197\/www\/?p=10575"},"modified":"2022-12-21T12:22:08","modified_gmt":"2022-12-21T15:22:08","slug":"diplomatura-de-extension-universitaria-estrategias-colectivas-para-la-accesibilidad-en-el-espacio-educativo","status":"publish","type":"post","link":"https:\/\/www.fcejs.unsl.edu.ar\/index.php\/diplomatura-de-extension-universitaria-estrategias-colectivas-para-la-accesibilidad-en-el-espacio-educativo\/","title":{"rendered":"Diplomatura de Extensi\u00f3n Universitaria: \u201cEstrategias Colectivas para la Accesibilidad en el Espacio Educativo\u201d"},"content":{"rendered":"<p style=\"font-weight: 400;\">La Secretar\u00eda de Extensi\u00f3n Universitaria (SEU) de la Universidad Nacional de San Luis (UNSL) informa que se abri\u00f3 la preinscripci\u00f3n a la<strong> Diplomatura de Extensi\u00f3n Universitaria \u201cEstrategias Colectivas para la Accesibilidad en el Espacio Educativo<\/strong>\u201d, que est\u00e1 destinada a <strong>docentes y personal de apoyo de todos los niveles educativos, as\u00ed como a estudiantes avanzados o graduados de profesorados.\u00a0<\/strong><\/p>\n<p style=\"text-align: center;\"><strong><a href=\"https:\/\/docs.google.com\/forms\/d\/e\/1FAIpQLScTH4UJNPUQs_jiS_rKz3FmZjjk6Se9Xv4Ln9-WM4xH-eEt3g\/viewform\" target=\"_blank\" rel=\"noopener\">FORMULARIO DE INSCRIPCI\u00d3N\u00a0<\/a><\/strong><\/p>\n<p style=\"font-weight: 400;\">La<b><strong> Diplomatura <\/strong><\/b>busca introducir las nociones centrales de la discapacidad y accesibilidad desde una perspectiva integral que involucre los aspectos psicol\u00f3gicos, sociales, culturales y legales que configuran la tem\u00e1tica, en concordancia con el inter\u00e9s y la responsabilidad de este Programa en relaci\u00f3n al desarrollo de dispositivos de articulaci\u00f3n intra e interinstitucionales, procurando el intercambio de experiencias y recursos en pos de fortalecer las pol\u00edticas institucionales vinculadas a la discapacidad y la inclusi\u00f3n educativa.<\/p>\n<p style=\"font-weight: 400;\">Esta propuesta,<b><strong>\u00a0<\/strong><\/b>dise\u00f1ada por el<b><strong>\u00a0<a href=\"http:\/\/universidadydiscapacidad.unsl.edu.ar\/\">Programa Universidad y Discapacidad<\/a><\/strong><\/b>, que cuenta con la coordinaci\u00f3n de la<b><strong>\u00a0<\/strong><\/b>Esp. Mariela Zu\u00f1iga, tiene el valor del trabajo colaborativo e interdisciplinario de referentes de las Unidades Acad\u00e9micas. Contar con un espacio de calidad formativa que nuclee los aspectos m\u00e1s relevantes e introductorios a la accesibilidad en el espacio educativo, han sido el motor y motivaci\u00f3n central.<\/p>\n<p style=\"font-weight: 400;\"><b><strong>Coordinadores acad\u00e9micos:<br \/>\n<\/strong><\/b>Lic. Victoria Giuliani<br \/>\nEsp. Mariela Elizabeth Zu\u00f1iga<\/p>\n<p><b><strong>Docentes:<br \/>\n<\/strong><\/b>Esp. Mar\u00eda de los \u00c1ngeles Abraham<br \/>\nMg. Bel\u00e9n Piola<br \/>\nAbg. Valeria Manissero<br \/>\nAbg. Ana Mar\u00eda Nigra<br \/>\nEsp. Elva Gabriela Rosell<br \/>\nLic. Lorena Pelaez<br \/>\nIng. Ariel Savini<br \/>\nLic. Doris Yamile Saile Casta\u00f1eda<br \/>\nLic. Claudia Maroa<br \/>\nEsp. Mariela Elizabeth Zu\u00f1iga<\/p>\n<p style=\"font-weight: 400;\"><b><strong>Dictado:<\/strong><\/b>\u00a0de marzo a junio de 2023<br \/>\n<b><strong>Cr\u00e9dito horario:<\/strong><\/b>\u00a0125 hs reloj en 5 m\u00f3dulos<br \/>\n<b><strong>Modalidad:<\/strong><\/b>\u00a0virtual a trav\u00e9s de\u00a0<a href=\"http:\/\/moodle4vz.unsl.edu.ar\/\">http:\/\/moodle4vz.unsl.edu.ar<\/a><br \/>\n<b><strong>Cupo:<\/strong><\/b>\u00a0m\u00ednimo de 20 y m\u00e1ximo de 50<br \/>\n<b><strong>Confirmaci\u00f3n de inscripci\u00f3n:<\/strong><\/b>\u00a0del 20 al 26 de febrero de 2023<br \/>\n<b><strong>Resoluci\u00f3n de aprobaci\u00f3n:<\/strong><\/b>\u00a0<a href=\"http:\/\/digesto.unsl.edu.ar\/docs\/202212\/20221207115200_23100.pdf\">RR 2037\/2022<\/a><br \/>\n<b><strong>Consultas:\u00a0<\/strong><\/b><a href=\"mailto:unsluniversidadydiscapacidad@gmail.com\">unsluniversidadydiscapacidad@gmail.com<\/a><\/p>\n<p>&nbsp;<\/p>\n","protected":false},"excerpt":{"rendered":"<p>La Secretar\u00eda de Extensi\u00f3n Universitaria (SEU) de la Universidad Nacional de San Luis (UNSL) informa que se abri\u00f3 la preinscripci\u00f3n a la Diplomatura de Extensi\u00f3n&hellip;<\/p>\n","protected":false},"author":9,"featured_media":10576,"comment_status":"closed","ping_status":"closed","sticky":false,"template":"","format":"standard","meta":{"om_disable_all_campaigns":false,"_monsterinsights_skip_tracking":false,"_monsterinsights_sitenote_active":false,"_monsterinsights_sitenote_note":"","_monsterinsights_sitenote_category":0,"footnotes":""},"categories":[1],"tags":[],"class_list":["post-10575","post","type-post","status-publish","format-standard","has-post-thumbnail","hentry","category-noticias"],"yoast_head":"<!-- This site is optimized with the Yoast SEO plugin v27.4 - https:\/\/yoast.com\/product\/yoast-seo-wordpress\/ -->\n<title>Diplomatura de Extensi\u00f3n Universitaria: \u201cEstrategias Colectivas para la Accesibilidad en el Espacio Educativo\u201d - Facultad de Ciencias Econ\u00f3micas, Jur\u00ed\u00addicas y Sociales<\/title>\n<meta name=\"robots\" content=\"index, follow, max-snippet:-1, max-image-preview:large, max-video-preview:-1\" \/>\n<link rel=\"canonical\" href=\"https:\/\/www.fcejs.unsl.edu.ar\/index.php\/diplomatura-de-extension-universitaria-estrategias-colectivas-para-la-accesibilidad-en-el-espacio-educativo\/\" \/>\n<meta property=\"og:locale\" content=\"es_ES\" \/>\n<meta property=\"og:type\" content=\"article\" \/>\n<meta property=\"og:title\" content=\"Diplomatura de Extensi\u00f3n Universitaria: \u201cEstrategias Colectivas para la Accesibilidad en el Espacio Educativo\u201d - Facultad de Ciencias Econ\u00f3micas, Jur\u00ed\u00addicas y Sociales\" \/>\n<meta property=\"og:description\" content=\"La Secretar\u00eda de Extensi\u00f3n Universitaria (SEU) de la Universidad Nacional de San Luis (UNSL) informa que se abri\u00f3 la preinscripci\u00f3n a la Diplomatura de Extensi\u00f3n&hellip;\" \/>\n<meta property=\"og:url\" content=\"https:\/\/www.fcejs.unsl.edu.ar\/index.php\/diplomatura-de-extension-universitaria-estrategias-colectivas-para-la-accesibilidad-en-el-espacio-educativo\/\" \/>\n<meta property=\"og:site_name\" content=\"Facultad de Ciencias Econ\u00f3micas, Jur\u00ed\u00addicas y Sociales\" \/>\n<meta property=\"article:publisher\" content=\"https:\/\/www.facebook.com\/FCEJS.UNSL\/\" \/>\n<meta property=\"article:published_time\" content=\"2022-12-21T02:21:14+00:00\" \/>\n<meta property=\"article:modified_time\" content=\"2022-12-21T15:22:08+00:00\" \/>\n<meta property=\"og:image\" content=\"https:\/\/www.fcejs.unsl.edu.ar\/wp-content\/uploads\/2022\/12\/DIPLOMATURA-ACCESIBILIDAD-ESPACIO-FRONT.jpg\" \/>\n\t<meta property=\"og:image:width\" content=\"1152\" \/>\n\t<meta property=\"og:image:height\" content=\"647\" \/>\n\t<meta property=\"og:image:type\" content=\"image\/jpeg\" \/>\n<meta name=\"author\" content=\"DATI\" \/>\n<meta name=\"twitter:card\" content=\"summary_large_image\" \/>\n<meta name=\"twitter:creator\" content=\"@FCEJSUNSL\" \/>\n<meta name=\"twitter:site\" content=\"@FCEJSUNSL\" \/>\n<meta name=\"twitter:label1\" content=\"Escrito por\" \/>\n\t<meta name=\"twitter:data1\" content=\"DATI\" \/>\n\t<meta name=\"twitter:label2\" content=\"Tiempo de lectura\" \/>\n\t<meta name=\"twitter:data2\" content=\"2 minutos\" \/>\n<script type=\"application\/ld+json\" class=\"yoast-schema-graph\">{\"@context\":\"https:\\\/\\\/schema.org\",\"@graph\":[{\"@type\":\"Article\",\"@id\":\"https:\\\/\\\/www.fcejs.unsl.edu.ar\\\/index.php\\\/diplomatura-de-extension-universitaria-estrategias-colectivas-para-la-accesibilidad-en-el-espacio-educativo\\\/#article\",\"isPartOf\":{\"@id\":\"https:\\\/\\\/www.fcejs.unsl.edu.ar\\\/index.php\\\/diplomatura-de-extension-universitaria-estrategias-colectivas-para-la-accesibilidad-en-el-espacio-educativo\\\/\"},\"author\":{\"name\":\"DATI\",\"@id\":\"https:\\\/\\\/www.fcejs.unsl.edu.ar\\\/#\\\/schema\\\/person\\\/352ee6ed90c3f394c7cb5945f8956d34\"},\"headline\":\"Diplomatura de Extensi\u00f3n Universitaria: \u201cEstrategias Colectivas para la Accesibilidad en el Espacio Educativo\u201d\",\"datePublished\":\"2022-12-21T02:21:14+00:00\",\"dateModified\":\"2022-12-21T15:22:08+00:00\",\"mainEntityOfPage\":{\"@id\":\"https:\\\/\\\/www.fcejs.unsl.edu.ar\\\/index.php\\\/diplomatura-de-extension-universitaria-estrategias-colectivas-para-la-accesibilidad-en-el-espacio-educativo\\\/\"},\"wordCount\":338,\"publisher\":{\"@id\":\"https:\\\/\\\/www.fcejs.unsl.edu.ar\\\/#organization\"},\"image\":{\"@id\":\"https:\\\/\\\/www.fcejs.unsl.edu.ar\\\/index.php\\\/diplomatura-de-extension-universitaria-estrategias-colectivas-para-la-accesibilidad-en-el-espacio-educativo\\\/#primaryimage\"},\"thumbnailUrl\":\"https:\\\/\\\/www.fcejs.unsl.edu.ar\\\/wp-content\\\/uploads\\\/2022\\\/12\\\/DIPLOMATURA-ACCESIBILIDAD-ESPACIO-FRONT.jpg\",\"articleSection\":[\"Noticias\"],\"inLanguage\":\"es-AR\"},{\"@type\":\"WebPage\",\"@id\":\"https:\\\/\\\/www.fcejs.unsl.edu.ar\\\/index.php\\\/diplomatura-de-extension-universitaria-estrategias-colectivas-para-la-accesibilidad-en-el-espacio-educativo\\\/\",\"url\":\"https:\\\/\\\/www.fcejs.unsl.edu.ar\\\/index.php\\\/diplomatura-de-extension-universitaria-estrategias-colectivas-para-la-accesibilidad-en-el-espacio-educativo\\\/\",\"name\":\"Diplomatura de Extensi\u00f3n Universitaria: \u201cEstrategias Colectivas para la Accesibilidad en el Espacio Educativo\u201d - Facultad de Ciencias Econ\u00f3micas, Jur\u00ed\u00addicas y Sociales\",\"isPartOf\":{\"@id\":\"https:\\\/\\\/www.fcejs.unsl.edu.ar\\\/#website\"},\"primaryImageOfPage\":{\"@id\":\"https:\\\/\\\/www.fcejs.unsl.edu.ar\\\/index.php\\\/diplomatura-de-extension-universitaria-estrategias-colectivas-para-la-accesibilidad-en-el-espacio-educativo\\\/#primaryimage\"},\"image\":{\"@id\":\"https:\\\/\\\/www.fcejs.unsl.edu.ar\\\/index.php\\\/diplomatura-de-extension-universitaria-estrategias-colectivas-para-la-accesibilidad-en-el-espacio-educativo\\\/#primaryimage\"},\"thumbnailUrl\":\"https:\\\/\\\/www.fcejs.unsl.edu.ar\\\/wp-content\\\/uploads\\\/2022\\\/12\\\/DIPLOMATURA-ACCESIBILIDAD-ESPACIO-FRONT.jpg\",\"datePublished\":\"2022-12-21T02:21:14+00:00\",\"dateModified\":\"2022-12-21T15:22:08+00:00\",\"breadcrumb\":{\"@id\":\"https:\\\/\\\/www.fcejs.unsl.edu.ar\\\/index.php\\\/diplomatura-de-extension-universitaria-estrategias-colectivas-para-la-accesibilidad-en-el-espacio-educativo\\\/#breadcrumb\"},\"inLanguage\":\"es-AR\",\"potentialAction\":[{\"@type\":\"ReadAction\",\"target\":[\"https:\\\/\\\/www.fcejs.unsl.edu.ar\\\/index.php\\\/diplomatura-de-extension-universitaria-estrategias-colectivas-para-la-accesibilidad-en-el-espacio-educativo\\\/\"]}]},{\"@type\":\"ImageObject\",\"inLanguage\":\"es-AR\",\"@id\":\"https:\\\/\\\/www.fcejs.unsl.edu.ar\\\/index.php\\\/diplomatura-de-extension-universitaria-estrategias-colectivas-para-la-accesibilidad-en-el-espacio-educativo\\\/#primaryimage\",\"url\":\"https:\\\/\\\/www.fcejs.unsl.edu.ar\\\/wp-content\\\/uploads\\\/2022\\\/12\\\/DIPLOMATURA-ACCESIBILIDAD-ESPACIO-FRONT.jpg\",\"contentUrl\":\"https:\\\/\\\/www.fcejs.unsl.edu.ar\\\/wp-content\\\/uploads\\\/2022\\\/12\\\/DIPLOMATURA-ACCESIBILIDAD-ESPACIO-FRONT.jpg\",\"width\":1152,\"height\":647},{\"@type\":\"BreadcrumbList\",\"@id\":\"https:\\\/\\\/www.fcejs.unsl.edu.ar\\\/index.php\\\/diplomatura-de-extension-universitaria-estrategias-colectivas-para-la-accesibilidad-en-el-espacio-educativo\\\/#breadcrumb\",\"itemListElement\":[{\"@type\":\"ListItem\",\"position\":1,\"name\":\"Inicio\",\"item\":\"https:\\\/\\\/www.fcejs.unsl.edu.ar\\\/\"},{\"@type\":\"ListItem\",\"position\":2,\"name\":\"Diplomatura de Extensi\u00f3n Universitaria: \u201cEstrategias Colectivas para la Accesibilidad en el Espacio Educativo\u201d\"}]},{\"@type\":\"WebSite\",\"@id\":\"https:\\\/\\\/www.fcejs.unsl.edu.ar\\\/#website\",\"url\":\"https:\\\/\\\/www.fcejs.unsl.edu.ar\\\/\",\"name\":\"Facultad de Ciencias Econ\u00f3micas, Jur\u00ed\u00addicas y Sociales\",\"description\":\"\",\"publisher\":{\"@id\":\"https:\\\/\\\/www.fcejs.unsl.edu.ar\\\/#organization\"},\"potentialAction\":[{\"@type\":\"SearchAction\",\"target\":{\"@type\":\"EntryPoint\",\"urlTemplate\":\"https:\\\/\\\/www.fcejs.unsl.edu.ar\\\/?s={search_term_string}\"},\"query-input\":{\"@type\":\"PropertyValueSpecification\",\"valueRequired\":true,\"valueName\":\"search_term_string\"}}],\"inLanguage\":\"es-AR\"},{\"@type\":\"Organization\",\"@id\":\"https:\\\/\\\/www.fcejs.unsl.edu.ar\\\/#organization\",\"name\":\"Facultad de Ciencias Econ\u00f3micas, Jur\u00eddicas y Sociales\",\"url\":\"https:\\\/\\\/www.fcejs.unsl.edu.ar\\\/\",\"logo\":{\"@type\":\"ImageObject\",\"inLanguage\":\"es-AR\",\"@id\":\"https:\\\/\\\/www.fcejs.unsl.edu.ar\\\/#\\\/schema\\\/logo\\\/image\\\/\",\"url\":\"https:\\\/\\\/www.fcejs.unsl.edu.ar\\\/wp-content\\\/uploads\\\/2021\\\/03\\\/logo-1.jpg\",\"contentUrl\":\"https:\\\/\\\/www.fcejs.unsl.edu.ar\\\/wp-content\\\/uploads\\\/2021\\\/03\\\/logo-1.jpg\",\"width\":471,\"height\":146,\"caption\":\"Facultad de Ciencias Econ\u00f3micas, Jur\u00eddicas y Sociales\"},\"image\":{\"@id\":\"https:\\\/\\\/www.fcejs.unsl.edu.ar\\\/#\\\/schema\\\/logo\\\/image\\\/\"},\"sameAs\":[\"https:\\\/\\\/www.facebook.com\\\/FCEJS.UNSL\\\/\",\"https:\\\/\\\/x.com\\\/FCEJSUNSL\",\"https:\\\/\\\/www.instagram.com\\\/fcejs.unsl\\\/\",\"https:\\\/\\\/www.youtube.com\\\/channel\\\/UCH-Ut6EaN_X5ogjIQMPe46g\\\/\"]},{\"@type\":\"Person\",\"@id\":\"https:\\\/\\\/www.fcejs.unsl.edu.ar\\\/#\\\/schema\\\/person\\\/352ee6ed90c3f394c7cb5945f8956d34\",\"name\":\"DATI\"}]}<\/script>\n<!-- \/ Yoast SEO plugin. -->","yoast_head_json":{"title":"Diplomatura de Extensi\u00f3n Universitaria: \u201cEstrategias Colectivas para la Accesibilidad en el Espacio Educativo\u201d - Facultad de Ciencias Econ\u00f3micas, Jur\u00ed\u00addicas y Sociales","robots":{"index":"index","follow":"follow","max-snippet":"max-snippet:-1","max-image-preview":"max-image-preview:large","max-video-preview":"max-video-preview:-1"},"canonical":"https:\/\/www.fcejs.unsl.edu.ar\/index.php\/diplomatura-de-extension-universitaria-estrategias-colectivas-para-la-accesibilidad-en-el-espacio-educativo\/","og_locale":"es_ES","og_type":"article","og_title":"Diplomatura de Extensi\u00f3n Universitaria: \u201cEstrategias Colectivas para la Accesibilidad en el Espacio Educativo\u201d - Facultad de Ciencias Econ\u00f3micas, Jur\u00ed\u00addicas y Sociales","og_description":"La Secretar\u00eda de Extensi\u00f3n Universitaria (SEU) de la Universidad Nacional de San Luis (UNSL) informa que se abri\u00f3 la preinscripci\u00f3n a la Diplomatura de Extensi\u00f3n&hellip;","og_url":"https:\/\/www.fcejs.unsl.edu.ar\/index.php\/diplomatura-de-extension-universitaria-estrategias-colectivas-para-la-accesibilidad-en-el-espacio-educativo\/","og_site_name":"Facultad de Ciencias Econ\u00f3micas, Jur\u00ed\u00addicas y Sociales","article_publisher":"https:\/\/www.facebook.com\/FCEJS.UNSL\/","article_published_time":"2022-12-21T02:21:14+00:00","article_modified_time":"2022-12-21T15:22:08+00:00","og_image":[{"width":1152,"height":647,"url":"https:\/\/www.fcejs.unsl.edu.ar\/wp-content\/uploads\/2022\/12\/DIPLOMATURA-ACCESIBILIDAD-ESPACIO-FRONT.jpg","type":"image\/jpeg"}],"author":"DATI","twitter_card":"summary_large_image","twitter_creator":"@FCEJSUNSL","twitter_site":"@FCEJSUNSL","twitter_misc":{"Escrito por":"DATI","Tiempo de lectura":"2 minutos"},"schema":{"@context":"https:\/\/schema.org","@graph":[{"@type":"Article","@id":"https:\/\/www.fcejs.unsl.edu.ar\/index.php\/diplomatura-de-extension-universitaria-estrategias-colectivas-para-la-accesibilidad-en-el-espacio-educativo\/#article","isPartOf":{"@id":"https:\/\/www.fcejs.unsl.edu.ar\/index.php\/diplomatura-de-extension-universitaria-estrategias-colectivas-para-la-accesibilidad-en-el-espacio-educativo\/"},"author":{"name":"DATI","@id":"https:\/\/www.fcejs.unsl.edu.ar\/#\/schema\/person\/352ee6ed90c3f394c7cb5945f8956d34"},"headline":"Diplomatura de Extensi\u00f3n Universitaria: \u201cEstrategias Colectivas para la Accesibilidad en el Espacio Educativo\u201d","datePublished":"2022-12-21T02:21:14+00:00","dateModified":"2022-12-21T15:22:08+00:00","mainEntityOfPage":{"@id":"https:\/\/www.fcejs.unsl.edu.ar\/index.php\/diplomatura-de-extension-universitaria-estrategias-colectivas-para-la-accesibilidad-en-el-espacio-educativo\/"},"wordCount":338,"publisher":{"@id":"https:\/\/www.fcejs.unsl.edu.ar\/#organization"},"image":{"@id":"https:\/\/www.fcejs.unsl.edu.ar\/index.php\/diplomatura-de-extension-universitaria-estrategias-colectivas-para-la-accesibilidad-en-el-espacio-educativo\/#primaryimage"},"thumbnailUrl":"https:\/\/www.fcejs.unsl.edu.ar\/wp-content\/uploads\/2022\/12\/DIPLOMATURA-ACCESIBILIDAD-ESPACIO-FRONT.jpg","articleSection":["Noticias"],"inLanguage":"es-AR"},{"@type":"WebPage","@id":"https:\/\/www.fcejs.unsl.edu.ar\/index.php\/diplomatura-de-extension-universitaria-estrategias-colectivas-para-la-accesibilidad-en-el-espacio-educativo\/","url":"https:\/\/www.fcejs.unsl.edu.ar\/index.php\/diplomatura-de-extension-universitaria-estrategias-colectivas-para-la-accesibilidad-en-el-espacio-educativo\/","name":"Diplomatura de Extensi\u00f3n Universitaria: \u201cEstrategias Colectivas para la Accesibilidad en el Espacio Educativo\u201d - Facultad de Ciencias Econ\u00f3micas, Jur\u00ed\u00addicas y Sociales","isPartOf":{"@id":"https:\/\/www.fcejs.unsl.edu.ar\/#website"},"primaryImageOfPage":{"@id":"https:\/\/www.fcejs.unsl.edu.ar\/index.php\/diplomatura-de-extension-universitaria-estrategias-colectivas-para-la-accesibilidad-en-el-espacio-educativo\/#primaryimage"},"image":{"@id":"https:\/\/www.fcejs.unsl.edu.ar\/index.php\/diplomatura-de-extension-universitaria-estrategias-colectivas-para-la-accesibilidad-en-el-espacio-educativo\/#primaryimage"},"thumbnailUrl":"https:\/\/www.fcejs.unsl.edu.ar\/wp-content\/uploads\/2022\/12\/DIPLOMATURA-ACCESIBILIDAD-ESPACIO-FRONT.jpg","datePublished":"2022-12-21T02:21:14+00:00","dateModified":"2022-12-21T15:22:08+00:00","breadcrumb":{"@id":"https:\/\/www.fcejs.unsl.edu.ar\/index.php\/diplomatura-de-extension-universitaria-estrategias-colectivas-para-la-accesibilidad-en-el-espacio-educativo\/#breadcrumb"},"inLanguage":"es-AR","potentialAction":[{"@type":"ReadAction","target":["https:\/\/www.fcejs.unsl.edu.ar\/index.php\/diplomatura-de-extension-universitaria-estrategias-colectivas-para-la-accesibilidad-en-el-espacio-educativo\/"]}]},{"@type":"ImageObject","inLanguage":"es-AR","@id":"https:\/\/www.fcejs.unsl.edu.ar\/index.php\/diplomatura-de-extension-universitaria-estrategias-colectivas-para-la-accesibilidad-en-el-espacio-educativo\/#primaryimage","url":"https:\/\/www.fcejs.unsl.edu.ar\/wp-content\/uploads\/2022\/12\/DIPLOMATURA-ACCESIBILIDAD-ESPACIO-FRONT.jpg","contentUrl":"https:\/\/www.fcejs.unsl.edu.ar\/wp-content\/uploads\/2022\/12\/DIPLOMATURA-ACCESIBILIDAD-ESPACIO-FRONT.jpg","width":1152,"height":647},{"@type":"BreadcrumbList","@id":"https:\/\/www.fcejs.unsl.edu.ar\/index.php\/diplomatura-de-extension-universitaria-estrategias-colectivas-para-la-accesibilidad-en-el-espacio-educativo\/#breadcrumb","itemListElement":[{"@type":"ListItem","position":1,"name":"Inicio","item":"https:\/\/www.fcejs.unsl.edu.ar\/"},{"@type":"ListItem","position":2,"name":"Diplomatura de Extensi\u00f3n Universitaria: \u201cEstrategias Colectivas para la Accesibilidad en el Espacio Educativo\u201d"}]},{"@type":"WebSite","@id":"https:\/\/www.fcejs.unsl.edu.ar\/#website","url":"https:\/\/www.fcejs.unsl.edu.ar\/","name":"Facultad de Ciencias Econ\u00f3micas, Jur\u00ed\u00addicas y Sociales","description":"","publisher":{"@id":"https:\/\/www.fcejs.unsl.edu.ar\/#organization"},"potentialAction":[{"@type":"SearchAction","target":{"@type":"EntryPoint","urlTemplate":"https:\/\/www.fcejs.unsl.edu.ar\/?s={search_term_string}"},"query-input":{"@type":"PropertyValueSpecification","valueRequired":true,"valueName":"search_term_string"}}],"inLanguage":"es-AR"},{"@type":"Organization","@id":"https:\/\/www.fcejs.unsl.edu.ar\/#organization","name":"Facultad de Ciencias Econ\u00f3micas, Jur\u00eddicas y Sociales","url":"https:\/\/www.fcejs.unsl.edu.ar\/","logo":{"@type":"ImageObject","inLanguage":"es-AR","@id":"https:\/\/www.fcejs.unsl.edu.ar\/#\/schema\/logo\/image\/","url":"https:\/\/www.fcejs.unsl.edu.ar\/wp-content\/uploads\/2021\/03\/logo-1.jpg","contentUrl":"https:\/\/www.fcejs.unsl.edu.ar\/wp-content\/uploads\/2021\/03\/logo-1.jpg","width":471,"height":146,"caption":"Facultad de Ciencias Econ\u00f3micas, Jur\u00eddicas y Sociales"},"image":{"@id":"https:\/\/www.fcejs.unsl.edu.ar\/#\/schema\/logo\/image\/"},"sameAs":["https:\/\/www.facebook.com\/FCEJS.UNSL\/","https:\/\/x.com\/FCEJSUNSL","https:\/\/www.instagram.com\/fcejs.unsl\/","https:\/\/www.youtube.com\/channel\/UCH-Ut6EaN_X5ogjIQMPe46g\/"]},{"@type":"Person","@id":"https:\/\/www.fcejs.unsl.edu.ar\/#\/schema\/person\/352ee6ed90c3f394c7cb5945f8956d34","name":"DATI"}]}},"jetpack_featured_media_url":"https:\/\/www.fcejs.unsl.edu.ar\/wp-content\/uploads\/2022\/12\/DIPLOMATURA-ACCESIBILIDAD-ESPACIO-FRONT.jpg","_links":{"self":[{"href":"https:\/\/www.fcejs.unsl.edu.ar\/index.php\/wp-json\/wp\/v2\/posts\/10575","targetHints":{"allow":["GET"]}}],"collection":[{"href":"https:\/\/www.fcejs.unsl.edu.ar\/index.php\/wp-json\/wp\/v2\/posts"}],"about":[{"href":"https:\/\/www.fcejs.unsl.edu.ar\/index.php\/wp-json\/wp\/v2\/types\/post"}],"author":[{"embeddable":true,"href":"https:\/\/www.fcejs.unsl.edu.ar\/index.php\/wp-json\/wp\/v2\/users\/9"}],"replies":[{"embeddable":true,"href":"https:\/\/www.fcejs.unsl.edu.ar\/index.php\/wp-json\/wp\/v2\/comments?post=10575"}],"version-history":[{"count":1,"href":"https:\/\/www.fcejs.unsl.edu.ar\/index.php\/wp-json\/wp\/v2\/posts\/10575\/revisions"}],"predecessor-version":[{"id":10577,"href":"https:\/\/www.fcejs.unsl.edu.ar\/index.php\/wp-json\/wp\/v2\/posts\/10575\/revisions\/10577"}],"wp:featuredmedia":[{"embeddable":true,"href":"https:\/\/www.fcejs.unsl.edu.ar\/index.php\/wp-json\/wp\/v2\/media\/10576"}],"wp:attachment":[{"href":"https:\/\/www.fcejs.unsl.edu.ar\/index.php\/wp-json\/wp\/v2\/media?parent=10575"}],"wp:term":[{"taxonomy":"category","embeddable":true,"href":"https:\/\/www.fcejs.unsl.edu.ar\/index.php\/wp-json\/wp\/v2\/categories?post=10575"},{"taxonomy":"post_tag","embeddable":true,"href":"https:\/\/www.fcejs.unsl.edu.ar\/index.php\/wp-json\/wp\/v2\/tags?post=10575"}],"curies":[{"name":"wp","href":"https:\/\/api.w.org\/{rel}","templated":true}]}}