{"id":10538,"date":"2022-12-19T11:03:09","date_gmt":"2022-12-19T14:03:09","guid":{"rendered":"http:\/\/10.101.10.197\/www\/?p=10538"},"modified":"2022-12-26T12:12:35","modified_gmt":"2022-12-26T15:12:35","slug":"la-unsl-aprobo-su-calendario-academico-2023","status":"publish","type":"post","link":"https:\/\/www.fcejs.unsl.edu.ar\/index.php\/la-unsl-aprobo-su-calendario-academico-2023\/","title":{"rendered":"La UNSL aprob\u00f3 su Calendario Acad\u00e9mico 2023"},"content":{"rendered":"<p>A trav\u00e9s de la Resoluci\u00f3n Rectoral N\u00ba <a href=\"http:\/\/digesto.unsl.edu.ar\/docs\/202212\/20221206090402_1637.pdf\">2727\/22<\/a> se aprob\u00f3 el Calendario Acad\u00e9mico 2023, que cada a\u00f1o propone la Secretar\u00eda Acad\u00e9mica para las actividades acad\u00e9micas de la UNSL.<\/p>\n<p>El mismo se encuadra en la legislaci\u00f3n vigente de r\u00e9gimen de feriados nacionales, feriados con fines tur\u00edsticos, y d\u00edas no laborables, as\u00ed como las normativas internas vigentes en la Universidad Nacional de San Luis (UNSL).<\/p>\n<p>Incluye tres (3) turnos de ex\u00e1menes generales con dos (2) llamados cada uno (1); y dos (2) turnos de ex\u00e1menes especiales, con car\u00e1cter general, el primero en la primera quincena de abril y el segundo en la segunda quincena de agosto.<\/p>\n<p>El primer turno especial de ex\u00e1menes ser\u00e1 considerado parte del ciclo lectivo del a\u00f1o anterior, con el objetivo de alcanzar el requerimiento de aprobar dos (2) cursos en el a\u00f1o acad\u00e9mico, cuando el\/la estudiante interesado\/a as\u00ed lo requiera por escrito, ante la Secretar\u00eda Acad\u00e9mica de la Facultad correspondiente.<\/p>\n<p>Teniendo en cuenta las necesidades y particularidades de cada Unidad Acad\u00e9mica, \u00e9stas dispondr\u00e1n, a trav\u00e9s de sus Consejos Directivos, la incorporaci\u00f3n de los turnos de ex\u00e1menes de car\u00e1cter especial.<\/p>\n<p>El calendario de actividades acad\u00e9micas correspondiente al ciclo lectivo 2023 para la Instituci\u00f3n queda dispuesto de la siguiente manera:<\/p>\n<p><strong>Vacaciones:<\/strong>\u00a0del 2 al 31 de enero (licencia anual ordinaria).<br \/>\n<strong>Inicio de actividades anuales:<\/strong>\u00a013 de febrero.<br \/>\n<strong>Receso invernal:<\/strong>\u00a0del 10 al 22 de julio.<br \/>\n<strong>Finalizaci\u00f3n de actividades anuales:<\/strong>\u00a029 de diciembre.<\/p>\n<p><strong>Distribuci\u00f3n de actividades acad\u00e9micas<\/strong><br \/>\n<strong>I- Cuatrimestres<\/strong><br \/>\n<strong>Primero:<\/strong>\u00a0del 13 de marzo al 24 de junio (15 semanas).<br \/>\n<strong>Segundo:<\/strong>\u00a0del 7 de agosto al 18 de noviembre (15 semanas).<\/p>\n<p><strong>II- Turnos de ex\u00e1menes<\/strong><br \/>\n<strong>Generales<\/strong><br \/>\na) Febrero-marzo<br \/>\nPrimer llamado: del 22 al 28 de febrero.<br \/>\nSegundo llamado: del 15 al 21 de marzo.<br \/>\nb) Julio-agosto<br \/>\nPrimer llamado: del 1 al 7 de julio.<br \/>\nSegundo llamado: del 31 de julio al 5 de agosto.<br \/>\nc) Noviembre-diciembre<br \/>\nPrimer llamado: del 27 de noviembre al 2 de diciembre.<br \/>\nSegundo llamado: del 16 al 22 de diciembre.<\/p>\n<p><strong>Especiales con car\u00e1cter general<\/strong><br \/>\nd) Primer turno: del 10 al 15 de abril.<br \/>\ne) Segundo turno: del 28 de agosto al 2 de septiembre.<\/p>\n<p><strong>III- Per\u00edodos de consultas y\/o evaluaciones integradoras<\/strong><br \/>\nDel 13 al 17 de febrero.<br \/>\nDel 6 al 10 de marzo.<br \/>\nDel 26 al 30 de junio.<br \/>\nDel 24 al 28 de julio.<br \/>\nDel 21 al 24 de noviembre.<br \/>\nDel 11 al 15 de diciembre.<\/p>\n<p><strong>Conforme a la legislaci\u00f3n nacional, provincial y universitaria, se respetar\u00e1n los siguientes feriados, feriados con fines tur\u00edsticos y d\u00edas no laborables:<\/strong><\/p>\n<p><strong>Feriados inamovibles (Ley 27399)<\/strong><br \/>\n1 de enero: a\u00f1o nuevo.<br \/>\n20 y 21 de febrero: carnaval.<br \/>\n24 de marzo: D\u00eda Nacional de la Memoria por la Verdad y la Justicia.<br \/>\n2 de abril: D\u00eda del Veterano y de los Ca\u00eddos en la Guerra de Malvinas.<br \/>\n7 de abril: viernes Santo.<br \/>\n1 de mayo: D\u00eda del Trabajador.<br \/>\n25 de mayo: D\u00eda de la Revoluci\u00f3n de Mayo.<br \/>\n20 de junio: paso a la inmortalidad del General D. Manuel Belgrano.<br \/>\n9 de julio: D\u00eda de la Independencia.<br \/>\n20 de noviembre: D\u00eda de la Soberan\u00eda Nacional.<br \/>\n8 de diciembre: D\u00eda de la Inmaculada Concepci\u00f3n de Mar\u00eda.<br \/>\n25 de diciembre: navidad.<\/p>\n<p><strong>Feriados trasladables (Ley 27399)<\/strong><br \/>\n21 de agosto (17\/08): paso a la inmortalidad del General D. Jos\u00e9 de San Mart\u00edn.<br \/>\n16 de octubre (12\/10): D\u00eda del Respeto a la Diversidad Cultural.<\/p>\n<p><strong>Feriados con fines tur\u00edsticos (Dec. 764\/2022)<\/strong><br \/>\n26 de mayo.<br \/>\n19 de junio.<br \/>\n13 de octubre.<\/p>\n<p><strong>Feriados locales<\/strong><br \/>\n3 de mayo: D\u00eda Cristo de La Quebrada y Renca.<br \/>\n10 de mayo: D\u00eda de la Universidad Nacional de San Luis.<br \/>\n4 de agosto: patronales de La Toma.<br \/>\n25 de agosto: D\u00eda de San Luis Rey de Francia.<br \/>\n24 de septiembre: patronales de Villa Mercedes.<br \/>\n4 de octubre: patronales de Tilisarao.<br \/>\n7 de octubre: patronales de Villa de Merlo.<br \/>\n1 de diciembre: fundaci\u00f3n de Villa Mercedes.<\/p>\n<p><strong>D\u00edas sin actividad por claustro<\/strong><br \/>\n11 de septiembre: D\u00eda del\/de la docente de la UNSL (RCS N.\u00b0 142\/2011).<br \/>\n21 de septiembre: D\u00eda del\/de la estudiante.<br \/>\n26 de noviembre: D\u00eda del\/de la nodocente.<\/p>\n<p><strong>D\u00edas no laborables seg\u00fan creencia religiosa<\/strong><br \/>\n<strong>Comunidad Cat\u00f3lica<\/strong><br \/>\n6 de abril: jueves Santo.<br \/>\n3 de mayo: Cristo de la Quebrada.<br \/>\n8 de diciembre: D\u00eda de la Inmaculada Concepci\u00f3n de Mar\u00eda.<br \/>\n25 de diciembre: navidad.<\/p>\n<p><strong>Comunidad Armenia (Ley 26199)<\/strong><br \/>\n24 de abril: D\u00eda de Acci\u00f3n por la Tolerancia y el Respeto entre los Pueblos.<\/p>\n<p><strong>Comunidad Jud\u00eda (Ley 27399)<\/strong><br \/>\n6 y 7 de abril: primeros dos (2) d\u00edas de la Pascua Jud\u00eda.<br \/>\n12 y 13 de abril: \u00faltimos dos (2) d\u00edas de la Pascua Jud\u00eda.<br \/>\n16 y 17 de septiembre: a\u00f1o nuevo jud\u00edo.<br \/>\n25 de septiembre: D\u00eda del Perd\u00f3n.<\/p>\n<p><strong>Comunidad Isl\u00e1mica<\/strong><br \/>\n21 de abril: Fiesta de la Ruptura del Ayuno del Sagrado Mes del Ramad\u00e1n.<br \/>\n28 de junio: Fiesta del Sacrificio.<br \/>\n19 de julio: a\u00f1o nuevo isl\u00e1mico.<\/p>\n<p><a href=\"http:\/\/digesto.unsl.edu.ar\/docs\/202212\/20221206090402_1637.pdf\">Resoluci\u00f3n 2727\/22<\/a><br \/>\n<a href=\"https:\/\/secretariaacademica.unsl.edu.ar\/static\/documentos\/1670855072.pdf\">Calendario de actividades acad\u00e9micas 2023<\/a><\/p>\n<p>&nbsp;<\/p>\n<p>&nbsp;<\/p>\n","protected":false},"excerpt":{"rendered":"<p>A trav\u00e9s de la Resoluci\u00f3n Rectoral N\u00ba 2727\/22 se aprob\u00f3 el Calendario Acad\u00e9mico 2023, que cada a\u00f1o propone la Secretar\u00eda Acad\u00e9mica para las actividades acad\u00e9micas&hellip;<\/p>\n","protected":false},"author":9,"featured_media":10539,"comment_status":"closed","ping_status":"closed","sticky":false,"template":"","format":"standard","meta":{"om_disable_all_campaigns":false,"_monsterinsights_skip_tracking":false,"_monsterinsights_sitenote_active":false,"_monsterinsights_sitenote_note":"","_monsterinsights_sitenote_category":0,"footnotes":""},"categories":[1],"tags":[],"class_list":["post-10538","post","type-post","status-publish","format-standard","has-post-thumbnail","hentry","category-noticias"],"yoast_head":"<!-- This site is optimized with the Yoast SEO plugin v27.4 - https:\/\/yoast.com\/product\/yoast-seo-wordpress\/ -->\n<title>La UNSL aprob\u00f3 su Calendario Acad\u00e9mico 2023 - Facultad de Ciencias Econ\u00f3micas, Jur\u00ed\u00addicas y Sociales<\/title>\n<meta name=\"robots\" content=\"index, follow, max-snippet:-1, max-image-preview:large, max-video-preview:-1\" \/>\n<link rel=\"canonical\" href=\"https:\/\/www.fcejs.unsl.edu.ar\/index.php\/la-unsl-aprobo-su-calendario-academico-2023\/\" \/>\n<meta property=\"og:locale\" content=\"es_ES\" \/>\n<meta property=\"og:type\" content=\"article\" \/>\n<meta property=\"og:title\" content=\"La UNSL aprob\u00f3 su Calendario Acad\u00e9mico 2023 - Facultad de Ciencias Econ\u00f3micas, Jur\u00ed\u00addicas y Sociales\" \/>\n<meta property=\"og:description\" content=\"A trav\u00e9s de la Resoluci\u00f3n Rectoral N\u00ba 2727\/22 se aprob\u00f3 el Calendario Acad\u00e9mico 2023, que cada a\u00f1o propone la Secretar\u00eda Acad\u00e9mica para las actividades acad\u00e9micas&hellip;\" \/>\n<meta property=\"og:url\" content=\"https:\/\/www.fcejs.unsl.edu.ar\/index.php\/la-unsl-aprobo-su-calendario-academico-2023\/\" \/>\n<meta property=\"og:site_name\" content=\"Facultad de Ciencias Econ\u00f3micas, Jur\u00ed\u00addicas y Sociales\" \/>\n<meta property=\"article:publisher\" content=\"https:\/\/www.facebook.com\/FCEJS.UNSL\/\" \/>\n<meta property=\"article:published_time\" content=\"2022-12-19T14:03:09+00:00\" \/>\n<meta property=\"article:modified_time\" content=\"2022-12-26T15:12:35+00:00\" \/>\n<meta property=\"og:image\" content=\"https:\/\/www.fcejs.unsl.edu.ar\/wp-content\/uploads\/2022\/12\/calendario-rectorado-2023.jpg\" \/>\n\t<meta property=\"og:image:width\" content=\"1152\" \/>\n\t<meta property=\"og:image:height\" content=\"647\" \/>\n\t<meta property=\"og:image:type\" content=\"image\/jpeg\" \/>\n<meta name=\"author\" content=\"DATI\" \/>\n<meta name=\"twitter:card\" content=\"summary_large_image\" \/>\n<meta name=\"twitter:creator\" content=\"@FCEJSUNSL\" \/>\n<meta name=\"twitter:site\" content=\"@FCEJSUNSL\" \/>\n<meta name=\"twitter:label1\" content=\"Escrito por\" \/>\n\t<meta name=\"twitter:data1\" content=\"DATI\" \/>\n\t<meta name=\"twitter:label2\" content=\"Tiempo de lectura\" \/>\n\t<meta name=\"twitter:data2\" content=\"4 minutos\" \/>\n<script type=\"application\/ld+json\" class=\"yoast-schema-graph\">{\"@context\":\"https:\\\/\\\/schema.org\",\"@graph\":[{\"@type\":\"Article\",\"@id\":\"https:\\\/\\\/www.fcejs.unsl.edu.ar\\\/index.php\\\/la-unsl-aprobo-su-calendario-academico-2023\\\/#article\",\"isPartOf\":{\"@id\":\"https:\\\/\\\/www.fcejs.unsl.edu.ar\\\/index.php\\\/la-unsl-aprobo-su-calendario-academico-2023\\\/\"},\"author\":{\"name\":\"DATI\",\"@id\":\"https:\\\/\\\/www.fcejs.unsl.edu.ar\\\/#\\\/schema\\\/person\\\/352ee6ed90c3f394c7cb5945f8956d34\"},\"headline\":\"La UNSL aprob\u00f3 su Calendario Acad\u00e9mico 2023\",\"datePublished\":\"2022-12-19T14:03:09+00:00\",\"dateModified\":\"2022-12-26T15:12:35+00:00\",\"mainEntityOfPage\":{\"@id\":\"https:\\\/\\\/www.fcejs.unsl.edu.ar\\\/index.php\\\/la-unsl-aprobo-su-calendario-academico-2023\\\/\"},\"wordCount\":789,\"publisher\":{\"@id\":\"https:\\\/\\\/www.fcejs.unsl.edu.ar\\\/#organization\"},\"image\":{\"@id\":\"https:\\\/\\\/www.fcejs.unsl.edu.ar\\\/index.php\\\/la-unsl-aprobo-su-calendario-academico-2023\\\/#primaryimage\"},\"thumbnailUrl\":\"https:\\\/\\\/www.fcejs.unsl.edu.ar\\\/wp-content\\\/uploads\\\/2022\\\/12\\\/calendario-rectorado-2023.jpg\",\"articleSection\":[\"Noticias\"],\"inLanguage\":\"es-AR\"},{\"@type\":\"WebPage\",\"@id\":\"https:\\\/\\\/www.fcejs.unsl.edu.ar\\\/index.php\\\/la-unsl-aprobo-su-calendario-academico-2023\\\/\",\"url\":\"https:\\\/\\\/www.fcejs.unsl.edu.ar\\\/index.php\\\/la-unsl-aprobo-su-calendario-academico-2023\\\/\",\"name\":\"La UNSL aprob\u00f3 su Calendario Acad\u00e9mico 2023 - Facultad de Ciencias Econ\u00f3micas, Jur\u00ed\u00addicas y Sociales\",\"isPartOf\":{\"@id\":\"https:\\\/\\\/www.fcejs.unsl.edu.ar\\\/#website\"},\"primaryImageOfPage\":{\"@id\":\"https:\\\/\\\/www.fcejs.unsl.edu.ar\\\/index.php\\\/la-unsl-aprobo-su-calendario-academico-2023\\\/#primaryimage\"},\"image\":{\"@id\":\"https:\\\/\\\/www.fcejs.unsl.edu.ar\\\/index.php\\\/la-unsl-aprobo-su-calendario-academico-2023\\\/#primaryimage\"},\"thumbnailUrl\":\"https:\\\/\\\/www.fcejs.unsl.edu.ar\\\/wp-content\\\/uploads\\\/2022\\\/12\\\/calendario-rectorado-2023.jpg\",\"datePublished\":\"2022-12-19T14:03:09+00:00\",\"dateModified\":\"2022-12-26T15:12:35+00:00\",\"breadcrumb\":{\"@id\":\"https:\\\/\\\/www.fcejs.unsl.edu.ar\\\/index.php\\\/la-unsl-aprobo-su-calendario-academico-2023\\\/#breadcrumb\"},\"inLanguage\":\"es-AR\",\"potentialAction\":[{\"@type\":\"ReadAction\",\"target\":[\"https:\\\/\\\/www.fcejs.unsl.edu.ar\\\/index.php\\\/la-unsl-aprobo-su-calendario-academico-2023\\\/\"]}]},{\"@type\":\"ImageObject\",\"inLanguage\":\"es-AR\",\"@id\":\"https:\\\/\\\/www.fcejs.unsl.edu.ar\\\/index.php\\\/la-unsl-aprobo-su-calendario-academico-2023\\\/#primaryimage\",\"url\":\"https:\\\/\\\/www.fcejs.unsl.edu.ar\\\/wp-content\\\/uploads\\\/2022\\\/12\\\/calendario-rectorado-2023.jpg\",\"contentUrl\":\"https:\\\/\\\/www.fcejs.unsl.edu.ar\\\/wp-content\\\/uploads\\\/2022\\\/12\\\/calendario-rectorado-2023.jpg\",\"width\":1152,\"height\":647},{\"@type\":\"BreadcrumbList\",\"@id\":\"https:\\\/\\\/www.fcejs.unsl.edu.ar\\\/index.php\\\/la-unsl-aprobo-su-calendario-academico-2023\\\/#breadcrumb\",\"itemListElement\":[{\"@type\":\"ListItem\",\"position\":1,\"name\":\"Inicio\",\"item\":\"https:\\\/\\\/www.fcejs.unsl.edu.ar\\\/\"},{\"@type\":\"ListItem\",\"position\":2,\"name\":\"La UNSL aprob\u00f3 su Calendario Acad\u00e9mico 2023\"}]},{\"@type\":\"WebSite\",\"@id\":\"https:\\\/\\\/www.fcejs.unsl.edu.ar\\\/#website\",\"url\":\"https:\\\/\\\/www.fcejs.unsl.edu.ar\\\/\",\"name\":\"Facultad de Ciencias Econ\u00f3micas, Jur\u00ed\u00addicas y Sociales\",\"description\":\"\",\"publisher\":{\"@id\":\"https:\\\/\\\/www.fcejs.unsl.edu.ar\\\/#organization\"},\"potentialAction\":[{\"@type\":\"SearchAction\",\"target\":{\"@type\":\"EntryPoint\",\"urlTemplate\":\"https:\\\/\\\/www.fcejs.unsl.edu.ar\\\/?s={search_term_string}\"},\"query-input\":{\"@type\":\"PropertyValueSpecification\",\"valueRequired\":true,\"valueName\":\"search_term_string\"}}],\"inLanguage\":\"es-AR\"},{\"@type\":\"Organization\",\"@id\":\"https:\\\/\\\/www.fcejs.unsl.edu.ar\\\/#organization\",\"name\":\"Facultad de Ciencias Econ\u00f3micas, Jur\u00eddicas y Sociales\",\"url\":\"https:\\\/\\\/www.fcejs.unsl.edu.ar\\\/\",\"logo\":{\"@type\":\"ImageObject\",\"inLanguage\":\"es-AR\",\"@id\":\"https:\\\/\\\/www.fcejs.unsl.edu.ar\\\/#\\\/schema\\\/logo\\\/image\\\/\",\"url\":\"https:\\\/\\\/www.fcejs.unsl.edu.ar\\\/wp-content\\\/uploads\\\/2021\\\/03\\\/logo-1.jpg\",\"contentUrl\":\"https:\\\/\\\/www.fcejs.unsl.edu.ar\\\/wp-content\\\/uploads\\\/2021\\\/03\\\/logo-1.jpg\",\"width\":471,\"height\":146,\"caption\":\"Facultad de Ciencias Econ\u00f3micas, Jur\u00eddicas y Sociales\"},\"image\":{\"@id\":\"https:\\\/\\\/www.fcejs.unsl.edu.ar\\\/#\\\/schema\\\/logo\\\/image\\\/\"},\"sameAs\":[\"https:\\\/\\\/www.facebook.com\\\/FCEJS.UNSL\\\/\",\"https:\\\/\\\/x.com\\\/FCEJSUNSL\",\"https:\\\/\\\/www.instagram.com\\\/fcejs.unsl\\\/\",\"https:\\\/\\\/www.youtube.com\\\/channel\\\/UCH-Ut6EaN_X5ogjIQMPe46g\\\/\"]},{\"@type\":\"Person\",\"@id\":\"https:\\\/\\\/www.fcejs.unsl.edu.ar\\\/#\\\/schema\\\/person\\\/352ee6ed90c3f394c7cb5945f8956d34\",\"name\":\"DATI\"}]}<\/script>\n<!-- \/ Yoast SEO plugin. -->","yoast_head_json":{"title":"La UNSL aprob\u00f3 su Calendario Acad\u00e9mico 2023 - Facultad de Ciencias Econ\u00f3micas, Jur\u00ed\u00addicas y Sociales","robots":{"index":"index","follow":"follow","max-snippet":"max-snippet:-1","max-image-preview":"max-image-preview:large","max-video-preview":"max-video-preview:-1"},"canonical":"https:\/\/www.fcejs.unsl.edu.ar\/index.php\/la-unsl-aprobo-su-calendario-academico-2023\/","og_locale":"es_ES","og_type":"article","og_title":"La UNSL aprob\u00f3 su Calendario Acad\u00e9mico 2023 - Facultad de Ciencias Econ\u00f3micas, Jur\u00ed\u00addicas y Sociales","og_description":"A trav\u00e9s de la Resoluci\u00f3n Rectoral N\u00ba 2727\/22 se aprob\u00f3 el Calendario Acad\u00e9mico 2023, que cada a\u00f1o propone la Secretar\u00eda Acad\u00e9mica para las actividades acad\u00e9micas&hellip;","og_url":"https:\/\/www.fcejs.unsl.edu.ar\/index.php\/la-unsl-aprobo-su-calendario-academico-2023\/","og_site_name":"Facultad de Ciencias Econ\u00f3micas, Jur\u00ed\u00addicas y Sociales","article_publisher":"https:\/\/www.facebook.com\/FCEJS.UNSL\/","article_published_time":"2022-12-19T14:03:09+00:00","article_modified_time":"2022-12-26T15:12:35+00:00","og_image":[{"width":1152,"height":647,"url":"https:\/\/www.fcejs.unsl.edu.ar\/wp-content\/uploads\/2022\/12\/calendario-rectorado-2023.jpg","type":"image\/jpeg"}],"author":"DATI","twitter_card":"summary_large_image","twitter_creator":"@FCEJSUNSL","twitter_site":"@FCEJSUNSL","twitter_misc":{"Escrito por":"DATI","Tiempo de lectura":"4 minutos"},"schema":{"@context":"https:\/\/schema.org","@graph":[{"@type":"Article","@id":"https:\/\/www.fcejs.unsl.edu.ar\/index.php\/la-unsl-aprobo-su-calendario-academico-2023\/#article","isPartOf":{"@id":"https:\/\/www.fcejs.unsl.edu.ar\/index.php\/la-unsl-aprobo-su-calendario-academico-2023\/"},"author":{"name":"DATI","@id":"https:\/\/www.fcejs.unsl.edu.ar\/#\/schema\/person\/352ee6ed90c3f394c7cb5945f8956d34"},"headline":"La UNSL aprob\u00f3 su Calendario Acad\u00e9mico 2023","datePublished":"2022-12-19T14:03:09+00:00","dateModified":"2022-12-26T15:12:35+00:00","mainEntityOfPage":{"@id":"https:\/\/www.fcejs.unsl.edu.ar\/index.php\/la-unsl-aprobo-su-calendario-academico-2023\/"},"wordCount":789,"publisher":{"@id":"https:\/\/www.fcejs.unsl.edu.ar\/#organization"},"image":{"@id":"https:\/\/www.fcejs.unsl.edu.ar\/index.php\/la-unsl-aprobo-su-calendario-academico-2023\/#primaryimage"},"thumbnailUrl":"https:\/\/www.fcejs.unsl.edu.ar\/wp-content\/uploads\/2022\/12\/calendario-rectorado-2023.jpg","articleSection":["Noticias"],"inLanguage":"es-AR"},{"@type":"WebPage","@id":"https:\/\/www.fcejs.unsl.edu.ar\/index.php\/la-unsl-aprobo-su-calendario-academico-2023\/","url":"https:\/\/www.fcejs.unsl.edu.ar\/index.php\/la-unsl-aprobo-su-calendario-academico-2023\/","name":"La UNSL aprob\u00f3 su Calendario Acad\u00e9mico 2023 - Facultad de Ciencias Econ\u00f3micas, Jur\u00ed\u00addicas y Sociales","isPartOf":{"@id":"https:\/\/www.fcejs.unsl.edu.ar\/#website"},"primaryImageOfPage":{"@id":"https:\/\/www.fcejs.unsl.edu.ar\/index.php\/la-unsl-aprobo-su-calendario-academico-2023\/#primaryimage"},"image":{"@id":"https:\/\/www.fcejs.unsl.edu.ar\/index.php\/la-unsl-aprobo-su-calendario-academico-2023\/#primaryimage"},"thumbnailUrl":"https:\/\/www.fcejs.unsl.edu.ar\/wp-content\/uploads\/2022\/12\/calendario-rectorado-2023.jpg","datePublished":"2022-12-19T14:03:09+00:00","dateModified":"2022-12-26T15:12:35+00:00","breadcrumb":{"@id":"https:\/\/www.fcejs.unsl.edu.ar\/index.php\/la-unsl-aprobo-su-calendario-academico-2023\/#breadcrumb"},"inLanguage":"es-AR","potentialAction":[{"@type":"ReadAction","target":["https:\/\/www.fcejs.unsl.edu.ar\/index.php\/la-unsl-aprobo-su-calendario-academico-2023\/"]}]},{"@type":"ImageObject","inLanguage":"es-AR","@id":"https:\/\/www.fcejs.unsl.edu.ar\/index.php\/la-unsl-aprobo-su-calendario-academico-2023\/#primaryimage","url":"https:\/\/www.fcejs.unsl.edu.ar\/wp-content\/uploads\/2022\/12\/calendario-rectorado-2023.jpg","contentUrl":"https:\/\/www.fcejs.unsl.edu.ar\/wp-content\/uploads\/2022\/12\/calendario-rectorado-2023.jpg","width":1152,"height":647},{"@type":"BreadcrumbList","@id":"https:\/\/www.fcejs.unsl.edu.ar\/index.php\/la-unsl-aprobo-su-calendario-academico-2023\/#breadcrumb","itemListElement":[{"@type":"ListItem","position":1,"name":"Inicio","item":"https:\/\/www.fcejs.unsl.edu.ar\/"},{"@type":"ListItem","position":2,"name":"La UNSL aprob\u00f3 su Calendario Acad\u00e9mico 2023"}]},{"@type":"WebSite","@id":"https:\/\/www.fcejs.unsl.edu.ar\/#website","url":"https:\/\/www.fcejs.unsl.edu.ar\/","name":"Facultad de Ciencias Econ\u00f3micas, Jur\u00ed\u00addicas y Sociales","description":"","publisher":{"@id":"https:\/\/www.fcejs.unsl.edu.ar\/#organization"},"potentialAction":[{"@type":"SearchAction","target":{"@type":"EntryPoint","urlTemplate":"https:\/\/www.fcejs.unsl.edu.ar\/?s={search_term_string}"},"query-input":{"@type":"PropertyValueSpecification","valueRequired":true,"valueName":"search_term_string"}}],"inLanguage":"es-AR"},{"@type":"Organization","@id":"https:\/\/www.fcejs.unsl.edu.ar\/#organization","name":"Facultad de Ciencias Econ\u00f3micas, Jur\u00eddicas y Sociales","url":"https:\/\/www.fcejs.unsl.edu.ar\/","logo":{"@type":"ImageObject","inLanguage":"es-AR","@id":"https:\/\/www.fcejs.unsl.edu.ar\/#\/schema\/logo\/image\/","url":"https:\/\/www.fcejs.unsl.edu.ar\/wp-content\/uploads\/2021\/03\/logo-1.jpg","contentUrl":"https:\/\/www.fcejs.unsl.edu.ar\/wp-content\/uploads\/2021\/03\/logo-1.jpg","width":471,"height":146,"caption":"Facultad de Ciencias Econ\u00f3micas, Jur\u00eddicas y Sociales"},"image":{"@id":"https:\/\/www.fcejs.unsl.edu.ar\/#\/schema\/logo\/image\/"},"sameAs":["https:\/\/www.facebook.com\/FCEJS.UNSL\/","https:\/\/x.com\/FCEJSUNSL","https:\/\/www.instagram.com\/fcejs.unsl\/","https:\/\/www.youtube.com\/channel\/UCH-Ut6EaN_X5ogjIQMPe46g\/"]},{"@type":"Person","@id":"https:\/\/www.fcejs.unsl.edu.ar\/#\/schema\/person\/352ee6ed90c3f394c7cb5945f8956d34","name":"DATI"}]}},"jetpack_featured_media_url":"https:\/\/www.fcejs.unsl.edu.ar\/wp-content\/uploads\/2022\/12\/calendario-rectorado-2023.jpg","_links":{"self":[{"href":"https:\/\/www.fcejs.unsl.edu.ar\/index.php\/wp-json\/wp\/v2\/posts\/10538","targetHints":{"allow":["GET"]}}],"collection":[{"href":"https:\/\/www.fcejs.unsl.edu.ar\/index.php\/wp-json\/wp\/v2\/posts"}],"about":[{"href":"https:\/\/www.fcejs.unsl.edu.ar\/index.php\/wp-json\/wp\/v2\/types\/post"}],"author":[{"embeddable":true,"href":"https:\/\/www.fcejs.unsl.edu.ar\/index.php\/wp-json\/wp\/v2\/users\/9"}],"replies":[{"embeddable":true,"href":"https:\/\/www.fcejs.unsl.edu.ar\/index.php\/wp-json\/wp\/v2\/comments?post=10538"}],"version-history":[{"count":1,"href":"https:\/\/www.fcejs.unsl.edu.ar\/index.php\/wp-json\/wp\/v2\/posts\/10538\/revisions"}],"predecessor-version":[{"id":10540,"href":"https:\/\/www.fcejs.unsl.edu.ar\/index.php\/wp-json\/wp\/v2\/posts\/10538\/revisions\/10540"}],"wp:featuredmedia":[{"embeddable":true,"href":"https:\/\/www.fcejs.unsl.edu.ar\/index.php\/wp-json\/wp\/v2\/media\/10539"}],"wp:attachment":[{"href":"https:\/\/www.fcejs.unsl.edu.ar\/index.php\/wp-json\/wp\/v2\/media?parent=10538"}],"wp:term":[{"taxonomy":"category","embeddable":true,"href":"https:\/\/www.fcejs.unsl.edu.ar\/index.php\/wp-json\/wp\/v2\/categories?post=10538"},{"taxonomy":"post_tag","embeddable":true,"href":"https:\/\/www.fcejs.unsl.edu.ar\/index.php\/wp-json\/wp\/v2\/tags?post=10538"}],"curies":[{"name":"wp","href":"https:\/\/api.w.org\/{rel}","templated":true}]}}