{"id":10528,"date":"2022-12-15T00:07:42","date_gmt":"2022-12-15T03:07:42","guid":{"rendered":"http:\/\/10.101.10.197\/www\/?p=10528"},"modified":"2022-12-16T13:08:09","modified_gmt":"2022-12-16T16:08:09","slug":"fijaron-las-fechas-del-receso-estival-para-la-universidad","status":"publish","type":"post","link":"https:\/\/www.fcejs.unsl.edu.ar\/index.php\/fijaron-las-fechas-del-receso-estival-para-la-universidad\/","title":{"rendered":"Fijaron las fechas del receso estival para la Universidad"},"content":{"rendered":"<p><strong>Del 2 al 31 de enero del 2023 se estableci\u00f3 el per\u00edodo de receso para las actividades de la Universidad Nacional de San Luis (UNSL). Durante dicho per\u00edodo permanecer\u00e1n cerradas las oficinas, a excepci\u00f3n de aquellas que deban atender los servicios imprescindibles, a cuyo efecto dejar\u00e1n guardias m\u00ednimas.<\/strong><\/p>\n<p>Durante el per\u00edodo de receso, el personal nodocente que tuviera que prestar servicios en raz\u00f3n de sus funciones espec\u00edficas, trabajar\u00e1 en horarios y turnos acordados con el responsable de cada sector.<\/p>\n<p>A los efectos de la iniciaci\u00f3n y\/o prosecuci\u00f3n de tr\u00e1mites administrativos y del correspondiente c\u00f3mputo de los plazos previstos en las pertinentes reglamentaciones, se establece como per\u00edodo calendario inh\u00e1bil del 2 al 31 de enero.<\/p>\n<p>Para los tr\u00e1mites relacionados a contrataciones, compras y construcciones, se suspender\u00e1n los plazos administrativos en el per\u00edodo estival; no as\u00ed los plazos de ejecuci\u00f3n de obra ni las obligaciones asumidas en consecuencia, estableci\u00e9ndose la comunicaci\u00f3n entre las partes en dicho per\u00edodo solamente por intermedio de la Inspecci\u00f3n de obra.<\/p>\n<p>El\u00a0<strong>personal nodocente<\/strong>\u00a0har\u00e1 uso de la Licencia Anual Ordinaria a partir del 2 de enero del 2023, conforme el plan de vacaciones seg\u00fan lo establece el Convenio Colectivo de Trabajo, Decreto 366\/06, con excepci\u00f3n de los agentes que deban cumplir las guardias imprescindibles.<\/p>\n<p>El\u00a0<strong>personal docente<\/strong>\u00a0har\u00e1 uso de la Licencia Anual Ordinaria a partir del 2 de enero del 2023, de acuerdo con su antig\u00fcedad de revista y en los t\u00e9rminos del Convenio Colectivo de Trabajo, Decreto 1246\/15, la Ordenanza CS 18\/2010 y la Ordenanza CS 41\/2017.<\/p>\n<p><a href=\"http:\/\/www.noticias.unsl.edu.ar\/wp-content\/uploads\/2022\/12\/RR-2768-22-RECESO-ESTIVAL.pdf\">Resoluci\u00f3n 2768\/22<\/a><\/p>\n<p>&nbsp;<\/p>\n<p><strong>FUENTE: PRENSA RECTORADO<\/strong><\/p>\n","protected":false},"excerpt":{"rendered":"<p>Del 2 al 31 de enero del 2023 se estableci\u00f3 el per\u00edodo de receso para las actividades de la Universidad Nacional de San Luis (UNSL).&hellip;<\/p>\n","protected":false},"author":9,"featured_media":10529,"comment_status":"closed","ping_status":"closed","sticky":false,"template":"","format":"standard","meta":{"om_disable_all_campaigns":false,"_monsterinsights_skip_tracking":false,"_monsterinsights_sitenote_active":false,"_monsterinsights_sitenote_note":"","_monsterinsights_sitenote_category":0,"footnotes":""},"categories":[1],"tags":[],"class_list":["post-10528","post","type-post","status-publish","format-standard","has-post-thumbnail","hentry","category-noticias"],"yoast_head":"<!-- This site is optimized with the Yoast SEO plugin v27.4 - https:\/\/yoast.com\/product\/yoast-seo-wordpress\/ -->\n<title>Fijaron las fechas del receso estival para la Universidad - Facultad de Ciencias Econ\u00f3micas, Jur\u00ed\u00addicas y Sociales<\/title>\n<meta name=\"robots\" content=\"index, follow, max-snippet:-1, max-image-preview:large, max-video-preview:-1\" \/>\n<link rel=\"canonical\" href=\"https:\/\/www.fcejs.unsl.edu.ar\/index.php\/fijaron-las-fechas-del-receso-estival-para-la-universidad\/\" \/>\n<meta property=\"og:locale\" content=\"es_ES\" \/>\n<meta property=\"og:type\" content=\"article\" \/>\n<meta property=\"og:title\" content=\"Fijaron las fechas del receso estival para la Universidad - Facultad de Ciencias Econ\u00f3micas, Jur\u00ed\u00addicas y Sociales\" \/>\n<meta property=\"og:description\" content=\"Del 2 al 31 de enero del 2023 se estableci\u00f3 el per\u00edodo de receso para las actividades de la Universidad Nacional de San Luis (UNSL).&hellip;\" \/>\n<meta property=\"og:url\" content=\"https:\/\/www.fcejs.unsl.edu.ar\/index.php\/fijaron-las-fechas-del-receso-estival-para-la-universidad\/\" \/>\n<meta property=\"og:site_name\" content=\"Facultad de Ciencias Econ\u00f3micas, Jur\u00ed\u00addicas y Sociales\" \/>\n<meta property=\"article:publisher\" content=\"https:\/\/www.facebook.com\/FCEJS.UNSL\/\" \/>\n<meta property=\"article:published_time\" content=\"2022-12-15T03:07:42+00:00\" \/>\n<meta property=\"article:modified_time\" content=\"2022-12-16T16:08:09+00:00\" \/>\n<meta property=\"og:image\" content=\"https:\/\/www.fcejs.unsl.edu.ar\/wp-content\/uploads\/2022\/12\/210303-Bibioteca-Rectorado-3er-Bloque-Altura-22-6-1000x600-1.jpg\" \/>\n\t<meta property=\"og:image:width\" content=\"1000\" \/>\n\t<meta property=\"og:image:height\" content=\"600\" \/>\n\t<meta property=\"og:image:type\" content=\"image\/jpeg\" \/>\n<meta name=\"author\" content=\"DATI\" \/>\n<meta name=\"twitter:card\" content=\"summary_large_image\" \/>\n<meta name=\"twitter:creator\" content=\"@FCEJSUNSL\" \/>\n<meta name=\"twitter:site\" content=\"@FCEJSUNSL\" \/>\n<meta name=\"twitter:label1\" content=\"Escrito por\" \/>\n\t<meta name=\"twitter:data1\" content=\"DATI\" \/>\n<script type=\"application\/ld+json\" class=\"yoast-schema-graph\">{\"@context\":\"https:\\\/\\\/schema.org\",\"@graph\":[{\"@type\":\"Article\",\"@id\":\"https:\\\/\\\/www.fcejs.unsl.edu.ar\\\/index.php\\\/fijaron-las-fechas-del-receso-estival-para-la-universidad\\\/#article\",\"isPartOf\":{\"@id\":\"https:\\\/\\\/www.fcejs.unsl.edu.ar\\\/index.php\\\/fijaron-las-fechas-del-receso-estival-para-la-universidad\\\/\"},\"author\":{\"name\":\"DATI\",\"@id\":\"https:\\\/\\\/www.fcejs.unsl.edu.ar\\\/#\\\/schema\\\/person\\\/352ee6ed90c3f394c7cb5945f8956d34\"},\"headline\":\"Fijaron las fechas del receso estival para la Universidad\",\"datePublished\":\"2022-12-15T03:07:42+00:00\",\"dateModified\":\"2022-12-16T16:08:09+00:00\",\"mainEntityOfPage\":{\"@id\":\"https:\\\/\\\/www.fcejs.unsl.edu.ar\\\/index.php\\\/fijaron-las-fechas-del-receso-estival-para-la-universidad\\\/\"},\"wordCount\":282,\"publisher\":{\"@id\":\"https:\\\/\\\/www.fcejs.unsl.edu.ar\\\/#organization\"},\"image\":{\"@id\":\"https:\\\/\\\/www.fcejs.unsl.edu.ar\\\/index.php\\\/fijaron-las-fechas-del-receso-estival-para-la-universidad\\\/#primaryimage\"},\"thumbnailUrl\":\"https:\\\/\\\/www.fcejs.unsl.edu.ar\\\/wp-content\\\/uploads\\\/2022\\\/12\\\/210303-Bibioteca-Rectorado-3er-Bloque-Altura-22-6-1000x600-1.jpg\",\"articleSection\":[\"Noticias\"],\"inLanguage\":\"es-AR\"},{\"@type\":\"WebPage\",\"@id\":\"https:\\\/\\\/www.fcejs.unsl.edu.ar\\\/index.php\\\/fijaron-las-fechas-del-receso-estival-para-la-universidad\\\/\",\"url\":\"https:\\\/\\\/www.fcejs.unsl.edu.ar\\\/index.php\\\/fijaron-las-fechas-del-receso-estival-para-la-universidad\\\/\",\"name\":\"Fijaron las fechas del receso estival para la Universidad - Facultad de Ciencias Econ\u00f3micas, Jur\u00ed\u00addicas y Sociales\",\"isPartOf\":{\"@id\":\"https:\\\/\\\/www.fcejs.unsl.edu.ar\\\/#website\"},\"primaryImageOfPage\":{\"@id\":\"https:\\\/\\\/www.fcejs.unsl.edu.ar\\\/index.php\\\/fijaron-las-fechas-del-receso-estival-para-la-universidad\\\/#primaryimage\"},\"image\":{\"@id\":\"https:\\\/\\\/www.fcejs.unsl.edu.ar\\\/index.php\\\/fijaron-las-fechas-del-receso-estival-para-la-universidad\\\/#primaryimage\"},\"thumbnailUrl\":\"https:\\\/\\\/www.fcejs.unsl.edu.ar\\\/wp-content\\\/uploads\\\/2022\\\/12\\\/210303-Bibioteca-Rectorado-3er-Bloque-Altura-22-6-1000x600-1.jpg\",\"datePublished\":\"2022-12-15T03:07:42+00:00\",\"dateModified\":\"2022-12-16T16:08:09+00:00\",\"breadcrumb\":{\"@id\":\"https:\\\/\\\/www.fcejs.unsl.edu.ar\\\/index.php\\\/fijaron-las-fechas-del-receso-estival-para-la-universidad\\\/#breadcrumb\"},\"inLanguage\":\"es-AR\",\"potentialAction\":[{\"@type\":\"ReadAction\",\"target\":[\"https:\\\/\\\/www.fcejs.unsl.edu.ar\\\/index.php\\\/fijaron-las-fechas-del-receso-estival-para-la-universidad\\\/\"]}]},{\"@type\":\"ImageObject\",\"inLanguage\":\"es-AR\",\"@id\":\"https:\\\/\\\/www.fcejs.unsl.edu.ar\\\/index.php\\\/fijaron-las-fechas-del-receso-estival-para-la-universidad\\\/#primaryimage\",\"url\":\"https:\\\/\\\/www.fcejs.unsl.edu.ar\\\/wp-content\\\/uploads\\\/2022\\\/12\\\/210303-Bibioteca-Rectorado-3er-Bloque-Altura-22-6-1000x600-1.jpg\",\"contentUrl\":\"https:\\\/\\\/www.fcejs.unsl.edu.ar\\\/wp-content\\\/uploads\\\/2022\\\/12\\\/210303-Bibioteca-Rectorado-3er-Bloque-Altura-22-6-1000x600-1.jpg\",\"width\":1000,\"height\":600},{\"@type\":\"BreadcrumbList\",\"@id\":\"https:\\\/\\\/www.fcejs.unsl.edu.ar\\\/index.php\\\/fijaron-las-fechas-del-receso-estival-para-la-universidad\\\/#breadcrumb\",\"itemListElement\":[{\"@type\":\"ListItem\",\"position\":1,\"name\":\"Inicio\",\"item\":\"https:\\\/\\\/www.fcejs.unsl.edu.ar\\\/\"},{\"@type\":\"ListItem\",\"position\":2,\"name\":\"Fijaron las fechas del receso estival para la Universidad\"}]},{\"@type\":\"WebSite\",\"@id\":\"https:\\\/\\\/www.fcejs.unsl.edu.ar\\\/#website\",\"url\":\"https:\\\/\\\/www.fcejs.unsl.edu.ar\\\/\",\"name\":\"Facultad de Ciencias Econ\u00f3micas, Jur\u00ed\u00addicas y Sociales\",\"description\":\"\",\"publisher\":{\"@id\":\"https:\\\/\\\/www.fcejs.unsl.edu.ar\\\/#organization\"},\"potentialAction\":[{\"@type\":\"SearchAction\",\"target\":{\"@type\":\"EntryPoint\",\"urlTemplate\":\"https:\\\/\\\/www.fcejs.unsl.edu.ar\\\/?s={search_term_string}\"},\"query-input\":{\"@type\":\"PropertyValueSpecification\",\"valueRequired\":true,\"valueName\":\"search_term_string\"}}],\"inLanguage\":\"es-AR\"},{\"@type\":\"Organization\",\"@id\":\"https:\\\/\\\/www.fcejs.unsl.edu.ar\\\/#organization\",\"name\":\"Facultad de Ciencias Econ\u00f3micas, Jur\u00eddicas y Sociales\",\"url\":\"https:\\\/\\\/www.fcejs.unsl.edu.ar\\\/\",\"logo\":{\"@type\":\"ImageObject\",\"inLanguage\":\"es-AR\",\"@id\":\"https:\\\/\\\/www.fcejs.unsl.edu.ar\\\/#\\\/schema\\\/logo\\\/image\\\/\",\"url\":\"https:\\\/\\\/www.fcejs.unsl.edu.ar\\\/wp-content\\\/uploads\\\/2021\\\/03\\\/logo-1.jpg\",\"contentUrl\":\"https:\\\/\\\/www.fcejs.unsl.edu.ar\\\/wp-content\\\/uploads\\\/2021\\\/03\\\/logo-1.jpg\",\"width\":471,\"height\":146,\"caption\":\"Facultad de Ciencias Econ\u00f3micas, Jur\u00eddicas y Sociales\"},\"image\":{\"@id\":\"https:\\\/\\\/www.fcejs.unsl.edu.ar\\\/#\\\/schema\\\/logo\\\/image\\\/\"},\"sameAs\":[\"https:\\\/\\\/www.facebook.com\\\/FCEJS.UNSL\\\/\",\"https:\\\/\\\/x.com\\\/FCEJSUNSL\",\"https:\\\/\\\/www.instagram.com\\\/fcejs.unsl\\\/\",\"https:\\\/\\\/www.youtube.com\\\/channel\\\/UCH-Ut6EaN_X5ogjIQMPe46g\\\/\"]},{\"@type\":\"Person\",\"@id\":\"https:\\\/\\\/www.fcejs.unsl.edu.ar\\\/#\\\/schema\\\/person\\\/352ee6ed90c3f394c7cb5945f8956d34\",\"name\":\"DATI\"}]}<\/script>\n<!-- \/ Yoast SEO plugin. -->","yoast_head_json":{"title":"Fijaron las fechas del receso estival para la Universidad - Facultad de Ciencias Econ\u00f3micas, Jur\u00ed\u00addicas y Sociales","robots":{"index":"index","follow":"follow","max-snippet":"max-snippet:-1","max-image-preview":"max-image-preview:large","max-video-preview":"max-video-preview:-1"},"canonical":"https:\/\/www.fcejs.unsl.edu.ar\/index.php\/fijaron-las-fechas-del-receso-estival-para-la-universidad\/","og_locale":"es_ES","og_type":"article","og_title":"Fijaron las fechas del receso estival para la Universidad - Facultad de Ciencias Econ\u00f3micas, Jur\u00ed\u00addicas y Sociales","og_description":"Del 2 al 31 de enero del 2023 se estableci\u00f3 el per\u00edodo de receso para las actividades de la Universidad Nacional de San Luis (UNSL).&hellip;","og_url":"https:\/\/www.fcejs.unsl.edu.ar\/index.php\/fijaron-las-fechas-del-receso-estival-para-la-universidad\/","og_site_name":"Facultad de Ciencias Econ\u00f3micas, Jur\u00ed\u00addicas y Sociales","article_publisher":"https:\/\/www.facebook.com\/FCEJS.UNSL\/","article_published_time":"2022-12-15T03:07:42+00:00","article_modified_time":"2022-12-16T16:08:09+00:00","og_image":[{"width":1000,"height":600,"url":"https:\/\/www.fcejs.unsl.edu.ar\/wp-content\/uploads\/2022\/12\/210303-Bibioteca-Rectorado-3er-Bloque-Altura-22-6-1000x600-1.jpg","type":"image\/jpeg"}],"author":"DATI","twitter_card":"summary_large_image","twitter_creator":"@FCEJSUNSL","twitter_site":"@FCEJSUNSL","twitter_misc":{"Escrito por":"DATI"},"schema":{"@context":"https:\/\/schema.org","@graph":[{"@type":"Article","@id":"https:\/\/www.fcejs.unsl.edu.ar\/index.php\/fijaron-las-fechas-del-receso-estival-para-la-universidad\/#article","isPartOf":{"@id":"https:\/\/www.fcejs.unsl.edu.ar\/index.php\/fijaron-las-fechas-del-receso-estival-para-la-universidad\/"},"author":{"name":"DATI","@id":"https:\/\/www.fcejs.unsl.edu.ar\/#\/schema\/person\/352ee6ed90c3f394c7cb5945f8956d34"},"headline":"Fijaron las fechas del receso estival para la Universidad","datePublished":"2022-12-15T03:07:42+00:00","dateModified":"2022-12-16T16:08:09+00:00","mainEntityOfPage":{"@id":"https:\/\/www.fcejs.unsl.edu.ar\/index.php\/fijaron-las-fechas-del-receso-estival-para-la-universidad\/"},"wordCount":282,"publisher":{"@id":"https:\/\/www.fcejs.unsl.edu.ar\/#organization"},"image":{"@id":"https:\/\/www.fcejs.unsl.edu.ar\/index.php\/fijaron-las-fechas-del-receso-estival-para-la-universidad\/#primaryimage"},"thumbnailUrl":"https:\/\/www.fcejs.unsl.edu.ar\/wp-content\/uploads\/2022\/12\/210303-Bibioteca-Rectorado-3er-Bloque-Altura-22-6-1000x600-1.jpg","articleSection":["Noticias"],"inLanguage":"es-AR"},{"@type":"WebPage","@id":"https:\/\/www.fcejs.unsl.edu.ar\/index.php\/fijaron-las-fechas-del-receso-estival-para-la-universidad\/","url":"https:\/\/www.fcejs.unsl.edu.ar\/index.php\/fijaron-las-fechas-del-receso-estival-para-la-universidad\/","name":"Fijaron las fechas del receso estival para la Universidad - Facultad de Ciencias Econ\u00f3micas, Jur\u00ed\u00addicas y Sociales","isPartOf":{"@id":"https:\/\/www.fcejs.unsl.edu.ar\/#website"},"primaryImageOfPage":{"@id":"https:\/\/www.fcejs.unsl.edu.ar\/index.php\/fijaron-las-fechas-del-receso-estival-para-la-universidad\/#primaryimage"},"image":{"@id":"https:\/\/www.fcejs.unsl.edu.ar\/index.php\/fijaron-las-fechas-del-receso-estival-para-la-universidad\/#primaryimage"},"thumbnailUrl":"https:\/\/www.fcejs.unsl.edu.ar\/wp-content\/uploads\/2022\/12\/210303-Bibioteca-Rectorado-3er-Bloque-Altura-22-6-1000x600-1.jpg","datePublished":"2022-12-15T03:07:42+00:00","dateModified":"2022-12-16T16:08:09+00:00","breadcrumb":{"@id":"https:\/\/www.fcejs.unsl.edu.ar\/index.php\/fijaron-las-fechas-del-receso-estival-para-la-universidad\/#breadcrumb"},"inLanguage":"es-AR","potentialAction":[{"@type":"ReadAction","target":["https:\/\/www.fcejs.unsl.edu.ar\/index.php\/fijaron-las-fechas-del-receso-estival-para-la-universidad\/"]}]},{"@type":"ImageObject","inLanguage":"es-AR","@id":"https:\/\/www.fcejs.unsl.edu.ar\/index.php\/fijaron-las-fechas-del-receso-estival-para-la-universidad\/#primaryimage","url":"https:\/\/www.fcejs.unsl.edu.ar\/wp-content\/uploads\/2022\/12\/210303-Bibioteca-Rectorado-3er-Bloque-Altura-22-6-1000x600-1.jpg","contentUrl":"https:\/\/www.fcejs.unsl.edu.ar\/wp-content\/uploads\/2022\/12\/210303-Bibioteca-Rectorado-3er-Bloque-Altura-22-6-1000x600-1.jpg","width":1000,"height":600},{"@type":"BreadcrumbList","@id":"https:\/\/www.fcejs.unsl.edu.ar\/index.php\/fijaron-las-fechas-del-receso-estival-para-la-universidad\/#breadcrumb","itemListElement":[{"@type":"ListItem","position":1,"name":"Inicio","item":"https:\/\/www.fcejs.unsl.edu.ar\/"},{"@type":"ListItem","position":2,"name":"Fijaron las fechas del receso estival para la Universidad"}]},{"@type":"WebSite","@id":"https:\/\/www.fcejs.unsl.edu.ar\/#website","url":"https:\/\/www.fcejs.unsl.edu.ar\/","name":"Facultad de Ciencias Econ\u00f3micas, Jur\u00ed\u00addicas y Sociales","description":"","publisher":{"@id":"https:\/\/www.fcejs.unsl.edu.ar\/#organization"},"potentialAction":[{"@type":"SearchAction","target":{"@type":"EntryPoint","urlTemplate":"https:\/\/www.fcejs.unsl.edu.ar\/?s={search_term_string}"},"query-input":{"@type":"PropertyValueSpecification","valueRequired":true,"valueName":"search_term_string"}}],"inLanguage":"es-AR"},{"@type":"Organization","@id":"https:\/\/www.fcejs.unsl.edu.ar\/#organization","name":"Facultad de Ciencias Econ\u00f3micas, Jur\u00eddicas y Sociales","url":"https:\/\/www.fcejs.unsl.edu.ar\/","logo":{"@type":"ImageObject","inLanguage":"es-AR","@id":"https:\/\/www.fcejs.unsl.edu.ar\/#\/schema\/logo\/image\/","url":"https:\/\/www.fcejs.unsl.edu.ar\/wp-content\/uploads\/2021\/03\/logo-1.jpg","contentUrl":"https:\/\/www.fcejs.unsl.edu.ar\/wp-content\/uploads\/2021\/03\/logo-1.jpg","width":471,"height":146,"caption":"Facultad de Ciencias Econ\u00f3micas, Jur\u00eddicas y Sociales"},"image":{"@id":"https:\/\/www.fcejs.unsl.edu.ar\/#\/schema\/logo\/image\/"},"sameAs":["https:\/\/www.facebook.com\/FCEJS.UNSL\/","https:\/\/x.com\/FCEJSUNSL","https:\/\/www.instagram.com\/fcejs.unsl\/","https:\/\/www.youtube.com\/channel\/UCH-Ut6EaN_X5ogjIQMPe46g\/"]},{"@type":"Person","@id":"https:\/\/www.fcejs.unsl.edu.ar\/#\/schema\/person\/352ee6ed90c3f394c7cb5945f8956d34","name":"DATI"}]}},"jetpack_featured_media_url":"https:\/\/www.fcejs.unsl.edu.ar\/wp-content\/uploads\/2022\/12\/210303-Bibioteca-Rectorado-3er-Bloque-Altura-22-6-1000x600-1.jpg","_links":{"self":[{"href":"https:\/\/www.fcejs.unsl.edu.ar\/index.php\/wp-json\/wp\/v2\/posts\/10528","targetHints":{"allow":["GET"]}}],"collection":[{"href":"https:\/\/www.fcejs.unsl.edu.ar\/index.php\/wp-json\/wp\/v2\/posts"}],"about":[{"href":"https:\/\/www.fcejs.unsl.edu.ar\/index.php\/wp-json\/wp\/v2\/types\/post"}],"author":[{"embeddable":true,"href":"https:\/\/www.fcejs.unsl.edu.ar\/index.php\/wp-json\/wp\/v2\/users\/9"}],"replies":[{"embeddable":true,"href":"https:\/\/www.fcejs.unsl.edu.ar\/index.php\/wp-json\/wp\/v2\/comments?post=10528"}],"version-history":[{"count":1,"href":"https:\/\/www.fcejs.unsl.edu.ar\/index.php\/wp-json\/wp\/v2\/posts\/10528\/revisions"}],"predecessor-version":[{"id":10530,"href":"https:\/\/www.fcejs.unsl.edu.ar\/index.php\/wp-json\/wp\/v2\/posts\/10528\/revisions\/10530"}],"wp:featuredmedia":[{"embeddable":true,"href":"https:\/\/www.fcejs.unsl.edu.ar\/index.php\/wp-json\/wp\/v2\/media\/10529"}],"wp:attachment":[{"href":"https:\/\/www.fcejs.unsl.edu.ar\/index.php\/wp-json\/wp\/v2\/media?parent=10528"}],"wp:term":[{"taxonomy":"category","embeddable":true,"href":"https:\/\/www.fcejs.unsl.edu.ar\/index.php\/wp-json\/wp\/v2\/categories?post=10528"},{"taxonomy":"post_tag","embeddable":true,"href":"https:\/\/www.fcejs.unsl.edu.ar\/index.php\/wp-json\/wp\/v2\/tags?post=10528"}],"curies":[{"name":"wp","href":"https:\/\/api.w.org\/{rel}","templated":true}]}}