{"id":10504,"date":"2022-12-15T10:03:18","date_gmt":"2022-12-15T13:03:18","guid":{"rendered":"http:\/\/10.101.10.197\/www\/?p=10504"},"modified":"2022-12-15T10:03:18","modified_gmt":"2022-12-15T13:03:18","slug":"fue-presentado-el-manual-administracion-de-recursos-humanos-perspectiva-academica-y-practica-profesional","status":"publish","type":"post","link":"https:\/\/www.fcejs.unsl.edu.ar\/index.php\/fue-presentado-el-manual-administracion-de-recursos-humanos-perspectiva-academica-y-practica-profesional\/","title":{"rendered":"Fue presentado el manual \u201cAdministraci\u00f3n de Recursos Humanos, Perspectiva Acad\u00e9mica y Pr\u00e1ctica Profesional\u201d"},"content":{"rendered":"<p>En el marco de las <strong>XXIV Jornadas de la Asociaci\u00f3n de Profesores Universitarios de la Argentina de Recursos Humano<\/strong>s (APUARH), realizadas en la Universidad Nacional del Centro (Tandil), el pasado mes de noviembre se present\u00f3 el <strong>Manual \u201cAdministraci\u00f3n de Recursos Humanos, Perspectiva Acad\u00e9mica y Pr\u00e1ctica Profesional\u201d.<\/strong><\/p>\n<p>En esta presentaci\u00f3n, participaron como expositoras por la<strong> UNSL, la Lic. \u00c9rica Alan\u00eds, la Lic. Noelia Degiorgi, la Srta. Giuliana Civalero y la Mgtr. Ver\u00f3nica Lucero.<\/strong><\/p>\n<p>Este manual fue realizado de manera conjunta, durante la Pandemia 2020\/2021 por las Universidades de: Universidad Nacional del Litoral, Universidad Nacional del Centro, Universidad Nacional de Tucum\u00e1n, Universidad Nacional de R\u00edo Cuarto, Universidad Nacional del Sur, Universidad Nacional de Mar del Plata, Universidad Nacional de San Luis, Universidad Nacional de San Mart\u00edn, Universidad Nacional de Lomas de Zamora y Universidad Cat\u00f3lica de La Plata.<\/p>\n<p>Docentes de estas universidades elaboraron los 14 cap\u00edtulos del manual, como un aporte a las C\u00e1tedras de RRHH de las cuales somos parte en cada Alta Casa de Estudios.<\/p>\n<p>El Manual \u201cAdministraci\u00f3n de Recursos Humanos, Perspectiva Acad\u00e9mica y Pr\u00e1ctica Profesional\u201d, fue editado por la Universidad Nacional del Sur (Editorial EDIUNS), con sede en la ciudad de Bah\u00eda Blanca, en versi\u00f3n digital, con n\u00famero de ISBN: 978-987-655-311-7.\u201d<\/p>\n<p>Acorde a la sinopsis, a trav\u00e9s de las p\u00e1ginas de este libro, el lector podr\u00e1 obtener un actualizado panorama de las herramientas con que hoy se cuenta en la gesti\u00f3n de Recursos humanos; los cap\u00edtulos, redactados por especialistas en cada tema, recorren aspectos espec\u00ed\ufb01cos del sistema de gesti\u00f3n del \u00e1rea. As\u00ed, una aproximaci\u00f3n al mundo de la estrategia y al proceso de gesti\u00f3n de la misma en los Recursos Humanos, proporciona el adecuado marco para el resto de la obra en tanto explicita el enfoque estrat\u00e9gico con el que se aborda la disciplina. De manera especial se focalizan los procesos de gesti\u00f3n vinculados al ingreso, retenci\u00f3n y desarrollo de los recursos humanos; tambi\u00e9n se tratan otros contenidos relevantes como son los referidos a las relaciones laborales y los procesos de negociaci\u00f3n atendiendo a la normativa de Argentina as\u00ed como tem\u00e1ticas de estricta actualidad tales como el enfoque de competencias y gesti\u00f3n de la diversidad, entre otras. A manera de cierre se reflexiona sobre el papel de la ense\u00f1anza de la \u00e9tica en las organizaciones y, en particular, en la gesti\u00f3n de los recursos humanos, con la idea de ense\u00f1ar a razonar y expresar un pensamiento cr\u00edtico.<\/p>\n<p>Aquellos interesados en adquirir el manual, en formato ebook, ingresar al siguiente enlace:<\/p>\n<h3 style=\"text-align: center;\"><strong><a href=\"https:\/\/ediuns.com.ar\/producto\/administracion-de-recursos-humanos-perspectiva-academica-y-practica-profesional\/\" target=\"_blank\" rel=\"noopener\">Manual \u201cAdministraci\u00f3n de Recursos Humanos, Perspectiva Acad\u00e9mica y Pr\u00e1ctica Profesional\u201d<\/a><\/strong><\/h3>\n","protected":false},"excerpt":{"rendered":"<p>En el marco de las XXIV Jornadas de la Asociaci\u00f3n de Profesores Universitarios de la Argentina de Recursos Humanos (APUARH), realizadas en la Universidad Nacional&hellip;<\/p>\n","protected":false},"author":9,"featured_media":10505,"comment_status":"closed","ping_status":"closed","sticky":false,"template":"","format":"standard","meta":{"om_disable_all_campaigns":false,"_monsterinsights_skip_tracking":false,"_monsterinsights_sitenote_active":false,"_monsterinsights_sitenote_note":"","_monsterinsights_sitenote_category":0,"footnotes":""},"categories":[1],"tags":[],"class_list":["post-10504","post","type-post","status-publish","format-standard","has-post-thumbnail","hentry","category-noticias"],"yoast_head":"<!-- This site is optimized with the Yoast SEO plugin v27.4 - https:\/\/yoast.com\/product\/yoast-seo-wordpress\/ -->\n<title>Fue presentado el manual \u201cAdministraci\u00f3n de Recursos Humanos, Perspectiva Acad\u00e9mica y Pr\u00e1ctica Profesional\u201d - Facultad de Ciencias Econ\u00f3micas, Jur\u00ed\u00addicas y Sociales<\/title>\n<meta name=\"robots\" content=\"index, follow, max-snippet:-1, max-image-preview:large, max-video-preview:-1\" \/>\n<link rel=\"canonical\" href=\"https:\/\/www.fcejs.unsl.edu.ar\/index.php\/fue-presentado-el-manual-administracion-de-recursos-humanos-perspectiva-academica-y-practica-profesional\/\" \/>\n<meta property=\"og:locale\" content=\"es_ES\" \/>\n<meta property=\"og:type\" content=\"article\" \/>\n<meta property=\"og:title\" content=\"Fue presentado el manual \u201cAdministraci\u00f3n de Recursos Humanos, Perspectiva Acad\u00e9mica y Pr\u00e1ctica Profesional\u201d - Facultad de Ciencias Econ\u00f3micas, Jur\u00ed\u00addicas y Sociales\" \/>\n<meta property=\"og:description\" content=\"En el marco de las XXIV Jornadas de la Asociaci\u00f3n de Profesores Universitarios de la Argentina de Recursos Humanos (APUARH), realizadas en la Universidad Nacional&hellip;\" \/>\n<meta property=\"og:url\" content=\"https:\/\/www.fcejs.unsl.edu.ar\/index.php\/fue-presentado-el-manual-administracion-de-recursos-humanos-perspectiva-academica-y-practica-profesional\/\" \/>\n<meta property=\"og:site_name\" content=\"Facultad de Ciencias Econ\u00f3micas, Jur\u00ed\u00addicas y Sociales\" \/>\n<meta property=\"article:publisher\" content=\"https:\/\/www.facebook.com\/FCEJS.UNSL\/\" \/>\n<meta property=\"article:published_time\" content=\"2022-12-15T13:03:18+00:00\" \/>\n<meta property=\"og:image\" content=\"https:\/\/www.fcejs.unsl.edu.ar\/wp-content\/uploads\/2022\/12\/tapa-manual.jpg\" \/>\n\t<meta property=\"og:image:width\" content=\"1152\" \/>\n\t<meta property=\"og:image:height\" content=\"647\" \/>\n\t<meta property=\"og:image:type\" content=\"image\/jpeg\" \/>\n<meta name=\"author\" content=\"DATI\" \/>\n<meta name=\"twitter:card\" content=\"summary_large_image\" \/>\n<meta name=\"twitter:creator\" content=\"@FCEJSUNSL\" \/>\n<meta name=\"twitter:site\" content=\"@FCEJSUNSL\" \/>\n<meta name=\"twitter:label1\" content=\"Escrito por\" \/>\n\t<meta name=\"twitter:data1\" content=\"DATI\" \/>\n\t<meta name=\"twitter:label2\" content=\"Tiempo de lectura\" \/>\n\t<meta name=\"twitter:data2\" content=\"2 minutos\" \/>\n<script type=\"application\/ld+json\" class=\"yoast-schema-graph\">{\"@context\":\"https:\\\/\\\/schema.org\",\"@graph\":[{\"@type\":\"Article\",\"@id\":\"https:\\\/\\\/www.fcejs.unsl.edu.ar\\\/index.php\\\/fue-presentado-el-manual-administracion-de-recursos-humanos-perspectiva-academica-y-practica-profesional\\\/#article\",\"isPartOf\":{\"@id\":\"https:\\\/\\\/www.fcejs.unsl.edu.ar\\\/index.php\\\/fue-presentado-el-manual-administracion-de-recursos-humanos-perspectiva-academica-y-practica-profesional\\\/\"},\"author\":{\"name\":\"DATI\",\"@id\":\"https:\\\/\\\/www.fcejs.unsl.edu.ar\\\/#\\\/schema\\\/person\\\/352ee6ed90c3f394c7cb5945f8956d34\"},\"headline\":\"Fue presentado el manual \u201cAdministraci\u00f3n de Recursos Humanos, Perspectiva Acad\u00e9mica y Pr\u00e1ctica Profesional\u201d\",\"datePublished\":\"2022-12-15T13:03:18+00:00\",\"mainEntityOfPage\":{\"@id\":\"https:\\\/\\\/www.fcejs.unsl.edu.ar\\\/index.php\\\/fue-presentado-el-manual-administracion-de-recursos-humanos-perspectiva-academica-y-practica-profesional\\\/\"},\"wordCount\":479,\"publisher\":{\"@id\":\"https:\\\/\\\/www.fcejs.unsl.edu.ar\\\/#organization\"},\"image\":{\"@id\":\"https:\\\/\\\/www.fcejs.unsl.edu.ar\\\/index.php\\\/fue-presentado-el-manual-administracion-de-recursos-humanos-perspectiva-academica-y-practica-profesional\\\/#primaryimage\"},\"thumbnailUrl\":\"https:\\\/\\\/www.fcejs.unsl.edu.ar\\\/wp-content\\\/uploads\\\/2022\\\/12\\\/tapa-manual.jpg\",\"articleSection\":[\"Noticias\"],\"inLanguage\":\"es-AR\"},{\"@type\":\"WebPage\",\"@id\":\"https:\\\/\\\/www.fcejs.unsl.edu.ar\\\/index.php\\\/fue-presentado-el-manual-administracion-de-recursos-humanos-perspectiva-academica-y-practica-profesional\\\/\",\"url\":\"https:\\\/\\\/www.fcejs.unsl.edu.ar\\\/index.php\\\/fue-presentado-el-manual-administracion-de-recursos-humanos-perspectiva-academica-y-practica-profesional\\\/\",\"name\":\"Fue presentado el manual \u201cAdministraci\u00f3n de Recursos Humanos, Perspectiva Acad\u00e9mica y Pr\u00e1ctica Profesional\u201d - Facultad de Ciencias Econ\u00f3micas, Jur\u00ed\u00addicas y Sociales\",\"isPartOf\":{\"@id\":\"https:\\\/\\\/www.fcejs.unsl.edu.ar\\\/#website\"},\"primaryImageOfPage\":{\"@id\":\"https:\\\/\\\/www.fcejs.unsl.edu.ar\\\/index.php\\\/fue-presentado-el-manual-administracion-de-recursos-humanos-perspectiva-academica-y-practica-profesional\\\/#primaryimage\"},\"image\":{\"@id\":\"https:\\\/\\\/www.fcejs.unsl.edu.ar\\\/index.php\\\/fue-presentado-el-manual-administracion-de-recursos-humanos-perspectiva-academica-y-practica-profesional\\\/#primaryimage\"},\"thumbnailUrl\":\"https:\\\/\\\/www.fcejs.unsl.edu.ar\\\/wp-content\\\/uploads\\\/2022\\\/12\\\/tapa-manual.jpg\",\"datePublished\":\"2022-12-15T13:03:18+00:00\",\"breadcrumb\":{\"@id\":\"https:\\\/\\\/www.fcejs.unsl.edu.ar\\\/index.php\\\/fue-presentado-el-manual-administracion-de-recursos-humanos-perspectiva-academica-y-practica-profesional\\\/#breadcrumb\"},\"inLanguage\":\"es-AR\",\"potentialAction\":[{\"@type\":\"ReadAction\",\"target\":[\"https:\\\/\\\/www.fcejs.unsl.edu.ar\\\/index.php\\\/fue-presentado-el-manual-administracion-de-recursos-humanos-perspectiva-academica-y-practica-profesional\\\/\"]}]},{\"@type\":\"ImageObject\",\"inLanguage\":\"es-AR\",\"@id\":\"https:\\\/\\\/www.fcejs.unsl.edu.ar\\\/index.php\\\/fue-presentado-el-manual-administracion-de-recursos-humanos-perspectiva-academica-y-practica-profesional\\\/#primaryimage\",\"url\":\"https:\\\/\\\/www.fcejs.unsl.edu.ar\\\/wp-content\\\/uploads\\\/2022\\\/12\\\/tapa-manual.jpg\",\"contentUrl\":\"https:\\\/\\\/www.fcejs.unsl.edu.ar\\\/wp-content\\\/uploads\\\/2022\\\/12\\\/tapa-manual.jpg\",\"width\":1152,\"height\":647},{\"@type\":\"BreadcrumbList\",\"@id\":\"https:\\\/\\\/www.fcejs.unsl.edu.ar\\\/index.php\\\/fue-presentado-el-manual-administracion-de-recursos-humanos-perspectiva-academica-y-practica-profesional\\\/#breadcrumb\",\"itemListElement\":[{\"@type\":\"ListItem\",\"position\":1,\"name\":\"Inicio\",\"item\":\"https:\\\/\\\/www.fcejs.unsl.edu.ar\\\/\"},{\"@type\":\"ListItem\",\"position\":2,\"name\":\"Fue presentado el manual \u201cAdministraci\u00f3n de Recursos Humanos, Perspectiva Acad\u00e9mica y Pr\u00e1ctica Profesional\u201d\"}]},{\"@type\":\"WebSite\",\"@id\":\"https:\\\/\\\/www.fcejs.unsl.edu.ar\\\/#website\",\"url\":\"https:\\\/\\\/www.fcejs.unsl.edu.ar\\\/\",\"name\":\"Facultad de Ciencias Econ\u00f3micas, Jur\u00ed\u00addicas y Sociales\",\"description\":\"\",\"publisher\":{\"@id\":\"https:\\\/\\\/www.fcejs.unsl.edu.ar\\\/#organization\"},\"potentialAction\":[{\"@type\":\"SearchAction\",\"target\":{\"@type\":\"EntryPoint\",\"urlTemplate\":\"https:\\\/\\\/www.fcejs.unsl.edu.ar\\\/?s={search_term_string}\"},\"query-input\":{\"@type\":\"PropertyValueSpecification\",\"valueRequired\":true,\"valueName\":\"search_term_string\"}}],\"inLanguage\":\"es-AR\"},{\"@type\":\"Organization\",\"@id\":\"https:\\\/\\\/www.fcejs.unsl.edu.ar\\\/#organization\",\"name\":\"Facultad de Ciencias Econ\u00f3micas, Jur\u00eddicas y Sociales\",\"url\":\"https:\\\/\\\/www.fcejs.unsl.edu.ar\\\/\",\"logo\":{\"@type\":\"ImageObject\",\"inLanguage\":\"es-AR\",\"@id\":\"https:\\\/\\\/www.fcejs.unsl.edu.ar\\\/#\\\/schema\\\/logo\\\/image\\\/\",\"url\":\"https:\\\/\\\/www.fcejs.unsl.edu.ar\\\/wp-content\\\/uploads\\\/2021\\\/03\\\/logo-1.jpg\",\"contentUrl\":\"https:\\\/\\\/www.fcejs.unsl.edu.ar\\\/wp-content\\\/uploads\\\/2021\\\/03\\\/logo-1.jpg\",\"width\":471,\"height\":146,\"caption\":\"Facultad de Ciencias Econ\u00f3micas, Jur\u00eddicas y Sociales\"},\"image\":{\"@id\":\"https:\\\/\\\/www.fcejs.unsl.edu.ar\\\/#\\\/schema\\\/logo\\\/image\\\/\"},\"sameAs\":[\"https:\\\/\\\/www.facebook.com\\\/FCEJS.UNSL\\\/\",\"https:\\\/\\\/x.com\\\/FCEJSUNSL\",\"https:\\\/\\\/www.instagram.com\\\/fcejs.unsl\\\/\",\"https:\\\/\\\/www.youtube.com\\\/channel\\\/UCH-Ut6EaN_X5ogjIQMPe46g\\\/\"]},{\"@type\":\"Person\",\"@id\":\"https:\\\/\\\/www.fcejs.unsl.edu.ar\\\/#\\\/schema\\\/person\\\/352ee6ed90c3f394c7cb5945f8956d34\",\"name\":\"DATI\"}]}<\/script>\n<!-- \/ Yoast SEO plugin. -->","yoast_head_json":{"title":"Fue presentado el manual \u201cAdministraci\u00f3n de Recursos Humanos, Perspectiva Acad\u00e9mica y Pr\u00e1ctica Profesional\u201d - Facultad de Ciencias Econ\u00f3micas, Jur\u00ed\u00addicas y Sociales","robots":{"index":"index","follow":"follow","max-snippet":"max-snippet:-1","max-image-preview":"max-image-preview:large","max-video-preview":"max-video-preview:-1"},"canonical":"https:\/\/www.fcejs.unsl.edu.ar\/index.php\/fue-presentado-el-manual-administracion-de-recursos-humanos-perspectiva-academica-y-practica-profesional\/","og_locale":"es_ES","og_type":"article","og_title":"Fue presentado el manual \u201cAdministraci\u00f3n de Recursos Humanos, Perspectiva Acad\u00e9mica y Pr\u00e1ctica Profesional\u201d - Facultad de Ciencias Econ\u00f3micas, Jur\u00ed\u00addicas y Sociales","og_description":"En el marco de las XXIV Jornadas de la Asociaci\u00f3n de Profesores Universitarios de la Argentina de Recursos Humanos (APUARH), realizadas en la Universidad Nacional&hellip;","og_url":"https:\/\/www.fcejs.unsl.edu.ar\/index.php\/fue-presentado-el-manual-administracion-de-recursos-humanos-perspectiva-academica-y-practica-profesional\/","og_site_name":"Facultad de Ciencias Econ\u00f3micas, Jur\u00ed\u00addicas y Sociales","article_publisher":"https:\/\/www.facebook.com\/FCEJS.UNSL\/","article_published_time":"2022-12-15T13:03:18+00:00","og_image":[{"width":1152,"height":647,"url":"https:\/\/www.fcejs.unsl.edu.ar\/wp-content\/uploads\/2022\/12\/tapa-manual.jpg","type":"image\/jpeg"}],"author":"DATI","twitter_card":"summary_large_image","twitter_creator":"@FCEJSUNSL","twitter_site":"@FCEJSUNSL","twitter_misc":{"Escrito por":"DATI","Tiempo de lectura":"2 minutos"},"schema":{"@context":"https:\/\/schema.org","@graph":[{"@type":"Article","@id":"https:\/\/www.fcejs.unsl.edu.ar\/index.php\/fue-presentado-el-manual-administracion-de-recursos-humanos-perspectiva-academica-y-practica-profesional\/#article","isPartOf":{"@id":"https:\/\/www.fcejs.unsl.edu.ar\/index.php\/fue-presentado-el-manual-administracion-de-recursos-humanos-perspectiva-academica-y-practica-profesional\/"},"author":{"name":"DATI","@id":"https:\/\/www.fcejs.unsl.edu.ar\/#\/schema\/person\/352ee6ed90c3f394c7cb5945f8956d34"},"headline":"Fue presentado el manual \u201cAdministraci\u00f3n de Recursos Humanos, Perspectiva Acad\u00e9mica y Pr\u00e1ctica Profesional\u201d","datePublished":"2022-12-15T13:03:18+00:00","mainEntityOfPage":{"@id":"https:\/\/www.fcejs.unsl.edu.ar\/index.php\/fue-presentado-el-manual-administracion-de-recursos-humanos-perspectiva-academica-y-practica-profesional\/"},"wordCount":479,"publisher":{"@id":"https:\/\/www.fcejs.unsl.edu.ar\/#organization"},"image":{"@id":"https:\/\/www.fcejs.unsl.edu.ar\/index.php\/fue-presentado-el-manual-administracion-de-recursos-humanos-perspectiva-academica-y-practica-profesional\/#primaryimage"},"thumbnailUrl":"https:\/\/www.fcejs.unsl.edu.ar\/wp-content\/uploads\/2022\/12\/tapa-manual.jpg","articleSection":["Noticias"],"inLanguage":"es-AR"},{"@type":"WebPage","@id":"https:\/\/www.fcejs.unsl.edu.ar\/index.php\/fue-presentado-el-manual-administracion-de-recursos-humanos-perspectiva-academica-y-practica-profesional\/","url":"https:\/\/www.fcejs.unsl.edu.ar\/index.php\/fue-presentado-el-manual-administracion-de-recursos-humanos-perspectiva-academica-y-practica-profesional\/","name":"Fue presentado el manual \u201cAdministraci\u00f3n de Recursos Humanos, Perspectiva Acad\u00e9mica y Pr\u00e1ctica Profesional\u201d - Facultad de Ciencias Econ\u00f3micas, Jur\u00ed\u00addicas y Sociales","isPartOf":{"@id":"https:\/\/www.fcejs.unsl.edu.ar\/#website"},"primaryImageOfPage":{"@id":"https:\/\/www.fcejs.unsl.edu.ar\/index.php\/fue-presentado-el-manual-administracion-de-recursos-humanos-perspectiva-academica-y-practica-profesional\/#primaryimage"},"image":{"@id":"https:\/\/www.fcejs.unsl.edu.ar\/index.php\/fue-presentado-el-manual-administracion-de-recursos-humanos-perspectiva-academica-y-practica-profesional\/#primaryimage"},"thumbnailUrl":"https:\/\/www.fcejs.unsl.edu.ar\/wp-content\/uploads\/2022\/12\/tapa-manual.jpg","datePublished":"2022-12-15T13:03:18+00:00","breadcrumb":{"@id":"https:\/\/www.fcejs.unsl.edu.ar\/index.php\/fue-presentado-el-manual-administracion-de-recursos-humanos-perspectiva-academica-y-practica-profesional\/#breadcrumb"},"inLanguage":"es-AR","potentialAction":[{"@type":"ReadAction","target":["https:\/\/www.fcejs.unsl.edu.ar\/index.php\/fue-presentado-el-manual-administracion-de-recursos-humanos-perspectiva-academica-y-practica-profesional\/"]}]},{"@type":"ImageObject","inLanguage":"es-AR","@id":"https:\/\/www.fcejs.unsl.edu.ar\/index.php\/fue-presentado-el-manual-administracion-de-recursos-humanos-perspectiva-academica-y-practica-profesional\/#primaryimage","url":"https:\/\/www.fcejs.unsl.edu.ar\/wp-content\/uploads\/2022\/12\/tapa-manual.jpg","contentUrl":"https:\/\/www.fcejs.unsl.edu.ar\/wp-content\/uploads\/2022\/12\/tapa-manual.jpg","width":1152,"height":647},{"@type":"BreadcrumbList","@id":"https:\/\/www.fcejs.unsl.edu.ar\/index.php\/fue-presentado-el-manual-administracion-de-recursos-humanos-perspectiva-academica-y-practica-profesional\/#breadcrumb","itemListElement":[{"@type":"ListItem","position":1,"name":"Inicio","item":"https:\/\/www.fcejs.unsl.edu.ar\/"},{"@type":"ListItem","position":2,"name":"Fue presentado el manual \u201cAdministraci\u00f3n de Recursos Humanos, Perspectiva Acad\u00e9mica y Pr\u00e1ctica Profesional\u201d"}]},{"@type":"WebSite","@id":"https:\/\/www.fcejs.unsl.edu.ar\/#website","url":"https:\/\/www.fcejs.unsl.edu.ar\/","name":"Facultad de Ciencias Econ\u00f3micas, Jur\u00ed\u00addicas y Sociales","description":"","publisher":{"@id":"https:\/\/www.fcejs.unsl.edu.ar\/#organization"},"potentialAction":[{"@type":"SearchAction","target":{"@type":"EntryPoint","urlTemplate":"https:\/\/www.fcejs.unsl.edu.ar\/?s={search_term_string}"},"query-input":{"@type":"PropertyValueSpecification","valueRequired":true,"valueName":"search_term_string"}}],"inLanguage":"es-AR"},{"@type":"Organization","@id":"https:\/\/www.fcejs.unsl.edu.ar\/#organization","name":"Facultad de Ciencias Econ\u00f3micas, Jur\u00eddicas y Sociales","url":"https:\/\/www.fcejs.unsl.edu.ar\/","logo":{"@type":"ImageObject","inLanguage":"es-AR","@id":"https:\/\/www.fcejs.unsl.edu.ar\/#\/schema\/logo\/image\/","url":"https:\/\/www.fcejs.unsl.edu.ar\/wp-content\/uploads\/2021\/03\/logo-1.jpg","contentUrl":"https:\/\/www.fcejs.unsl.edu.ar\/wp-content\/uploads\/2021\/03\/logo-1.jpg","width":471,"height":146,"caption":"Facultad de Ciencias Econ\u00f3micas, Jur\u00eddicas y Sociales"},"image":{"@id":"https:\/\/www.fcejs.unsl.edu.ar\/#\/schema\/logo\/image\/"},"sameAs":["https:\/\/www.facebook.com\/FCEJS.UNSL\/","https:\/\/x.com\/FCEJSUNSL","https:\/\/www.instagram.com\/fcejs.unsl\/","https:\/\/www.youtube.com\/channel\/UCH-Ut6EaN_X5ogjIQMPe46g\/"]},{"@type":"Person","@id":"https:\/\/www.fcejs.unsl.edu.ar\/#\/schema\/person\/352ee6ed90c3f394c7cb5945f8956d34","name":"DATI"}]}},"jetpack_featured_media_url":"https:\/\/www.fcejs.unsl.edu.ar\/wp-content\/uploads\/2022\/12\/tapa-manual.jpg","_links":{"self":[{"href":"https:\/\/www.fcejs.unsl.edu.ar\/index.php\/wp-json\/wp\/v2\/posts\/10504","targetHints":{"allow":["GET"]}}],"collection":[{"href":"https:\/\/www.fcejs.unsl.edu.ar\/index.php\/wp-json\/wp\/v2\/posts"}],"about":[{"href":"https:\/\/www.fcejs.unsl.edu.ar\/index.php\/wp-json\/wp\/v2\/types\/post"}],"author":[{"embeddable":true,"href":"https:\/\/www.fcejs.unsl.edu.ar\/index.php\/wp-json\/wp\/v2\/users\/9"}],"replies":[{"embeddable":true,"href":"https:\/\/www.fcejs.unsl.edu.ar\/index.php\/wp-json\/wp\/v2\/comments?post=10504"}],"version-history":[{"count":1,"href":"https:\/\/www.fcejs.unsl.edu.ar\/index.php\/wp-json\/wp\/v2\/posts\/10504\/revisions"}],"predecessor-version":[{"id":10506,"href":"https:\/\/www.fcejs.unsl.edu.ar\/index.php\/wp-json\/wp\/v2\/posts\/10504\/revisions\/10506"}],"wp:featuredmedia":[{"embeddable":true,"href":"https:\/\/www.fcejs.unsl.edu.ar\/index.php\/wp-json\/wp\/v2\/media\/10505"}],"wp:attachment":[{"href":"https:\/\/www.fcejs.unsl.edu.ar\/index.php\/wp-json\/wp\/v2\/media?parent=10504"}],"wp:term":[{"taxonomy":"category","embeddable":true,"href":"https:\/\/www.fcejs.unsl.edu.ar\/index.php\/wp-json\/wp\/v2\/categories?post=10504"},{"taxonomy":"post_tag","embeddable":true,"href":"https:\/\/www.fcejs.unsl.edu.ar\/index.php\/wp-json\/wp\/v2\/tags?post=10504"}],"curies":[{"name":"wp","href":"https:\/\/api.w.org\/{rel}","templated":true}]}}