{"id":10501,"date":"2022-12-13T08:51:09","date_gmt":"2022-12-13T11:51:09","guid":{"rendered":"http:\/\/10.101.10.197\/www\/?p=10501"},"modified":"2022-12-15T13:18:05","modified_gmt":"2022-12-15T16:18:05","slug":"el-dr-victor-penchaszadeh-recibio-el-premio-mauricio-lopez","status":"publish","type":"post","link":"https:\/\/www.fcejs.unsl.edu.ar\/index.php\/el-dr-victor-penchaszadeh-recibio-el-premio-mauricio-lopez\/","title":{"rendered":"El Dr. V\u00edctor Penchaszadeh recibi\u00f3 el Premio Mauricio L\u00f3pez"},"content":{"rendered":"<p><strong>Fue distinguido por crear el\u00a0<em>\u00edndice de abuelidad<\/em>\u00a0que permiti\u00f3 recuperar 130 nietos y nietas apropiados\/as por la \u00faltima dictadura. Los padres de Pedro Valent\u00edn Ledesma, estudiante de la UNSL detenido y desaparecido en 1976, recibieron la menci\u00f3n especial de la edici\u00f3n 2022.<\/strong><\/p>\n<p>Como cada 10 de diciembre la Universidad Nacional de San Luis (UNSL) entrega tradicionalmente este emblem\u00e1tico Premio, al conmemorarse el D\u00eda Internacional de los Derechos Humanos establecido desde 1948 por la Asamblea General de las Naciones Unidas.<\/p>\n<p>En la explanada de Rectorado la actividad inici\u00f3 rindiendo homenaje con una ofrenda floral a quien fuera nuestro primer rector, Mauricio Amilcar L\u00f3pez, definido por V\u00edctor Mori\u00f1igo como un gran prohombre que con su vida y acci\u00f3n fue determinante para la historia de nuestra querida Universidad.\u00a0<em>\u00abA\u00fan en estos d\u00edas, su desaparici\u00f3n, es un herida que duele y sigue doliendo y que no cierra para la comunidad de San Luis\u00bb<\/em>, dijo.<\/p>\n<figure class=\"wp-block-image\"><img decoding=\"async\" class=\"wp-image-77494\" src=\"http:\/\/www.noticias.unsl.edu.ar\/wp-content\/uploads\/2022\/12\/221212-Entrega-de-Premio-Mauricio-L%C3%B3pez-Dr.-V%C3%ADctor-Bernardo-Penchaszadeh-y-menci%C3%B3n-especial-a-Segundo-Valent%C3%ADn-Ledesma-y-Dominga-Zangl%C3%A1-post-mortem-5-4.jpg\" sizes=\"(max-width: 1000px) 100vw, 1000px\" srcset=\"http:\/\/www.noticias.unsl.edu.ar\/wp-content\/uploads\/2022\/12\/221212-Entrega-de-Premio-Mauricio-L\u00f3pez-Dr.-V\u00edctor-Bernardo-Penchaszadeh-y-menci\u00f3n-especial-a-Segundo-Valent\u00edn-Ledesma-y-Dominga-Zangl\u00e1-post-mortem-5-4.jpg 1000w, http:\/\/www.noticias.unsl.edu.ar\/wp-content\/uploads\/2022\/12\/221212-Entrega-de-Premio-Mauricio-L\u00f3pez-Dr.-V\u00edctor-Bernardo-Penchaszadeh-y-menci\u00f3n-especial-a-Segundo-Valent\u00edn-Ledesma-y-Dominga-Zangl\u00e1-post-mortem-5-4-300x200.jpg 300w\" alt=\"\" \/><\/figure>\n<p>Luego se guard\u00f3 silencio por un minuto en memoria de las personas desaparecidas, para luego dirigirse al auditorio que lleva el nombre del ex Rector, y continuar con el acto central. Bajo la direcci\u00f3n de Marcela Aravena, Constanza Papini en el piano acompa\u00f1ada con el recitado de Luisina Bert\u00edn, dieron la bienvenida a los\/as presentes. Posteriormente se dio lectura a la\u00a0<a href=\"http:\/\/www.noticias.unsl.edu.ar\/wp-content\/uploads\/2022\/12\/dia-de-DDHH.docx\">declaraci\u00f3n de la Coordinaci\u00f3n Institucional de Derechos Humanos de la UNSL<\/a>\u00a0en relaci\u00f3n a la fecha.<\/p>\n<p>El rector de la Universidad, C.P.N. V\u00edctor Mori\u00f1igo entreg\u00f3 el Premio al Dr. V\u00edctor Bernardo Penchaszadeh, en atenci\u00f3n a su destacada trayectoria, tanto en el \u00e1mbito de los Derechos Humanos como respecto a su accionar cient\u00edfico y su invalorable colaboraci\u00f3n con la investigaci\u00f3n, que ha permitido establecer el\u00a0<em>\u00edndice de abuelidad<\/em>\u00a0y recuperar 130 nietos y nietas apropiados\/as por la \u00faltima dictadura.<\/p>\n<p>Mori\u00f1igo se refiri\u00f3 al distinguido como un ejemplo de c\u00f3mo la ciencia puede y debe estar al servicio de las causas sociales y populares.\u00a0<em>\u00abLa figura del Doctor simboliza una parte fundamental de la historia de nuestro pa\u00eds, una visi\u00f3n de la gen\u00e9tica diferente a la que primaba previamente, y adem\u00e1s una gen\u00e9tica comprometida totalmente con lo social. Usted hoy prestigia a la Universidad Nacional de San Luis por recibir este Premio\u00bb<\/em>, dijo.<\/p>\n<p>Por su parte el galardonado expres\u00f3:\u00a0<em>\u00abCon todo placer recibo esta distinci\u00f3n en nombre de todos los luchadores por los Derechos Humanos en la Argentina, por los 30.000 desaparecidos (\u2026) sobre todo en nombre de Abuelas de Plaza de Mayo sin cuyo vigor, fuerza y visibilidad, no hubiera ocurrido el \u00edndice de abuelidad, que se debi\u00f3 fundamentalmente al \u00edmpetu que las Abuelas de Plaza de Mayo en el 82\/83 nos impuls\u00f3 a los cient\u00edficos a crear este \u00edndice que permiti\u00f3 la recuperaci\u00f3n de la identidad de estos 130 ni\u00f1os y ya adultos apropiados por el terrorismo de Estado. (\u2026) Muchas gracias a la Universidad Nacional de San Luis\u00bb<\/em>.<\/p>\n<figure class=\"wp-block-image\"><img decoding=\"async\" class=\"wp-image-77495\" src=\"http:\/\/www.noticias.unsl.edu.ar\/wp-content\/uploads\/2022\/12\/221212-Entrega-de-Premio-Mauricio-L%C3%B3pez-Dr.-V%C3%ADctor-Bernardo-Penchaszadeh-y-menci%C3%B3n-especial-a-Segundo-Valent%C3%ADn-Ledesma-y-Dominga-Zangl%C3%A1-post-mortem-21-14.jpg\" sizes=\"(max-width: 1000px) 100vw, 1000px\" srcset=\"http:\/\/www.noticias.unsl.edu.ar\/wp-content\/uploads\/2022\/12\/221212-Entrega-de-Premio-Mauricio-L\u00f3pez-Dr.-V\u00edctor-Bernardo-Penchaszadeh-y-menci\u00f3n-especial-a-Segundo-Valent\u00edn-Ledesma-y-Dominga-Zangl\u00e1-post-mortem-21-14.jpg 1000w, http:\/\/www.noticias.unsl.edu.ar\/wp-content\/uploads\/2022\/12\/221212-Entrega-de-Premio-Mauricio-L\u00f3pez-Dr.-V\u00edctor-Bernardo-Penchaszadeh-y-menci\u00f3n-especial-a-Segundo-Valent\u00edn-Ledesma-y-Dominga-Zangl\u00e1-post-mortem-21-14-300x200.jpg 300w\" alt=\"\" \/><\/figure>\n<p>La menci\u00f3n especial de la edici\u00f3n 2022, fue entregada por Mori\u00f1igo a Segundo Valent\u00edn Ledesma y a Dominga Zangl\u00e1 (post mortem), familiares de Pedro Valent\u00edn Ledezma, por su incansable lucha en la b\u00fasqueda de justicia.\u00a0<em>\u00abEn este hermoso d\u00eda de recuerdo y nostalgia, la menci\u00f3n especial va a hacia dos personas muy especiales para la idiosincrasia de San Luis, Don Segundo y Dominga, los padres de Pedro, estudiante de pedagog\u00eda de nuestra Universidad, detenido y desaparecido en septiembre del 76. (\u2026) El dolor de la ausencia de Pedro Valent\u00edn transform\u00f3 sus vidas en una lucha permanente y perpetua en compromiso por la verdad y en b\u00fasqueda interminable de la justicia\u00bb<\/em>, expres\u00f3 Mori\u00f1igo.<\/p>\n<p>Adem\u00e1s remarc\u00f3 que el ejemplo de Segundo y Dominga nos exige insistir en la b\u00fasqueda y renovar permanentemente la lucha por la memoria, la verdad y la justicia. Al recibir la menci\u00f3n, Segundo manifest\u00f3 emocionado:\u00a0<em>\u00abEsto es muy importante, se los agradezco y gracias por acompa\u00f1arnos. (\u2026) Much\u00edsimas gracias y hasta siempre\u00bb<\/em>.<\/p>\n","protected":false},"excerpt":{"rendered":"<p>Fue distinguido por crear el\u00a0\u00edndice de abuelidad\u00a0que permiti\u00f3 recuperar 130 nietos y nietas apropiados\/as por la \u00faltima dictadura. Los padres de Pedro Valent\u00edn Ledesma, estudiante&hellip;<\/p>\n","protected":false},"author":9,"featured_media":10521,"comment_status":"closed","ping_status":"closed","sticky":false,"template":"","format":"standard","meta":{"om_disable_all_campaigns":false,"_monsterinsights_skip_tracking":false,"_monsterinsights_sitenote_active":false,"_monsterinsights_sitenote_note":"","_monsterinsights_sitenote_category":0,"footnotes":""},"categories":[1],"tags":[],"class_list":["post-10501","post","type-post","status-publish","format-standard","has-post-thumbnail","hentry","category-noticias"],"yoast_head":"<!-- This site is optimized with the Yoast SEO plugin v27.4 - https:\/\/yoast.com\/product\/yoast-seo-wordpress\/ -->\n<title>El Dr. V\u00edctor Penchaszadeh recibi\u00f3 el Premio Mauricio L\u00f3pez - Facultad de Ciencias Econ\u00f3micas, Jur\u00ed\u00addicas y Sociales<\/title>\n<meta name=\"robots\" content=\"index, follow, max-snippet:-1, max-image-preview:large, max-video-preview:-1\" \/>\n<link rel=\"canonical\" href=\"https:\/\/www.fcejs.unsl.edu.ar\/index.php\/el-dr-victor-penchaszadeh-recibio-el-premio-mauricio-lopez\/\" \/>\n<meta property=\"og:locale\" content=\"es_ES\" \/>\n<meta property=\"og:type\" content=\"article\" \/>\n<meta property=\"og:title\" content=\"El Dr. V\u00edctor Penchaszadeh recibi\u00f3 el Premio Mauricio L\u00f3pez - Facultad de Ciencias Econ\u00f3micas, Jur\u00ed\u00addicas y Sociales\" \/>\n<meta property=\"og:description\" content=\"Fue distinguido por crear el\u00a0\u00edndice de abuelidad\u00a0que permiti\u00f3 recuperar 130 nietos y nietas apropiados\/as por la \u00faltima dictadura. Los padres de Pedro Valent\u00edn Ledesma, estudiante&hellip;\" \/>\n<meta property=\"og:url\" content=\"https:\/\/www.fcejs.unsl.edu.ar\/index.php\/el-dr-victor-penchaszadeh-recibio-el-premio-mauricio-lopez\/\" \/>\n<meta property=\"og:site_name\" content=\"Facultad de Ciencias Econ\u00f3micas, Jur\u00ed\u00addicas y Sociales\" \/>\n<meta property=\"article:publisher\" content=\"https:\/\/www.facebook.com\/FCEJS.UNSL\/\" \/>\n<meta property=\"article:published_time\" content=\"2022-12-13T11:51:09+00:00\" \/>\n<meta property=\"article:modified_time\" content=\"2022-12-15T16:18:05+00:00\" \/>\n<meta property=\"og:image\" content=\"https:\/\/www.fcejs.unsl.edu.ar\/wp-content\/uploads\/2022\/12\/221212-Entrega-de-Premio-Mauricio-Lopez-Dr.-Victor-Bernardo-Penchaszadeh-y-mencion-especial-a-Segundo-Valentin-Ledesma-y-Dominga-Zangla-post-mortem-24-16-1000x600-1.jpg\" \/>\n\t<meta property=\"og:image:width\" content=\"1000\" \/>\n\t<meta property=\"og:image:height\" content=\"600\" \/>\n\t<meta property=\"og:image:type\" content=\"image\/jpeg\" \/>\n<meta name=\"author\" content=\"DATI\" \/>\n<meta name=\"twitter:card\" content=\"summary_large_image\" \/>\n<meta name=\"twitter:creator\" content=\"@FCEJSUNSL\" \/>\n<meta name=\"twitter:site\" content=\"@FCEJSUNSL\" \/>\n<meta name=\"twitter:label1\" content=\"Escrito por\" \/>\n\t<meta name=\"twitter:data1\" content=\"DATI\" \/>\n\t<meta name=\"twitter:label2\" content=\"Tiempo de lectura\" \/>\n\t<meta name=\"twitter:data2\" content=\"4 minutos\" \/>\n<script type=\"application\/ld+json\" class=\"yoast-schema-graph\">{\"@context\":\"https:\\\/\\\/schema.org\",\"@graph\":[{\"@type\":\"Article\",\"@id\":\"https:\\\/\\\/www.fcejs.unsl.edu.ar\\\/index.php\\\/el-dr-victor-penchaszadeh-recibio-el-premio-mauricio-lopez\\\/#article\",\"isPartOf\":{\"@id\":\"https:\\\/\\\/www.fcejs.unsl.edu.ar\\\/index.php\\\/el-dr-victor-penchaszadeh-recibio-el-premio-mauricio-lopez\\\/\"},\"author\":{\"name\":\"DATI\",\"@id\":\"https:\\\/\\\/www.fcejs.unsl.edu.ar\\\/#\\\/schema\\\/person\\\/352ee6ed90c3f394c7cb5945f8956d34\"},\"headline\":\"El Dr. V\u00edctor Penchaszadeh recibi\u00f3 el Premio Mauricio L\u00f3pez\",\"datePublished\":\"2022-12-13T11:51:09+00:00\",\"dateModified\":\"2022-12-15T16:18:05+00:00\",\"mainEntityOfPage\":{\"@id\":\"https:\\\/\\\/www.fcejs.unsl.edu.ar\\\/index.php\\\/el-dr-victor-penchaszadeh-recibio-el-premio-mauricio-lopez\\\/\"},\"wordCount\":689,\"publisher\":{\"@id\":\"https:\\\/\\\/www.fcejs.unsl.edu.ar\\\/#organization\"},\"image\":{\"@id\":\"https:\\\/\\\/www.fcejs.unsl.edu.ar\\\/index.php\\\/el-dr-victor-penchaszadeh-recibio-el-premio-mauricio-lopez\\\/#primaryimage\"},\"thumbnailUrl\":\"https:\\\/\\\/www.fcejs.unsl.edu.ar\\\/wp-content\\\/uploads\\\/2022\\\/12\\\/221212-Entrega-de-Premio-Mauricio-Lopez-Dr.-Victor-Bernardo-Penchaszadeh-y-mencion-especial-a-Segundo-Valentin-Ledesma-y-Dominga-Zangla-post-mortem-24-16-1000x600-1.jpg\",\"articleSection\":[\"Noticias\"],\"inLanguage\":\"es-AR\"},{\"@type\":\"WebPage\",\"@id\":\"https:\\\/\\\/www.fcejs.unsl.edu.ar\\\/index.php\\\/el-dr-victor-penchaszadeh-recibio-el-premio-mauricio-lopez\\\/\",\"url\":\"https:\\\/\\\/www.fcejs.unsl.edu.ar\\\/index.php\\\/el-dr-victor-penchaszadeh-recibio-el-premio-mauricio-lopez\\\/\",\"name\":\"El Dr. V\u00edctor Penchaszadeh recibi\u00f3 el Premio Mauricio L\u00f3pez - Facultad de Ciencias Econ\u00f3micas, Jur\u00ed\u00addicas y Sociales\",\"isPartOf\":{\"@id\":\"https:\\\/\\\/www.fcejs.unsl.edu.ar\\\/#website\"},\"primaryImageOfPage\":{\"@id\":\"https:\\\/\\\/www.fcejs.unsl.edu.ar\\\/index.php\\\/el-dr-victor-penchaszadeh-recibio-el-premio-mauricio-lopez\\\/#primaryimage\"},\"image\":{\"@id\":\"https:\\\/\\\/www.fcejs.unsl.edu.ar\\\/index.php\\\/el-dr-victor-penchaszadeh-recibio-el-premio-mauricio-lopez\\\/#primaryimage\"},\"thumbnailUrl\":\"https:\\\/\\\/www.fcejs.unsl.edu.ar\\\/wp-content\\\/uploads\\\/2022\\\/12\\\/221212-Entrega-de-Premio-Mauricio-Lopez-Dr.-Victor-Bernardo-Penchaszadeh-y-mencion-especial-a-Segundo-Valentin-Ledesma-y-Dominga-Zangla-post-mortem-24-16-1000x600-1.jpg\",\"datePublished\":\"2022-12-13T11:51:09+00:00\",\"dateModified\":\"2022-12-15T16:18:05+00:00\",\"breadcrumb\":{\"@id\":\"https:\\\/\\\/www.fcejs.unsl.edu.ar\\\/index.php\\\/el-dr-victor-penchaszadeh-recibio-el-premio-mauricio-lopez\\\/#breadcrumb\"},\"inLanguage\":\"es-AR\",\"potentialAction\":[{\"@type\":\"ReadAction\",\"target\":[\"https:\\\/\\\/www.fcejs.unsl.edu.ar\\\/index.php\\\/el-dr-victor-penchaszadeh-recibio-el-premio-mauricio-lopez\\\/\"]}]},{\"@type\":\"ImageObject\",\"inLanguage\":\"es-AR\",\"@id\":\"https:\\\/\\\/www.fcejs.unsl.edu.ar\\\/index.php\\\/el-dr-victor-penchaszadeh-recibio-el-premio-mauricio-lopez\\\/#primaryimage\",\"url\":\"https:\\\/\\\/www.fcejs.unsl.edu.ar\\\/wp-content\\\/uploads\\\/2022\\\/12\\\/221212-Entrega-de-Premio-Mauricio-Lopez-Dr.-Victor-Bernardo-Penchaszadeh-y-mencion-especial-a-Segundo-Valentin-Ledesma-y-Dominga-Zangla-post-mortem-24-16-1000x600-1.jpg\",\"contentUrl\":\"https:\\\/\\\/www.fcejs.unsl.edu.ar\\\/wp-content\\\/uploads\\\/2022\\\/12\\\/221212-Entrega-de-Premio-Mauricio-Lopez-Dr.-Victor-Bernardo-Penchaszadeh-y-mencion-especial-a-Segundo-Valentin-Ledesma-y-Dominga-Zangla-post-mortem-24-16-1000x600-1.jpg\",\"width\":1000,\"height\":600},{\"@type\":\"BreadcrumbList\",\"@id\":\"https:\\\/\\\/www.fcejs.unsl.edu.ar\\\/index.php\\\/el-dr-victor-penchaszadeh-recibio-el-premio-mauricio-lopez\\\/#breadcrumb\",\"itemListElement\":[{\"@type\":\"ListItem\",\"position\":1,\"name\":\"Inicio\",\"item\":\"https:\\\/\\\/www.fcejs.unsl.edu.ar\\\/\"},{\"@type\":\"ListItem\",\"position\":2,\"name\":\"El Dr. V\u00edctor Penchaszadeh recibi\u00f3 el Premio Mauricio L\u00f3pez\"}]},{\"@type\":\"WebSite\",\"@id\":\"https:\\\/\\\/www.fcejs.unsl.edu.ar\\\/#website\",\"url\":\"https:\\\/\\\/www.fcejs.unsl.edu.ar\\\/\",\"name\":\"Facultad de Ciencias Econ\u00f3micas, Jur\u00ed\u00addicas y Sociales\",\"description\":\"\",\"publisher\":{\"@id\":\"https:\\\/\\\/www.fcejs.unsl.edu.ar\\\/#organization\"},\"potentialAction\":[{\"@type\":\"SearchAction\",\"target\":{\"@type\":\"EntryPoint\",\"urlTemplate\":\"https:\\\/\\\/www.fcejs.unsl.edu.ar\\\/?s={search_term_string}\"},\"query-input\":{\"@type\":\"PropertyValueSpecification\",\"valueRequired\":true,\"valueName\":\"search_term_string\"}}],\"inLanguage\":\"es-AR\"},{\"@type\":\"Organization\",\"@id\":\"https:\\\/\\\/www.fcejs.unsl.edu.ar\\\/#organization\",\"name\":\"Facultad de Ciencias Econ\u00f3micas, Jur\u00eddicas y Sociales\",\"url\":\"https:\\\/\\\/www.fcejs.unsl.edu.ar\\\/\",\"logo\":{\"@type\":\"ImageObject\",\"inLanguage\":\"es-AR\",\"@id\":\"https:\\\/\\\/www.fcejs.unsl.edu.ar\\\/#\\\/schema\\\/logo\\\/image\\\/\",\"url\":\"https:\\\/\\\/www.fcejs.unsl.edu.ar\\\/wp-content\\\/uploads\\\/2021\\\/03\\\/logo-1.jpg\",\"contentUrl\":\"https:\\\/\\\/www.fcejs.unsl.edu.ar\\\/wp-content\\\/uploads\\\/2021\\\/03\\\/logo-1.jpg\",\"width\":471,\"height\":146,\"caption\":\"Facultad de Ciencias Econ\u00f3micas, Jur\u00eddicas y Sociales\"},\"image\":{\"@id\":\"https:\\\/\\\/www.fcejs.unsl.edu.ar\\\/#\\\/schema\\\/logo\\\/image\\\/\"},\"sameAs\":[\"https:\\\/\\\/www.facebook.com\\\/FCEJS.UNSL\\\/\",\"https:\\\/\\\/x.com\\\/FCEJSUNSL\",\"https:\\\/\\\/www.instagram.com\\\/fcejs.unsl\\\/\",\"https:\\\/\\\/www.youtube.com\\\/channel\\\/UCH-Ut6EaN_X5ogjIQMPe46g\\\/\"]},{\"@type\":\"Person\",\"@id\":\"https:\\\/\\\/www.fcejs.unsl.edu.ar\\\/#\\\/schema\\\/person\\\/352ee6ed90c3f394c7cb5945f8956d34\",\"name\":\"DATI\"}]}<\/script>\n<!-- \/ Yoast SEO plugin. -->","yoast_head_json":{"title":"El Dr. V\u00edctor Penchaszadeh recibi\u00f3 el Premio Mauricio L\u00f3pez - Facultad de Ciencias Econ\u00f3micas, Jur\u00ed\u00addicas y Sociales","robots":{"index":"index","follow":"follow","max-snippet":"max-snippet:-1","max-image-preview":"max-image-preview:large","max-video-preview":"max-video-preview:-1"},"canonical":"https:\/\/www.fcejs.unsl.edu.ar\/index.php\/el-dr-victor-penchaszadeh-recibio-el-premio-mauricio-lopez\/","og_locale":"es_ES","og_type":"article","og_title":"El Dr. V\u00edctor Penchaszadeh recibi\u00f3 el Premio Mauricio L\u00f3pez - Facultad de Ciencias Econ\u00f3micas, Jur\u00ed\u00addicas y Sociales","og_description":"Fue distinguido por crear el\u00a0\u00edndice de abuelidad\u00a0que permiti\u00f3 recuperar 130 nietos y nietas apropiados\/as por la \u00faltima dictadura. Los padres de Pedro Valent\u00edn Ledesma, estudiante&hellip;","og_url":"https:\/\/www.fcejs.unsl.edu.ar\/index.php\/el-dr-victor-penchaszadeh-recibio-el-premio-mauricio-lopez\/","og_site_name":"Facultad de Ciencias Econ\u00f3micas, Jur\u00ed\u00addicas y Sociales","article_publisher":"https:\/\/www.facebook.com\/FCEJS.UNSL\/","article_published_time":"2022-12-13T11:51:09+00:00","article_modified_time":"2022-12-15T16:18:05+00:00","og_image":[{"width":1000,"height":600,"url":"https:\/\/www.fcejs.unsl.edu.ar\/wp-content\/uploads\/2022\/12\/221212-Entrega-de-Premio-Mauricio-Lopez-Dr.-Victor-Bernardo-Penchaszadeh-y-mencion-especial-a-Segundo-Valentin-Ledesma-y-Dominga-Zangla-post-mortem-24-16-1000x600-1.jpg","type":"image\/jpeg"}],"author":"DATI","twitter_card":"summary_large_image","twitter_creator":"@FCEJSUNSL","twitter_site":"@FCEJSUNSL","twitter_misc":{"Escrito por":"DATI","Tiempo de lectura":"4 minutos"},"schema":{"@context":"https:\/\/schema.org","@graph":[{"@type":"Article","@id":"https:\/\/www.fcejs.unsl.edu.ar\/index.php\/el-dr-victor-penchaszadeh-recibio-el-premio-mauricio-lopez\/#article","isPartOf":{"@id":"https:\/\/www.fcejs.unsl.edu.ar\/index.php\/el-dr-victor-penchaszadeh-recibio-el-premio-mauricio-lopez\/"},"author":{"name":"DATI","@id":"https:\/\/www.fcejs.unsl.edu.ar\/#\/schema\/person\/352ee6ed90c3f394c7cb5945f8956d34"},"headline":"El Dr. V\u00edctor Penchaszadeh recibi\u00f3 el Premio Mauricio L\u00f3pez","datePublished":"2022-12-13T11:51:09+00:00","dateModified":"2022-12-15T16:18:05+00:00","mainEntityOfPage":{"@id":"https:\/\/www.fcejs.unsl.edu.ar\/index.php\/el-dr-victor-penchaszadeh-recibio-el-premio-mauricio-lopez\/"},"wordCount":689,"publisher":{"@id":"https:\/\/www.fcejs.unsl.edu.ar\/#organization"},"image":{"@id":"https:\/\/www.fcejs.unsl.edu.ar\/index.php\/el-dr-victor-penchaszadeh-recibio-el-premio-mauricio-lopez\/#primaryimage"},"thumbnailUrl":"https:\/\/www.fcejs.unsl.edu.ar\/wp-content\/uploads\/2022\/12\/221212-Entrega-de-Premio-Mauricio-Lopez-Dr.-Victor-Bernardo-Penchaszadeh-y-mencion-especial-a-Segundo-Valentin-Ledesma-y-Dominga-Zangla-post-mortem-24-16-1000x600-1.jpg","articleSection":["Noticias"],"inLanguage":"es-AR"},{"@type":"WebPage","@id":"https:\/\/www.fcejs.unsl.edu.ar\/index.php\/el-dr-victor-penchaszadeh-recibio-el-premio-mauricio-lopez\/","url":"https:\/\/www.fcejs.unsl.edu.ar\/index.php\/el-dr-victor-penchaszadeh-recibio-el-premio-mauricio-lopez\/","name":"El Dr. V\u00edctor Penchaszadeh recibi\u00f3 el Premio Mauricio L\u00f3pez - Facultad de Ciencias Econ\u00f3micas, Jur\u00ed\u00addicas y Sociales","isPartOf":{"@id":"https:\/\/www.fcejs.unsl.edu.ar\/#website"},"primaryImageOfPage":{"@id":"https:\/\/www.fcejs.unsl.edu.ar\/index.php\/el-dr-victor-penchaszadeh-recibio-el-premio-mauricio-lopez\/#primaryimage"},"image":{"@id":"https:\/\/www.fcejs.unsl.edu.ar\/index.php\/el-dr-victor-penchaszadeh-recibio-el-premio-mauricio-lopez\/#primaryimage"},"thumbnailUrl":"https:\/\/www.fcejs.unsl.edu.ar\/wp-content\/uploads\/2022\/12\/221212-Entrega-de-Premio-Mauricio-Lopez-Dr.-Victor-Bernardo-Penchaszadeh-y-mencion-especial-a-Segundo-Valentin-Ledesma-y-Dominga-Zangla-post-mortem-24-16-1000x600-1.jpg","datePublished":"2022-12-13T11:51:09+00:00","dateModified":"2022-12-15T16:18:05+00:00","breadcrumb":{"@id":"https:\/\/www.fcejs.unsl.edu.ar\/index.php\/el-dr-victor-penchaszadeh-recibio-el-premio-mauricio-lopez\/#breadcrumb"},"inLanguage":"es-AR","potentialAction":[{"@type":"ReadAction","target":["https:\/\/www.fcejs.unsl.edu.ar\/index.php\/el-dr-victor-penchaszadeh-recibio-el-premio-mauricio-lopez\/"]}]},{"@type":"ImageObject","inLanguage":"es-AR","@id":"https:\/\/www.fcejs.unsl.edu.ar\/index.php\/el-dr-victor-penchaszadeh-recibio-el-premio-mauricio-lopez\/#primaryimage","url":"https:\/\/www.fcejs.unsl.edu.ar\/wp-content\/uploads\/2022\/12\/221212-Entrega-de-Premio-Mauricio-Lopez-Dr.-Victor-Bernardo-Penchaszadeh-y-mencion-especial-a-Segundo-Valentin-Ledesma-y-Dominga-Zangla-post-mortem-24-16-1000x600-1.jpg","contentUrl":"https:\/\/www.fcejs.unsl.edu.ar\/wp-content\/uploads\/2022\/12\/221212-Entrega-de-Premio-Mauricio-Lopez-Dr.-Victor-Bernardo-Penchaszadeh-y-mencion-especial-a-Segundo-Valentin-Ledesma-y-Dominga-Zangla-post-mortem-24-16-1000x600-1.jpg","width":1000,"height":600},{"@type":"BreadcrumbList","@id":"https:\/\/www.fcejs.unsl.edu.ar\/index.php\/el-dr-victor-penchaszadeh-recibio-el-premio-mauricio-lopez\/#breadcrumb","itemListElement":[{"@type":"ListItem","position":1,"name":"Inicio","item":"https:\/\/www.fcejs.unsl.edu.ar\/"},{"@type":"ListItem","position":2,"name":"El Dr. V\u00edctor Penchaszadeh recibi\u00f3 el Premio Mauricio L\u00f3pez"}]},{"@type":"WebSite","@id":"https:\/\/www.fcejs.unsl.edu.ar\/#website","url":"https:\/\/www.fcejs.unsl.edu.ar\/","name":"Facultad de Ciencias Econ\u00f3micas, Jur\u00ed\u00addicas y Sociales","description":"","publisher":{"@id":"https:\/\/www.fcejs.unsl.edu.ar\/#organization"},"potentialAction":[{"@type":"SearchAction","target":{"@type":"EntryPoint","urlTemplate":"https:\/\/www.fcejs.unsl.edu.ar\/?s={search_term_string}"},"query-input":{"@type":"PropertyValueSpecification","valueRequired":true,"valueName":"search_term_string"}}],"inLanguage":"es-AR"},{"@type":"Organization","@id":"https:\/\/www.fcejs.unsl.edu.ar\/#organization","name":"Facultad de Ciencias Econ\u00f3micas, Jur\u00eddicas y Sociales","url":"https:\/\/www.fcejs.unsl.edu.ar\/","logo":{"@type":"ImageObject","inLanguage":"es-AR","@id":"https:\/\/www.fcejs.unsl.edu.ar\/#\/schema\/logo\/image\/","url":"https:\/\/www.fcejs.unsl.edu.ar\/wp-content\/uploads\/2021\/03\/logo-1.jpg","contentUrl":"https:\/\/www.fcejs.unsl.edu.ar\/wp-content\/uploads\/2021\/03\/logo-1.jpg","width":471,"height":146,"caption":"Facultad de Ciencias Econ\u00f3micas, Jur\u00eddicas y Sociales"},"image":{"@id":"https:\/\/www.fcejs.unsl.edu.ar\/#\/schema\/logo\/image\/"},"sameAs":["https:\/\/www.facebook.com\/FCEJS.UNSL\/","https:\/\/x.com\/FCEJSUNSL","https:\/\/www.instagram.com\/fcejs.unsl\/","https:\/\/www.youtube.com\/channel\/UCH-Ut6EaN_X5ogjIQMPe46g\/"]},{"@type":"Person","@id":"https:\/\/www.fcejs.unsl.edu.ar\/#\/schema\/person\/352ee6ed90c3f394c7cb5945f8956d34","name":"DATI"}]}},"jetpack_featured_media_url":"https:\/\/www.fcejs.unsl.edu.ar\/wp-content\/uploads\/2022\/12\/221212-Entrega-de-Premio-Mauricio-Lopez-Dr.-Victor-Bernardo-Penchaszadeh-y-mencion-especial-a-Segundo-Valentin-Ledesma-y-Dominga-Zangla-post-mortem-24-16-1000x600-1.jpg","_links":{"self":[{"href":"https:\/\/www.fcejs.unsl.edu.ar\/index.php\/wp-json\/wp\/v2\/posts\/10501","targetHints":{"allow":["GET"]}}],"collection":[{"href":"https:\/\/www.fcejs.unsl.edu.ar\/index.php\/wp-json\/wp\/v2\/posts"}],"about":[{"href":"https:\/\/www.fcejs.unsl.edu.ar\/index.php\/wp-json\/wp\/v2\/types\/post"}],"author":[{"embeddable":true,"href":"https:\/\/www.fcejs.unsl.edu.ar\/index.php\/wp-json\/wp\/v2\/users\/9"}],"replies":[{"embeddable":true,"href":"https:\/\/www.fcejs.unsl.edu.ar\/index.php\/wp-json\/wp\/v2\/comments?post=10501"}],"version-history":[{"count":1,"href":"https:\/\/www.fcejs.unsl.edu.ar\/index.php\/wp-json\/wp\/v2\/posts\/10501\/revisions"}],"predecessor-version":[{"id":10503,"href":"https:\/\/www.fcejs.unsl.edu.ar\/index.php\/wp-json\/wp\/v2\/posts\/10501\/revisions\/10503"}],"wp:featuredmedia":[{"embeddable":true,"href":"https:\/\/www.fcejs.unsl.edu.ar\/index.php\/wp-json\/wp\/v2\/media\/10521"}],"wp:attachment":[{"href":"https:\/\/www.fcejs.unsl.edu.ar\/index.php\/wp-json\/wp\/v2\/media?parent=10501"}],"wp:term":[{"taxonomy":"category","embeddable":true,"href":"https:\/\/www.fcejs.unsl.edu.ar\/index.php\/wp-json\/wp\/v2\/categories?post=10501"},{"taxonomy":"post_tag","embeddable":true,"href":"https:\/\/www.fcejs.unsl.edu.ar\/index.php\/wp-json\/wp\/v2\/tags?post=10501"}],"curies":[{"name":"wp","href":"https:\/\/api.w.org\/{rel}","templated":true}]}}