{"id":10491,"date":"2022-12-12T09:08:54","date_gmt":"2022-12-12T12:08:54","guid":{"rendered":"http:\/\/10.101.10.197\/www\/?p=10491"},"modified":"2023-02-03T10:04:45","modified_gmt":"2023-02-03T13:04:45","slug":"fue-presentado-el-villa-mercedes-el-observatorio-de-vinculacion-tecnologica-y-social-de-la-unsl","status":"publish","type":"post","link":"https:\/\/www.fcejs.unsl.edu.ar\/index.php\/fue-presentado-el-villa-mercedes-el-observatorio-de-vinculacion-tecnologica-y-social-de-la-unsl\/","title":{"rendered":"Fue presentado en Villa Mercedes el Observatorio de Vinculaci\u00f3n Tecnol\u00f3gica y Social de la UNSL"},"content":{"rendered":"<p>En la ma\u00f1ana del mi\u00e9rcoles 7 de diciembre, la <strong>Secretar\u00eda de Vinculaci\u00f3n Tecnol\u00f3gica y Social de la UNS<\/strong>L realiz\u00f3 en Villa Mercedes, el lanzamiento del <strong>Observatorio de Vinculaci\u00f3n Tecnol\u00f3gica y Social de la UNSL<\/strong>, acompa\u00f1ado por las presentaciones de la edici\u00f3n <strong>N\u00ba 6 de la revista &#8220;iUNSL2.0&#8221;<\/strong>, del renovado sitio <strong>web de la SVTS<\/strong> y de la <strong>Unidad de B\u00fasqueda Inteligente (UBI). <\/strong><\/p>\n<p>El acto se realiz\u00f3 en el <strong>Instituto Escuela de Econom\u00eda, Negocios y Transferencia Tecnol\u00f3gica<\/strong> (EEN&amp;TT) y fue presidida\u00a0 por el <strong>Vicerrector, Mgtr. H\u00e9ctor Flores<\/strong>, el Secretario de Vinculaci\u00f3n Tecnol\u00f3gica y Social, el <strong>Dr. Mart\u00edn Fern\u00e1ndez Baldo<\/strong> y la Coordinadora de Vinculaci\u00f3n Tecnol\u00f3gica y Social, <strong>Mgtr Sonia N\u00fa\u00f1ez<\/strong> junto a autoridades universitarias, empresarios y p\u00fablico en general.<\/p>\n<p>La UNSL y la SVTS llevan adelante una pol\u00edtica universitaria orientada a promover la investigaci\u00f3n cient\u00edfica y tecnol\u00f3gica, en funci\u00f3n de los intereses provinciales, nacionales o internacionales, tendiendo a lograr las condiciones de mejoramiento del bienestar social, donde se procura profundizar su compromiso con la comunidad en un di\u00e1logo permanente que contribuya con las formas de vinculaci\u00f3n, construcci\u00f3n, y la transferencia de conocimientos compartidos entre el saber acad\u00e9mico con el de la sociedad.<\/p>\n<p><img fetchpriority=\"high\" decoding=\"async\" class=\"aligncenter size-large wp-image-10494\" src=\"https:\/\/www.fcejs.unsl.edu.ar\/wp-content\/uploads\/2022\/12\/presnetacion-vm-02-1024x575.jpg\" alt=\"\" width=\"843\" height=\"473\" srcset=\"https:\/\/www.fcejs.unsl.edu.ar\/wp-content\/uploads\/2022\/12\/presnetacion-vm-02-1024x575.jpg 1024w, https:\/\/www.fcejs.unsl.edu.ar\/wp-content\/uploads\/2022\/12\/presnetacion-vm-02-300x168.jpg 300w, https:\/\/www.fcejs.unsl.edu.ar\/wp-content\/uploads\/2022\/12\/presnetacion-vm-02-768x431.jpg 768w, https:\/\/www.fcejs.unsl.edu.ar\/wp-content\/uploads\/2022\/12\/presnetacion-vm-02.jpg 1152w\" sizes=\"(max-width: 843px) 100vw, 843px\" \/><\/p>\n<p>Tambi\u00e9n estuvieron presentes la decana de la Facultad de Ciencias Econ\u00f3micas, Jur\u00eddicas y Sociales (FCEJS), Mgtr. Roxanna Camiletti, el decano de la Facultad de Ingenier\u00eda y Ciencias Agropecuarias (FICA), Mgtr. Sergio Ribotta, la vicedecana de la FCEJS, Esp. Hilda Maggi, el vicedecano de la FICA, Dr. Federico Serra, la coordinadora Institucional de DDHH, Esp. Ana Mar\u00eda Garraza, y representantes de la Municipalidad de Villa Mercedes, del Ministerio de Producci\u00f3n de la Provincia, del INTI, del INTA y de diversas empresas. Adem\u00e1s, participaron directores de proyectos de investigaci\u00f3n de ambas facultades, estudiantes, personal docentes y nodocentes, y p\u00fablico en general.<\/p>\n<p>\u201cComo villamercedino, poder hacer este encuentro en este espacio tiene un significado muy especial porque este instituto es transversal a toda la universidad, pero tiene sede en Villa Mercedes y aqu\u00ed tambi\u00e9n funciona la oficina de Propiedad Intelectual, dos temas que cada d\u00eda revisten m\u00e1s relevancia\u201d, sostuvo el Vicerrector, Mgtr. H\u00e9ctor Flores.<\/p>\n<p>Destac\u00f3 la participaci\u00f3n de los distintos sectores que concurrieron al acto, tanto de las universidades nacionales, como de los representantes del sector productivo y p\u00fablico \u201cque han sabido entender de este puente que la universidad tendi\u00f3 hacia toda la comunidad a partir de 2019 cuando asumimos con V\u00edctor Mori\u00f1igo. Desde entonces, nos esforzamos mucho por el trabajo conjunto entre la ciencia y la producci\u00f3n, y creo que este es un aprendizaje mutuo, lo hemos entendido as\u00ed y estos tres a\u00f1os de gesti\u00f3n lo han demostrado\u201d.<\/p>\n<p>Flores anunci\u00f3 en su mensaje que la Unidad de B\u00fasqueda Inteligente (UBI) \u201cva a tener su sede en Villa Mercedes y va a estar a cargo de Sonia N\u00fa\u00f1ez, porque tambi\u00e9n es una pol\u00edtica de esta gesti\u00f3n integrar a toda la universidad en sus tres centros\u201d.<\/p>\n<p>El Vicerrector anticip\u00f3 que la semana pasada lleg\u00f3 la notificaci\u00f3n referida a los siete proyectos que la universidad present\u00f3 en<br \/>\nla convocatoria \u201cProyectos Din\u00e1micos\u201d, relacionados con el trabajo entre el sector privado y la universidad en busca del apoyo de los cient\u00edficos: \u201clos siete han sido aprobados, lo que representa m\u00e1s de 30 millones de pesos de fondos no reintegrables, que por supuesto van en su mayor\u00eda al sector privado, pero esto implica apoyar a las Pymes, al empleo, a la mejor calidad de vida. Esas son las cosas en las que nos gusta trabajar. Este portal, esta p\u00e1gina, este Observatorio, b\u00e1sicamente, tiene esa idea:<br \/>\nque sea un medio de comunicaci\u00f3n entre los distintos sectores y la comunidad\u201d.<\/p>\n<p><strong>Observatorio de Vinculaci\u00f3n Tecnol\u00f3gica y Social de la UNSL<\/strong><\/p>\n<p>El Observatorio de la Universidad Nacional de San Luis (UNSL) surge de un proyecto de la SVTS. El mismo tiene como objetivo recabar informaci\u00f3n acerca de los servicios y asesoramientos cient\u00edficos-tecnol\u00f3gicos que desarrollan los laboratorios e institutos de doble dependencia para conformar el primer cat\u00e1logo de Oferta Tecnol\u00f3gica de Capacidades Cient\u00edficas y Tecnol\u00f3gicas de la Universidad.<br \/>\nEsta informaci\u00f3n estar\u00e1 presente en la p\u00e1gina web de la Secretar\u00eda, a disposici\u00f3n de empresas privadas, productores, emprendedores, organismos p\u00fablicos, estudiantes, docentes e investigadores en general. Como primer paso se necesita conocer a fondo las capacidades del laboratorio con respecto a: productos cient\u00edficos tecnol\u00f3gicos desarrollados listos para transferir; asesoramiento y\/o asistencia cient\u00edfica tecnol\u00f3gica; servicios tecnol\u00f3gicos de alto nivel. (STAN) y servicios de mejoras en productividad.<br \/>\nEl desarrollo de este primer Cat\u00e1logo de Oferta Tecnol\u00f3gica de Capacidades Cient\u00edficas y Tecnol\u00f3gicas y desarrollos de la Universidad, servir\u00e1 para difundir una oferta de excelencia que brinden soluci\u00f3n a diferentes problem\u00e1ticas de distinta \u00edndole, organizar ejes tem\u00e1ticos de investigaci\u00f3n desarrollados y nuevos, y destacar experiencias de trabajo exitosas.<\/p>\n<p><img decoding=\"async\" class=\"aligncenter size-large wp-image-10492\" src=\"https:\/\/www.fcejs.unsl.edu.ar\/wp-content\/uploads\/2022\/12\/presnetacion-vm-1024x575.jpg\" alt=\"\" width=\"843\" height=\"473\" srcset=\"https:\/\/www.fcejs.unsl.edu.ar\/wp-content\/uploads\/2022\/12\/presnetacion-vm-1024x575.jpg 1024w, https:\/\/www.fcejs.unsl.edu.ar\/wp-content\/uploads\/2022\/12\/presnetacion-vm-300x168.jpg 300w, https:\/\/www.fcejs.unsl.edu.ar\/wp-content\/uploads\/2022\/12\/presnetacion-vm-768x431.jpg 768w, https:\/\/www.fcejs.unsl.edu.ar\/wp-content\/uploads\/2022\/12\/presnetacion-vm.jpg 1152w\" sizes=\"(max-width: 843px) 100vw, 843px\" \/><br \/>\n<strong>Unidad de B\u00fasqueda Inteligente<\/strong><\/p>\n<p>La UNSL entiende necesaria la creaci\u00f3n de esta Unidad, que cuente con capacidades estrat\u00e9gicas que permitan transformar datos en informaci\u00f3n, conocimiento e inteligencia para la definici\u00f3n de ejes de acci\u00f3n que consoliden y fortalezcan los procesos de innovaci\u00f3n as\u00ed como los niveles de competitividad local y global en los diferentes actores sociales.<br \/>\nLa Unidad de B\u00fasqueda Inteligente (U.B.I) tiene el objetivo de realizar vigilancia tecnol\u00f3gica e inteligente estrat\u00e9gica o competitiva, buscando y detectando informaci\u00f3n orientada a la toma de decisiones competitivas sobre amenazas y oportunidades maximizando las fortalezas y disminuyendo el impacto de las debilidades.<\/p>\n<p><strong>Revista Digital N\u00b0 6: \u201cCiencia, Producto y Servicio: fortalecimiento emprendedor\u201d<\/strong><\/p>\n<p>La nueva edici\u00f3n de la Revista Digital de Vinculaci\u00f3n Tecnol\u00f3gica y Social \u00abiUNSL 2.0\u00bb N\u00ba 6, 2022, trata sobre \u201cC+P+S \u2013 Ciencia, producto y servicio\u201d, Fortalecimiento emprendedor. Cuenta con la habitual entrevista y desarrollo del tema central, junto a las secciones que en este n\u00famero ser\u00e1n: convocatoria PAC EMPRENDEDOR, convocatoria Argentina contra el Hambre, convocatoria UNSL Xi 2022, y convocatoria Emprendimientos Din\u00e1micos.<\/p>\n<p><img decoding=\"async\" class=\"aligncenter size-large wp-image-10495\" src=\"https:\/\/www.fcejs.unsl.edu.ar\/wp-content\/uploads\/2022\/12\/presnetacion-vm-04-1024x575.jpg\" alt=\"\" width=\"843\" height=\"473\" srcset=\"https:\/\/www.fcejs.unsl.edu.ar\/wp-content\/uploads\/2022\/12\/presnetacion-vm-04-1024x575.jpg 1024w, https:\/\/www.fcejs.unsl.edu.ar\/wp-content\/uploads\/2022\/12\/presnetacion-vm-04-300x168.jpg 300w, https:\/\/www.fcejs.unsl.edu.ar\/wp-content\/uploads\/2022\/12\/presnetacion-vm-04-768x431.jpg 768w, https:\/\/www.fcejs.unsl.edu.ar\/wp-content\/uploads\/2022\/12\/presnetacion-vm-04.jpg 1152w\" sizes=\"(max-width: 843px) 100vw, 843px\" \/><\/p>\n","protected":false},"excerpt":{"rendered":"<p>En la ma\u00f1ana del mi\u00e9rcoles 7 de diciembre, la Secretar\u00eda de Vinculaci\u00f3n Tecnol\u00f3gica y Social de la UNSL realiz\u00f3 en Villa Mercedes, el lanzamiento del&hellip;<\/p>\n","protected":false},"author":9,"featured_media":10492,"comment_status":"closed","ping_status":"closed","sticky":false,"template":"","format":"standard","meta":{"om_disable_all_campaigns":false,"_monsterinsights_skip_tracking":false,"_monsterinsights_sitenote_active":false,"_monsterinsights_sitenote_note":"","_monsterinsights_sitenote_category":0,"footnotes":""},"categories":[1],"tags":[],"class_list":["post-10491","post","type-post","status-publish","format-standard","has-post-thumbnail","hentry","category-noticias"],"yoast_head":"<!-- This site is optimized with the Yoast SEO plugin v27.4 - https:\/\/yoast.com\/product\/yoast-seo-wordpress\/ -->\n<title>Fue presentado en Villa Mercedes el Observatorio de Vinculaci\u00f3n Tecnol\u00f3gica y Social de la UNSL - Facultad de Ciencias Econ\u00f3micas, Jur\u00ed\u00addicas y Sociales<\/title>\n<meta name=\"robots\" content=\"index, follow, max-snippet:-1, max-image-preview:large, max-video-preview:-1\" \/>\n<link rel=\"canonical\" href=\"https:\/\/www.fcejs.unsl.edu.ar\/index.php\/fue-presentado-el-villa-mercedes-el-observatorio-de-vinculacion-tecnologica-y-social-de-la-unsl\/\" \/>\n<meta property=\"og:locale\" content=\"es_ES\" \/>\n<meta property=\"og:type\" content=\"article\" \/>\n<meta property=\"og:title\" content=\"Fue presentado en Villa Mercedes el Observatorio de Vinculaci\u00f3n Tecnol\u00f3gica y Social de la UNSL - Facultad de Ciencias Econ\u00f3micas, Jur\u00ed\u00addicas y Sociales\" \/>\n<meta property=\"og:description\" content=\"En la ma\u00f1ana del mi\u00e9rcoles 7 de diciembre, la Secretar\u00eda de Vinculaci\u00f3n Tecnol\u00f3gica y Social de la UNSL realiz\u00f3 en Villa Mercedes, el lanzamiento del&hellip;\" \/>\n<meta property=\"og:url\" content=\"https:\/\/www.fcejs.unsl.edu.ar\/index.php\/fue-presentado-el-villa-mercedes-el-observatorio-de-vinculacion-tecnologica-y-social-de-la-unsl\/\" \/>\n<meta property=\"og:site_name\" content=\"Facultad de Ciencias Econ\u00f3micas, Jur\u00ed\u00addicas y Sociales\" \/>\n<meta property=\"article:publisher\" content=\"https:\/\/www.facebook.com\/FCEJS.UNSL\/\" \/>\n<meta property=\"article:published_time\" content=\"2022-12-12T12:08:54+00:00\" \/>\n<meta property=\"article:modified_time\" content=\"2023-02-03T13:04:45+00:00\" \/>\n<meta property=\"og:image\" content=\"https:\/\/www.fcejs.unsl.edu.ar\/wp-content\/uploads\/2022\/12\/presnetacion-vm.jpg\" \/>\n\t<meta property=\"og:image:width\" content=\"1152\" \/>\n\t<meta property=\"og:image:height\" content=\"647\" \/>\n\t<meta property=\"og:image:type\" content=\"image\/jpeg\" \/>\n<meta name=\"author\" content=\"DATI\" \/>\n<meta name=\"twitter:card\" content=\"summary_large_image\" \/>\n<meta name=\"twitter:creator\" content=\"@FCEJSUNSL\" \/>\n<meta name=\"twitter:site\" content=\"@FCEJSUNSL\" \/>\n<meta name=\"twitter:label1\" content=\"Escrito por\" \/>\n\t<meta name=\"twitter:data1\" content=\"DATI\" \/>\n\t<meta name=\"twitter:label2\" content=\"Tiempo de lectura\" \/>\n\t<meta name=\"twitter:data2\" content=\"5 minutos\" \/>\n<script type=\"application\/ld+json\" class=\"yoast-schema-graph\">{\"@context\":\"https:\\\/\\\/schema.org\",\"@graph\":[{\"@type\":\"Article\",\"@id\":\"https:\\\/\\\/www.fcejs.unsl.edu.ar\\\/index.php\\\/fue-presentado-el-villa-mercedes-el-observatorio-de-vinculacion-tecnologica-y-social-de-la-unsl\\\/#article\",\"isPartOf\":{\"@id\":\"https:\\\/\\\/www.fcejs.unsl.edu.ar\\\/index.php\\\/fue-presentado-el-villa-mercedes-el-observatorio-de-vinculacion-tecnologica-y-social-de-la-unsl\\\/\"},\"author\":{\"name\":\"DATI\",\"@id\":\"https:\\\/\\\/www.fcejs.unsl.edu.ar\\\/#\\\/schema\\\/person\\\/352ee6ed90c3f394c7cb5945f8956d34\"},\"headline\":\"Fue presentado en Villa Mercedes el Observatorio de Vinculaci\u00f3n Tecnol\u00f3gica y Social de la UNSL\",\"datePublished\":\"2022-12-12T12:08:54+00:00\",\"dateModified\":\"2023-02-03T13:04:45+00:00\",\"mainEntityOfPage\":{\"@id\":\"https:\\\/\\\/www.fcejs.unsl.edu.ar\\\/index.php\\\/fue-presentado-el-villa-mercedes-el-observatorio-de-vinculacion-tecnologica-y-social-de-la-unsl\\\/\"},\"wordCount\":1062,\"publisher\":{\"@id\":\"https:\\\/\\\/www.fcejs.unsl.edu.ar\\\/#organization\"},\"image\":{\"@id\":\"https:\\\/\\\/www.fcejs.unsl.edu.ar\\\/index.php\\\/fue-presentado-el-villa-mercedes-el-observatorio-de-vinculacion-tecnologica-y-social-de-la-unsl\\\/#primaryimage\"},\"thumbnailUrl\":\"https:\\\/\\\/www.fcejs.unsl.edu.ar\\\/wp-content\\\/uploads\\\/2022\\\/12\\\/presnetacion-vm.jpg\",\"articleSection\":[\"Noticias\"],\"inLanguage\":\"es-AR\"},{\"@type\":\"WebPage\",\"@id\":\"https:\\\/\\\/www.fcejs.unsl.edu.ar\\\/index.php\\\/fue-presentado-el-villa-mercedes-el-observatorio-de-vinculacion-tecnologica-y-social-de-la-unsl\\\/\",\"url\":\"https:\\\/\\\/www.fcejs.unsl.edu.ar\\\/index.php\\\/fue-presentado-el-villa-mercedes-el-observatorio-de-vinculacion-tecnologica-y-social-de-la-unsl\\\/\",\"name\":\"Fue presentado en Villa Mercedes el Observatorio de Vinculaci\u00f3n Tecnol\u00f3gica y Social de la UNSL - Facultad de Ciencias Econ\u00f3micas, Jur\u00ed\u00addicas y Sociales\",\"isPartOf\":{\"@id\":\"https:\\\/\\\/www.fcejs.unsl.edu.ar\\\/#website\"},\"primaryImageOfPage\":{\"@id\":\"https:\\\/\\\/www.fcejs.unsl.edu.ar\\\/index.php\\\/fue-presentado-el-villa-mercedes-el-observatorio-de-vinculacion-tecnologica-y-social-de-la-unsl\\\/#primaryimage\"},\"image\":{\"@id\":\"https:\\\/\\\/www.fcejs.unsl.edu.ar\\\/index.php\\\/fue-presentado-el-villa-mercedes-el-observatorio-de-vinculacion-tecnologica-y-social-de-la-unsl\\\/#primaryimage\"},\"thumbnailUrl\":\"https:\\\/\\\/www.fcejs.unsl.edu.ar\\\/wp-content\\\/uploads\\\/2022\\\/12\\\/presnetacion-vm.jpg\",\"datePublished\":\"2022-12-12T12:08:54+00:00\",\"dateModified\":\"2023-02-03T13:04:45+00:00\",\"breadcrumb\":{\"@id\":\"https:\\\/\\\/www.fcejs.unsl.edu.ar\\\/index.php\\\/fue-presentado-el-villa-mercedes-el-observatorio-de-vinculacion-tecnologica-y-social-de-la-unsl\\\/#breadcrumb\"},\"inLanguage\":\"es-AR\",\"potentialAction\":[{\"@type\":\"ReadAction\",\"target\":[\"https:\\\/\\\/www.fcejs.unsl.edu.ar\\\/index.php\\\/fue-presentado-el-villa-mercedes-el-observatorio-de-vinculacion-tecnologica-y-social-de-la-unsl\\\/\"]}]},{\"@type\":\"ImageObject\",\"inLanguage\":\"es-AR\",\"@id\":\"https:\\\/\\\/www.fcejs.unsl.edu.ar\\\/index.php\\\/fue-presentado-el-villa-mercedes-el-observatorio-de-vinculacion-tecnologica-y-social-de-la-unsl\\\/#primaryimage\",\"url\":\"https:\\\/\\\/www.fcejs.unsl.edu.ar\\\/wp-content\\\/uploads\\\/2022\\\/12\\\/presnetacion-vm.jpg\",\"contentUrl\":\"https:\\\/\\\/www.fcejs.unsl.edu.ar\\\/wp-content\\\/uploads\\\/2022\\\/12\\\/presnetacion-vm.jpg\",\"width\":1152,\"height\":647},{\"@type\":\"BreadcrumbList\",\"@id\":\"https:\\\/\\\/www.fcejs.unsl.edu.ar\\\/index.php\\\/fue-presentado-el-villa-mercedes-el-observatorio-de-vinculacion-tecnologica-y-social-de-la-unsl\\\/#breadcrumb\",\"itemListElement\":[{\"@type\":\"ListItem\",\"position\":1,\"name\":\"Inicio\",\"item\":\"https:\\\/\\\/www.fcejs.unsl.edu.ar\\\/\"},{\"@type\":\"ListItem\",\"position\":2,\"name\":\"Fue presentado en Villa Mercedes el Observatorio de Vinculaci\u00f3n Tecnol\u00f3gica y Social de la UNSL\"}]},{\"@type\":\"WebSite\",\"@id\":\"https:\\\/\\\/www.fcejs.unsl.edu.ar\\\/#website\",\"url\":\"https:\\\/\\\/www.fcejs.unsl.edu.ar\\\/\",\"name\":\"Facultad de Ciencias Econ\u00f3micas, Jur\u00ed\u00addicas y Sociales\",\"description\":\"\",\"publisher\":{\"@id\":\"https:\\\/\\\/www.fcejs.unsl.edu.ar\\\/#organization\"},\"potentialAction\":[{\"@type\":\"SearchAction\",\"target\":{\"@type\":\"EntryPoint\",\"urlTemplate\":\"https:\\\/\\\/www.fcejs.unsl.edu.ar\\\/?s={search_term_string}\"},\"query-input\":{\"@type\":\"PropertyValueSpecification\",\"valueRequired\":true,\"valueName\":\"search_term_string\"}}],\"inLanguage\":\"es-AR\"},{\"@type\":\"Organization\",\"@id\":\"https:\\\/\\\/www.fcejs.unsl.edu.ar\\\/#organization\",\"name\":\"Facultad de Ciencias Econ\u00f3micas, Jur\u00eddicas y Sociales\",\"url\":\"https:\\\/\\\/www.fcejs.unsl.edu.ar\\\/\",\"logo\":{\"@type\":\"ImageObject\",\"inLanguage\":\"es-AR\",\"@id\":\"https:\\\/\\\/www.fcejs.unsl.edu.ar\\\/#\\\/schema\\\/logo\\\/image\\\/\",\"url\":\"https:\\\/\\\/www.fcejs.unsl.edu.ar\\\/wp-content\\\/uploads\\\/2021\\\/03\\\/logo-1.jpg\",\"contentUrl\":\"https:\\\/\\\/www.fcejs.unsl.edu.ar\\\/wp-content\\\/uploads\\\/2021\\\/03\\\/logo-1.jpg\",\"width\":471,\"height\":146,\"caption\":\"Facultad de Ciencias Econ\u00f3micas, Jur\u00eddicas y Sociales\"},\"image\":{\"@id\":\"https:\\\/\\\/www.fcejs.unsl.edu.ar\\\/#\\\/schema\\\/logo\\\/image\\\/\"},\"sameAs\":[\"https:\\\/\\\/www.facebook.com\\\/FCEJS.UNSL\\\/\",\"https:\\\/\\\/x.com\\\/FCEJSUNSL\",\"https:\\\/\\\/www.instagram.com\\\/fcejs.unsl\\\/\",\"https:\\\/\\\/www.youtube.com\\\/channel\\\/UCH-Ut6EaN_X5ogjIQMPe46g\\\/\"]},{\"@type\":\"Person\",\"@id\":\"https:\\\/\\\/www.fcejs.unsl.edu.ar\\\/#\\\/schema\\\/person\\\/352ee6ed90c3f394c7cb5945f8956d34\",\"name\":\"DATI\"}]}<\/script>\n<!-- \/ Yoast SEO plugin. -->","yoast_head_json":{"title":"Fue presentado en Villa Mercedes el Observatorio de Vinculaci\u00f3n Tecnol\u00f3gica y Social de la UNSL - Facultad de Ciencias Econ\u00f3micas, Jur\u00ed\u00addicas y Sociales","robots":{"index":"index","follow":"follow","max-snippet":"max-snippet:-1","max-image-preview":"max-image-preview:large","max-video-preview":"max-video-preview:-1"},"canonical":"https:\/\/www.fcejs.unsl.edu.ar\/index.php\/fue-presentado-el-villa-mercedes-el-observatorio-de-vinculacion-tecnologica-y-social-de-la-unsl\/","og_locale":"es_ES","og_type":"article","og_title":"Fue presentado en Villa Mercedes el Observatorio de Vinculaci\u00f3n Tecnol\u00f3gica y Social de la UNSL - Facultad de Ciencias Econ\u00f3micas, Jur\u00ed\u00addicas y Sociales","og_description":"En la ma\u00f1ana del mi\u00e9rcoles 7 de diciembre, la Secretar\u00eda de Vinculaci\u00f3n Tecnol\u00f3gica y Social de la UNSL realiz\u00f3 en Villa Mercedes, el lanzamiento del&hellip;","og_url":"https:\/\/www.fcejs.unsl.edu.ar\/index.php\/fue-presentado-el-villa-mercedes-el-observatorio-de-vinculacion-tecnologica-y-social-de-la-unsl\/","og_site_name":"Facultad de Ciencias Econ\u00f3micas, Jur\u00ed\u00addicas y Sociales","article_publisher":"https:\/\/www.facebook.com\/FCEJS.UNSL\/","article_published_time":"2022-12-12T12:08:54+00:00","article_modified_time":"2023-02-03T13:04:45+00:00","og_image":[{"width":1152,"height":647,"url":"https:\/\/www.fcejs.unsl.edu.ar\/wp-content\/uploads\/2022\/12\/presnetacion-vm.jpg","type":"image\/jpeg"}],"author":"DATI","twitter_card":"summary_large_image","twitter_creator":"@FCEJSUNSL","twitter_site":"@FCEJSUNSL","twitter_misc":{"Escrito por":"DATI","Tiempo de lectura":"5 minutos"},"schema":{"@context":"https:\/\/schema.org","@graph":[{"@type":"Article","@id":"https:\/\/www.fcejs.unsl.edu.ar\/index.php\/fue-presentado-el-villa-mercedes-el-observatorio-de-vinculacion-tecnologica-y-social-de-la-unsl\/#article","isPartOf":{"@id":"https:\/\/www.fcejs.unsl.edu.ar\/index.php\/fue-presentado-el-villa-mercedes-el-observatorio-de-vinculacion-tecnologica-y-social-de-la-unsl\/"},"author":{"name":"DATI","@id":"https:\/\/www.fcejs.unsl.edu.ar\/#\/schema\/person\/352ee6ed90c3f394c7cb5945f8956d34"},"headline":"Fue presentado en Villa Mercedes el Observatorio de Vinculaci\u00f3n Tecnol\u00f3gica y Social de la UNSL","datePublished":"2022-12-12T12:08:54+00:00","dateModified":"2023-02-03T13:04:45+00:00","mainEntityOfPage":{"@id":"https:\/\/www.fcejs.unsl.edu.ar\/index.php\/fue-presentado-el-villa-mercedes-el-observatorio-de-vinculacion-tecnologica-y-social-de-la-unsl\/"},"wordCount":1062,"publisher":{"@id":"https:\/\/www.fcejs.unsl.edu.ar\/#organization"},"image":{"@id":"https:\/\/www.fcejs.unsl.edu.ar\/index.php\/fue-presentado-el-villa-mercedes-el-observatorio-de-vinculacion-tecnologica-y-social-de-la-unsl\/#primaryimage"},"thumbnailUrl":"https:\/\/www.fcejs.unsl.edu.ar\/wp-content\/uploads\/2022\/12\/presnetacion-vm.jpg","articleSection":["Noticias"],"inLanguage":"es-AR"},{"@type":"WebPage","@id":"https:\/\/www.fcejs.unsl.edu.ar\/index.php\/fue-presentado-el-villa-mercedes-el-observatorio-de-vinculacion-tecnologica-y-social-de-la-unsl\/","url":"https:\/\/www.fcejs.unsl.edu.ar\/index.php\/fue-presentado-el-villa-mercedes-el-observatorio-de-vinculacion-tecnologica-y-social-de-la-unsl\/","name":"Fue presentado en Villa Mercedes el Observatorio de Vinculaci\u00f3n Tecnol\u00f3gica y Social de la UNSL - Facultad de Ciencias Econ\u00f3micas, Jur\u00ed\u00addicas y Sociales","isPartOf":{"@id":"https:\/\/www.fcejs.unsl.edu.ar\/#website"},"primaryImageOfPage":{"@id":"https:\/\/www.fcejs.unsl.edu.ar\/index.php\/fue-presentado-el-villa-mercedes-el-observatorio-de-vinculacion-tecnologica-y-social-de-la-unsl\/#primaryimage"},"image":{"@id":"https:\/\/www.fcejs.unsl.edu.ar\/index.php\/fue-presentado-el-villa-mercedes-el-observatorio-de-vinculacion-tecnologica-y-social-de-la-unsl\/#primaryimage"},"thumbnailUrl":"https:\/\/www.fcejs.unsl.edu.ar\/wp-content\/uploads\/2022\/12\/presnetacion-vm.jpg","datePublished":"2022-12-12T12:08:54+00:00","dateModified":"2023-02-03T13:04:45+00:00","breadcrumb":{"@id":"https:\/\/www.fcejs.unsl.edu.ar\/index.php\/fue-presentado-el-villa-mercedes-el-observatorio-de-vinculacion-tecnologica-y-social-de-la-unsl\/#breadcrumb"},"inLanguage":"es-AR","potentialAction":[{"@type":"ReadAction","target":["https:\/\/www.fcejs.unsl.edu.ar\/index.php\/fue-presentado-el-villa-mercedes-el-observatorio-de-vinculacion-tecnologica-y-social-de-la-unsl\/"]}]},{"@type":"ImageObject","inLanguage":"es-AR","@id":"https:\/\/www.fcejs.unsl.edu.ar\/index.php\/fue-presentado-el-villa-mercedes-el-observatorio-de-vinculacion-tecnologica-y-social-de-la-unsl\/#primaryimage","url":"https:\/\/www.fcejs.unsl.edu.ar\/wp-content\/uploads\/2022\/12\/presnetacion-vm.jpg","contentUrl":"https:\/\/www.fcejs.unsl.edu.ar\/wp-content\/uploads\/2022\/12\/presnetacion-vm.jpg","width":1152,"height":647},{"@type":"BreadcrumbList","@id":"https:\/\/www.fcejs.unsl.edu.ar\/index.php\/fue-presentado-el-villa-mercedes-el-observatorio-de-vinculacion-tecnologica-y-social-de-la-unsl\/#breadcrumb","itemListElement":[{"@type":"ListItem","position":1,"name":"Inicio","item":"https:\/\/www.fcejs.unsl.edu.ar\/"},{"@type":"ListItem","position":2,"name":"Fue presentado en Villa Mercedes el Observatorio de Vinculaci\u00f3n Tecnol\u00f3gica y Social de la UNSL"}]},{"@type":"WebSite","@id":"https:\/\/www.fcejs.unsl.edu.ar\/#website","url":"https:\/\/www.fcejs.unsl.edu.ar\/","name":"Facultad de Ciencias Econ\u00f3micas, Jur\u00ed\u00addicas y Sociales","description":"","publisher":{"@id":"https:\/\/www.fcejs.unsl.edu.ar\/#organization"},"potentialAction":[{"@type":"SearchAction","target":{"@type":"EntryPoint","urlTemplate":"https:\/\/www.fcejs.unsl.edu.ar\/?s={search_term_string}"},"query-input":{"@type":"PropertyValueSpecification","valueRequired":true,"valueName":"search_term_string"}}],"inLanguage":"es-AR"},{"@type":"Organization","@id":"https:\/\/www.fcejs.unsl.edu.ar\/#organization","name":"Facultad de Ciencias Econ\u00f3micas, Jur\u00eddicas y Sociales","url":"https:\/\/www.fcejs.unsl.edu.ar\/","logo":{"@type":"ImageObject","inLanguage":"es-AR","@id":"https:\/\/www.fcejs.unsl.edu.ar\/#\/schema\/logo\/image\/","url":"https:\/\/www.fcejs.unsl.edu.ar\/wp-content\/uploads\/2021\/03\/logo-1.jpg","contentUrl":"https:\/\/www.fcejs.unsl.edu.ar\/wp-content\/uploads\/2021\/03\/logo-1.jpg","width":471,"height":146,"caption":"Facultad de Ciencias Econ\u00f3micas, Jur\u00eddicas y Sociales"},"image":{"@id":"https:\/\/www.fcejs.unsl.edu.ar\/#\/schema\/logo\/image\/"},"sameAs":["https:\/\/www.facebook.com\/FCEJS.UNSL\/","https:\/\/x.com\/FCEJSUNSL","https:\/\/www.instagram.com\/fcejs.unsl\/","https:\/\/www.youtube.com\/channel\/UCH-Ut6EaN_X5ogjIQMPe46g\/"]},{"@type":"Person","@id":"https:\/\/www.fcejs.unsl.edu.ar\/#\/schema\/person\/352ee6ed90c3f394c7cb5945f8956d34","name":"DATI"}]}},"jetpack_featured_media_url":"https:\/\/www.fcejs.unsl.edu.ar\/wp-content\/uploads\/2022\/12\/presnetacion-vm.jpg","_links":{"self":[{"href":"https:\/\/www.fcejs.unsl.edu.ar\/index.php\/wp-json\/wp\/v2\/posts\/10491","targetHints":{"allow":["GET"]}}],"collection":[{"href":"https:\/\/www.fcejs.unsl.edu.ar\/index.php\/wp-json\/wp\/v2\/posts"}],"about":[{"href":"https:\/\/www.fcejs.unsl.edu.ar\/index.php\/wp-json\/wp\/v2\/types\/post"}],"author":[{"embeddable":true,"href":"https:\/\/www.fcejs.unsl.edu.ar\/index.php\/wp-json\/wp\/v2\/users\/9"}],"replies":[{"embeddable":true,"href":"https:\/\/www.fcejs.unsl.edu.ar\/index.php\/wp-json\/wp\/v2\/comments?post=10491"}],"version-history":[{"count":5,"href":"https:\/\/www.fcejs.unsl.edu.ar\/index.php\/wp-json\/wp\/v2\/posts\/10491\/revisions"}],"predecessor-version":[{"id":10500,"href":"https:\/\/www.fcejs.unsl.edu.ar\/index.php\/wp-json\/wp\/v2\/posts\/10491\/revisions\/10500"}],"wp:featuredmedia":[{"embeddable":true,"href":"https:\/\/www.fcejs.unsl.edu.ar\/index.php\/wp-json\/wp\/v2\/media\/10492"}],"wp:attachment":[{"href":"https:\/\/www.fcejs.unsl.edu.ar\/index.php\/wp-json\/wp\/v2\/media?parent=10491"}],"wp:term":[{"taxonomy":"category","embeddable":true,"href":"https:\/\/www.fcejs.unsl.edu.ar\/index.php\/wp-json\/wp\/v2\/categories?post=10491"},{"taxonomy":"post_tag","embeddable":true,"href":"https:\/\/www.fcejs.unsl.edu.ar\/index.php\/wp-json\/wp\/v2\/tags?post=10491"}],"curies":[{"name":"wp","href":"https:\/\/api.w.org\/{rel}","templated":true}]}}