{"id":10480,"date":"2022-12-12T13:29:08","date_gmt":"2022-12-12T16:29:08","guid":{"rendered":"http:\/\/10.101.10.197\/www\/?p=10480"},"modified":"2022-12-15T08:14:44","modified_gmt":"2022-12-15T11:14:44","slug":"opi-jornada-de-capacitacion-sobre-propiedad-intelectual","status":"publish","type":"post","link":"https:\/\/www.fcejs.unsl.edu.ar\/index.php\/opi-jornada-de-capacitacion-sobre-propiedad-intelectual\/","title":{"rendered":"OPI: \u201cJornada de Capacitaci\u00f3n sobre Propiedad Intelectual\u201d"},"content":{"rendered":"<p>La <strong>Oficina de Propiedad Intelectual<\/strong> de la FCEJS, invita a toda la comunidad a la <strong>\u201cJornada de Capacitaci\u00f3n sobre Propiedad Intelectual\u201d<\/strong>, que se llevar\u00e1 a cabo de forma virtual el<strong> 12 y 13 de diciembre de 2022<\/strong>.<\/p>\n<p>A cargo de especialistas pertenecientes a la <strong>Direcci\u00f3n Nacional de Derecho de Autor<\/strong> (DNDA), esta jornada no arancelada brindar\u00e1 a los concurrentes, una visi\u00f3n general e introductoria sobre el alcance de la Propiedad Intelectual.<\/p>\n<p style=\"text-align: center;\"><strong>INGRESAR: <a href=\"https:\/\/bit.ly\/jc_propiedadintelectual\" target=\"_blank\" rel=\"noopener\">Jornada de Capacitaci\u00f3n sobre Propiedad Intelectual<\/a><\/strong><\/p>\n<p>Buscar\u00e1 reflexionar sobre la importancia de la protecci\u00f3n jur\u00eddica que posee la propiedad intelectual, analizar\u00e1 la protecci\u00f3n de la propiedad intelectual desde la normativa vigente. Debatir\u00e1 la relevancia para los autores\/inventores de la protecci\u00f3n de los derechos intelectuales. Identificar\u00e1 la importancia que tiene la Propiedad Intelectual y la necesidad de respetar e incentivar el desarrollo de creaciones intelectuales; y conocer\u00e1 el funcionamiento en general de la plataforma inform\u00e1tica (TAD) que permite, desde cualquier punto del pa\u00eds, realizar tr\u00e1mites en l\u00ednea en el \u00e1mbito de la Administraci\u00f3n P\u00fablica Nacional.<\/p>\n<p>Esta capacitaci\u00f3n es destinada a docentes, investigadores, pasantes, becarios, estudiantes y graduados de carreras afines, nodocentes, profesionales y p\u00fablico en general interesado en la tem\u00e1tica.<\/p>\n<p>Contar\u00e1 con las disertaciones de los abogados\/as Walter Jorge Isidoro Waisman, Nicol\u00e1s Carlos Sommaruga, Andrea Fabiana G\u00f3mez Piedra junto a los se\u00f1ores Diego Maximiliano Gim\u00e9nez y Nicol\u00e1s Ra\u00fal Enrique Atienza. A lo largo de los dos d\u00edas ser\u00e1n abordados temas relacionados a obras, autor\u00eda y titularidad; derechos patrimoniales y morales; contratos y sobre la Plataforma de tr\u00e1mites a distancia (T.A.D.) de la Direcci\u00f3n Nacional del Derecho de Autor.<\/p>\n<p>Esta actividad es organizada por la Oficina de Propiedad Intelectual (FCEJS); el Departamento de Ciencias Jur\u00eddicas y Pol\u00edticas (FCEJS) y la Direcci\u00f3n Nacional del Derecho de Autor (DNDA) del Ministerio de Justicia y Derechos Humanos de la Naci\u00f3n.<\/p>\n<p><img fetchpriority=\"high\" decoding=\"async\" class=\"aligncenter size-large wp-image-10482\" src=\"https:\/\/www.fcejs.unsl.edu.ar\/wp-content\/uploads\/2022\/12\/Jornada-de-Capacitacion-sobre-Propiedad-Intelectual02-819x1024.jpg\" alt=\"\" width=\"819\" height=\"1024\" srcset=\"https:\/\/www.fcejs.unsl.edu.ar\/wp-content\/uploads\/2022\/12\/Jornada-de-Capacitacion-sobre-Propiedad-Intelectual02-819x1024.jpg 819w, https:\/\/www.fcejs.unsl.edu.ar\/wp-content\/uploads\/2022\/12\/Jornada-de-Capacitacion-sobre-Propiedad-Intelectual02-240x300.jpg 240w, https:\/\/www.fcejs.unsl.edu.ar\/wp-content\/uploads\/2022\/12\/Jornada-de-Capacitacion-sobre-Propiedad-Intelectual02-768x960.jpg 768w, https:\/\/www.fcejs.unsl.edu.ar\/wp-content\/uploads\/2022\/12\/Jornada-de-Capacitacion-sobre-Propiedad-Intelectual02.jpg 1024w\" sizes=\"(max-width: 819px) 100vw, 819px\" \/><\/p>\n<p>&nbsp;<\/p>\n<p>&nbsp;<\/p>\n","protected":false},"excerpt":{"rendered":"<p>La Oficina de Propiedad Intelectual de la FCEJS, invita a toda la comunidad a la \u201cJornada de Capacitaci\u00f3n sobre Propiedad Intelectual\u201d, que se llevar\u00e1 a&hellip;<\/p>\n","protected":false},"author":9,"featured_media":10481,"comment_status":"closed","ping_status":"closed","sticky":false,"template":"","format":"standard","meta":{"om_disable_all_campaigns":false,"_monsterinsights_skip_tracking":false,"_monsterinsights_sitenote_active":false,"_monsterinsights_sitenote_note":"","_monsterinsights_sitenote_category":0,"footnotes":""},"categories":[1],"tags":[],"class_list":["post-10480","post","type-post","status-publish","format-standard","has-post-thumbnail","hentry","category-noticias"],"yoast_head":"<!-- This site is optimized with the Yoast SEO plugin v27.4 - https:\/\/yoast.com\/product\/yoast-seo-wordpress\/ -->\n<title>OPI: \u201cJornada de Capacitaci\u00f3n sobre Propiedad Intelectual\u201d - Facultad de Ciencias Econ\u00f3micas, Jur\u00ed\u00addicas y Sociales<\/title>\n<meta name=\"robots\" content=\"index, follow, max-snippet:-1, max-image-preview:large, max-video-preview:-1\" \/>\n<link rel=\"canonical\" href=\"https:\/\/www.fcejs.unsl.edu.ar\/index.php\/opi-jornada-de-capacitacion-sobre-propiedad-intelectual\/\" \/>\n<meta property=\"og:locale\" content=\"es_ES\" \/>\n<meta property=\"og:type\" content=\"article\" \/>\n<meta property=\"og:title\" content=\"OPI: \u201cJornada de Capacitaci\u00f3n sobre Propiedad Intelectual\u201d - Facultad de Ciencias Econ\u00f3micas, Jur\u00ed\u00addicas y Sociales\" \/>\n<meta property=\"og:description\" content=\"La Oficina de Propiedad Intelectual de la FCEJS, invita a toda la comunidad a la \u201cJornada de Capacitaci\u00f3n sobre Propiedad Intelectual\u201d, que se llevar\u00e1 a&hellip;\" \/>\n<meta property=\"og:url\" content=\"https:\/\/www.fcejs.unsl.edu.ar\/index.php\/opi-jornada-de-capacitacion-sobre-propiedad-intelectual\/\" \/>\n<meta property=\"og:site_name\" content=\"Facultad de Ciencias Econ\u00f3micas, Jur\u00ed\u00addicas y Sociales\" \/>\n<meta property=\"article:publisher\" content=\"https:\/\/www.facebook.com\/FCEJS.UNSL\/\" \/>\n<meta property=\"article:published_time\" content=\"2022-12-12T16:29:08+00:00\" \/>\n<meta property=\"article:modified_time\" content=\"2022-12-15T11:14:44+00:00\" \/>\n<meta property=\"og:image\" content=\"https:\/\/www.fcejs.unsl.edu.ar\/wp-content\/uploads\/2022\/12\/Jornada-de-Capacitacion-sobre-Propiedad-Intelectual-front.jpg\" \/>\n\t<meta property=\"og:image:width\" content=\"1152\" \/>\n\t<meta property=\"og:image:height\" content=\"647\" \/>\n\t<meta property=\"og:image:type\" content=\"image\/jpeg\" \/>\n<meta name=\"author\" content=\"DATI\" \/>\n<meta name=\"twitter:card\" content=\"summary_large_image\" \/>\n<meta name=\"twitter:creator\" content=\"@FCEJSUNSL\" \/>\n<meta name=\"twitter:site\" content=\"@FCEJSUNSL\" \/>\n<meta name=\"twitter:label1\" content=\"Escrito por\" \/>\n\t<meta name=\"twitter:data1\" content=\"DATI\" \/>\n\t<meta name=\"twitter:label2\" content=\"Tiempo de lectura\" \/>\n\t<meta name=\"twitter:data2\" content=\"2 minutos\" \/>\n<script type=\"application\/ld+json\" class=\"yoast-schema-graph\">{\"@context\":\"https:\\\/\\\/schema.org\",\"@graph\":[{\"@type\":\"Article\",\"@id\":\"https:\\\/\\\/www.fcejs.unsl.edu.ar\\\/index.php\\\/opi-jornada-de-capacitacion-sobre-propiedad-intelectual\\\/#article\",\"isPartOf\":{\"@id\":\"https:\\\/\\\/www.fcejs.unsl.edu.ar\\\/index.php\\\/opi-jornada-de-capacitacion-sobre-propiedad-intelectual\\\/\"},\"author\":{\"name\":\"DATI\",\"@id\":\"https:\\\/\\\/www.fcejs.unsl.edu.ar\\\/#\\\/schema\\\/person\\\/352ee6ed90c3f394c7cb5945f8956d34\"},\"headline\":\"OPI: \u201cJornada de Capacitaci\u00f3n sobre Propiedad Intelectual\u201d\",\"datePublished\":\"2022-12-12T16:29:08+00:00\",\"dateModified\":\"2022-12-15T11:14:44+00:00\",\"mainEntityOfPage\":{\"@id\":\"https:\\\/\\\/www.fcejs.unsl.edu.ar\\\/index.php\\\/opi-jornada-de-capacitacion-sobre-propiedad-intelectual\\\/\"},\"wordCount\":340,\"publisher\":{\"@id\":\"https:\\\/\\\/www.fcejs.unsl.edu.ar\\\/#organization\"},\"image\":{\"@id\":\"https:\\\/\\\/www.fcejs.unsl.edu.ar\\\/index.php\\\/opi-jornada-de-capacitacion-sobre-propiedad-intelectual\\\/#primaryimage\"},\"thumbnailUrl\":\"https:\\\/\\\/www.fcejs.unsl.edu.ar\\\/wp-content\\\/uploads\\\/2022\\\/12\\\/Jornada-de-Capacitacion-sobre-Propiedad-Intelectual-front.jpg\",\"articleSection\":[\"Noticias\"],\"inLanguage\":\"es-AR\"},{\"@type\":\"WebPage\",\"@id\":\"https:\\\/\\\/www.fcejs.unsl.edu.ar\\\/index.php\\\/opi-jornada-de-capacitacion-sobre-propiedad-intelectual\\\/\",\"url\":\"https:\\\/\\\/www.fcejs.unsl.edu.ar\\\/index.php\\\/opi-jornada-de-capacitacion-sobre-propiedad-intelectual\\\/\",\"name\":\"OPI: \u201cJornada de Capacitaci\u00f3n sobre Propiedad Intelectual\u201d - Facultad de Ciencias Econ\u00f3micas, Jur\u00ed\u00addicas y Sociales\",\"isPartOf\":{\"@id\":\"https:\\\/\\\/www.fcejs.unsl.edu.ar\\\/#website\"},\"primaryImageOfPage\":{\"@id\":\"https:\\\/\\\/www.fcejs.unsl.edu.ar\\\/index.php\\\/opi-jornada-de-capacitacion-sobre-propiedad-intelectual\\\/#primaryimage\"},\"image\":{\"@id\":\"https:\\\/\\\/www.fcejs.unsl.edu.ar\\\/index.php\\\/opi-jornada-de-capacitacion-sobre-propiedad-intelectual\\\/#primaryimage\"},\"thumbnailUrl\":\"https:\\\/\\\/www.fcejs.unsl.edu.ar\\\/wp-content\\\/uploads\\\/2022\\\/12\\\/Jornada-de-Capacitacion-sobre-Propiedad-Intelectual-front.jpg\",\"datePublished\":\"2022-12-12T16:29:08+00:00\",\"dateModified\":\"2022-12-15T11:14:44+00:00\",\"breadcrumb\":{\"@id\":\"https:\\\/\\\/www.fcejs.unsl.edu.ar\\\/index.php\\\/opi-jornada-de-capacitacion-sobre-propiedad-intelectual\\\/#breadcrumb\"},\"inLanguage\":\"es-AR\",\"potentialAction\":[{\"@type\":\"ReadAction\",\"target\":[\"https:\\\/\\\/www.fcejs.unsl.edu.ar\\\/index.php\\\/opi-jornada-de-capacitacion-sobre-propiedad-intelectual\\\/\"]}]},{\"@type\":\"ImageObject\",\"inLanguage\":\"es-AR\",\"@id\":\"https:\\\/\\\/www.fcejs.unsl.edu.ar\\\/index.php\\\/opi-jornada-de-capacitacion-sobre-propiedad-intelectual\\\/#primaryimage\",\"url\":\"https:\\\/\\\/www.fcejs.unsl.edu.ar\\\/wp-content\\\/uploads\\\/2022\\\/12\\\/Jornada-de-Capacitacion-sobre-Propiedad-Intelectual-front.jpg\",\"contentUrl\":\"https:\\\/\\\/www.fcejs.unsl.edu.ar\\\/wp-content\\\/uploads\\\/2022\\\/12\\\/Jornada-de-Capacitacion-sobre-Propiedad-Intelectual-front.jpg\",\"width\":1152,\"height\":647},{\"@type\":\"BreadcrumbList\",\"@id\":\"https:\\\/\\\/www.fcejs.unsl.edu.ar\\\/index.php\\\/opi-jornada-de-capacitacion-sobre-propiedad-intelectual\\\/#breadcrumb\",\"itemListElement\":[{\"@type\":\"ListItem\",\"position\":1,\"name\":\"Inicio\",\"item\":\"https:\\\/\\\/www.fcejs.unsl.edu.ar\\\/\"},{\"@type\":\"ListItem\",\"position\":2,\"name\":\"OPI: \u201cJornada de Capacitaci\u00f3n sobre Propiedad Intelectual\u201d\"}]},{\"@type\":\"WebSite\",\"@id\":\"https:\\\/\\\/www.fcejs.unsl.edu.ar\\\/#website\",\"url\":\"https:\\\/\\\/www.fcejs.unsl.edu.ar\\\/\",\"name\":\"Facultad de Ciencias Econ\u00f3micas, Jur\u00ed\u00addicas y Sociales\",\"description\":\"\",\"publisher\":{\"@id\":\"https:\\\/\\\/www.fcejs.unsl.edu.ar\\\/#organization\"},\"potentialAction\":[{\"@type\":\"SearchAction\",\"target\":{\"@type\":\"EntryPoint\",\"urlTemplate\":\"https:\\\/\\\/www.fcejs.unsl.edu.ar\\\/?s={search_term_string}\"},\"query-input\":{\"@type\":\"PropertyValueSpecification\",\"valueRequired\":true,\"valueName\":\"search_term_string\"}}],\"inLanguage\":\"es-AR\"},{\"@type\":\"Organization\",\"@id\":\"https:\\\/\\\/www.fcejs.unsl.edu.ar\\\/#organization\",\"name\":\"Facultad de Ciencias Econ\u00f3micas, Jur\u00eddicas y Sociales\",\"url\":\"https:\\\/\\\/www.fcejs.unsl.edu.ar\\\/\",\"logo\":{\"@type\":\"ImageObject\",\"inLanguage\":\"es-AR\",\"@id\":\"https:\\\/\\\/www.fcejs.unsl.edu.ar\\\/#\\\/schema\\\/logo\\\/image\\\/\",\"url\":\"https:\\\/\\\/www.fcejs.unsl.edu.ar\\\/wp-content\\\/uploads\\\/2021\\\/03\\\/logo-1.jpg\",\"contentUrl\":\"https:\\\/\\\/www.fcejs.unsl.edu.ar\\\/wp-content\\\/uploads\\\/2021\\\/03\\\/logo-1.jpg\",\"width\":471,\"height\":146,\"caption\":\"Facultad de Ciencias Econ\u00f3micas, Jur\u00eddicas y Sociales\"},\"image\":{\"@id\":\"https:\\\/\\\/www.fcejs.unsl.edu.ar\\\/#\\\/schema\\\/logo\\\/image\\\/\"},\"sameAs\":[\"https:\\\/\\\/www.facebook.com\\\/FCEJS.UNSL\\\/\",\"https:\\\/\\\/x.com\\\/FCEJSUNSL\",\"https:\\\/\\\/www.instagram.com\\\/fcejs.unsl\\\/\",\"https:\\\/\\\/www.youtube.com\\\/channel\\\/UCH-Ut6EaN_X5ogjIQMPe46g\\\/\"]},{\"@type\":\"Person\",\"@id\":\"https:\\\/\\\/www.fcejs.unsl.edu.ar\\\/#\\\/schema\\\/person\\\/352ee6ed90c3f394c7cb5945f8956d34\",\"name\":\"DATI\"}]}<\/script>\n<!-- \/ Yoast SEO plugin. -->","yoast_head_json":{"title":"OPI: \u201cJornada de Capacitaci\u00f3n sobre Propiedad Intelectual\u201d - Facultad de Ciencias Econ\u00f3micas, Jur\u00ed\u00addicas y Sociales","robots":{"index":"index","follow":"follow","max-snippet":"max-snippet:-1","max-image-preview":"max-image-preview:large","max-video-preview":"max-video-preview:-1"},"canonical":"https:\/\/www.fcejs.unsl.edu.ar\/index.php\/opi-jornada-de-capacitacion-sobre-propiedad-intelectual\/","og_locale":"es_ES","og_type":"article","og_title":"OPI: \u201cJornada de Capacitaci\u00f3n sobre Propiedad Intelectual\u201d - Facultad de Ciencias Econ\u00f3micas, Jur\u00ed\u00addicas y Sociales","og_description":"La Oficina de Propiedad Intelectual de la FCEJS, invita a toda la comunidad a la \u201cJornada de Capacitaci\u00f3n sobre Propiedad Intelectual\u201d, que se llevar\u00e1 a&hellip;","og_url":"https:\/\/www.fcejs.unsl.edu.ar\/index.php\/opi-jornada-de-capacitacion-sobre-propiedad-intelectual\/","og_site_name":"Facultad de Ciencias Econ\u00f3micas, Jur\u00ed\u00addicas y Sociales","article_publisher":"https:\/\/www.facebook.com\/FCEJS.UNSL\/","article_published_time":"2022-12-12T16:29:08+00:00","article_modified_time":"2022-12-15T11:14:44+00:00","og_image":[{"width":1152,"height":647,"url":"https:\/\/www.fcejs.unsl.edu.ar\/wp-content\/uploads\/2022\/12\/Jornada-de-Capacitacion-sobre-Propiedad-Intelectual-front.jpg","type":"image\/jpeg"}],"author":"DATI","twitter_card":"summary_large_image","twitter_creator":"@FCEJSUNSL","twitter_site":"@FCEJSUNSL","twitter_misc":{"Escrito por":"DATI","Tiempo de lectura":"2 minutos"},"schema":{"@context":"https:\/\/schema.org","@graph":[{"@type":"Article","@id":"https:\/\/www.fcejs.unsl.edu.ar\/index.php\/opi-jornada-de-capacitacion-sobre-propiedad-intelectual\/#article","isPartOf":{"@id":"https:\/\/www.fcejs.unsl.edu.ar\/index.php\/opi-jornada-de-capacitacion-sobre-propiedad-intelectual\/"},"author":{"name":"DATI","@id":"https:\/\/www.fcejs.unsl.edu.ar\/#\/schema\/person\/352ee6ed90c3f394c7cb5945f8956d34"},"headline":"OPI: \u201cJornada de Capacitaci\u00f3n sobre Propiedad Intelectual\u201d","datePublished":"2022-12-12T16:29:08+00:00","dateModified":"2022-12-15T11:14:44+00:00","mainEntityOfPage":{"@id":"https:\/\/www.fcejs.unsl.edu.ar\/index.php\/opi-jornada-de-capacitacion-sobre-propiedad-intelectual\/"},"wordCount":340,"publisher":{"@id":"https:\/\/www.fcejs.unsl.edu.ar\/#organization"},"image":{"@id":"https:\/\/www.fcejs.unsl.edu.ar\/index.php\/opi-jornada-de-capacitacion-sobre-propiedad-intelectual\/#primaryimage"},"thumbnailUrl":"https:\/\/www.fcejs.unsl.edu.ar\/wp-content\/uploads\/2022\/12\/Jornada-de-Capacitacion-sobre-Propiedad-Intelectual-front.jpg","articleSection":["Noticias"],"inLanguage":"es-AR"},{"@type":"WebPage","@id":"https:\/\/www.fcejs.unsl.edu.ar\/index.php\/opi-jornada-de-capacitacion-sobre-propiedad-intelectual\/","url":"https:\/\/www.fcejs.unsl.edu.ar\/index.php\/opi-jornada-de-capacitacion-sobre-propiedad-intelectual\/","name":"OPI: \u201cJornada de Capacitaci\u00f3n sobre Propiedad Intelectual\u201d - Facultad de Ciencias Econ\u00f3micas, Jur\u00ed\u00addicas y Sociales","isPartOf":{"@id":"https:\/\/www.fcejs.unsl.edu.ar\/#website"},"primaryImageOfPage":{"@id":"https:\/\/www.fcejs.unsl.edu.ar\/index.php\/opi-jornada-de-capacitacion-sobre-propiedad-intelectual\/#primaryimage"},"image":{"@id":"https:\/\/www.fcejs.unsl.edu.ar\/index.php\/opi-jornada-de-capacitacion-sobre-propiedad-intelectual\/#primaryimage"},"thumbnailUrl":"https:\/\/www.fcejs.unsl.edu.ar\/wp-content\/uploads\/2022\/12\/Jornada-de-Capacitacion-sobre-Propiedad-Intelectual-front.jpg","datePublished":"2022-12-12T16:29:08+00:00","dateModified":"2022-12-15T11:14:44+00:00","breadcrumb":{"@id":"https:\/\/www.fcejs.unsl.edu.ar\/index.php\/opi-jornada-de-capacitacion-sobre-propiedad-intelectual\/#breadcrumb"},"inLanguage":"es-AR","potentialAction":[{"@type":"ReadAction","target":["https:\/\/www.fcejs.unsl.edu.ar\/index.php\/opi-jornada-de-capacitacion-sobre-propiedad-intelectual\/"]}]},{"@type":"ImageObject","inLanguage":"es-AR","@id":"https:\/\/www.fcejs.unsl.edu.ar\/index.php\/opi-jornada-de-capacitacion-sobre-propiedad-intelectual\/#primaryimage","url":"https:\/\/www.fcejs.unsl.edu.ar\/wp-content\/uploads\/2022\/12\/Jornada-de-Capacitacion-sobre-Propiedad-Intelectual-front.jpg","contentUrl":"https:\/\/www.fcejs.unsl.edu.ar\/wp-content\/uploads\/2022\/12\/Jornada-de-Capacitacion-sobre-Propiedad-Intelectual-front.jpg","width":1152,"height":647},{"@type":"BreadcrumbList","@id":"https:\/\/www.fcejs.unsl.edu.ar\/index.php\/opi-jornada-de-capacitacion-sobre-propiedad-intelectual\/#breadcrumb","itemListElement":[{"@type":"ListItem","position":1,"name":"Inicio","item":"https:\/\/www.fcejs.unsl.edu.ar\/"},{"@type":"ListItem","position":2,"name":"OPI: \u201cJornada de Capacitaci\u00f3n sobre Propiedad Intelectual\u201d"}]},{"@type":"WebSite","@id":"https:\/\/www.fcejs.unsl.edu.ar\/#website","url":"https:\/\/www.fcejs.unsl.edu.ar\/","name":"Facultad de Ciencias Econ\u00f3micas, Jur\u00ed\u00addicas y Sociales","description":"","publisher":{"@id":"https:\/\/www.fcejs.unsl.edu.ar\/#organization"},"potentialAction":[{"@type":"SearchAction","target":{"@type":"EntryPoint","urlTemplate":"https:\/\/www.fcejs.unsl.edu.ar\/?s={search_term_string}"},"query-input":{"@type":"PropertyValueSpecification","valueRequired":true,"valueName":"search_term_string"}}],"inLanguage":"es-AR"},{"@type":"Organization","@id":"https:\/\/www.fcejs.unsl.edu.ar\/#organization","name":"Facultad de Ciencias Econ\u00f3micas, Jur\u00eddicas y Sociales","url":"https:\/\/www.fcejs.unsl.edu.ar\/","logo":{"@type":"ImageObject","inLanguage":"es-AR","@id":"https:\/\/www.fcejs.unsl.edu.ar\/#\/schema\/logo\/image\/","url":"https:\/\/www.fcejs.unsl.edu.ar\/wp-content\/uploads\/2021\/03\/logo-1.jpg","contentUrl":"https:\/\/www.fcejs.unsl.edu.ar\/wp-content\/uploads\/2021\/03\/logo-1.jpg","width":471,"height":146,"caption":"Facultad de Ciencias Econ\u00f3micas, Jur\u00eddicas y Sociales"},"image":{"@id":"https:\/\/www.fcejs.unsl.edu.ar\/#\/schema\/logo\/image\/"},"sameAs":["https:\/\/www.facebook.com\/FCEJS.UNSL\/","https:\/\/x.com\/FCEJSUNSL","https:\/\/www.instagram.com\/fcejs.unsl\/","https:\/\/www.youtube.com\/channel\/UCH-Ut6EaN_X5ogjIQMPe46g\/"]},{"@type":"Person","@id":"https:\/\/www.fcejs.unsl.edu.ar\/#\/schema\/person\/352ee6ed90c3f394c7cb5945f8956d34","name":"DATI"}]}},"jetpack_featured_media_url":"https:\/\/www.fcejs.unsl.edu.ar\/wp-content\/uploads\/2022\/12\/Jornada-de-Capacitacion-sobre-Propiedad-Intelectual-front.jpg","_links":{"self":[{"href":"https:\/\/www.fcejs.unsl.edu.ar\/index.php\/wp-json\/wp\/v2\/posts\/10480","targetHints":{"allow":["GET"]}}],"collection":[{"href":"https:\/\/www.fcejs.unsl.edu.ar\/index.php\/wp-json\/wp\/v2\/posts"}],"about":[{"href":"https:\/\/www.fcejs.unsl.edu.ar\/index.php\/wp-json\/wp\/v2\/types\/post"}],"author":[{"embeddable":true,"href":"https:\/\/www.fcejs.unsl.edu.ar\/index.php\/wp-json\/wp\/v2\/users\/9"}],"replies":[{"embeddable":true,"href":"https:\/\/www.fcejs.unsl.edu.ar\/index.php\/wp-json\/wp\/v2\/comments?post=10480"}],"version-history":[{"count":1,"href":"https:\/\/www.fcejs.unsl.edu.ar\/index.php\/wp-json\/wp\/v2\/posts\/10480\/revisions"}],"predecessor-version":[{"id":10483,"href":"https:\/\/www.fcejs.unsl.edu.ar\/index.php\/wp-json\/wp\/v2\/posts\/10480\/revisions\/10483"}],"wp:featuredmedia":[{"embeddable":true,"href":"https:\/\/www.fcejs.unsl.edu.ar\/index.php\/wp-json\/wp\/v2\/media\/10481"}],"wp:attachment":[{"href":"https:\/\/www.fcejs.unsl.edu.ar\/index.php\/wp-json\/wp\/v2\/media?parent=10480"}],"wp:term":[{"taxonomy":"category","embeddable":true,"href":"https:\/\/www.fcejs.unsl.edu.ar\/index.php\/wp-json\/wp\/v2\/categories?post=10480"},{"taxonomy":"post_tag","embeddable":true,"href":"https:\/\/www.fcejs.unsl.edu.ar\/index.php\/wp-json\/wp\/v2\/tags?post=10480"}],"curies":[{"name":"wp","href":"https:\/\/api.w.org\/{rel}","templated":true}]}}