{"id":10477,"date":"2022-12-03T13:32:44","date_gmt":"2022-12-03T16:32:44","guid":{"rendered":"http:\/\/10.101.10.197\/www\/?p=10477"},"modified":"2022-12-05T14:30:10","modified_gmt":"2022-12-05T17:30:10","slug":"premio-rector-mauricio-amilcar-lopez-2022-al-dr-penchaszadeh","status":"publish","type":"post","link":"https:\/\/www.fcejs.unsl.edu.ar\/index.php\/premio-rector-mauricio-amilcar-lopez-2022-al-dr-penchaszadeh\/","title":{"rendered":"Premio \u201cRector Mauricio Am\u00edlcar L\u00f3pez\u201d 2022 al Dr. Penchaszadeh"},"content":{"rendered":"<p><strong>La Universidad Nacional de San Luis (UNSL) entregar\u00e1 el premio institucional a la trayectoria en la defensa y promoci\u00f3n de los Derechos Humanos al Dr. V\u00edctor Bernardo Penchaszadeh, y una menci\u00f3n especial a Segundo Valent\u00edn Ledesma y Dominga Zangl\u00e1 (post mortem).<\/strong><\/p>\n<p>El acto ser\u00e1, como todos los a\u00f1os, en el marco del D\u00eda Internacional de los Derechos Humanos que, este a\u00f1o, la UNSL celebrar\u00e1 el\u00a0lunes 12 de diciembre, a partir de las 10:00 horas en el Auditorio Mauricio L\u00f3pez.<\/p>\n<p>El otorgamiento del premio y menciones especial del a\u00f1o se resolvi\u00f3 mediante Resoluci\u00f3n Rectoral (RR) N\u00ba 2633\/2022, a partir de la evaluaci\u00f3n realizada por el jurado (protocolizado por RR 2632\/22), que decidi\u00f3 otorgar este premio al Dr. V\u00edctor Bernardo Penchaszadeh, en atenci\u00f3n a su destacada trayectoria, tanto en el \u00e1mbito de los derechos humanos como respecto a su accionar cient\u00edfico y su invalorable colaboraci\u00f3n con la investigaci\u00f3n, que ha permitido establecer el\u00a0<em>\u00edndice de abuelidad<\/em>\u00a0y recuperar 130 nietos y nietas apropiado\/as por la \u00faltima dictadura.<\/p>\n<p><strong>V\u00edctor Penchaszadeh<\/strong><\/p>\n<p>M\u00e9dico por la Universidad de Buenos Aires con posgrados en Pediatr\u00eda (UBA), Gen\u00e9tica humana y Salud p\u00fablica (Johns Hopkins University), y Bio\u00e9tica (Columbia University). Exiliado por el terrorismo de Estado, fue profesor en la Escuela de Salud P\u00fablica de la Columbia University y consultor de la Organizaci\u00f3n Mundial de la Salud y de UNESCO en bio\u00e9tica y derechos humanos.<\/p>\n<p>Es activista por los Derechos Humanos y contribuy\u00f3 a establecer el \u00edndice de abuelidad para la identificaci\u00f3n de los ni\u00f1os robados en Argentina por el terrorismo de Estado. Asesor en gen\u00e9tica de Abuelas de Plaza de Mayo. Ex-presidente y actual miembro del Consejo Directivo de la Red Latinoamericana y del Caribe de Bio\u00e9tica de la UNESCO. Director del Posgrado de Gen\u00e9tica, Derechos Humanos y Sociedad de la Universidad Nacional de Tres de Febrero.<\/p>\n<p><strong>Premiados a lo largo de la historia<\/strong><\/p>\n<p>1994 \u2013 Premio: Magdalena Ruiz Gui\u00f1az\u00fa \/ Menci\u00f3n Especial: Madres de Plaza de Mayo<br \/>\n1995 \u2013 Premio: UNICEF Argentina<br \/>\n1996 \u2013 Premio: Padre Farinello \/ Menci\u00f3n Especial: Miguel Estrella<br \/>\n1997 \u2013 Premio: Hermana Paulina \/ Menci\u00f3n Especial: APDH<br \/>\n1998 \u2013 Premio: Asociaci\u00f3n Abuelas Plaza de Mayo \/ Menci\u00f3n Especial: Dr. Strassera<br \/>\n1999 \u2013 Premio: Hna. Martha Peloni \/ Menciones: Enrique Mu\u00f1oz y C\u00e1tedra Paulo Freire<br \/>\n2000 \u2013 Premio: Leandro Chungo Despouy \/ Menci\u00f3n Especial: Mauricio Lucero Daza<br \/>\n2001 \u2013 Premio: Le\u00f3n Gieco \/ Menci\u00f3n Especial: Martha Borruat<br \/>\n2002 \u2013 Premio: Alberto Morlachetti \/ Menciones: Juan Carr, Domingo Vargas y Calidoscopio<br \/>\n2003 \u2013 Premio: Lila Amieva de Su\u00e1rez \/ Menciones: La Luci\u00e9rnaga y Padre Ignacio Daminato<br \/>\n2004 \u2013 Premio: MEDH-Mendoza \/ Menciones: familia Nadal, Coordinadora de Padres San Luis y V\u00edctor Heredia<br \/>\n2005 \u2013 Premio: Equipo Argentino de Antropolog\u00eda Forense<br \/>\n2006 \u2013 Premio: Mons. Enrique Angelelli \/ Menciones: Centro de Estudiantes Lucio Lucero y Madres del Dolor<br \/>\n2007 \u2013 Premio: Asamblea de Gualeguaych\u00fa \/ Menciones: Mons. Jaime F. de Nevares y Colectivo de Derechos de Infancia y Adolescencia<br \/>\n2008 \u2013 Premio: Agrupaci\u00f3n H.I.J.O.S. \/ Menciones: Fundaci\u00f3n Peque\u00f1os Gestos y Roberto Iglesias<br \/>\n2009 \u2013 Premio: Lilian Videla Bragagnolo \/ Menciones: Victoria Donda P\u00e9rez y Rolando Concatti<br \/>\n2010 \u2013 Premio: Fundaci\u00f3n Mar\u00eda de los \u00c1ngeles \/ Menciones: Dr. Enrique Ponce y Prof. Arturo Roig<br \/>\n2011 \u2013 Premio: Elba Lila Morales Torres<br \/>\n2012 \u2013 Premio: Cacique F\u00e9lix D\u00edaz<br \/>\n2013 \u2013 Premio: Lic. Nilda Esther Picco<br \/>\n2014 \u2013 Premio: Dr. Norberto Foresti \/ Menciones: Lic. Juana Mercedes Loizo y Lic. Mary Rinaldi<br \/>\n2015 \u2013 Premio: Asociaci\u00f3n Civil V\u00ednculos en Red \/ Menciones: Prd. Alejandro Rodr\u00edguez y Mg. Mar\u00eda del Rosario Badano<br \/>\n2016 \u2013 Premio: Alberto Puchm\u00fcller \/ Menci\u00f3n Especial: Fundaci\u00f3n Luisa Hairabedian<br \/>\n2017 \u2013 Premio: Abg. Pablo Salinas \/ Menciones: Centro Educativo Isauro Arancibia y Ra\u00fal \u00c1vila<br \/>\n2018 \u2013 Premio: Pueblo Famatina<br \/>\n2019 \u2013 Premio: Mar\u00eda Mart\u00ednez de Canfaila \/ Menciones: Cristian Rachid y Wenceslao Pedernera<br \/>\n2020 \u2013 Premio: Asociaci\u00f3n de Bomberos Voluntarios \u201cSCmt. Carlos Horacio Balduz\u201d<br \/>\n2021 \u2013 Premio: Dora Barrancos \/ Menciones: Yolanda Bertazzo y Luis Alberto Santill\u00e1n<br \/>\n2022 \u2013 Premio: Dr. V\u00edctor Bernardo Penchaszadeh \/ Menci\u00f3n: Segundo Valent\u00edn Ledesma y Dominga Zangl\u00e1<\/p>\n<p>Foto de Portada: www.nodal.am<br \/>\nFuente:\u00a0<a href=\"http:\/\/seu.unsl.edu.ar\/index.php\/menu\/noticia\/147\">Secretar\u00eda de Extensi\u00f3n Universitaria<\/a><\/p>\n","protected":false},"excerpt":{"rendered":"<p>La Universidad Nacional de San Luis (UNSL) entregar\u00e1 el premio institucional a la trayectoria en la defensa y promoci\u00f3n de los Derechos Humanos al Dr.&hellip;<\/p>\n","protected":false},"author":9,"featured_media":10478,"comment_status":"closed","ping_status":"closed","sticky":false,"template":"","format":"standard","meta":{"om_disable_all_campaigns":false,"_monsterinsights_skip_tracking":false,"_monsterinsights_sitenote_active":false,"_monsterinsights_sitenote_note":"","_monsterinsights_sitenote_category":0,"footnotes":""},"categories":[1],"tags":[],"class_list":["post-10477","post","type-post","status-publish","format-standard","has-post-thumbnail","hentry","category-noticias"],"yoast_head":"<!-- This site is optimized with the Yoast SEO plugin v27.4 - https:\/\/yoast.com\/product\/yoast-seo-wordpress\/ -->\n<title>Premio \u201cRector Mauricio Am\u00edlcar L\u00f3pez\u201d 2022 al Dr. Penchaszadeh - Facultad de Ciencias Econ\u00f3micas, Jur\u00ed\u00addicas y Sociales<\/title>\n<meta name=\"robots\" content=\"index, follow, max-snippet:-1, max-image-preview:large, max-video-preview:-1\" \/>\n<link rel=\"canonical\" href=\"https:\/\/www.fcejs.unsl.edu.ar\/index.php\/premio-rector-mauricio-amilcar-lopez-2022-al-dr-penchaszadeh\/\" \/>\n<meta property=\"og:locale\" content=\"es_ES\" \/>\n<meta property=\"og:type\" content=\"article\" \/>\n<meta property=\"og:title\" content=\"Premio \u201cRector Mauricio Am\u00edlcar L\u00f3pez\u201d 2022 al Dr. Penchaszadeh - Facultad de Ciencias Econ\u00f3micas, Jur\u00ed\u00addicas y Sociales\" \/>\n<meta property=\"og:description\" content=\"La Universidad Nacional de San Luis (UNSL) entregar\u00e1 el premio institucional a la trayectoria en la defensa y promoci\u00f3n de los Derechos Humanos al Dr.&hellip;\" \/>\n<meta property=\"og:url\" content=\"https:\/\/www.fcejs.unsl.edu.ar\/index.php\/premio-rector-mauricio-amilcar-lopez-2022-al-dr-penchaszadeh\/\" \/>\n<meta property=\"og:site_name\" content=\"Facultad de Ciencias Econ\u00f3micas, Jur\u00ed\u00addicas y Sociales\" \/>\n<meta property=\"article:publisher\" content=\"https:\/\/www.facebook.com\/FCEJS.UNSL\/\" \/>\n<meta property=\"article:published_time\" content=\"2022-12-03T16:32:44+00:00\" \/>\n<meta property=\"article:modified_time\" content=\"2022-12-05T17:30:10+00:00\" \/>\n<meta property=\"og:image\" content=\"https:\/\/www.fcejs.unsl.edu.ar\/wp-content\/uploads\/2022\/12\/premio.jpg\" \/>\n\t<meta property=\"og:image:width\" content=\"799\" \/>\n\t<meta property=\"og:image:height\" content=\"449\" \/>\n\t<meta property=\"og:image:type\" content=\"image\/jpeg\" \/>\n<meta name=\"author\" content=\"DATI\" \/>\n<meta name=\"twitter:card\" content=\"summary_large_image\" \/>\n<meta name=\"twitter:creator\" content=\"@FCEJSUNSL\" \/>\n<meta name=\"twitter:site\" content=\"@FCEJSUNSL\" \/>\n<meta name=\"twitter:label1\" content=\"Escrito por\" \/>\n\t<meta name=\"twitter:data1\" content=\"DATI\" \/>\n\t<meta name=\"twitter:label2\" content=\"Tiempo de lectura\" \/>\n\t<meta name=\"twitter:data2\" content=\"3 minutos\" \/>\n<script type=\"application\/ld+json\" class=\"yoast-schema-graph\">{\"@context\":\"https:\\\/\\\/schema.org\",\"@graph\":[{\"@type\":\"Article\",\"@id\":\"https:\\\/\\\/www.fcejs.unsl.edu.ar\\\/index.php\\\/premio-rector-mauricio-amilcar-lopez-2022-al-dr-penchaszadeh\\\/#article\",\"isPartOf\":{\"@id\":\"https:\\\/\\\/www.fcejs.unsl.edu.ar\\\/index.php\\\/premio-rector-mauricio-amilcar-lopez-2022-al-dr-penchaszadeh\\\/\"},\"author\":{\"name\":\"DATI\",\"@id\":\"https:\\\/\\\/www.fcejs.unsl.edu.ar\\\/#\\\/schema\\\/person\\\/352ee6ed90c3f394c7cb5945f8956d34\"},\"headline\":\"Premio \u201cRector Mauricio Am\u00edlcar L\u00f3pez\u201d 2022 al Dr. Penchaszadeh\",\"datePublished\":\"2022-12-03T16:32:44+00:00\",\"dateModified\":\"2022-12-05T17:30:10+00:00\",\"mainEntityOfPage\":{\"@id\":\"https:\\\/\\\/www.fcejs.unsl.edu.ar\\\/index.php\\\/premio-rector-mauricio-amilcar-lopez-2022-al-dr-penchaszadeh\\\/\"},\"wordCount\":678,\"publisher\":{\"@id\":\"https:\\\/\\\/www.fcejs.unsl.edu.ar\\\/#organization\"},\"image\":{\"@id\":\"https:\\\/\\\/www.fcejs.unsl.edu.ar\\\/index.php\\\/premio-rector-mauricio-amilcar-lopez-2022-al-dr-penchaszadeh\\\/#primaryimage\"},\"thumbnailUrl\":\"https:\\\/\\\/www.fcejs.unsl.edu.ar\\\/wp-content\\\/uploads\\\/2022\\\/12\\\/premio.jpg\",\"articleSection\":[\"Noticias\"],\"inLanguage\":\"es-AR\"},{\"@type\":\"WebPage\",\"@id\":\"https:\\\/\\\/www.fcejs.unsl.edu.ar\\\/index.php\\\/premio-rector-mauricio-amilcar-lopez-2022-al-dr-penchaszadeh\\\/\",\"url\":\"https:\\\/\\\/www.fcejs.unsl.edu.ar\\\/index.php\\\/premio-rector-mauricio-amilcar-lopez-2022-al-dr-penchaszadeh\\\/\",\"name\":\"Premio \u201cRector Mauricio Am\u00edlcar L\u00f3pez\u201d 2022 al Dr. Penchaszadeh - Facultad de Ciencias Econ\u00f3micas, Jur\u00ed\u00addicas y Sociales\",\"isPartOf\":{\"@id\":\"https:\\\/\\\/www.fcejs.unsl.edu.ar\\\/#website\"},\"primaryImageOfPage\":{\"@id\":\"https:\\\/\\\/www.fcejs.unsl.edu.ar\\\/index.php\\\/premio-rector-mauricio-amilcar-lopez-2022-al-dr-penchaszadeh\\\/#primaryimage\"},\"image\":{\"@id\":\"https:\\\/\\\/www.fcejs.unsl.edu.ar\\\/index.php\\\/premio-rector-mauricio-amilcar-lopez-2022-al-dr-penchaszadeh\\\/#primaryimage\"},\"thumbnailUrl\":\"https:\\\/\\\/www.fcejs.unsl.edu.ar\\\/wp-content\\\/uploads\\\/2022\\\/12\\\/premio.jpg\",\"datePublished\":\"2022-12-03T16:32:44+00:00\",\"dateModified\":\"2022-12-05T17:30:10+00:00\",\"breadcrumb\":{\"@id\":\"https:\\\/\\\/www.fcejs.unsl.edu.ar\\\/index.php\\\/premio-rector-mauricio-amilcar-lopez-2022-al-dr-penchaszadeh\\\/#breadcrumb\"},\"inLanguage\":\"es-AR\",\"potentialAction\":[{\"@type\":\"ReadAction\",\"target\":[\"https:\\\/\\\/www.fcejs.unsl.edu.ar\\\/index.php\\\/premio-rector-mauricio-amilcar-lopez-2022-al-dr-penchaszadeh\\\/\"]}]},{\"@type\":\"ImageObject\",\"inLanguage\":\"es-AR\",\"@id\":\"https:\\\/\\\/www.fcejs.unsl.edu.ar\\\/index.php\\\/premio-rector-mauricio-amilcar-lopez-2022-al-dr-penchaszadeh\\\/#primaryimage\",\"url\":\"https:\\\/\\\/www.fcejs.unsl.edu.ar\\\/wp-content\\\/uploads\\\/2022\\\/12\\\/premio.jpg\",\"contentUrl\":\"https:\\\/\\\/www.fcejs.unsl.edu.ar\\\/wp-content\\\/uploads\\\/2022\\\/12\\\/premio.jpg\",\"width\":799,\"height\":449},{\"@type\":\"BreadcrumbList\",\"@id\":\"https:\\\/\\\/www.fcejs.unsl.edu.ar\\\/index.php\\\/premio-rector-mauricio-amilcar-lopez-2022-al-dr-penchaszadeh\\\/#breadcrumb\",\"itemListElement\":[{\"@type\":\"ListItem\",\"position\":1,\"name\":\"Inicio\",\"item\":\"https:\\\/\\\/www.fcejs.unsl.edu.ar\\\/\"},{\"@type\":\"ListItem\",\"position\":2,\"name\":\"Premio \u201cRector Mauricio Am\u00edlcar L\u00f3pez\u201d 2022 al Dr. Penchaszadeh\"}]},{\"@type\":\"WebSite\",\"@id\":\"https:\\\/\\\/www.fcejs.unsl.edu.ar\\\/#website\",\"url\":\"https:\\\/\\\/www.fcejs.unsl.edu.ar\\\/\",\"name\":\"Facultad de Ciencias Econ\u00f3micas, Jur\u00ed\u00addicas y Sociales\",\"description\":\"\",\"publisher\":{\"@id\":\"https:\\\/\\\/www.fcejs.unsl.edu.ar\\\/#organization\"},\"potentialAction\":[{\"@type\":\"SearchAction\",\"target\":{\"@type\":\"EntryPoint\",\"urlTemplate\":\"https:\\\/\\\/www.fcejs.unsl.edu.ar\\\/?s={search_term_string}\"},\"query-input\":{\"@type\":\"PropertyValueSpecification\",\"valueRequired\":true,\"valueName\":\"search_term_string\"}}],\"inLanguage\":\"es-AR\"},{\"@type\":\"Organization\",\"@id\":\"https:\\\/\\\/www.fcejs.unsl.edu.ar\\\/#organization\",\"name\":\"Facultad de Ciencias Econ\u00f3micas, Jur\u00eddicas y Sociales\",\"url\":\"https:\\\/\\\/www.fcejs.unsl.edu.ar\\\/\",\"logo\":{\"@type\":\"ImageObject\",\"inLanguage\":\"es-AR\",\"@id\":\"https:\\\/\\\/www.fcejs.unsl.edu.ar\\\/#\\\/schema\\\/logo\\\/image\\\/\",\"url\":\"https:\\\/\\\/www.fcejs.unsl.edu.ar\\\/wp-content\\\/uploads\\\/2021\\\/03\\\/logo-1.jpg\",\"contentUrl\":\"https:\\\/\\\/www.fcejs.unsl.edu.ar\\\/wp-content\\\/uploads\\\/2021\\\/03\\\/logo-1.jpg\",\"width\":471,\"height\":146,\"caption\":\"Facultad de Ciencias Econ\u00f3micas, Jur\u00eddicas y Sociales\"},\"image\":{\"@id\":\"https:\\\/\\\/www.fcejs.unsl.edu.ar\\\/#\\\/schema\\\/logo\\\/image\\\/\"},\"sameAs\":[\"https:\\\/\\\/www.facebook.com\\\/FCEJS.UNSL\\\/\",\"https:\\\/\\\/x.com\\\/FCEJSUNSL\",\"https:\\\/\\\/www.instagram.com\\\/fcejs.unsl\\\/\",\"https:\\\/\\\/www.youtube.com\\\/channel\\\/UCH-Ut6EaN_X5ogjIQMPe46g\\\/\"]},{\"@type\":\"Person\",\"@id\":\"https:\\\/\\\/www.fcejs.unsl.edu.ar\\\/#\\\/schema\\\/person\\\/352ee6ed90c3f394c7cb5945f8956d34\",\"name\":\"DATI\"}]}<\/script>\n<!-- \/ Yoast SEO plugin. -->","yoast_head_json":{"title":"Premio \u201cRector Mauricio Am\u00edlcar L\u00f3pez\u201d 2022 al Dr. Penchaszadeh - Facultad de Ciencias Econ\u00f3micas, Jur\u00ed\u00addicas y Sociales","robots":{"index":"index","follow":"follow","max-snippet":"max-snippet:-1","max-image-preview":"max-image-preview:large","max-video-preview":"max-video-preview:-1"},"canonical":"https:\/\/www.fcejs.unsl.edu.ar\/index.php\/premio-rector-mauricio-amilcar-lopez-2022-al-dr-penchaszadeh\/","og_locale":"es_ES","og_type":"article","og_title":"Premio \u201cRector Mauricio Am\u00edlcar L\u00f3pez\u201d 2022 al Dr. Penchaszadeh - Facultad de Ciencias Econ\u00f3micas, Jur\u00ed\u00addicas y Sociales","og_description":"La Universidad Nacional de San Luis (UNSL) entregar\u00e1 el premio institucional a la trayectoria en la defensa y promoci\u00f3n de los Derechos Humanos al Dr.&hellip;","og_url":"https:\/\/www.fcejs.unsl.edu.ar\/index.php\/premio-rector-mauricio-amilcar-lopez-2022-al-dr-penchaszadeh\/","og_site_name":"Facultad de Ciencias Econ\u00f3micas, Jur\u00ed\u00addicas y Sociales","article_publisher":"https:\/\/www.facebook.com\/FCEJS.UNSL\/","article_published_time":"2022-12-03T16:32:44+00:00","article_modified_time":"2022-12-05T17:30:10+00:00","og_image":[{"width":799,"height":449,"url":"https:\/\/www.fcejs.unsl.edu.ar\/wp-content\/uploads\/2022\/12\/premio.jpg","type":"image\/jpeg"}],"author":"DATI","twitter_card":"summary_large_image","twitter_creator":"@FCEJSUNSL","twitter_site":"@FCEJSUNSL","twitter_misc":{"Escrito por":"DATI","Tiempo de lectura":"3 minutos"},"schema":{"@context":"https:\/\/schema.org","@graph":[{"@type":"Article","@id":"https:\/\/www.fcejs.unsl.edu.ar\/index.php\/premio-rector-mauricio-amilcar-lopez-2022-al-dr-penchaszadeh\/#article","isPartOf":{"@id":"https:\/\/www.fcejs.unsl.edu.ar\/index.php\/premio-rector-mauricio-amilcar-lopez-2022-al-dr-penchaszadeh\/"},"author":{"name":"DATI","@id":"https:\/\/www.fcejs.unsl.edu.ar\/#\/schema\/person\/352ee6ed90c3f394c7cb5945f8956d34"},"headline":"Premio \u201cRector Mauricio Am\u00edlcar L\u00f3pez\u201d 2022 al Dr. Penchaszadeh","datePublished":"2022-12-03T16:32:44+00:00","dateModified":"2022-12-05T17:30:10+00:00","mainEntityOfPage":{"@id":"https:\/\/www.fcejs.unsl.edu.ar\/index.php\/premio-rector-mauricio-amilcar-lopez-2022-al-dr-penchaszadeh\/"},"wordCount":678,"publisher":{"@id":"https:\/\/www.fcejs.unsl.edu.ar\/#organization"},"image":{"@id":"https:\/\/www.fcejs.unsl.edu.ar\/index.php\/premio-rector-mauricio-amilcar-lopez-2022-al-dr-penchaszadeh\/#primaryimage"},"thumbnailUrl":"https:\/\/www.fcejs.unsl.edu.ar\/wp-content\/uploads\/2022\/12\/premio.jpg","articleSection":["Noticias"],"inLanguage":"es-AR"},{"@type":"WebPage","@id":"https:\/\/www.fcejs.unsl.edu.ar\/index.php\/premio-rector-mauricio-amilcar-lopez-2022-al-dr-penchaszadeh\/","url":"https:\/\/www.fcejs.unsl.edu.ar\/index.php\/premio-rector-mauricio-amilcar-lopez-2022-al-dr-penchaszadeh\/","name":"Premio \u201cRector Mauricio Am\u00edlcar L\u00f3pez\u201d 2022 al Dr. Penchaszadeh - Facultad de Ciencias Econ\u00f3micas, Jur\u00ed\u00addicas y Sociales","isPartOf":{"@id":"https:\/\/www.fcejs.unsl.edu.ar\/#website"},"primaryImageOfPage":{"@id":"https:\/\/www.fcejs.unsl.edu.ar\/index.php\/premio-rector-mauricio-amilcar-lopez-2022-al-dr-penchaszadeh\/#primaryimage"},"image":{"@id":"https:\/\/www.fcejs.unsl.edu.ar\/index.php\/premio-rector-mauricio-amilcar-lopez-2022-al-dr-penchaszadeh\/#primaryimage"},"thumbnailUrl":"https:\/\/www.fcejs.unsl.edu.ar\/wp-content\/uploads\/2022\/12\/premio.jpg","datePublished":"2022-12-03T16:32:44+00:00","dateModified":"2022-12-05T17:30:10+00:00","breadcrumb":{"@id":"https:\/\/www.fcejs.unsl.edu.ar\/index.php\/premio-rector-mauricio-amilcar-lopez-2022-al-dr-penchaszadeh\/#breadcrumb"},"inLanguage":"es-AR","potentialAction":[{"@type":"ReadAction","target":["https:\/\/www.fcejs.unsl.edu.ar\/index.php\/premio-rector-mauricio-amilcar-lopez-2022-al-dr-penchaszadeh\/"]}]},{"@type":"ImageObject","inLanguage":"es-AR","@id":"https:\/\/www.fcejs.unsl.edu.ar\/index.php\/premio-rector-mauricio-amilcar-lopez-2022-al-dr-penchaszadeh\/#primaryimage","url":"https:\/\/www.fcejs.unsl.edu.ar\/wp-content\/uploads\/2022\/12\/premio.jpg","contentUrl":"https:\/\/www.fcejs.unsl.edu.ar\/wp-content\/uploads\/2022\/12\/premio.jpg","width":799,"height":449},{"@type":"BreadcrumbList","@id":"https:\/\/www.fcejs.unsl.edu.ar\/index.php\/premio-rector-mauricio-amilcar-lopez-2022-al-dr-penchaszadeh\/#breadcrumb","itemListElement":[{"@type":"ListItem","position":1,"name":"Inicio","item":"https:\/\/www.fcejs.unsl.edu.ar\/"},{"@type":"ListItem","position":2,"name":"Premio \u201cRector Mauricio Am\u00edlcar L\u00f3pez\u201d 2022 al Dr. Penchaszadeh"}]},{"@type":"WebSite","@id":"https:\/\/www.fcejs.unsl.edu.ar\/#website","url":"https:\/\/www.fcejs.unsl.edu.ar\/","name":"Facultad de Ciencias Econ\u00f3micas, Jur\u00ed\u00addicas y Sociales","description":"","publisher":{"@id":"https:\/\/www.fcejs.unsl.edu.ar\/#organization"},"potentialAction":[{"@type":"SearchAction","target":{"@type":"EntryPoint","urlTemplate":"https:\/\/www.fcejs.unsl.edu.ar\/?s={search_term_string}"},"query-input":{"@type":"PropertyValueSpecification","valueRequired":true,"valueName":"search_term_string"}}],"inLanguage":"es-AR"},{"@type":"Organization","@id":"https:\/\/www.fcejs.unsl.edu.ar\/#organization","name":"Facultad de Ciencias Econ\u00f3micas, Jur\u00eddicas y Sociales","url":"https:\/\/www.fcejs.unsl.edu.ar\/","logo":{"@type":"ImageObject","inLanguage":"es-AR","@id":"https:\/\/www.fcejs.unsl.edu.ar\/#\/schema\/logo\/image\/","url":"https:\/\/www.fcejs.unsl.edu.ar\/wp-content\/uploads\/2021\/03\/logo-1.jpg","contentUrl":"https:\/\/www.fcejs.unsl.edu.ar\/wp-content\/uploads\/2021\/03\/logo-1.jpg","width":471,"height":146,"caption":"Facultad de Ciencias Econ\u00f3micas, Jur\u00eddicas y Sociales"},"image":{"@id":"https:\/\/www.fcejs.unsl.edu.ar\/#\/schema\/logo\/image\/"},"sameAs":["https:\/\/www.facebook.com\/FCEJS.UNSL\/","https:\/\/x.com\/FCEJSUNSL","https:\/\/www.instagram.com\/fcejs.unsl\/","https:\/\/www.youtube.com\/channel\/UCH-Ut6EaN_X5ogjIQMPe46g\/"]},{"@type":"Person","@id":"https:\/\/www.fcejs.unsl.edu.ar\/#\/schema\/person\/352ee6ed90c3f394c7cb5945f8956d34","name":"DATI"}]}},"jetpack_featured_media_url":"https:\/\/www.fcejs.unsl.edu.ar\/wp-content\/uploads\/2022\/12\/premio.jpg","_links":{"self":[{"href":"https:\/\/www.fcejs.unsl.edu.ar\/index.php\/wp-json\/wp\/v2\/posts\/10477","targetHints":{"allow":["GET"]}}],"collection":[{"href":"https:\/\/www.fcejs.unsl.edu.ar\/index.php\/wp-json\/wp\/v2\/posts"}],"about":[{"href":"https:\/\/www.fcejs.unsl.edu.ar\/index.php\/wp-json\/wp\/v2\/types\/post"}],"author":[{"embeddable":true,"href":"https:\/\/www.fcejs.unsl.edu.ar\/index.php\/wp-json\/wp\/v2\/users\/9"}],"replies":[{"embeddable":true,"href":"https:\/\/www.fcejs.unsl.edu.ar\/index.php\/wp-json\/wp\/v2\/comments?post=10477"}],"version-history":[{"count":1,"href":"https:\/\/www.fcejs.unsl.edu.ar\/index.php\/wp-json\/wp\/v2\/posts\/10477\/revisions"}],"predecessor-version":[{"id":10479,"href":"https:\/\/www.fcejs.unsl.edu.ar\/index.php\/wp-json\/wp\/v2\/posts\/10477\/revisions\/10479"}],"wp:featuredmedia":[{"embeddable":true,"href":"https:\/\/www.fcejs.unsl.edu.ar\/index.php\/wp-json\/wp\/v2\/media\/10478"}],"wp:attachment":[{"href":"https:\/\/www.fcejs.unsl.edu.ar\/index.php\/wp-json\/wp\/v2\/media?parent=10477"}],"wp:term":[{"taxonomy":"category","embeddable":true,"href":"https:\/\/www.fcejs.unsl.edu.ar\/index.php\/wp-json\/wp\/v2\/categories?post=10477"},{"taxonomy":"post_tag","embeddable":true,"href":"https:\/\/www.fcejs.unsl.edu.ar\/index.php\/wp-json\/wp\/v2\/tags?post=10477"}],"curies":[{"name":"wp","href":"https:\/\/api.w.org\/{rel}","templated":true}]}}