{"id":10461,"date":"2022-12-02T11:53:37","date_gmt":"2022-12-02T14:53:37","guid":{"rendered":"http:\/\/10.101.10.197\/www\/?p=10461"},"modified":"2022-12-13T09:05:51","modified_gmt":"2022-12-13T12:05:51","slug":"svts-presentacion-del-numero-6-de-la-revista-digital-iunsl2-0","status":"publish","type":"post","link":"https:\/\/www.fcejs.unsl.edu.ar\/index.php\/svts-presentacion-del-numero-6-de-la-revista-digital-iunsl2-0\/","title":{"rendered":"SVTS: Presentaci\u00f3n del Observatorio de Vinculaci\u00f3n Tecnol\u00f3gica y Social de la UNSL"},"content":{"rendered":"<p>La <strong>Secretar\u00eda de Vinculaci\u00f3n Tecnol\u00f3gica y Social<\/strong> (SVTS), de la UNSL, invita a toda la comunidad a la presentaci\u00f3n del <strong>Observatorio de Vinculaci\u00f3n Tecnol\u00f3gica y Social de la UNSL<\/strong> , que se llevar\u00e1 a cabo el pr\u00f3ximo <strong>7 de diciembre las 10:00 horas<\/strong>, en el <strong>Instituto \u201cEscuela de Econom\u00eda, Negocios y Transferencia Tecnol\u00f3gica\u201d<\/strong> (EEN&amp;TT).<\/p>\n<p>Junto a esto se presentar\u00e1 adem\u00e1s una <strong>Unidad de B\u00fasqueda Inteligente (U.B.I)<\/strong>, una nueva p\u00e1gina web de la <strong>Secretar\u00eda de Vinculaci\u00f3n Tecnol\u00f3gica y Social (SVTS)<\/strong> y se lanzar\u00e1 la sexta edici\u00f3n de la<strong> Revista Digital de Vinculaci\u00f3n Tecnol\u00f3gica y Social \u00abiUNSL 2.0\u00bb<\/strong>.<\/p>\n<p>Este Observatorio de la Universidad Nacional de San Luis (UNSL) surge de un proyecto de la SVTS. El mismo tiene como objetivo recabar informaci\u00f3n acerca de los servicios y asesoramientos cient\u00edficos-tecnol\u00f3gicos que desarrollan los laboratorios e institutos de doble dependencia para conformar el primer cat\u00e1logo de Oferta Tecnol\u00f3gica de Capacidades Cient\u00edficas y Tecnol\u00f3gicas de la Universidad.<\/p>\n<p>Esta informaci\u00f3n estar\u00e1 presente en la p\u00e1gina web de la Secretar\u00eda, a disposici\u00f3n de empresas privadas, productores, emprendedores, organismos p\u00fablicos, estudiantes, docentes e investigadores en general.<\/p>\n<p>Como primer paso se necesita conocer a fondo las capacidades del laboratorio con respecto a: productos cient\u00edficos tecnol\u00f3gicos desarrollados listos para transferir; asesoramiento y\/o asistencia cient\u00edfica tecnol\u00f3gica; servicios tecnol\u00f3gicos de alto nivel. (STAN) y servicios de mejoras en productividad.<\/p>\n<p>El desarrollo de este primer Cat\u00e1logo de Oferta Tecnol\u00f3gica de Capacidades Cient\u00edficas y Tecnol\u00f3gicas y desarrollos de la Universidad, servir\u00e1 para difundir una oferta de excelencia que brinden soluci\u00f3n a diferentes problem\u00e1ticas de distinta \u00edndole, organizar ejes tem\u00e1ticos de investigaci\u00f3n desarrollados y nuevos, y destacar experiencias de trabajo exitosas.<\/p>\n<p><strong>Unidad de B\u00fasqueda Inteligente<\/strong><\/p>\n<p>La UNSL entiende necesaria la creaci\u00f3n de esta Unidad, que cuente con capacidades estrat\u00e9gicas que permitan transformar datos en informaci\u00f3n, conocimiento e inteligencia para la definici\u00f3n de ejes de acci\u00f3n que consoliden y fortalezcan los procesos de innovaci\u00f3n as\u00ed como los niveles de competitividad local y global en los diferentes actores sociales.<\/p>\n<p>La Unidad de B\u00fasqueda Inteligente (U.B.I) tendr\u00e1 el objetivo de realizar vigilancia tecnol\u00f3gica e inteligente estrat\u00e9gica o competitiva, buscando y detectando informaci\u00f3n orientada a la toma de decisiones competitivas sobre amenazas y oportunidades maximizando las fortalezas y disminuyendo el impacto de las debilidades.<\/p>\n<p><strong>Revista Digital<\/strong><\/p>\n<p>Se lanzar\u00e1 una nueva edici\u00f3n de la Revista Digital de Vinculaci\u00f3n Tecnol\u00f3gica y Social\u00a0<strong><em>\u00abiUNSL 2.0\u00bb N\u00ba 6, 2022<\/em><\/strong>, con el desarrollo del tema central<strong>\u00a0<\/strong><em><strong>\u201cC+P+S \u2013 Ciencia, producto y servicio\u201d<\/strong><\/em>,\u00a0<em>Fortalecimiento emprendedor<\/em>.<\/p>\n<p>Contar\u00e1 con la habitual entrevista y desarrollo del tema central, junto a las secciones que en este n\u00famero ser\u00e1n: convocatoria\u00a0<em>PAC EMPRENDEDOR<\/em>, convocatoria\u00a0<em>Argentina contra el Hambre<\/em>, convocatoria\u00a0<em>UNSL Xi 2022<\/em>, y convocatoria\u00a0<em>Emprendimientos Din\u00e1micos<\/em>.<\/p>\n<p><strong>Dato<\/strong><\/p>\n<p>El acto ser\u00e1 10:00 horas en la sede del Instituto\u00a0<em>Escuela de Econom\u00eda, Negocios y Transferencia Tecnol\u00f3gica (EENyTT),\u00a0<\/em>situado en calle Pescadores N\u00ba 314 de la ciudad de Villa Mercedes.<\/p>\n<p><img fetchpriority=\"high\" decoding=\"async\" class=\"aligncenter wp-image-10463 size-full\" src=\"https:\/\/www.fcejs.unsl.edu.ar\/wp-content\/uploads\/2022\/11\/presentacion-02.jpg\" alt=\"\" width=\"567\" height=\"709\" srcset=\"https:\/\/www.fcejs.unsl.edu.ar\/wp-content\/uploads\/2022\/11\/presentacion-02.jpg 567w, https:\/\/www.fcejs.unsl.edu.ar\/wp-content\/uploads\/2022\/11\/presentacion-02-240x300.jpg 240w\" sizes=\"(max-width: 567px) 100vw, 567px\" \/><\/p>\n","protected":false},"excerpt":{"rendered":"<p>La Secretar\u00eda de Vinculaci\u00f3n Tecnol\u00f3gica y Social (SVTS), de la UNSL, invita a toda la comunidad a la presentaci\u00f3n del Observatorio de Vinculaci\u00f3n Tecnol\u00f3gica y&hellip;<\/p>\n","protected":false},"author":9,"featured_media":10467,"comment_status":"closed","ping_status":"closed","sticky":false,"template":"","format":"standard","meta":{"om_disable_all_campaigns":false,"_monsterinsights_skip_tracking":false,"_monsterinsights_sitenote_active":false,"_monsterinsights_sitenote_note":"","_monsterinsights_sitenote_category":0,"footnotes":""},"categories":[1],"tags":[],"class_list":["post-10461","post","type-post","status-publish","format-standard","has-post-thumbnail","hentry","category-noticias"],"yoast_head":"<!-- This site is optimized with the Yoast SEO plugin v27.4 - https:\/\/yoast.com\/product\/yoast-seo-wordpress\/ -->\n<title>SVTS: Presentaci\u00f3n del Observatorio de Vinculaci\u00f3n Tecnol\u00f3gica y Social de la UNSL - Facultad de Ciencias Econ\u00f3micas, Jur\u00ed\u00addicas y Sociales<\/title>\n<meta name=\"robots\" content=\"index, follow, max-snippet:-1, max-image-preview:large, max-video-preview:-1\" \/>\n<link rel=\"canonical\" href=\"https:\/\/www.fcejs.unsl.edu.ar\/index.php\/svts-presentacion-del-numero-6-de-la-revista-digital-iunsl2-0\/\" \/>\n<meta property=\"og:locale\" content=\"es_ES\" \/>\n<meta property=\"og:type\" content=\"article\" \/>\n<meta property=\"og:title\" content=\"SVTS: Presentaci\u00f3n del Observatorio de Vinculaci\u00f3n Tecnol\u00f3gica y Social de la UNSL - Facultad de Ciencias Econ\u00f3micas, Jur\u00ed\u00addicas y Sociales\" \/>\n<meta property=\"og:description\" content=\"La Secretar\u00eda de Vinculaci\u00f3n Tecnol\u00f3gica y Social (SVTS), de la UNSL, invita a toda la comunidad a la presentaci\u00f3n del Observatorio de Vinculaci\u00f3n Tecnol\u00f3gica y&hellip;\" \/>\n<meta property=\"og:url\" content=\"https:\/\/www.fcejs.unsl.edu.ar\/index.php\/svts-presentacion-del-numero-6-de-la-revista-digital-iunsl2-0\/\" \/>\n<meta property=\"og:site_name\" content=\"Facultad de Ciencias Econ\u00f3micas, Jur\u00ed\u00addicas y Sociales\" \/>\n<meta property=\"article:publisher\" content=\"https:\/\/www.facebook.com\/FCEJS.UNSL\/\" \/>\n<meta property=\"article:published_time\" content=\"2022-12-02T14:53:37+00:00\" \/>\n<meta property=\"article:modified_time\" content=\"2022-12-13T12:05:51+00:00\" \/>\n<meta property=\"og:image\" content=\"https:\/\/www.fcejs.unsl.edu.ar\/wp-content\/uploads\/2022\/11\/210603-Rectorado-Cartel-y-Cajero-17-7-1000x600-1.jpg\" \/>\n\t<meta property=\"og:image:width\" content=\"1000\" \/>\n\t<meta property=\"og:image:height\" content=\"600\" \/>\n\t<meta property=\"og:image:type\" content=\"image\/jpeg\" \/>\n<meta name=\"author\" content=\"DATI\" \/>\n<meta name=\"twitter:card\" content=\"summary_large_image\" \/>\n<meta name=\"twitter:creator\" content=\"@FCEJSUNSL\" \/>\n<meta name=\"twitter:site\" content=\"@FCEJSUNSL\" \/>\n<meta name=\"twitter:label1\" content=\"Escrito por\" \/>\n\t<meta name=\"twitter:data1\" content=\"DATI\" \/>\n\t<meta name=\"twitter:label2\" content=\"Tiempo de lectura\" \/>\n\t<meta name=\"twitter:data2\" content=\"3 minutos\" \/>\n<script type=\"application\/ld+json\" class=\"yoast-schema-graph\">{\"@context\":\"https:\\\/\\\/schema.org\",\"@graph\":[{\"@type\":\"Article\",\"@id\":\"https:\\\/\\\/www.fcejs.unsl.edu.ar\\\/index.php\\\/svts-presentacion-del-numero-6-de-la-revista-digital-iunsl2-0\\\/#article\",\"isPartOf\":{\"@id\":\"https:\\\/\\\/www.fcejs.unsl.edu.ar\\\/index.php\\\/svts-presentacion-del-numero-6-de-la-revista-digital-iunsl2-0\\\/\"},\"author\":{\"name\":\"DATI\",\"@id\":\"https:\\\/\\\/www.fcejs.unsl.edu.ar\\\/#\\\/schema\\\/person\\\/352ee6ed90c3f394c7cb5945f8956d34\"},\"headline\":\"SVTS: Presentaci\u00f3n del Observatorio de Vinculaci\u00f3n Tecnol\u00f3gica y Social de la UNSL\",\"datePublished\":\"2022-12-02T14:53:37+00:00\",\"dateModified\":\"2022-12-13T12:05:51+00:00\",\"mainEntityOfPage\":{\"@id\":\"https:\\\/\\\/www.fcejs.unsl.edu.ar\\\/index.php\\\/svts-presentacion-del-numero-6-de-la-revista-digital-iunsl2-0\\\/\"},\"wordCount\":541,\"publisher\":{\"@id\":\"https:\\\/\\\/www.fcejs.unsl.edu.ar\\\/#organization\"},\"image\":{\"@id\":\"https:\\\/\\\/www.fcejs.unsl.edu.ar\\\/index.php\\\/svts-presentacion-del-numero-6-de-la-revista-digital-iunsl2-0\\\/#primaryimage\"},\"thumbnailUrl\":\"https:\\\/\\\/www.fcejs.unsl.edu.ar\\\/wp-content\\\/uploads\\\/2022\\\/11\\\/210603-Rectorado-Cartel-y-Cajero-17-7-1000x600-1.jpg\",\"articleSection\":[\"Noticias\"],\"inLanguage\":\"es-AR\"},{\"@type\":\"WebPage\",\"@id\":\"https:\\\/\\\/www.fcejs.unsl.edu.ar\\\/index.php\\\/svts-presentacion-del-numero-6-de-la-revista-digital-iunsl2-0\\\/\",\"url\":\"https:\\\/\\\/www.fcejs.unsl.edu.ar\\\/index.php\\\/svts-presentacion-del-numero-6-de-la-revista-digital-iunsl2-0\\\/\",\"name\":\"SVTS: Presentaci\u00f3n del Observatorio de Vinculaci\u00f3n Tecnol\u00f3gica y Social de la UNSL - Facultad de Ciencias Econ\u00f3micas, Jur\u00ed\u00addicas y Sociales\",\"isPartOf\":{\"@id\":\"https:\\\/\\\/www.fcejs.unsl.edu.ar\\\/#website\"},\"primaryImageOfPage\":{\"@id\":\"https:\\\/\\\/www.fcejs.unsl.edu.ar\\\/index.php\\\/svts-presentacion-del-numero-6-de-la-revista-digital-iunsl2-0\\\/#primaryimage\"},\"image\":{\"@id\":\"https:\\\/\\\/www.fcejs.unsl.edu.ar\\\/index.php\\\/svts-presentacion-del-numero-6-de-la-revista-digital-iunsl2-0\\\/#primaryimage\"},\"thumbnailUrl\":\"https:\\\/\\\/www.fcejs.unsl.edu.ar\\\/wp-content\\\/uploads\\\/2022\\\/11\\\/210603-Rectorado-Cartel-y-Cajero-17-7-1000x600-1.jpg\",\"datePublished\":\"2022-12-02T14:53:37+00:00\",\"dateModified\":\"2022-12-13T12:05:51+00:00\",\"breadcrumb\":{\"@id\":\"https:\\\/\\\/www.fcejs.unsl.edu.ar\\\/index.php\\\/svts-presentacion-del-numero-6-de-la-revista-digital-iunsl2-0\\\/#breadcrumb\"},\"inLanguage\":\"es-AR\",\"potentialAction\":[{\"@type\":\"ReadAction\",\"target\":[\"https:\\\/\\\/www.fcejs.unsl.edu.ar\\\/index.php\\\/svts-presentacion-del-numero-6-de-la-revista-digital-iunsl2-0\\\/\"]}]},{\"@type\":\"ImageObject\",\"inLanguage\":\"es-AR\",\"@id\":\"https:\\\/\\\/www.fcejs.unsl.edu.ar\\\/index.php\\\/svts-presentacion-del-numero-6-de-la-revista-digital-iunsl2-0\\\/#primaryimage\",\"url\":\"https:\\\/\\\/www.fcejs.unsl.edu.ar\\\/wp-content\\\/uploads\\\/2022\\\/11\\\/210603-Rectorado-Cartel-y-Cajero-17-7-1000x600-1.jpg\",\"contentUrl\":\"https:\\\/\\\/www.fcejs.unsl.edu.ar\\\/wp-content\\\/uploads\\\/2022\\\/11\\\/210603-Rectorado-Cartel-y-Cajero-17-7-1000x600-1.jpg\",\"width\":1000,\"height\":600},{\"@type\":\"BreadcrumbList\",\"@id\":\"https:\\\/\\\/www.fcejs.unsl.edu.ar\\\/index.php\\\/svts-presentacion-del-numero-6-de-la-revista-digital-iunsl2-0\\\/#breadcrumb\",\"itemListElement\":[{\"@type\":\"ListItem\",\"position\":1,\"name\":\"Inicio\",\"item\":\"https:\\\/\\\/www.fcejs.unsl.edu.ar\\\/\"},{\"@type\":\"ListItem\",\"position\":2,\"name\":\"SVTS: Presentaci\u00f3n del Observatorio de Vinculaci\u00f3n Tecnol\u00f3gica y Social de la UNSL\"}]},{\"@type\":\"WebSite\",\"@id\":\"https:\\\/\\\/www.fcejs.unsl.edu.ar\\\/#website\",\"url\":\"https:\\\/\\\/www.fcejs.unsl.edu.ar\\\/\",\"name\":\"Facultad de Ciencias Econ\u00f3micas, Jur\u00ed\u00addicas y Sociales\",\"description\":\"\",\"publisher\":{\"@id\":\"https:\\\/\\\/www.fcejs.unsl.edu.ar\\\/#organization\"},\"potentialAction\":[{\"@type\":\"SearchAction\",\"target\":{\"@type\":\"EntryPoint\",\"urlTemplate\":\"https:\\\/\\\/www.fcejs.unsl.edu.ar\\\/?s={search_term_string}\"},\"query-input\":{\"@type\":\"PropertyValueSpecification\",\"valueRequired\":true,\"valueName\":\"search_term_string\"}}],\"inLanguage\":\"es-AR\"},{\"@type\":\"Organization\",\"@id\":\"https:\\\/\\\/www.fcejs.unsl.edu.ar\\\/#organization\",\"name\":\"Facultad de Ciencias Econ\u00f3micas, Jur\u00eddicas y Sociales\",\"url\":\"https:\\\/\\\/www.fcejs.unsl.edu.ar\\\/\",\"logo\":{\"@type\":\"ImageObject\",\"inLanguage\":\"es-AR\",\"@id\":\"https:\\\/\\\/www.fcejs.unsl.edu.ar\\\/#\\\/schema\\\/logo\\\/image\\\/\",\"url\":\"https:\\\/\\\/www.fcejs.unsl.edu.ar\\\/wp-content\\\/uploads\\\/2021\\\/03\\\/logo-1.jpg\",\"contentUrl\":\"https:\\\/\\\/www.fcejs.unsl.edu.ar\\\/wp-content\\\/uploads\\\/2021\\\/03\\\/logo-1.jpg\",\"width\":471,\"height\":146,\"caption\":\"Facultad de Ciencias Econ\u00f3micas, Jur\u00eddicas y Sociales\"},\"image\":{\"@id\":\"https:\\\/\\\/www.fcejs.unsl.edu.ar\\\/#\\\/schema\\\/logo\\\/image\\\/\"},\"sameAs\":[\"https:\\\/\\\/www.facebook.com\\\/FCEJS.UNSL\\\/\",\"https:\\\/\\\/x.com\\\/FCEJSUNSL\",\"https:\\\/\\\/www.instagram.com\\\/fcejs.unsl\\\/\",\"https:\\\/\\\/www.youtube.com\\\/channel\\\/UCH-Ut6EaN_X5ogjIQMPe46g\\\/\"]},{\"@type\":\"Person\",\"@id\":\"https:\\\/\\\/www.fcejs.unsl.edu.ar\\\/#\\\/schema\\\/person\\\/352ee6ed90c3f394c7cb5945f8956d34\",\"name\":\"DATI\"}]}<\/script>\n<!-- \/ Yoast SEO plugin. -->","yoast_head_json":{"title":"SVTS: Presentaci\u00f3n del Observatorio de Vinculaci\u00f3n Tecnol\u00f3gica y Social de la UNSL - Facultad de Ciencias Econ\u00f3micas, Jur\u00ed\u00addicas y Sociales","robots":{"index":"index","follow":"follow","max-snippet":"max-snippet:-1","max-image-preview":"max-image-preview:large","max-video-preview":"max-video-preview:-1"},"canonical":"https:\/\/www.fcejs.unsl.edu.ar\/index.php\/svts-presentacion-del-numero-6-de-la-revista-digital-iunsl2-0\/","og_locale":"es_ES","og_type":"article","og_title":"SVTS: Presentaci\u00f3n del Observatorio de Vinculaci\u00f3n Tecnol\u00f3gica y Social de la UNSL - Facultad de Ciencias Econ\u00f3micas, Jur\u00ed\u00addicas y Sociales","og_description":"La Secretar\u00eda de Vinculaci\u00f3n Tecnol\u00f3gica y Social (SVTS), de la UNSL, invita a toda la comunidad a la presentaci\u00f3n del Observatorio de Vinculaci\u00f3n Tecnol\u00f3gica y&hellip;","og_url":"https:\/\/www.fcejs.unsl.edu.ar\/index.php\/svts-presentacion-del-numero-6-de-la-revista-digital-iunsl2-0\/","og_site_name":"Facultad de Ciencias Econ\u00f3micas, Jur\u00ed\u00addicas y Sociales","article_publisher":"https:\/\/www.facebook.com\/FCEJS.UNSL\/","article_published_time":"2022-12-02T14:53:37+00:00","article_modified_time":"2022-12-13T12:05:51+00:00","og_image":[{"width":1000,"height":600,"url":"https:\/\/www.fcejs.unsl.edu.ar\/wp-content\/uploads\/2022\/11\/210603-Rectorado-Cartel-y-Cajero-17-7-1000x600-1.jpg","type":"image\/jpeg"}],"author":"DATI","twitter_card":"summary_large_image","twitter_creator":"@FCEJSUNSL","twitter_site":"@FCEJSUNSL","twitter_misc":{"Escrito por":"DATI","Tiempo de lectura":"3 minutos"},"schema":{"@context":"https:\/\/schema.org","@graph":[{"@type":"Article","@id":"https:\/\/www.fcejs.unsl.edu.ar\/index.php\/svts-presentacion-del-numero-6-de-la-revista-digital-iunsl2-0\/#article","isPartOf":{"@id":"https:\/\/www.fcejs.unsl.edu.ar\/index.php\/svts-presentacion-del-numero-6-de-la-revista-digital-iunsl2-0\/"},"author":{"name":"DATI","@id":"https:\/\/www.fcejs.unsl.edu.ar\/#\/schema\/person\/352ee6ed90c3f394c7cb5945f8956d34"},"headline":"SVTS: Presentaci\u00f3n del Observatorio de Vinculaci\u00f3n Tecnol\u00f3gica y Social de la UNSL","datePublished":"2022-12-02T14:53:37+00:00","dateModified":"2022-12-13T12:05:51+00:00","mainEntityOfPage":{"@id":"https:\/\/www.fcejs.unsl.edu.ar\/index.php\/svts-presentacion-del-numero-6-de-la-revista-digital-iunsl2-0\/"},"wordCount":541,"publisher":{"@id":"https:\/\/www.fcejs.unsl.edu.ar\/#organization"},"image":{"@id":"https:\/\/www.fcejs.unsl.edu.ar\/index.php\/svts-presentacion-del-numero-6-de-la-revista-digital-iunsl2-0\/#primaryimage"},"thumbnailUrl":"https:\/\/www.fcejs.unsl.edu.ar\/wp-content\/uploads\/2022\/11\/210603-Rectorado-Cartel-y-Cajero-17-7-1000x600-1.jpg","articleSection":["Noticias"],"inLanguage":"es-AR"},{"@type":"WebPage","@id":"https:\/\/www.fcejs.unsl.edu.ar\/index.php\/svts-presentacion-del-numero-6-de-la-revista-digital-iunsl2-0\/","url":"https:\/\/www.fcejs.unsl.edu.ar\/index.php\/svts-presentacion-del-numero-6-de-la-revista-digital-iunsl2-0\/","name":"SVTS: Presentaci\u00f3n del Observatorio de Vinculaci\u00f3n Tecnol\u00f3gica y Social de la UNSL - Facultad de Ciencias Econ\u00f3micas, Jur\u00ed\u00addicas y Sociales","isPartOf":{"@id":"https:\/\/www.fcejs.unsl.edu.ar\/#website"},"primaryImageOfPage":{"@id":"https:\/\/www.fcejs.unsl.edu.ar\/index.php\/svts-presentacion-del-numero-6-de-la-revista-digital-iunsl2-0\/#primaryimage"},"image":{"@id":"https:\/\/www.fcejs.unsl.edu.ar\/index.php\/svts-presentacion-del-numero-6-de-la-revista-digital-iunsl2-0\/#primaryimage"},"thumbnailUrl":"https:\/\/www.fcejs.unsl.edu.ar\/wp-content\/uploads\/2022\/11\/210603-Rectorado-Cartel-y-Cajero-17-7-1000x600-1.jpg","datePublished":"2022-12-02T14:53:37+00:00","dateModified":"2022-12-13T12:05:51+00:00","breadcrumb":{"@id":"https:\/\/www.fcejs.unsl.edu.ar\/index.php\/svts-presentacion-del-numero-6-de-la-revista-digital-iunsl2-0\/#breadcrumb"},"inLanguage":"es-AR","potentialAction":[{"@type":"ReadAction","target":["https:\/\/www.fcejs.unsl.edu.ar\/index.php\/svts-presentacion-del-numero-6-de-la-revista-digital-iunsl2-0\/"]}]},{"@type":"ImageObject","inLanguage":"es-AR","@id":"https:\/\/www.fcejs.unsl.edu.ar\/index.php\/svts-presentacion-del-numero-6-de-la-revista-digital-iunsl2-0\/#primaryimage","url":"https:\/\/www.fcejs.unsl.edu.ar\/wp-content\/uploads\/2022\/11\/210603-Rectorado-Cartel-y-Cajero-17-7-1000x600-1.jpg","contentUrl":"https:\/\/www.fcejs.unsl.edu.ar\/wp-content\/uploads\/2022\/11\/210603-Rectorado-Cartel-y-Cajero-17-7-1000x600-1.jpg","width":1000,"height":600},{"@type":"BreadcrumbList","@id":"https:\/\/www.fcejs.unsl.edu.ar\/index.php\/svts-presentacion-del-numero-6-de-la-revista-digital-iunsl2-0\/#breadcrumb","itemListElement":[{"@type":"ListItem","position":1,"name":"Inicio","item":"https:\/\/www.fcejs.unsl.edu.ar\/"},{"@type":"ListItem","position":2,"name":"SVTS: Presentaci\u00f3n del Observatorio de Vinculaci\u00f3n Tecnol\u00f3gica y Social de la UNSL"}]},{"@type":"WebSite","@id":"https:\/\/www.fcejs.unsl.edu.ar\/#website","url":"https:\/\/www.fcejs.unsl.edu.ar\/","name":"Facultad de Ciencias Econ\u00f3micas, Jur\u00ed\u00addicas y Sociales","description":"","publisher":{"@id":"https:\/\/www.fcejs.unsl.edu.ar\/#organization"},"potentialAction":[{"@type":"SearchAction","target":{"@type":"EntryPoint","urlTemplate":"https:\/\/www.fcejs.unsl.edu.ar\/?s={search_term_string}"},"query-input":{"@type":"PropertyValueSpecification","valueRequired":true,"valueName":"search_term_string"}}],"inLanguage":"es-AR"},{"@type":"Organization","@id":"https:\/\/www.fcejs.unsl.edu.ar\/#organization","name":"Facultad de Ciencias Econ\u00f3micas, Jur\u00eddicas y Sociales","url":"https:\/\/www.fcejs.unsl.edu.ar\/","logo":{"@type":"ImageObject","inLanguage":"es-AR","@id":"https:\/\/www.fcejs.unsl.edu.ar\/#\/schema\/logo\/image\/","url":"https:\/\/www.fcejs.unsl.edu.ar\/wp-content\/uploads\/2021\/03\/logo-1.jpg","contentUrl":"https:\/\/www.fcejs.unsl.edu.ar\/wp-content\/uploads\/2021\/03\/logo-1.jpg","width":471,"height":146,"caption":"Facultad de Ciencias Econ\u00f3micas, Jur\u00eddicas y Sociales"},"image":{"@id":"https:\/\/www.fcejs.unsl.edu.ar\/#\/schema\/logo\/image\/"},"sameAs":["https:\/\/www.facebook.com\/FCEJS.UNSL\/","https:\/\/x.com\/FCEJSUNSL","https:\/\/www.instagram.com\/fcejs.unsl\/","https:\/\/www.youtube.com\/channel\/UCH-Ut6EaN_X5ogjIQMPe46g\/"]},{"@type":"Person","@id":"https:\/\/www.fcejs.unsl.edu.ar\/#\/schema\/person\/352ee6ed90c3f394c7cb5945f8956d34","name":"DATI"}]}},"jetpack_featured_media_url":"https:\/\/www.fcejs.unsl.edu.ar\/wp-content\/uploads\/2022\/11\/210603-Rectorado-Cartel-y-Cajero-17-7-1000x600-1.jpg","_links":{"self":[{"href":"https:\/\/www.fcejs.unsl.edu.ar\/index.php\/wp-json\/wp\/v2\/posts\/10461","targetHints":{"allow":["GET"]}}],"collection":[{"href":"https:\/\/www.fcejs.unsl.edu.ar\/index.php\/wp-json\/wp\/v2\/posts"}],"about":[{"href":"https:\/\/www.fcejs.unsl.edu.ar\/index.php\/wp-json\/wp\/v2\/types\/post"}],"author":[{"embeddable":true,"href":"https:\/\/www.fcejs.unsl.edu.ar\/index.php\/wp-json\/wp\/v2\/users\/9"}],"replies":[{"embeddable":true,"href":"https:\/\/www.fcejs.unsl.edu.ar\/index.php\/wp-json\/wp\/v2\/comments?post=10461"}],"version-history":[{"count":5,"href":"https:\/\/www.fcejs.unsl.edu.ar\/index.php\/wp-json\/wp\/v2\/posts\/10461\/revisions"}],"predecessor-version":[{"id":10469,"href":"https:\/\/www.fcejs.unsl.edu.ar\/index.php\/wp-json\/wp\/v2\/posts\/10461\/revisions\/10469"}],"wp:featuredmedia":[{"embeddable":true,"href":"https:\/\/www.fcejs.unsl.edu.ar\/index.php\/wp-json\/wp\/v2\/media\/10467"}],"wp:attachment":[{"href":"https:\/\/www.fcejs.unsl.edu.ar\/index.php\/wp-json\/wp\/v2\/media?parent=10461"}],"wp:term":[{"taxonomy":"category","embeddable":true,"href":"https:\/\/www.fcejs.unsl.edu.ar\/index.php\/wp-json\/wp\/v2\/categories?post=10461"},{"taxonomy":"post_tag","embeddable":true,"href":"https:\/\/www.fcejs.unsl.edu.ar\/index.php\/wp-json\/wp\/v2\/tags?post=10461"}],"curies":[{"name":"wp","href":"https:\/\/api.w.org\/{rel}","templated":true}]}}