{"id":10457,"date":"2022-12-12T00:37:11","date_gmt":"2022-12-12T03:37:11","guid":{"rendered":"http:\/\/10.101.10.197\/www\/?p=10457"},"modified":"2022-12-13T12:56:49","modified_gmt":"2022-12-13T15:56:49","slug":"conversatorio-sobre-el-neofascismo-reflexiones-conceptuales-desde-el-pensamiento-filosofico-juridico-y-politico","status":"publish","type":"post","link":"https:\/\/www.fcejs.unsl.edu.ar\/index.php\/conversatorio-sobre-el-neofascismo-reflexiones-conceptuales-desde-el-pensamiento-filosofico-juridico-y-politico\/","title":{"rendered":"Conversatorio sobre el neofascismo: reflexiones conceptuales desde el pensamiento filos\u00f3fico-jur\u00eddico y pol\u00edtico"},"content":{"rendered":"<p>El pr\u00f3ximo <strong>12 de diciembre<\/strong>, se llevar\u00e1 a cabo el <strong>Conversatorio \u201c\u00bfQu\u00e9 es el neofascismo? Reflexiones conceptuales desde el pensamiento filos\u00f3fico-jur\u00eddico y pol\u00edtico\u201d<\/strong>, actividad en la que se reflexionar\u00e1 sobre la relaci\u00f3n entre la teor\u00eda del lenguaje y el derecho desde las pr\u00e1cticas interpretativas, de intelecci\u00f3n y argumentativas jur\u00eddicas.<\/p>\n<p>Disertar\u00e1n en el Aula Luis Fr\u00fcm de 14 a 15.30 horas, los<strong> doctores Daniel Gorra, Yussef Becher y Juan Manuel Saharrea, con la moderaci\u00f3n de la Dra. Eugenia P\u00e9rez Cubero.\u00a0<\/strong><\/p>\n<p>El <strong>conversatorio libre y no arancelado<\/strong> est\u00e1 orientado a magistrados\/as judiciales, abogados\/as, estudiantes de abogac\u00eda y p\u00fablico interesado.<\/p>\n<p>Esta actividad de posgrado, se enmarca en la Catedra de Filosof\u00eda del Derecho de la carrera de Abogac\u00eda y en el grupo de Investigaci\u00f3n de Derecho y Lenguaje PROICO-15-01-20; impulsada por el Departamento de Ciencias Jur\u00eddicas y Pol\u00edticas.<\/p>\n<p>Durante el conversatorio se brindar\u00e1 las herramientas metodol\u00f3gicas para la pr\u00e1ctica interpretativa y argumentativa filos\u00f3fica, pol\u00edtica y jur\u00eddica, para lograr una aproximaci\u00f3n a las reflexiones conceptuales sobre el concepto de neofascismo en el pensamiento filos\u00f3fico-pol\u00edtico y sociojur\u00eddico reciente; exponer las implicancias del debate Kelsen-Schmitt acerca del \u201cguardi\u00e1n de la constituci\u00f3n\u201d en el marco de los dise\u00f1os constitucionales contempor\u00e1neos e incitar un recurso hermene\u00fatico-conceptual para analizar diversas situaciones del medio nacional y regional vinculadas a la violencia pol\u00edtica, fuertes polarizaciones, y el fascismo como \u201cmodo de vida\u201d.<\/p>\n<p>&nbsp;<\/p>\n<p><strong><img fetchpriority=\"high\" decoding=\"async\" class=\"aligncenter size-large wp-image-10459\" src=\"https:\/\/www.fcejs.unsl.edu.ar\/wp-content\/uploads\/2022\/11\/neofascismo--819x1024.jpeg\" alt=\"\" width=\"819\" height=\"1024\" srcset=\"https:\/\/www.fcejs.unsl.edu.ar\/wp-content\/uploads\/2022\/11\/neofascismo--819x1024.jpeg 819w, https:\/\/www.fcejs.unsl.edu.ar\/wp-content\/uploads\/2022\/11\/neofascismo--240x300.jpeg 240w, https:\/\/www.fcejs.unsl.edu.ar\/wp-content\/uploads\/2022\/11\/neofascismo--768x960.jpeg 768w, https:\/\/www.fcejs.unsl.edu.ar\/wp-content\/uploads\/2022\/11\/neofascismo-.jpeg 1024w\" sizes=\"(max-width: 819px) 100vw, 819px\" \/><\/strong><\/p>\n","protected":false},"excerpt":{"rendered":"<p>El pr\u00f3ximo 12 de diciembre, se llevar\u00e1 a cabo el Conversatorio \u201c\u00bfQu\u00e9 es el neofascismo? Reflexiones conceptuales desde el pensamiento filos\u00f3fico-jur\u00eddico y pol\u00edtico\u201d, actividad en&hellip;<\/p>\n","protected":false},"author":9,"featured_media":10458,"comment_status":"closed","ping_status":"closed","sticky":false,"template":"","format":"standard","meta":{"om_disable_all_campaigns":false,"_monsterinsights_skip_tracking":false,"_monsterinsights_sitenote_active":false,"_monsterinsights_sitenote_note":"","_monsterinsights_sitenote_category":0,"footnotes":""},"categories":[1],"tags":[],"class_list":["post-10457","post","type-post","status-publish","format-standard","has-post-thumbnail","hentry","category-noticias"],"yoast_head":"<!-- This site is optimized with the Yoast SEO plugin v27.4 - https:\/\/yoast.com\/product\/yoast-seo-wordpress\/ -->\n<title>Conversatorio sobre el neofascismo: reflexiones conceptuales desde el pensamiento filos\u00f3fico-jur\u00eddico y pol\u00edtico - Facultad de Ciencias Econ\u00f3micas, Jur\u00ed\u00addicas y Sociales<\/title>\n<meta name=\"robots\" content=\"index, follow, max-snippet:-1, max-image-preview:large, max-video-preview:-1\" \/>\n<link rel=\"canonical\" href=\"https:\/\/www.fcejs.unsl.edu.ar\/index.php\/conversatorio-sobre-el-neofascismo-reflexiones-conceptuales-desde-el-pensamiento-filosofico-juridico-y-politico\/\" \/>\n<meta property=\"og:locale\" content=\"es_ES\" \/>\n<meta property=\"og:type\" content=\"article\" \/>\n<meta property=\"og:title\" content=\"Conversatorio sobre el neofascismo: reflexiones conceptuales desde el pensamiento filos\u00f3fico-jur\u00eddico y pol\u00edtico - Facultad de Ciencias Econ\u00f3micas, Jur\u00ed\u00addicas y Sociales\" \/>\n<meta property=\"og:description\" content=\"El pr\u00f3ximo 12 de diciembre, se llevar\u00e1 a cabo el Conversatorio \u201c\u00bfQu\u00e9 es el neofascismo? Reflexiones conceptuales desde el pensamiento filos\u00f3fico-jur\u00eddico y pol\u00edtico\u201d, actividad en&hellip;\" \/>\n<meta property=\"og:url\" content=\"https:\/\/www.fcejs.unsl.edu.ar\/index.php\/conversatorio-sobre-el-neofascismo-reflexiones-conceptuales-desde-el-pensamiento-filosofico-juridico-y-politico\/\" \/>\n<meta property=\"og:site_name\" content=\"Facultad de Ciencias Econ\u00f3micas, Jur\u00ed\u00addicas y Sociales\" \/>\n<meta property=\"article:publisher\" content=\"https:\/\/www.facebook.com\/FCEJS.UNSL\/\" \/>\n<meta property=\"article:published_time\" content=\"2022-12-12T03:37:11+00:00\" \/>\n<meta property=\"article:modified_time\" content=\"2022-12-13T15:56:49+00:00\" \/>\n<meta property=\"og:image\" content=\"https:\/\/www.fcejs.unsl.edu.ar\/wp-content\/uploads\/2022\/11\/neofascismo-front.jpg\" \/>\n\t<meta property=\"og:image:width\" content=\"1152\" \/>\n\t<meta property=\"og:image:height\" content=\"647\" \/>\n\t<meta property=\"og:image:type\" content=\"image\/jpeg\" \/>\n<meta name=\"author\" content=\"DATI\" \/>\n<meta name=\"twitter:card\" content=\"summary_large_image\" \/>\n<meta name=\"twitter:creator\" content=\"@FCEJSUNSL\" \/>\n<meta name=\"twitter:site\" content=\"@FCEJSUNSL\" \/>\n<meta name=\"twitter:label1\" content=\"Escrito por\" \/>\n\t<meta name=\"twitter:data1\" content=\"DATI\" \/>\n\t<meta name=\"twitter:label2\" content=\"Tiempo de lectura\" \/>\n\t<meta name=\"twitter:data2\" content=\"2 minutos\" \/>\n<script type=\"application\/ld+json\" class=\"yoast-schema-graph\">{\"@context\":\"https:\\\/\\\/schema.org\",\"@graph\":[{\"@type\":\"Article\",\"@id\":\"https:\\\/\\\/www.fcejs.unsl.edu.ar\\\/index.php\\\/conversatorio-sobre-el-neofascismo-reflexiones-conceptuales-desde-el-pensamiento-filosofico-juridico-y-politico\\\/#article\",\"isPartOf\":{\"@id\":\"https:\\\/\\\/www.fcejs.unsl.edu.ar\\\/index.php\\\/conversatorio-sobre-el-neofascismo-reflexiones-conceptuales-desde-el-pensamiento-filosofico-juridico-y-politico\\\/\"},\"author\":{\"name\":\"DATI\",\"@id\":\"https:\\\/\\\/www.fcejs.unsl.edu.ar\\\/#\\\/schema\\\/person\\\/352ee6ed90c3f394c7cb5945f8956d34\"},\"headline\":\"Conversatorio sobre el neofascismo: reflexiones conceptuales desde el pensamiento filos\u00f3fico-jur\u00eddico y pol\u00edtico\",\"datePublished\":\"2022-12-12T03:37:11+00:00\",\"dateModified\":\"2022-12-13T15:56:49+00:00\",\"mainEntityOfPage\":{\"@id\":\"https:\\\/\\\/www.fcejs.unsl.edu.ar\\\/index.php\\\/conversatorio-sobre-el-neofascismo-reflexiones-conceptuales-desde-el-pensamiento-filosofico-juridico-y-politico\\\/\"},\"wordCount\":273,\"publisher\":{\"@id\":\"https:\\\/\\\/www.fcejs.unsl.edu.ar\\\/#organization\"},\"image\":{\"@id\":\"https:\\\/\\\/www.fcejs.unsl.edu.ar\\\/index.php\\\/conversatorio-sobre-el-neofascismo-reflexiones-conceptuales-desde-el-pensamiento-filosofico-juridico-y-politico\\\/#primaryimage\"},\"thumbnailUrl\":\"https:\\\/\\\/www.fcejs.unsl.edu.ar\\\/wp-content\\\/uploads\\\/2022\\\/11\\\/neofascismo-front.jpg\",\"articleSection\":[\"Noticias\"],\"inLanguage\":\"es-AR\"},{\"@type\":\"WebPage\",\"@id\":\"https:\\\/\\\/www.fcejs.unsl.edu.ar\\\/index.php\\\/conversatorio-sobre-el-neofascismo-reflexiones-conceptuales-desde-el-pensamiento-filosofico-juridico-y-politico\\\/\",\"url\":\"https:\\\/\\\/www.fcejs.unsl.edu.ar\\\/index.php\\\/conversatorio-sobre-el-neofascismo-reflexiones-conceptuales-desde-el-pensamiento-filosofico-juridico-y-politico\\\/\",\"name\":\"Conversatorio sobre el neofascismo: reflexiones conceptuales desde el pensamiento filos\u00f3fico-jur\u00eddico y pol\u00edtico - Facultad de Ciencias Econ\u00f3micas, Jur\u00ed\u00addicas y Sociales\",\"isPartOf\":{\"@id\":\"https:\\\/\\\/www.fcejs.unsl.edu.ar\\\/#website\"},\"primaryImageOfPage\":{\"@id\":\"https:\\\/\\\/www.fcejs.unsl.edu.ar\\\/index.php\\\/conversatorio-sobre-el-neofascismo-reflexiones-conceptuales-desde-el-pensamiento-filosofico-juridico-y-politico\\\/#primaryimage\"},\"image\":{\"@id\":\"https:\\\/\\\/www.fcejs.unsl.edu.ar\\\/index.php\\\/conversatorio-sobre-el-neofascismo-reflexiones-conceptuales-desde-el-pensamiento-filosofico-juridico-y-politico\\\/#primaryimage\"},\"thumbnailUrl\":\"https:\\\/\\\/www.fcejs.unsl.edu.ar\\\/wp-content\\\/uploads\\\/2022\\\/11\\\/neofascismo-front.jpg\",\"datePublished\":\"2022-12-12T03:37:11+00:00\",\"dateModified\":\"2022-12-13T15:56:49+00:00\",\"breadcrumb\":{\"@id\":\"https:\\\/\\\/www.fcejs.unsl.edu.ar\\\/index.php\\\/conversatorio-sobre-el-neofascismo-reflexiones-conceptuales-desde-el-pensamiento-filosofico-juridico-y-politico\\\/#breadcrumb\"},\"inLanguage\":\"es-AR\",\"potentialAction\":[{\"@type\":\"ReadAction\",\"target\":[\"https:\\\/\\\/www.fcejs.unsl.edu.ar\\\/index.php\\\/conversatorio-sobre-el-neofascismo-reflexiones-conceptuales-desde-el-pensamiento-filosofico-juridico-y-politico\\\/\"]}]},{\"@type\":\"ImageObject\",\"inLanguage\":\"es-AR\",\"@id\":\"https:\\\/\\\/www.fcejs.unsl.edu.ar\\\/index.php\\\/conversatorio-sobre-el-neofascismo-reflexiones-conceptuales-desde-el-pensamiento-filosofico-juridico-y-politico\\\/#primaryimage\",\"url\":\"https:\\\/\\\/www.fcejs.unsl.edu.ar\\\/wp-content\\\/uploads\\\/2022\\\/11\\\/neofascismo-front.jpg\",\"contentUrl\":\"https:\\\/\\\/www.fcejs.unsl.edu.ar\\\/wp-content\\\/uploads\\\/2022\\\/11\\\/neofascismo-front.jpg\",\"width\":1152,\"height\":647},{\"@type\":\"BreadcrumbList\",\"@id\":\"https:\\\/\\\/www.fcejs.unsl.edu.ar\\\/index.php\\\/conversatorio-sobre-el-neofascismo-reflexiones-conceptuales-desde-el-pensamiento-filosofico-juridico-y-politico\\\/#breadcrumb\",\"itemListElement\":[{\"@type\":\"ListItem\",\"position\":1,\"name\":\"Inicio\",\"item\":\"https:\\\/\\\/www.fcejs.unsl.edu.ar\\\/\"},{\"@type\":\"ListItem\",\"position\":2,\"name\":\"Conversatorio sobre el neofascismo: reflexiones conceptuales desde el pensamiento filos\u00f3fico-jur\u00eddico y pol\u00edtico\"}]},{\"@type\":\"WebSite\",\"@id\":\"https:\\\/\\\/www.fcejs.unsl.edu.ar\\\/#website\",\"url\":\"https:\\\/\\\/www.fcejs.unsl.edu.ar\\\/\",\"name\":\"Facultad de Ciencias Econ\u00f3micas, Jur\u00ed\u00addicas y Sociales\",\"description\":\"\",\"publisher\":{\"@id\":\"https:\\\/\\\/www.fcejs.unsl.edu.ar\\\/#organization\"},\"potentialAction\":[{\"@type\":\"SearchAction\",\"target\":{\"@type\":\"EntryPoint\",\"urlTemplate\":\"https:\\\/\\\/www.fcejs.unsl.edu.ar\\\/?s={search_term_string}\"},\"query-input\":{\"@type\":\"PropertyValueSpecification\",\"valueRequired\":true,\"valueName\":\"search_term_string\"}}],\"inLanguage\":\"es-AR\"},{\"@type\":\"Organization\",\"@id\":\"https:\\\/\\\/www.fcejs.unsl.edu.ar\\\/#organization\",\"name\":\"Facultad de Ciencias Econ\u00f3micas, Jur\u00eddicas y Sociales\",\"url\":\"https:\\\/\\\/www.fcejs.unsl.edu.ar\\\/\",\"logo\":{\"@type\":\"ImageObject\",\"inLanguage\":\"es-AR\",\"@id\":\"https:\\\/\\\/www.fcejs.unsl.edu.ar\\\/#\\\/schema\\\/logo\\\/image\\\/\",\"url\":\"https:\\\/\\\/www.fcejs.unsl.edu.ar\\\/wp-content\\\/uploads\\\/2021\\\/03\\\/logo-1.jpg\",\"contentUrl\":\"https:\\\/\\\/www.fcejs.unsl.edu.ar\\\/wp-content\\\/uploads\\\/2021\\\/03\\\/logo-1.jpg\",\"width\":471,\"height\":146,\"caption\":\"Facultad de Ciencias Econ\u00f3micas, Jur\u00eddicas y Sociales\"},\"image\":{\"@id\":\"https:\\\/\\\/www.fcejs.unsl.edu.ar\\\/#\\\/schema\\\/logo\\\/image\\\/\"},\"sameAs\":[\"https:\\\/\\\/www.facebook.com\\\/FCEJS.UNSL\\\/\",\"https:\\\/\\\/x.com\\\/FCEJSUNSL\",\"https:\\\/\\\/www.instagram.com\\\/fcejs.unsl\\\/\",\"https:\\\/\\\/www.youtube.com\\\/channel\\\/UCH-Ut6EaN_X5ogjIQMPe46g\\\/\"]},{\"@type\":\"Person\",\"@id\":\"https:\\\/\\\/www.fcejs.unsl.edu.ar\\\/#\\\/schema\\\/person\\\/352ee6ed90c3f394c7cb5945f8956d34\",\"name\":\"DATI\"}]}<\/script>\n<!-- \/ Yoast SEO plugin. -->","yoast_head_json":{"title":"Conversatorio sobre el neofascismo: reflexiones conceptuales desde el pensamiento filos\u00f3fico-jur\u00eddico y pol\u00edtico - Facultad de Ciencias Econ\u00f3micas, Jur\u00ed\u00addicas y Sociales","robots":{"index":"index","follow":"follow","max-snippet":"max-snippet:-1","max-image-preview":"max-image-preview:large","max-video-preview":"max-video-preview:-1"},"canonical":"https:\/\/www.fcejs.unsl.edu.ar\/index.php\/conversatorio-sobre-el-neofascismo-reflexiones-conceptuales-desde-el-pensamiento-filosofico-juridico-y-politico\/","og_locale":"es_ES","og_type":"article","og_title":"Conversatorio sobre el neofascismo: reflexiones conceptuales desde el pensamiento filos\u00f3fico-jur\u00eddico y pol\u00edtico - Facultad de Ciencias Econ\u00f3micas, Jur\u00ed\u00addicas y Sociales","og_description":"El pr\u00f3ximo 12 de diciembre, se llevar\u00e1 a cabo el Conversatorio \u201c\u00bfQu\u00e9 es el neofascismo? Reflexiones conceptuales desde el pensamiento filos\u00f3fico-jur\u00eddico y pol\u00edtico\u201d, actividad en&hellip;","og_url":"https:\/\/www.fcejs.unsl.edu.ar\/index.php\/conversatorio-sobre-el-neofascismo-reflexiones-conceptuales-desde-el-pensamiento-filosofico-juridico-y-politico\/","og_site_name":"Facultad de Ciencias Econ\u00f3micas, Jur\u00ed\u00addicas y Sociales","article_publisher":"https:\/\/www.facebook.com\/FCEJS.UNSL\/","article_published_time":"2022-12-12T03:37:11+00:00","article_modified_time":"2022-12-13T15:56:49+00:00","og_image":[{"width":1152,"height":647,"url":"https:\/\/www.fcejs.unsl.edu.ar\/wp-content\/uploads\/2022\/11\/neofascismo-front.jpg","type":"image\/jpeg"}],"author":"DATI","twitter_card":"summary_large_image","twitter_creator":"@FCEJSUNSL","twitter_site":"@FCEJSUNSL","twitter_misc":{"Escrito por":"DATI","Tiempo de lectura":"2 minutos"},"schema":{"@context":"https:\/\/schema.org","@graph":[{"@type":"Article","@id":"https:\/\/www.fcejs.unsl.edu.ar\/index.php\/conversatorio-sobre-el-neofascismo-reflexiones-conceptuales-desde-el-pensamiento-filosofico-juridico-y-politico\/#article","isPartOf":{"@id":"https:\/\/www.fcejs.unsl.edu.ar\/index.php\/conversatorio-sobre-el-neofascismo-reflexiones-conceptuales-desde-el-pensamiento-filosofico-juridico-y-politico\/"},"author":{"name":"DATI","@id":"https:\/\/www.fcejs.unsl.edu.ar\/#\/schema\/person\/352ee6ed90c3f394c7cb5945f8956d34"},"headline":"Conversatorio sobre el neofascismo: reflexiones conceptuales desde el pensamiento filos\u00f3fico-jur\u00eddico y pol\u00edtico","datePublished":"2022-12-12T03:37:11+00:00","dateModified":"2022-12-13T15:56:49+00:00","mainEntityOfPage":{"@id":"https:\/\/www.fcejs.unsl.edu.ar\/index.php\/conversatorio-sobre-el-neofascismo-reflexiones-conceptuales-desde-el-pensamiento-filosofico-juridico-y-politico\/"},"wordCount":273,"publisher":{"@id":"https:\/\/www.fcejs.unsl.edu.ar\/#organization"},"image":{"@id":"https:\/\/www.fcejs.unsl.edu.ar\/index.php\/conversatorio-sobre-el-neofascismo-reflexiones-conceptuales-desde-el-pensamiento-filosofico-juridico-y-politico\/#primaryimage"},"thumbnailUrl":"https:\/\/www.fcejs.unsl.edu.ar\/wp-content\/uploads\/2022\/11\/neofascismo-front.jpg","articleSection":["Noticias"],"inLanguage":"es-AR"},{"@type":"WebPage","@id":"https:\/\/www.fcejs.unsl.edu.ar\/index.php\/conversatorio-sobre-el-neofascismo-reflexiones-conceptuales-desde-el-pensamiento-filosofico-juridico-y-politico\/","url":"https:\/\/www.fcejs.unsl.edu.ar\/index.php\/conversatorio-sobre-el-neofascismo-reflexiones-conceptuales-desde-el-pensamiento-filosofico-juridico-y-politico\/","name":"Conversatorio sobre el neofascismo: reflexiones conceptuales desde el pensamiento filos\u00f3fico-jur\u00eddico y pol\u00edtico - Facultad de Ciencias Econ\u00f3micas, Jur\u00ed\u00addicas y Sociales","isPartOf":{"@id":"https:\/\/www.fcejs.unsl.edu.ar\/#website"},"primaryImageOfPage":{"@id":"https:\/\/www.fcejs.unsl.edu.ar\/index.php\/conversatorio-sobre-el-neofascismo-reflexiones-conceptuales-desde-el-pensamiento-filosofico-juridico-y-politico\/#primaryimage"},"image":{"@id":"https:\/\/www.fcejs.unsl.edu.ar\/index.php\/conversatorio-sobre-el-neofascismo-reflexiones-conceptuales-desde-el-pensamiento-filosofico-juridico-y-politico\/#primaryimage"},"thumbnailUrl":"https:\/\/www.fcejs.unsl.edu.ar\/wp-content\/uploads\/2022\/11\/neofascismo-front.jpg","datePublished":"2022-12-12T03:37:11+00:00","dateModified":"2022-12-13T15:56:49+00:00","breadcrumb":{"@id":"https:\/\/www.fcejs.unsl.edu.ar\/index.php\/conversatorio-sobre-el-neofascismo-reflexiones-conceptuales-desde-el-pensamiento-filosofico-juridico-y-politico\/#breadcrumb"},"inLanguage":"es-AR","potentialAction":[{"@type":"ReadAction","target":["https:\/\/www.fcejs.unsl.edu.ar\/index.php\/conversatorio-sobre-el-neofascismo-reflexiones-conceptuales-desde-el-pensamiento-filosofico-juridico-y-politico\/"]}]},{"@type":"ImageObject","inLanguage":"es-AR","@id":"https:\/\/www.fcejs.unsl.edu.ar\/index.php\/conversatorio-sobre-el-neofascismo-reflexiones-conceptuales-desde-el-pensamiento-filosofico-juridico-y-politico\/#primaryimage","url":"https:\/\/www.fcejs.unsl.edu.ar\/wp-content\/uploads\/2022\/11\/neofascismo-front.jpg","contentUrl":"https:\/\/www.fcejs.unsl.edu.ar\/wp-content\/uploads\/2022\/11\/neofascismo-front.jpg","width":1152,"height":647},{"@type":"BreadcrumbList","@id":"https:\/\/www.fcejs.unsl.edu.ar\/index.php\/conversatorio-sobre-el-neofascismo-reflexiones-conceptuales-desde-el-pensamiento-filosofico-juridico-y-politico\/#breadcrumb","itemListElement":[{"@type":"ListItem","position":1,"name":"Inicio","item":"https:\/\/www.fcejs.unsl.edu.ar\/"},{"@type":"ListItem","position":2,"name":"Conversatorio sobre el neofascismo: reflexiones conceptuales desde el pensamiento filos\u00f3fico-jur\u00eddico y pol\u00edtico"}]},{"@type":"WebSite","@id":"https:\/\/www.fcejs.unsl.edu.ar\/#website","url":"https:\/\/www.fcejs.unsl.edu.ar\/","name":"Facultad de Ciencias Econ\u00f3micas, Jur\u00ed\u00addicas y Sociales","description":"","publisher":{"@id":"https:\/\/www.fcejs.unsl.edu.ar\/#organization"},"potentialAction":[{"@type":"SearchAction","target":{"@type":"EntryPoint","urlTemplate":"https:\/\/www.fcejs.unsl.edu.ar\/?s={search_term_string}"},"query-input":{"@type":"PropertyValueSpecification","valueRequired":true,"valueName":"search_term_string"}}],"inLanguage":"es-AR"},{"@type":"Organization","@id":"https:\/\/www.fcejs.unsl.edu.ar\/#organization","name":"Facultad de Ciencias Econ\u00f3micas, Jur\u00eddicas y Sociales","url":"https:\/\/www.fcejs.unsl.edu.ar\/","logo":{"@type":"ImageObject","inLanguage":"es-AR","@id":"https:\/\/www.fcejs.unsl.edu.ar\/#\/schema\/logo\/image\/","url":"https:\/\/www.fcejs.unsl.edu.ar\/wp-content\/uploads\/2021\/03\/logo-1.jpg","contentUrl":"https:\/\/www.fcejs.unsl.edu.ar\/wp-content\/uploads\/2021\/03\/logo-1.jpg","width":471,"height":146,"caption":"Facultad de Ciencias Econ\u00f3micas, Jur\u00eddicas y Sociales"},"image":{"@id":"https:\/\/www.fcejs.unsl.edu.ar\/#\/schema\/logo\/image\/"},"sameAs":["https:\/\/www.facebook.com\/FCEJS.UNSL\/","https:\/\/x.com\/FCEJSUNSL","https:\/\/www.instagram.com\/fcejs.unsl\/","https:\/\/www.youtube.com\/channel\/UCH-Ut6EaN_X5ogjIQMPe46g\/"]},{"@type":"Person","@id":"https:\/\/www.fcejs.unsl.edu.ar\/#\/schema\/person\/352ee6ed90c3f394c7cb5945f8956d34","name":"DATI"}]}},"jetpack_featured_media_url":"https:\/\/www.fcejs.unsl.edu.ar\/wp-content\/uploads\/2022\/11\/neofascismo-front.jpg","_links":{"self":[{"href":"https:\/\/www.fcejs.unsl.edu.ar\/index.php\/wp-json\/wp\/v2\/posts\/10457","targetHints":{"allow":["GET"]}}],"collection":[{"href":"https:\/\/www.fcejs.unsl.edu.ar\/index.php\/wp-json\/wp\/v2\/posts"}],"about":[{"href":"https:\/\/www.fcejs.unsl.edu.ar\/index.php\/wp-json\/wp\/v2\/types\/post"}],"author":[{"embeddable":true,"href":"https:\/\/www.fcejs.unsl.edu.ar\/index.php\/wp-json\/wp\/v2\/users\/9"}],"replies":[{"embeddable":true,"href":"https:\/\/www.fcejs.unsl.edu.ar\/index.php\/wp-json\/wp\/v2\/comments?post=10457"}],"version-history":[{"count":1,"href":"https:\/\/www.fcejs.unsl.edu.ar\/index.php\/wp-json\/wp\/v2\/posts\/10457\/revisions"}],"predecessor-version":[{"id":10460,"href":"https:\/\/www.fcejs.unsl.edu.ar\/index.php\/wp-json\/wp\/v2\/posts\/10457\/revisions\/10460"}],"wp:featuredmedia":[{"embeddable":true,"href":"https:\/\/www.fcejs.unsl.edu.ar\/index.php\/wp-json\/wp\/v2\/media\/10458"}],"wp:attachment":[{"href":"https:\/\/www.fcejs.unsl.edu.ar\/index.php\/wp-json\/wp\/v2\/media?parent=10457"}],"wp:term":[{"taxonomy":"category","embeddable":true,"href":"https:\/\/www.fcejs.unsl.edu.ar\/index.php\/wp-json\/wp\/v2\/categories?post=10457"},{"taxonomy":"post_tag","embeddable":true,"href":"https:\/\/www.fcejs.unsl.edu.ar\/index.php\/wp-json\/wp\/v2\/tags?post=10457"}],"curies":[{"name":"wp","href":"https:\/\/api.w.org\/{rel}","templated":true}]}}