{"id":10337,"date":"2022-11-28T00:48:59","date_gmt":"2022-11-28T03:48:59","guid":{"rendered":"http:\/\/10.101.10.197\/www\/?p=10337"},"modified":"2022-11-29T10:52:46","modified_gmt":"2022-11-29T13:52:46","slug":"la-fcejs-conmemoro-el-dia-internacional-de-la-eliminacion-de-la-violencia-contra-la-mujer","status":"publish","type":"post","link":"https:\/\/www.fcejs.unsl.edu.ar\/index.php\/la-fcejs-conmemoro-el-dia-internacional-de-la-eliminacion-de-la-violencia-contra-la-mujer\/","title":{"rendered":"La FCEJS conmemor\u00f3 el D\u00eda Internacional de la Eliminaci\u00f3n de la Violencia Contra la Mujer"},"content":{"rendered":"<p>La <strong>Secretar\u00eda de Extensi\u00f3n Universitaria de la FCEJS<\/strong>; el <strong>Programa de G\u00e9nero, Sociedad y Universidad<\/strong> y la <strong>Biblioteca Popular Antonio Esteban Ag\u00fcer<\/strong>o conmemoraron el <strong>D\u00eda Internacional de la Eliminaci\u00f3n de la Violencia Contra la Mujer<\/strong>, durante la tarde del 24 de noviembre en el Campus Universitario.<\/p>\n<p>El encuentro fue realizado en el aula 17 a partir de las 18 horas. Cont\u00f3 con la presencia de la <strong>Vicedecana, Esp. Hilda Maggi<\/strong>, autoridades de la FCEJS, estudiantes y p\u00fablico en general.<\/p>\n<p>La actividad inici\u00f3 con la presentaci\u00f3n del libro \u201cLas palabras en mi cuerpa. Narrativas del ciclo Lecturas y Escrituras de Mujeres \u201cSentires, Decires y V\u00edveres\u201d, realizado por los integrantes del Ciclo de Lecturas y Escrituras de Mujeres \u201cDecires, Sentires y Vivires\u201d.<\/p>\n<p>A continuaci\u00f3n, se realiz\u00f3 el reconocimiento institucional a hijas de Julia Ruiz Biscontini, reconocida militante de DDHH y derechos de las mujeres, que fue part\u00edcipe activa del Ciclo de lecturas y escrituras de mujeres; y presidenta, hasta su fallecimiento, de la Biblioteca Esteban Ag\u00fcero.<\/p>\n<p>Durante el n\u00famero musical brindado por el grupo \u201cLas Violetas\u201d como cierre de actividades, fue exhibida la muestra de arte textil a cargo de Paz Her\u00f3n Ruiz; Roc\u00edo P\u00e1jaro y Laura Comatelli; tres artistas de Villa Mercedes que lograron transmitir su militancia con su arte.<\/p>\n<div class=\"gmedia_gallery phantom_module is_bot\" id=\"GmediaGallery_121\" data-gmid=\"121\" data-module=\"phantom\"><style type='text\/css' class='gmedia_module_style_import'>@import url('https:\/\/www.fcejs.unsl.edu.ar\/wp-content\/plugins\/grand-media\/module\/phantom\/css\/style.css') all;<\/style>    <div class=\"gmPhantom_Container noLightbox\" >\r\n                <div class=\"gmPhantom_thumbsWrapper gmPhantom_ThumbScale gmPhantom_LabelHover\">\r\n                        <div class=\"gmPhantom_ThumbContainer gmPhantom_ThumbLoader\" data-id=\"1559\" data-post_id=\"10348\" data-ratio=\"1.82\" data-type=\"image\" data-ext=\"jpg\" data-views=\"9\" data-likes=\"0\" data-cc=\"0\" data-post_link=\"https:\/\/www.fcejs.unsl.edu.ar\/index.php\/gmedia\/eliminaci_n-de-la-violencia-contra-la-mujer-_0002_fondo-jpg\/\">\r\n                <a href=\"https:\/\/www.fcejs.unsl.edu.ar\/wp-content\/grand-media\/image\/Eliminaci_n-de-la-Violencia-Contra-la-Mujer--_0002_Fondo.jpg\" class=\"gmPhantom_Thumb\"><img decoding=\"async\" src=\"https:\/\/www.fcejs.unsl.edu.ar\/wp-content\/grand-media\/image\/thumb\/Eliminaci_n-de-la-Violencia-Contra-la-Mujer--_0002_Fondo.jpg\" data-src=\"https:\/\/www.fcejs.unsl.edu.ar\/wp-content\/grand-media\/image\/Eliminaci_n-de-la-Violencia-Contra-la-Mujer--_0002_Fondo.jpg\" alt=\"Eliminaci\u00f3n-de-la-Violencia-Contra-la-Mujer-- 0002 Fondo\"\/><\/a>\r\n                                    <div class=\"gmPhantom_ThumbLabel\"><span class=\"gmPhantom_ThumbLabel_title\">Eliminaci\u00f3n-de-la-Violencia-Contra-la-Mujer-- 0002 Fondo<\/span><\/div>\r\n                                    <div style=\"display:none;\" class=\"gmPhantom_Details\">\r\n                                            <div class=\"gmPhantom_description\">\r\n                            <div class=\"gmPhantom_title\">Eliminaci\u00f3n-de-la-Violencia-Contra-la-Mujer-- 0002 Fondo<\/div>\r\n                            <div class=\"gmPhantom_text\"><\/div>\r\n                        <\/div>\r\n                                                            <div class=\"gmPhantom_terms\">\r\n                                                    <div class=\"gmPhantom_other_terms\">\r\n                                <table class=\"gmPhantom_other_terms_table\">\r\n                                                                            <tr class=\"gmPhantom_term_row_album\">\r\n                                            <td class=\"gmPhantom_term_key\">Album<\/td>\r\n                                            <td class=\"gmPhantom_term_value\"><a href=\"\/index.php\/wp-json\/wp\/v2\/posts\/10337?gm121[album__in]=121\" class=\"gmPhantom_alb\">D\u00eda Internacional de la Eliminaci\u00f3n de la Violencia Contra la Mujer-2022<\/a><\/td>\r\n                                        <\/tr>\r\n                                                                    <\/table>\r\n                            <\/div>\r\n                                                <\/div>\r\n                <\/div>\r\n                <\/div>            <div class=\"gmPhantom_ThumbContainer gmPhantom_ThumbLoader\" data-id=\"1558\" data-post_id=\"10347\" data-ratio=\"1.3366666666667\" data-type=\"image\" data-ext=\"jpg\" data-views=\"7\" data-likes=\"0\" data-cc=\"0\" data-post_link=\"https:\/\/www.fcejs.unsl.edu.ar\/index.php\/gmedia\/eliminaci_n_de_la_violencia_contra_la_mujer-_0003_capa_1-jpg\/\">\r\n                <a href=\"https:\/\/www.fcejs.unsl.edu.ar\/wp-content\/grand-media\/image\/Eliminaci_n_de_la_Violencia_Contra_la_Mujer--_0003_Capa_1.jpg\" class=\"gmPhantom_Thumb\"><img decoding=\"async\" src=\"https:\/\/www.fcejs.unsl.edu.ar\/wp-content\/grand-media\/image\/thumb\/Eliminaci_n_de_la_Violencia_Contra_la_Mujer--_0003_Capa_1.jpg\" data-src=\"https:\/\/www.fcejs.unsl.edu.ar\/wp-content\/grand-media\/image\/Eliminaci_n_de_la_Violencia_Contra_la_Mujer--_0003_Capa_1.jpg\" alt=\"Eliminaci\u00f3n De La Violencia Contra La Mujer-- 0003 Capa 1\"\/><\/a>\r\n                                    <div class=\"gmPhantom_ThumbLabel\"><span class=\"gmPhantom_ThumbLabel_title\">Eliminaci\u00f3n De La Violencia Contra La Mujer-- 0003 Capa 1<\/span><\/div>\r\n                                    <div style=\"display:none;\" class=\"gmPhantom_Details\">\r\n                                            <div class=\"gmPhantom_description\">\r\n                            <div class=\"gmPhantom_title\">Eliminaci\u00f3n De La Violencia Contra La Mujer-- 0003 Capa 1<\/div>\r\n                            <div class=\"gmPhantom_text\"><\/div>\r\n                        <\/div>\r\n                                                            <div class=\"gmPhantom_terms\">\r\n                                                    <div class=\"gmPhantom_other_terms\">\r\n                                <table class=\"gmPhantom_other_terms_table\">\r\n                                                                            <tr class=\"gmPhantom_term_row_album\">\r\n                                            <td class=\"gmPhantom_term_key\">Album<\/td>\r\n                                            <td class=\"gmPhantom_term_value\"><a href=\"\/index.php\/wp-json\/wp\/v2\/posts\/10337?gm121[album__in]=121\" class=\"gmPhantom_alb\">D\u00eda Internacional de la Eliminaci\u00f3n de la Violencia Contra la Mujer-2022<\/a><\/td>\r\n                                        <\/tr>\r\n                                                                    <\/table>\r\n                            <\/div>\r\n                                                <\/div>\r\n                <\/div>\r\n                <\/div>            <div class=\"gmPhantom_ThumbContainer gmPhantom_ThumbLoader\" data-id=\"1557\" data-post_id=\"10346\" data-ratio=\"0.74812967581047\" data-type=\"image\" data-ext=\"jpg\" data-views=\"7\" data-likes=\"0\" data-cc=\"0\" data-post_link=\"https:\/\/www.fcejs.unsl.edu.ar\/index.php\/gmedia\/eliminaci_n_de_la_violencia_contra_la_mujer_0003_capa_1-jpg\/\">\r\n                <a href=\"https:\/\/www.fcejs.unsl.edu.ar\/wp-content\/grand-media\/image\/Eliminaci_n_de_la_Violencia_Contra_la_Mujer_0003_Capa_1.jpg\" class=\"gmPhantom_Thumb\"><img decoding=\"async\" src=\"https:\/\/www.fcejs.unsl.edu.ar\/wp-content\/grand-media\/image\/thumb\/Eliminaci_n_de_la_Violencia_Contra_la_Mujer_0003_Capa_1.jpg\" data-src=\"https:\/\/www.fcejs.unsl.edu.ar\/wp-content\/grand-media\/image\/Eliminaci_n_de_la_Violencia_Contra_la_Mujer_0003_Capa_1.jpg\" alt=\"Eliminaci\u00f3n De La Violencia Contra La Mujer 0003 Capa 1\"\/><\/a>\r\n                                    <div class=\"gmPhantom_ThumbLabel\"><span class=\"gmPhantom_ThumbLabel_title\">Eliminaci\u00f3n De La Violencia Contra La Mujer 0003 Capa 1<\/span><\/div>\r\n                                    <div style=\"display:none;\" class=\"gmPhantom_Details\">\r\n                                            <div class=\"gmPhantom_description\">\r\n                            <div class=\"gmPhantom_title\">Eliminaci\u00f3n De La Violencia Contra La Mujer 0003 Capa 1<\/div>\r\n                            <div class=\"gmPhantom_text\"><\/div>\r\n                        <\/div>\r\n                                                            <div class=\"gmPhantom_terms\">\r\n                                                    <div class=\"gmPhantom_other_terms\">\r\n                                <table class=\"gmPhantom_other_terms_table\">\r\n                                                                            <tr class=\"gmPhantom_term_row_album\">\r\n                                            <td class=\"gmPhantom_term_key\">Album<\/td>\r\n                                            <td class=\"gmPhantom_term_value\"><a href=\"\/index.php\/wp-json\/wp\/v2\/posts\/10337?gm121[album__in]=121\" class=\"gmPhantom_alb\">D\u00eda Internacional de la Eliminaci\u00f3n de la Violencia Contra la Mujer-2022<\/a><\/td>\r\n                                        <\/tr>\r\n                                                                    <\/table>\r\n                            <\/div>\r\n                                                <\/div>\r\n                <\/div>\r\n                <\/div>            <div class=\"gmPhantom_ThumbContainer gmPhantom_ThumbLoader\" data-id=\"1556\" data-post_id=\"10345\" data-ratio=\"0.74812967581047\" data-type=\"image\" data-ext=\"jpg\" data-views=\"7\" data-likes=\"0\" data-cc=\"0\" data-post_link=\"https:\/\/www.fcejs.unsl.edu.ar\/index.php\/gmedia\/eliminaci_n_de_la_violencia_contra_la_mujer_0002_capa_2-jpg\/\">\r\n                <a href=\"https:\/\/www.fcejs.unsl.edu.ar\/wp-content\/grand-media\/image\/Eliminaci_n_de_la_Violencia_Contra_la_Mujer_0002_Capa_2.jpg\" class=\"gmPhantom_Thumb\"><img decoding=\"async\" src=\"https:\/\/www.fcejs.unsl.edu.ar\/wp-content\/grand-media\/image\/thumb\/Eliminaci_n_de_la_Violencia_Contra_la_Mujer_0002_Capa_2.jpg\" data-src=\"https:\/\/www.fcejs.unsl.edu.ar\/wp-content\/grand-media\/image\/Eliminaci_n_de_la_Violencia_Contra_la_Mujer_0002_Capa_2.jpg\" alt=\"Eliminaci\u00f3n De La Violencia Contra La Mujer 0002 Capa 2\"\/><\/a>\r\n                                    <div class=\"gmPhantom_ThumbLabel\"><span class=\"gmPhantom_ThumbLabel_title\">Eliminaci\u00f3n De La Violencia Contra La Mujer 0002 Capa 2<\/span><\/div>\r\n                                    <div style=\"display:none;\" class=\"gmPhantom_Details\">\r\n                                            <div class=\"gmPhantom_description\">\r\n                            <div class=\"gmPhantom_title\">Eliminaci\u00f3n De La Violencia Contra La Mujer 0002 Capa 2<\/div>\r\n                            <div class=\"gmPhantom_text\"><\/div>\r\n                        <\/div>\r\n                                                            <div class=\"gmPhantom_terms\">\r\n                                                    <div class=\"gmPhantom_other_terms\">\r\n                                <table class=\"gmPhantom_other_terms_table\">\r\n                                                                            <tr class=\"gmPhantom_term_row_album\">\r\n                                            <td class=\"gmPhantom_term_key\">Album<\/td>\r\n                                            <td class=\"gmPhantom_term_value\"><a href=\"\/index.php\/wp-json\/wp\/v2\/posts\/10337?gm121[album__in]=121\" class=\"gmPhantom_alb\">D\u00eda Internacional de la Eliminaci\u00f3n de la Violencia Contra la Mujer-2022<\/a><\/td>\r\n                                        <\/tr>\r\n                                                                    <\/table>\r\n                            <\/div>\r\n                                                <\/div>\r\n                <\/div>\r\n                <\/div>            <div class=\"gmPhantom_ThumbContainer gmPhantom_ThumbLoader\" data-id=\"1555\" data-post_id=\"10344\" data-ratio=\"1.3366666666667\" data-type=\"image\" data-ext=\"jpg\" data-views=\"7\" data-likes=\"0\" data-cc=\"0\" data-post_link=\"https:\/\/www.fcejs.unsl.edu.ar\/index.php\/gmedia\/eliminaci_n_de_la_violencia_contra_la_mujer-_0001_capa_3-jpg\/\">\r\n                <a href=\"https:\/\/www.fcejs.unsl.edu.ar\/wp-content\/grand-media\/image\/Eliminaci_n_de_la_Violencia_Contra_la_Mujer--_0001_Capa_3.jpg\" class=\"gmPhantom_Thumb\"><img decoding=\"async\" src=\"https:\/\/www.fcejs.unsl.edu.ar\/wp-content\/grand-media\/image\/thumb\/Eliminaci_n_de_la_Violencia_Contra_la_Mujer--_0001_Capa_3.jpg\" data-src=\"https:\/\/www.fcejs.unsl.edu.ar\/wp-content\/grand-media\/image\/Eliminaci_n_de_la_Violencia_Contra_la_Mujer--_0001_Capa_3.jpg\" alt=\"Eliminaci\u00f3n De La Violencia Contra La Mujer-- 0001 Capa 3\"\/><\/a>\r\n                                    <div class=\"gmPhantom_ThumbLabel\"><span class=\"gmPhantom_ThumbLabel_title\">Eliminaci\u00f3n De La Violencia Contra La Mujer-- 0001 Capa 3<\/span><\/div>\r\n                                    <div style=\"display:none;\" class=\"gmPhantom_Details\">\r\n                                            <div class=\"gmPhantom_description\">\r\n                            <div class=\"gmPhantom_title\">Eliminaci\u00f3n De La Violencia Contra La Mujer-- 0001 Capa 3<\/div>\r\n                            <div class=\"gmPhantom_text\"><\/div>\r\n                        <\/div>\r\n                                                            <div class=\"gmPhantom_terms\">\r\n                                                    <div class=\"gmPhantom_other_terms\">\r\n                                <table class=\"gmPhantom_other_terms_table\">\r\n                                                                            <tr class=\"gmPhantom_term_row_album\">\r\n                                            <td class=\"gmPhantom_term_key\">Album<\/td>\r\n                                            <td class=\"gmPhantom_term_value\"><a href=\"\/index.php\/wp-json\/wp\/v2\/posts\/10337?gm121[album__in]=121\" class=\"gmPhantom_alb\">D\u00eda Internacional de la Eliminaci\u00f3n de la Violencia Contra la Mujer-2022<\/a><\/td>\r\n                                        <\/tr>\r\n                                                                    <\/table>\r\n                            <\/div>\r\n                                                <\/div>\r\n                <\/div>\r\n                <\/div>            <div class=\"gmPhantom_ThumbContainer gmPhantom_ThumbLoader\" data-id=\"1554\" data-post_id=\"10343\" data-ratio=\"0.74812967581047\" data-type=\"image\" data-ext=\"jpg\" data-views=\"8\" data-likes=\"0\" data-cc=\"0\" data-post_link=\"https:\/\/www.fcejs.unsl.edu.ar\/index.php\/gmedia\/eliminaci_n_de_la_violencia_contra_la_mujer_0001_capa_3-jpg\/\">\r\n                <a href=\"https:\/\/www.fcejs.unsl.edu.ar\/wp-content\/grand-media\/image\/Eliminaci_n_de_la_Violencia_Contra_la_Mujer_0001_Capa_3.jpg\" class=\"gmPhantom_Thumb\"><img decoding=\"async\" src=\"https:\/\/www.fcejs.unsl.edu.ar\/wp-content\/grand-media\/image\/thumb\/Eliminaci_n_de_la_Violencia_Contra_la_Mujer_0001_Capa_3.jpg\" data-src=\"https:\/\/www.fcejs.unsl.edu.ar\/wp-content\/grand-media\/image\/Eliminaci_n_de_la_Violencia_Contra_la_Mujer_0001_Capa_3.jpg\" alt=\"Eliminaci\u00f3n De La Violencia Contra La Mujer 0001 Capa 3\"\/><\/a>\r\n                                    <div class=\"gmPhantom_ThumbLabel\"><span class=\"gmPhantom_ThumbLabel_title\">Eliminaci\u00f3n De La Violencia Contra La Mujer 0001 Capa 3<\/span><\/div>\r\n                                    <div style=\"display:none;\" class=\"gmPhantom_Details\">\r\n                                            <div class=\"gmPhantom_description\">\r\n                            <div class=\"gmPhantom_title\">Eliminaci\u00f3n De La Violencia Contra La Mujer 0001 Capa 3<\/div>\r\n                            <div class=\"gmPhantom_text\"><\/div>\r\n                        <\/div>\r\n                                                            <div class=\"gmPhantom_terms\">\r\n                                                    <div class=\"gmPhantom_other_terms\">\r\n                                <table class=\"gmPhantom_other_terms_table\">\r\n                                                                            <tr class=\"gmPhantom_term_row_album\">\r\n                                            <td class=\"gmPhantom_term_key\">Album<\/td>\r\n                                            <td class=\"gmPhantom_term_value\"><a href=\"\/index.php\/wp-json\/wp\/v2\/posts\/10337?gm121[album__in]=121\" class=\"gmPhantom_alb\">D\u00eda Internacional de la Eliminaci\u00f3n de la Violencia Contra la Mujer-2022<\/a><\/td>\r\n                                        <\/tr>\r\n                                                                    <\/table>\r\n                            <\/div>\r\n                                                <\/div>\r\n                <\/div>\r\n                <\/div>            <div class=\"gmPhantom_ThumbContainer gmPhantom_ThumbLoader\" data-id=\"1553\" data-post_id=\"10342\" data-ratio=\"1.3366666666667\" data-type=\"image\" data-ext=\"jpg\" data-views=\"7\" data-likes=\"0\" data-cc=\"0\" data-post_link=\"https:\/\/www.fcejs.unsl.edu.ar\/index.php\/gmedia\/eliminaci_n_de_la_violencia_contra_la_mujer-_0001_capa_1-jpg\/\">\r\n                <a href=\"https:\/\/www.fcejs.unsl.edu.ar\/wp-content\/grand-media\/image\/Eliminaci_n_de_la_Violencia_Contra_la_Mujer--_0001_Capa_1.jpg\" class=\"gmPhantom_Thumb\"><img decoding=\"async\" src=\"https:\/\/www.fcejs.unsl.edu.ar\/wp-content\/grand-media\/image\/thumb\/Eliminaci_n_de_la_Violencia_Contra_la_Mujer--_0001_Capa_1.jpg\" data-src=\"https:\/\/www.fcejs.unsl.edu.ar\/wp-content\/grand-media\/image\/Eliminaci_n_de_la_Violencia_Contra_la_Mujer--_0001_Capa_1.jpg\" alt=\"Eliminaci\u00f3n De La Violencia Contra La Mujer-- 0001 Capa 1\"\/><\/a>\r\n                                    <div class=\"gmPhantom_ThumbLabel\"><span class=\"gmPhantom_ThumbLabel_title\">Eliminaci\u00f3n De La Violencia Contra La Mujer-- 0001 Capa 1<\/span><\/div>\r\n                                    <div style=\"display:none;\" class=\"gmPhantom_Details\">\r\n                                            <div class=\"gmPhantom_description\">\r\n                            <div class=\"gmPhantom_title\">Eliminaci\u00f3n De La Violencia Contra La Mujer-- 0001 Capa 1<\/div>\r\n                            <div class=\"gmPhantom_text\"><\/div>\r\n                        <\/div>\r\n                                                            <div class=\"gmPhantom_terms\">\r\n                                                    <div class=\"gmPhantom_other_terms\">\r\n                                <table class=\"gmPhantom_other_terms_table\">\r\n                                                                            <tr class=\"gmPhantom_term_row_album\">\r\n                                            <td class=\"gmPhantom_term_key\">Album<\/td>\r\n                                            <td class=\"gmPhantom_term_value\"><a href=\"\/index.php\/wp-json\/wp\/v2\/posts\/10337?gm121[album__in]=121\" class=\"gmPhantom_alb\">D\u00eda Internacional de la Eliminaci\u00f3n de la Violencia Contra la Mujer-2022<\/a><\/td>\r\n                                        <\/tr>\r\n                                                                    <\/table>\r\n                            <\/div>\r\n                                                <\/div>\r\n                <\/div>\r\n                <\/div>            <div class=\"gmPhantom_ThumbContainer gmPhantom_ThumbLoader\" data-id=\"1552\" data-post_id=\"10341\" data-ratio=\"1.3366666666667\" data-type=\"image\" data-ext=\"jpg\" data-views=\"7\" data-likes=\"0\" data-cc=\"0\" data-post_link=\"https:\/\/www.fcejs.unsl.edu.ar\/index.php\/gmedia\/eliminaci_n_de_la_violencia_contra_la_mujer-_0000_capa_4-jpg\/\">\r\n                <a href=\"https:\/\/www.fcejs.unsl.edu.ar\/wp-content\/grand-media\/image\/Eliminaci_n_de_la_Violencia_Contra_la_Mujer--_0000_Capa_4.jpg\" class=\"gmPhantom_Thumb\"><img decoding=\"async\" src=\"https:\/\/www.fcejs.unsl.edu.ar\/wp-content\/grand-media\/image\/thumb\/Eliminaci_n_de_la_Violencia_Contra_la_Mujer--_0000_Capa_4.jpg\" data-src=\"https:\/\/www.fcejs.unsl.edu.ar\/wp-content\/grand-media\/image\/Eliminaci_n_de_la_Violencia_Contra_la_Mujer--_0000_Capa_4.jpg\" alt=\"Eliminaci\u00f3n De La Violencia Contra La Mujer-- 0000 Capa 4\"\/><\/a>\r\n                                    <div class=\"gmPhantom_ThumbLabel\"><span class=\"gmPhantom_ThumbLabel_title\">Eliminaci\u00f3n De La Violencia Contra La Mujer-- 0000 Capa 4<\/span><\/div>\r\n                                    <div style=\"display:none;\" class=\"gmPhantom_Details\">\r\n                                            <div class=\"gmPhantom_description\">\r\n                            <div class=\"gmPhantom_title\">Eliminaci\u00f3n De La Violencia Contra La Mujer-- 0000 Capa 4<\/div>\r\n                            <div class=\"gmPhantom_text\"><\/div>\r\n                        <\/div>\r\n                                                            <div class=\"gmPhantom_terms\">\r\n                                                    <div class=\"gmPhantom_other_terms\">\r\n                                <table class=\"gmPhantom_other_terms_table\">\r\n                                                                            <tr class=\"gmPhantom_term_row_album\">\r\n                                            <td class=\"gmPhantom_term_key\">Album<\/td>\r\n                                            <td class=\"gmPhantom_term_value\"><a href=\"\/index.php\/wp-json\/wp\/v2\/posts\/10337?gm121[album__in]=121\" class=\"gmPhantom_alb\">D\u00eda Internacional de la Eliminaci\u00f3n de la Violencia Contra la Mujer-2022<\/a><\/td>\r\n                                        <\/tr>\r\n                                                                    <\/table>\r\n                            <\/div>\r\n                                                <\/div>\r\n                <\/div>\r\n                <\/div>            <div class=\"gmPhantom_ThumbContainer gmPhantom_ThumbLoader\" data-id=\"1551\" data-post_id=\"10340\" data-ratio=\"0.74812967581047\" data-type=\"image\" data-ext=\"jpg\" data-views=\"7\" data-likes=\"0\" data-cc=\"0\" data-post_link=\"https:\/\/www.fcejs.unsl.edu.ar\/index.php\/gmedia\/eliminaci_n_de_la_violencia_contra_la_mujer_0000_capa_4-jpg\/\">\r\n                <a href=\"https:\/\/www.fcejs.unsl.edu.ar\/wp-content\/grand-media\/image\/Eliminaci_n_de_la_Violencia_Contra_la_Mujer_0000_Capa_4.jpg\" class=\"gmPhantom_Thumb\"><img decoding=\"async\" src=\"https:\/\/www.fcejs.unsl.edu.ar\/wp-content\/grand-media\/image\/thumb\/Eliminaci_n_de_la_Violencia_Contra_la_Mujer_0000_Capa_4.jpg\" data-src=\"https:\/\/www.fcejs.unsl.edu.ar\/wp-content\/grand-media\/image\/Eliminaci_n_de_la_Violencia_Contra_la_Mujer_0000_Capa_4.jpg\" alt=\"Eliminaci\u00f3n De La Violencia Contra La Mujer 0000 Capa 4\"\/><\/a>\r\n                                    <div class=\"gmPhantom_ThumbLabel\"><span class=\"gmPhantom_ThumbLabel_title\">Eliminaci\u00f3n De La Violencia Contra La Mujer 0000 Capa 4<\/span><\/div>\r\n                                    <div style=\"display:none;\" class=\"gmPhantom_Details\">\r\n                                            <div class=\"gmPhantom_description\">\r\n                            <div class=\"gmPhantom_title\">Eliminaci\u00f3n De La Violencia Contra La Mujer 0000 Capa 4<\/div>\r\n                            <div class=\"gmPhantom_text\"><\/div>\r\n                        <\/div>\r\n                                                            <div class=\"gmPhantom_terms\">\r\n                                                    <div class=\"gmPhantom_other_terms\">\r\n                                <table class=\"gmPhantom_other_terms_table\">\r\n                                                                            <tr class=\"gmPhantom_term_row_album\">\r\n                                            <td class=\"gmPhantom_term_key\">Album<\/td>\r\n                                            <td class=\"gmPhantom_term_value\"><a href=\"\/index.php\/wp-json\/wp\/v2\/posts\/10337?gm121[album__in]=121\" class=\"gmPhantom_alb\">D\u00eda Internacional de la Eliminaci\u00f3n de la Violencia Contra la Mujer-2022<\/a><\/td>\r\n                                        <\/tr>\r\n                                                                    <\/table>\r\n                            <\/div>\r\n                                                <\/div>\r\n                <\/div>\r\n                <\/div>            <div class=\"gmPhantom_ThumbContainer gmPhantom_ThumbLoader\" data-id=\"1550\" data-post_id=\"10339\" data-ratio=\"1.3366666666667\" data-type=\"image\" data-ext=\"jpg\" data-views=\"6\" data-likes=\"0\" data-cc=\"0\" data-post_link=\"https:\/\/www.fcejs.unsl.edu.ar\/index.php\/gmedia\/eliminaci_n_de_la_violencia_contra_la_mujer-_0000_capa_2-jpg\/\">\r\n                <a href=\"https:\/\/www.fcejs.unsl.edu.ar\/wp-content\/grand-media\/image\/Eliminaci_n_de_la_Violencia_Contra_la_Mujer--_0000_Capa_2.jpg\" class=\"gmPhantom_Thumb\"><img decoding=\"async\" src=\"https:\/\/www.fcejs.unsl.edu.ar\/wp-content\/grand-media\/image\/thumb\/Eliminaci_n_de_la_Violencia_Contra_la_Mujer--_0000_Capa_2.jpg\" data-src=\"https:\/\/www.fcejs.unsl.edu.ar\/wp-content\/grand-media\/image\/Eliminaci_n_de_la_Violencia_Contra_la_Mujer--_0000_Capa_2.jpg\" alt=\"Eliminaci\u00f3n De La Violencia Contra La Mujer-- 0000 Capa 2\"\/><\/a>\r\n                                    <div class=\"gmPhantom_ThumbLabel\"><span class=\"gmPhantom_ThumbLabel_title\">Eliminaci\u00f3n De La Violencia Contra La Mujer-- 0000 Capa 2<\/span><\/div>\r\n                                    <div style=\"display:none;\" class=\"gmPhantom_Details\">\r\n                                            <div class=\"gmPhantom_description\">\r\n                            <div class=\"gmPhantom_title\">Eliminaci\u00f3n De La Violencia Contra La Mujer-- 0000 Capa 2<\/div>\r\n                            <div class=\"gmPhantom_text\"><\/div>\r\n                        <\/div>\r\n                                                            <div class=\"gmPhantom_terms\">\r\n                                                    <div class=\"gmPhantom_other_terms\">\r\n                                <table class=\"gmPhantom_other_terms_table\">\r\n                                                                            <tr class=\"gmPhantom_term_row_album\">\r\n                                            <td class=\"gmPhantom_term_key\">Album<\/td>\r\n                                            <td class=\"gmPhantom_term_value\"><a href=\"\/index.php\/wp-json\/wp\/v2\/posts\/10337?gm121[album__in]=121\" class=\"gmPhantom_alb\">D\u00eda Internacional de la Eliminaci\u00f3n de la Violencia Contra la Mujer-2022<\/a><\/td>\r\n                                        <\/tr>\r\n                                                                    <\/table>\r\n                            <\/div>\r\n                                                <\/div>\r\n                <\/div>\r\n                <\/div>        <\/div>\r\n    <\/div>\r\n<\/div>\n","protected":false},"excerpt":{"rendered":"<p>La Secretar\u00eda de Extensi\u00f3n Universitaria de la FCEJS; el Programa de G\u00e9nero, Sociedad y Universidad y la Biblioteca Popular Antonio Esteban Ag\u00fcero conmemoraron el D\u00eda&hellip;<\/p>\n","protected":false},"author":9,"featured_media":10349,"comment_status":"closed","ping_status":"closed","sticky":false,"template":"","format":"standard","meta":{"om_disable_all_campaigns":false,"_monsterinsights_skip_tracking":false,"_monsterinsights_sitenote_active":false,"_monsterinsights_sitenote_note":"","_monsterinsights_sitenote_category":0,"footnotes":""},"categories":[1],"tags":[],"class_list":["post-10337","post","type-post","status-publish","format-standard","has-post-thumbnail","hentry","category-noticias"],"yoast_head":"<!-- This site is optimized with the Yoast SEO plugin v27.4 - https:\/\/yoast.com\/product\/yoast-seo-wordpress\/ -->\n<title>La FCEJS conmemor\u00f3 el D\u00eda Internacional de la Eliminaci\u00f3n de la Violencia Contra la Mujer - Facultad de Ciencias Econ\u00f3micas, Jur\u00ed\u00addicas y Sociales<\/title>\n<meta name=\"robots\" content=\"index, follow, max-snippet:-1, max-image-preview:large, max-video-preview:-1\" \/>\n<link rel=\"canonical\" href=\"https:\/\/www.fcejs.unsl.edu.ar\/index.php\/la-fcejs-conmemoro-el-dia-internacional-de-la-eliminacion-de-la-violencia-contra-la-mujer\/\" \/>\n<meta property=\"og:locale\" content=\"es_ES\" \/>\n<meta property=\"og:type\" content=\"article\" \/>\n<meta property=\"og:title\" content=\"La FCEJS conmemor\u00f3 el D\u00eda Internacional de la Eliminaci\u00f3n de la Violencia Contra la Mujer - Facultad de Ciencias Econ\u00f3micas, Jur\u00ed\u00addicas y Sociales\" \/>\n<meta property=\"og:description\" content=\"La Secretar\u00eda de Extensi\u00f3n Universitaria de la FCEJS; el Programa de G\u00e9nero, Sociedad y Universidad y la Biblioteca Popular Antonio Esteban Ag\u00fcero conmemoraron el D\u00eda&hellip;\" \/>\n<meta property=\"og:url\" content=\"https:\/\/www.fcejs.unsl.edu.ar\/index.php\/la-fcejs-conmemoro-el-dia-internacional-de-la-eliminacion-de-la-violencia-contra-la-mujer\/\" \/>\n<meta property=\"og:site_name\" content=\"Facultad de Ciencias Econ\u00f3micas, Jur\u00ed\u00addicas y Sociales\" \/>\n<meta property=\"article:publisher\" content=\"https:\/\/www.facebook.com\/FCEJS.UNSL\/\" \/>\n<meta property=\"article:published_time\" content=\"2022-11-28T03:48:59+00:00\" \/>\n<meta property=\"article:modified_time\" content=\"2022-11-29T13:52:46+00:00\" \/>\n<meta property=\"og:image\" content=\"https:\/\/www.fcejs.unsl.edu.ar\/wp-content\/uploads\/2022\/11\/Eliminacion-de-la-Violencia-Contra-la-Mujer-front.jpg\" \/>\n\t<meta property=\"og:image:width\" content=\"1100\" \/>\n\t<meta property=\"og:image:height\" content=\"823\" \/>\n\t<meta property=\"og:image:type\" content=\"image\/jpeg\" \/>\n<meta name=\"author\" content=\"DATI\" \/>\n<meta name=\"twitter:card\" content=\"summary_large_image\" \/>\n<meta name=\"twitter:creator\" content=\"@FCEJSUNSL\" \/>\n<meta name=\"twitter:site\" content=\"@FCEJSUNSL\" \/>\n<meta name=\"twitter:label1\" content=\"Escrito por\" \/>\n\t<meta name=\"twitter:data1\" content=\"DATI\" \/>\n\t<meta name=\"twitter:label2\" content=\"Tiempo de lectura\" \/>\n\t<meta name=\"twitter:data2\" content=\"1 minuto\" \/>\n<script type=\"application\/ld+json\" class=\"yoast-schema-graph\">{\"@context\":\"https:\\\/\\\/schema.org\",\"@graph\":[{\"@type\":\"Article\",\"@id\":\"https:\\\/\\\/www.fcejs.unsl.edu.ar\\\/index.php\\\/la-fcejs-conmemoro-el-dia-internacional-de-la-eliminacion-de-la-violencia-contra-la-mujer\\\/#article\",\"isPartOf\":{\"@id\":\"https:\\\/\\\/www.fcejs.unsl.edu.ar\\\/index.php\\\/la-fcejs-conmemoro-el-dia-internacional-de-la-eliminacion-de-la-violencia-contra-la-mujer\\\/\"},\"author\":{\"name\":\"DATI\",\"@id\":\"https:\\\/\\\/www.fcejs.unsl.edu.ar\\\/#\\\/schema\\\/person\\\/352ee6ed90c3f394c7cb5945f8956d34\"},\"headline\":\"La FCEJS conmemor\u00f3 el D\u00eda Internacional de la Eliminaci\u00f3n de la Violencia Contra la Mujer\",\"datePublished\":\"2022-11-28T03:48:59+00:00\",\"dateModified\":\"2022-11-29T13:52:46+00:00\",\"mainEntityOfPage\":{\"@id\":\"https:\\\/\\\/www.fcejs.unsl.edu.ar\\\/index.php\\\/la-fcejs-conmemoro-el-dia-internacional-de-la-eliminacion-de-la-violencia-contra-la-mujer\\\/\"},\"wordCount\":241,\"publisher\":{\"@id\":\"https:\\\/\\\/www.fcejs.unsl.edu.ar\\\/#organization\"},\"image\":{\"@id\":\"https:\\\/\\\/www.fcejs.unsl.edu.ar\\\/index.php\\\/la-fcejs-conmemoro-el-dia-internacional-de-la-eliminacion-de-la-violencia-contra-la-mujer\\\/#primaryimage\"},\"thumbnailUrl\":\"https:\\\/\\\/www.fcejs.unsl.edu.ar\\\/wp-content\\\/uploads\\\/2022\\\/11\\\/Eliminacion-de-la-Violencia-Contra-la-Mujer-front.jpg\",\"articleSection\":[\"Noticias\"],\"inLanguage\":\"es-AR\"},{\"@type\":\"WebPage\",\"@id\":\"https:\\\/\\\/www.fcejs.unsl.edu.ar\\\/index.php\\\/la-fcejs-conmemoro-el-dia-internacional-de-la-eliminacion-de-la-violencia-contra-la-mujer\\\/\",\"url\":\"https:\\\/\\\/www.fcejs.unsl.edu.ar\\\/index.php\\\/la-fcejs-conmemoro-el-dia-internacional-de-la-eliminacion-de-la-violencia-contra-la-mujer\\\/\",\"name\":\"La FCEJS conmemor\u00f3 el D\u00eda Internacional de la Eliminaci\u00f3n de la Violencia Contra la Mujer - Facultad de Ciencias Econ\u00f3micas, Jur\u00ed\u00addicas y Sociales\",\"isPartOf\":{\"@id\":\"https:\\\/\\\/www.fcejs.unsl.edu.ar\\\/#website\"},\"primaryImageOfPage\":{\"@id\":\"https:\\\/\\\/www.fcejs.unsl.edu.ar\\\/index.php\\\/la-fcejs-conmemoro-el-dia-internacional-de-la-eliminacion-de-la-violencia-contra-la-mujer\\\/#primaryimage\"},\"image\":{\"@id\":\"https:\\\/\\\/www.fcejs.unsl.edu.ar\\\/index.php\\\/la-fcejs-conmemoro-el-dia-internacional-de-la-eliminacion-de-la-violencia-contra-la-mujer\\\/#primaryimage\"},\"thumbnailUrl\":\"https:\\\/\\\/www.fcejs.unsl.edu.ar\\\/wp-content\\\/uploads\\\/2022\\\/11\\\/Eliminacion-de-la-Violencia-Contra-la-Mujer-front.jpg\",\"datePublished\":\"2022-11-28T03:48:59+00:00\",\"dateModified\":\"2022-11-29T13:52:46+00:00\",\"breadcrumb\":{\"@id\":\"https:\\\/\\\/www.fcejs.unsl.edu.ar\\\/index.php\\\/la-fcejs-conmemoro-el-dia-internacional-de-la-eliminacion-de-la-violencia-contra-la-mujer\\\/#breadcrumb\"},\"inLanguage\":\"es-AR\",\"potentialAction\":[{\"@type\":\"ReadAction\",\"target\":[\"https:\\\/\\\/www.fcejs.unsl.edu.ar\\\/index.php\\\/la-fcejs-conmemoro-el-dia-internacional-de-la-eliminacion-de-la-violencia-contra-la-mujer\\\/\"]}]},{\"@type\":\"ImageObject\",\"inLanguage\":\"es-AR\",\"@id\":\"https:\\\/\\\/www.fcejs.unsl.edu.ar\\\/index.php\\\/la-fcejs-conmemoro-el-dia-internacional-de-la-eliminacion-de-la-violencia-contra-la-mujer\\\/#primaryimage\",\"url\":\"https:\\\/\\\/www.fcejs.unsl.edu.ar\\\/wp-content\\\/uploads\\\/2022\\\/11\\\/Eliminacion-de-la-Violencia-Contra-la-Mujer-front.jpg\",\"contentUrl\":\"https:\\\/\\\/www.fcejs.unsl.edu.ar\\\/wp-content\\\/uploads\\\/2022\\\/11\\\/Eliminacion-de-la-Violencia-Contra-la-Mujer-front.jpg\",\"width\":1100,\"height\":823},{\"@type\":\"BreadcrumbList\",\"@id\":\"https:\\\/\\\/www.fcejs.unsl.edu.ar\\\/index.php\\\/la-fcejs-conmemoro-el-dia-internacional-de-la-eliminacion-de-la-violencia-contra-la-mujer\\\/#breadcrumb\",\"itemListElement\":[{\"@type\":\"ListItem\",\"position\":1,\"name\":\"Inicio\",\"item\":\"https:\\\/\\\/www.fcejs.unsl.edu.ar\\\/\"},{\"@type\":\"ListItem\",\"position\":2,\"name\":\"La FCEJS conmemor\u00f3 el D\u00eda Internacional de la Eliminaci\u00f3n de la Violencia Contra la Mujer\"}]},{\"@type\":\"WebSite\",\"@id\":\"https:\\\/\\\/www.fcejs.unsl.edu.ar\\\/#website\",\"url\":\"https:\\\/\\\/www.fcejs.unsl.edu.ar\\\/\",\"name\":\"Facultad de Ciencias Econ\u00f3micas, Jur\u00ed\u00addicas y Sociales\",\"description\":\"\",\"publisher\":{\"@id\":\"https:\\\/\\\/www.fcejs.unsl.edu.ar\\\/#organization\"},\"potentialAction\":[{\"@type\":\"SearchAction\",\"target\":{\"@type\":\"EntryPoint\",\"urlTemplate\":\"https:\\\/\\\/www.fcejs.unsl.edu.ar\\\/?s={search_term_string}\"},\"query-input\":{\"@type\":\"PropertyValueSpecification\",\"valueRequired\":true,\"valueName\":\"search_term_string\"}}],\"inLanguage\":\"es-AR\"},{\"@type\":\"Organization\",\"@id\":\"https:\\\/\\\/www.fcejs.unsl.edu.ar\\\/#organization\",\"name\":\"Facultad de Ciencias Econ\u00f3micas, Jur\u00eddicas y Sociales\",\"url\":\"https:\\\/\\\/www.fcejs.unsl.edu.ar\\\/\",\"logo\":{\"@type\":\"ImageObject\",\"inLanguage\":\"es-AR\",\"@id\":\"https:\\\/\\\/www.fcejs.unsl.edu.ar\\\/#\\\/schema\\\/logo\\\/image\\\/\",\"url\":\"https:\\\/\\\/www.fcejs.unsl.edu.ar\\\/wp-content\\\/uploads\\\/2021\\\/03\\\/logo-1.jpg\",\"contentUrl\":\"https:\\\/\\\/www.fcejs.unsl.edu.ar\\\/wp-content\\\/uploads\\\/2021\\\/03\\\/logo-1.jpg\",\"width\":471,\"height\":146,\"caption\":\"Facultad de Ciencias Econ\u00f3micas, Jur\u00eddicas y Sociales\"},\"image\":{\"@id\":\"https:\\\/\\\/www.fcejs.unsl.edu.ar\\\/#\\\/schema\\\/logo\\\/image\\\/\"},\"sameAs\":[\"https:\\\/\\\/www.facebook.com\\\/FCEJS.UNSL\\\/\",\"https:\\\/\\\/x.com\\\/FCEJSUNSL\",\"https:\\\/\\\/www.instagram.com\\\/fcejs.unsl\\\/\",\"https:\\\/\\\/www.youtube.com\\\/channel\\\/UCH-Ut6EaN_X5ogjIQMPe46g\\\/\"]},{\"@type\":\"Person\",\"@id\":\"https:\\\/\\\/www.fcejs.unsl.edu.ar\\\/#\\\/schema\\\/person\\\/352ee6ed90c3f394c7cb5945f8956d34\",\"name\":\"DATI\"}]}<\/script>\n<!-- \/ Yoast SEO plugin. -->","yoast_head_json":{"title":"La FCEJS conmemor\u00f3 el D\u00eda Internacional de la Eliminaci\u00f3n de la Violencia Contra la Mujer - Facultad de Ciencias Econ\u00f3micas, Jur\u00ed\u00addicas y Sociales","robots":{"index":"index","follow":"follow","max-snippet":"max-snippet:-1","max-image-preview":"max-image-preview:large","max-video-preview":"max-video-preview:-1"},"canonical":"https:\/\/www.fcejs.unsl.edu.ar\/index.php\/la-fcejs-conmemoro-el-dia-internacional-de-la-eliminacion-de-la-violencia-contra-la-mujer\/","og_locale":"es_ES","og_type":"article","og_title":"La FCEJS conmemor\u00f3 el D\u00eda Internacional de la Eliminaci\u00f3n de la Violencia Contra la Mujer - Facultad de Ciencias Econ\u00f3micas, Jur\u00ed\u00addicas y Sociales","og_description":"La Secretar\u00eda de Extensi\u00f3n Universitaria de la FCEJS; el Programa de G\u00e9nero, Sociedad y Universidad y la Biblioteca Popular Antonio Esteban Ag\u00fcero conmemoraron el D\u00eda&hellip;","og_url":"https:\/\/www.fcejs.unsl.edu.ar\/index.php\/la-fcejs-conmemoro-el-dia-internacional-de-la-eliminacion-de-la-violencia-contra-la-mujer\/","og_site_name":"Facultad de Ciencias Econ\u00f3micas, Jur\u00ed\u00addicas y Sociales","article_publisher":"https:\/\/www.facebook.com\/FCEJS.UNSL\/","article_published_time":"2022-11-28T03:48:59+00:00","article_modified_time":"2022-11-29T13:52:46+00:00","og_image":[{"width":1100,"height":823,"url":"https:\/\/www.fcejs.unsl.edu.ar\/wp-content\/uploads\/2022\/11\/Eliminacion-de-la-Violencia-Contra-la-Mujer-front.jpg","type":"image\/jpeg"}],"author":"DATI","twitter_card":"summary_large_image","twitter_creator":"@FCEJSUNSL","twitter_site":"@FCEJSUNSL","twitter_misc":{"Escrito por":"DATI","Tiempo de lectura":"1 minuto"},"schema":{"@context":"https:\/\/schema.org","@graph":[{"@type":"Article","@id":"https:\/\/www.fcejs.unsl.edu.ar\/index.php\/la-fcejs-conmemoro-el-dia-internacional-de-la-eliminacion-de-la-violencia-contra-la-mujer\/#article","isPartOf":{"@id":"https:\/\/www.fcejs.unsl.edu.ar\/index.php\/la-fcejs-conmemoro-el-dia-internacional-de-la-eliminacion-de-la-violencia-contra-la-mujer\/"},"author":{"name":"DATI","@id":"https:\/\/www.fcejs.unsl.edu.ar\/#\/schema\/person\/352ee6ed90c3f394c7cb5945f8956d34"},"headline":"La FCEJS conmemor\u00f3 el D\u00eda Internacional de la Eliminaci\u00f3n de la Violencia Contra la Mujer","datePublished":"2022-11-28T03:48:59+00:00","dateModified":"2022-11-29T13:52:46+00:00","mainEntityOfPage":{"@id":"https:\/\/www.fcejs.unsl.edu.ar\/index.php\/la-fcejs-conmemoro-el-dia-internacional-de-la-eliminacion-de-la-violencia-contra-la-mujer\/"},"wordCount":241,"publisher":{"@id":"https:\/\/www.fcejs.unsl.edu.ar\/#organization"},"image":{"@id":"https:\/\/www.fcejs.unsl.edu.ar\/index.php\/la-fcejs-conmemoro-el-dia-internacional-de-la-eliminacion-de-la-violencia-contra-la-mujer\/#primaryimage"},"thumbnailUrl":"https:\/\/www.fcejs.unsl.edu.ar\/wp-content\/uploads\/2022\/11\/Eliminacion-de-la-Violencia-Contra-la-Mujer-front.jpg","articleSection":["Noticias"],"inLanguage":"es-AR"},{"@type":"WebPage","@id":"https:\/\/www.fcejs.unsl.edu.ar\/index.php\/la-fcejs-conmemoro-el-dia-internacional-de-la-eliminacion-de-la-violencia-contra-la-mujer\/","url":"https:\/\/www.fcejs.unsl.edu.ar\/index.php\/la-fcejs-conmemoro-el-dia-internacional-de-la-eliminacion-de-la-violencia-contra-la-mujer\/","name":"La FCEJS conmemor\u00f3 el D\u00eda Internacional de la Eliminaci\u00f3n de la Violencia Contra la Mujer - Facultad de Ciencias Econ\u00f3micas, Jur\u00ed\u00addicas y Sociales","isPartOf":{"@id":"https:\/\/www.fcejs.unsl.edu.ar\/#website"},"primaryImageOfPage":{"@id":"https:\/\/www.fcejs.unsl.edu.ar\/index.php\/la-fcejs-conmemoro-el-dia-internacional-de-la-eliminacion-de-la-violencia-contra-la-mujer\/#primaryimage"},"image":{"@id":"https:\/\/www.fcejs.unsl.edu.ar\/index.php\/la-fcejs-conmemoro-el-dia-internacional-de-la-eliminacion-de-la-violencia-contra-la-mujer\/#primaryimage"},"thumbnailUrl":"https:\/\/www.fcejs.unsl.edu.ar\/wp-content\/uploads\/2022\/11\/Eliminacion-de-la-Violencia-Contra-la-Mujer-front.jpg","datePublished":"2022-11-28T03:48:59+00:00","dateModified":"2022-11-29T13:52:46+00:00","breadcrumb":{"@id":"https:\/\/www.fcejs.unsl.edu.ar\/index.php\/la-fcejs-conmemoro-el-dia-internacional-de-la-eliminacion-de-la-violencia-contra-la-mujer\/#breadcrumb"},"inLanguage":"es-AR","potentialAction":[{"@type":"ReadAction","target":["https:\/\/www.fcejs.unsl.edu.ar\/index.php\/la-fcejs-conmemoro-el-dia-internacional-de-la-eliminacion-de-la-violencia-contra-la-mujer\/"]}]},{"@type":"ImageObject","inLanguage":"es-AR","@id":"https:\/\/www.fcejs.unsl.edu.ar\/index.php\/la-fcejs-conmemoro-el-dia-internacional-de-la-eliminacion-de-la-violencia-contra-la-mujer\/#primaryimage","url":"https:\/\/www.fcejs.unsl.edu.ar\/wp-content\/uploads\/2022\/11\/Eliminacion-de-la-Violencia-Contra-la-Mujer-front.jpg","contentUrl":"https:\/\/www.fcejs.unsl.edu.ar\/wp-content\/uploads\/2022\/11\/Eliminacion-de-la-Violencia-Contra-la-Mujer-front.jpg","width":1100,"height":823},{"@type":"BreadcrumbList","@id":"https:\/\/www.fcejs.unsl.edu.ar\/index.php\/la-fcejs-conmemoro-el-dia-internacional-de-la-eliminacion-de-la-violencia-contra-la-mujer\/#breadcrumb","itemListElement":[{"@type":"ListItem","position":1,"name":"Inicio","item":"https:\/\/www.fcejs.unsl.edu.ar\/"},{"@type":"ListItem","position":2,"name":"La FCEJS conmemor\u00f3 el D\u00eda Internacional de la Eliminaci\u00f3n de la Violencia Contra la Mujer"}]},{"@type":"WebSite","@id":"https:\/\/www.fcejs.unsl.edu.ar\/#website","url":"https:\/\/www.fcejs.unsl.edu.ar\/","name":"Facultad de Ciencias Econ\u00f3micas, Jur\u00ed\u00addicas y Sociales","description":"","publisher":{"@id":"https:\/\/www.fcejs.unsl.edu.ar\/#organization"},"potentialAction":[{"@type":"SearchAction","target":{"@type":"EntryPoint","urlTemplate":"https:\/\/www.fcejs.unsl.edu.ar\/?s={search_term_string}"},"query-input":{"@type":"PropertyValueSpecification","valueRequired":true,"valueName":"search_term_string"}}],"inLanguage":"es-AR"},{"@type":"Organization","@id":"https:\/\/www.fcejs.unsl.edu.ar\/#organization","name":"Facultad de Ciencias Econ\u00f3micas, Jur\u00eddicas y Sociales","url":"https:\/\/www.fcejs.unsl.edu.ar\/","logo":{"@type":"ImageObject","inLanguage":"es-AR","@id":"https:\/\/www.fcejs.unsl.edu.ar\/#\/schema\/logo\/image\/","url":"https:\/\/www.fcejs.unsl.edu.ar\/wp-content\/uploads\/2021\/03\/logo-1.jpg","contentUrl":"https:\/\/www.fcejs.unsl.edu.ar\/wp-content\/uploads\/2021\/03\/logo-1.jpg","width":471,"height":146,"caption":"Facultad de Ciencias Econ\u00f3micas, Jur\u00eddicas y Sociales"},"image":{"@id":"https:\/\/www.fcejs.unsl.edu.ar\/#\/schema\/logo\/image\/"},"sameAs":["https:\/\/www.facebook.com\/FCEJS.UNSL\/","https:\/\/x.com\/FCEJSUNSL","https:\/\/www.instagram.com\/fcejs.unsl\/","https:\/\/www.youtube.com\/channel\/UCH-Ut6EaN_X5ogjIQMPe46g\/"]},{"@type":"Person","@id":"https:\/\/www.fcejs.unsl.edu.ar\/#\/schema\/person\/352ee6ed90c3f394c7cb5945f8956d34","name":"DATI"}]}},"jetpack_featured_media_url":"https:\/\/www.fcejs.unsl.edu.ar\/wp-content\/uploads\/2022\/11\/Eliminacion-de-la-Violencia-Contra-la-Mujer-front.jpg","_links":{"self":[{"href":"https:\/\/www.fcejs.unsl.edu.ar\/index.php\/wp-json\/wp\/v2\/posts\/10337","targetHints":{"allow":["GET"]}}],"collection":[{"href":"https:\/\/www.fcejs.unsl.edu.ar\/index.php\/wp-json\/wp\/v2\/posts"}],"about":[{"href":"https:\/\/www.fcejs.unsl.edu.ar\/index.php\/wp-json\/wp\/v2\/types\/post"}],"author":[{"embeddable":true,"href":"https:\/\/www.fcejs.unsl.edu.ar\/index.php\/wp-json\/wp\/v2\/users\/9"}],"replies":[{"embeddable":true,"href":"https:\/\/www.fcejs.unsl.edu.ar\/index.php\/wp-json\/wp\/v2\/comments?post=10337"}],"version-history":[{"count":3,"href":"https:\/\/www.fcejs.unsl.edu.ar\/index.php\/wp-json\/wp\/v2\/posts\/10337\/revisions"}],"predecessor-version":[{"id":10352,"href":"https:\/\/www.fcejs.unsl.edu.ar\/index.php\/wp-json\/wp\/v2\/posts\/10337\/revisions\/10352"}],"wp:featuredmedia":[{"embeddable":true,"href":"https:\/\/www.fcejs.unsl.edu.ar\/index.php\/wp-json\/wp\/v2\/media\/10349"}],"wp:attachment":[{"href":"https:\/\/www.fcejs.unsl.edu.ar\/index.php\/wp-json\/wp\/v2\/media?parent=10337"}],"wp:term":[{"taxonomy":"category","embeddable":true,"href":"https:\/\/www.fcejs.unsl.edu.ar\/index.php\/wp-json\/wp\/v2\/categories?post=10337"},{"taxonomy":"post_tag","embeddable":true,"href":"https:\/\/www.fcejs.unsl.edu.ar\/index.php\/wp-json\/wp\/v2\/tags?post=10337"}],"curies":[{"name":"wp","href":"https:\/\/api.w.org\/{rel}","templated":true}]}}