{"id":10327,"date":"2022-11-28T11:16:48","date_gmt":"2022-11-28T14:16:48","guid":{"rendered":"http:\/\/10.101.10.197\/www\/?p=10327"},"modified":"2022-11-30T11:27:27","modified_gmt":"2022-11-30T14:27:27","slug":"la-unsl-entregara-diplomas-a-nuevos-profesionales-en-villa-mercedes","status":"publish","type":"post","link":"https:\/\/www.fcejs.unsl.edu.ar\/index.php\/la-unsl-entregara-diplomas-a-nuevos-profesionales-en-villa-mercedes\/","title":{"rendered":"La UNSL entregar\u00e1 diplomas a nuevos profesionales en Villa Mercedes"},"content":{"rendered":"<p>La Subsecretar\u00eda de Comunicaci\u00f3n, Ceremonial y Protocolo informa que, el <strong>martes 29 de noviembre de 2022<\/strong> a las <strong>18 horas<\/strong>, se llevar\u00e1 a cabo el <strong>Acto Acad\u00e9mico de la Segunda Colaci\u00f3n de Grados 2022<\/strong> de la <strong>Facultad de Ingenier\u00eda y Ciencias Agropecuarias<\/strong> y de la <strong>Facultad de Ciencias Econ\u00f3micas, Jur\u00eddicas y Sociales<\/strong>.<\/p>\n<p>La ceremonia se realizar\u00e1 en el <strong>Teatro \u201cEl Viejo Mercado\u201d<\/strong> de la <strong>Casa de la Cultura (Pedernera 553)<\/strong>.\u00a0Para la firma de diplomas y acta compromiso los egresados y las egresadas deber\u00e1n concurrir con el Documento Nacional de Identidad.<\/p>\n<h3><span style=\"color: #800080;\">FACULTAD DE CIENCIAS ECON\u00d3MICAS, JUR\u00cdDICAS Y SOCIALES<\/span><\/h3>\n<p><strong>Abogac\u00eda<\/strong><\/p>\n<ul>\n<li>Iglesias, Rodrigo Nicol\u00e1s<\/li>\n<li>Ramos, Lucas Sebasti\u00e1n<\/li>\n<li>Temoli, Adri\u00e1n Agust\u00edn<\/li>\n<li>De Biassio, Melina Denise<\/li>\n<li>Heredia, Naira Dayana<\/li>\n<\/ul>\n<p><strong>Contador P\u00fablico Nacional<\/strong><\/p>\n<ul>\n<li>Boccagni, Mar\u00eda P\u00eda<\/li>\n<li>Bustos Lucero, Andrea De Los \u00c1ngeles<\/li>\n<li>Sarracino, Sof\u00eda Dahyana<\/li>\n<li>Cabrera, Diego<\/li>\n<li>Funes, Nelson Nicol\u00e1s<\/li>\n<li>Gonz\u00e1lez, Alan Nicol\u00e1s<\/li>\n<li>Rodr\u00edguez, Franco Ezequiel<\/li>\n<\/ul>\n<p><strong>Licenciatura en Trabajo Social<\/strong><\/p>\n<ul>\n<li>Arnaudo, Antonella Lis<\/li>\n<li>Herrera, Tania Natacha<\/li>\n<li>Leyes Morales, Sof\u00eda Isabel<\/li>\n<li>Rodr\u00edguez, Mar\u00eda Roci\u00f3<\/li>\n<\/ul>\n<p><strong>Martillero y Corredor P\u00fablico<\/strong><\/p>\n<ul>\n<li>Dietz, Ezequiel Javier<\/li>\n<\/ul>\n<p><strong>Procurador<\/strong><\/p>\n<ul>\n<li>Heredia, Naira Dayana<\/li>\n<li>Tomasi, Micaela Janet<\/li>\n<li>Umpierrez Varela, Ailin Piuquen<\/li>\n<\/ul>\n<p><strong>Tecnicatura Universitaria en Acompa\u00f1amiento Terap\u00e9utico<\/strong><\/p>\n<ul>\n<li>Arrieta, Graciela<\/li>\n<li>Fern\u00e1ndez, Karina Romina<\/li>\n<li>S\u00e1nchez Godoy, Gabriela Florencia<\/li>\n<li>Alfonzo, Gisel Ximena<\/li>\n<\/ul>\n<p><strong>Tecnicatura Universitaria en Asistencia Jur\u00eddica<\/strong><\/p>\n<ul>\n<li>Balestrini, Mercedes Sof\u00eda<\/li>\n<li>Puebla, Mar\u00eda Agustina<\/li>\n<li>Romano, Aldana Florencia<\/li>\n<li>Umpierrez Varela, Ailin Piuquen<\/li>\n<\/ul>\n<p><strong>Tecnicatura Universitaria en Gesti\u00f3n Financiera<\/strong><\/p>\n<ul>\n<li>Giuliani, Francisca<\/li>\n<\/ul>\n<p><strong>Diploma de Honor. Rodr\u00edguez, Mar\u00eda Roci\u00f3;<\/strong>\u00a0Licenciada en Trabajo Social: <strong>9.04<\/strong><\/p>\n<p>&nbsp;<\/p>\n<hr \/>\n<h3><span style=\"color: #808080;\">FACULTAD DE INGENIER\u00cdA Y CIENCIAS AGROPECUARIAS<\/span><\/h3>\n<p><strong>Ingenier\u00eda en Alimentos<\/strong><\/p>\n<ul>\n<li>Cantarella, Paula<\/li>\n<li>Illanez, Yamila Ayelen<\/li>\n<\/ul>\n<p><strong>Ingenier\u00eda Industrial<\/strong><\/p>\n<ul>\n<li>Bersia, Antonella Gisel<\/li>\n<li>Irusta, Evelyn Maribel<\/li>\n<\/ul>\n<p><strong>Ingenier\u00eda Qu\u00edmica<\/strong><\/p>\n<ul>\n<li>Baez, Emilce Elizabeth<\/li>\n<li>Galarza, Juliana Ayelen<\/li>\n<li>Orozco, Maria Jose<\/li>\n<\/ul>\n<p><strong>Ingenier\u00eda Agron\u00f3mica<\/strong><\/p>\n<ul>\n<li>Garcia Del Castello, Nicolas Fermin<\/li>\n<\/ul>\n<p><strong>Ingenier\u00eda Electromec\u00e1nica<\/strong><\/p>\n<ul>\n<li>Capitanelli, Claudio Leandro<\/li>\n<li>Giron, Walter Rodrigo<\/li>\n<li>Paredes, Leandro Gaston<\/li>\n<li>Rojas Amaya, Andres Osvaldo<\/li>\n<li>Rossi, Emilio<\/li>\n<\/ul>\n<p><strong>Ingenier\u00eda Electr\u00f3nica<\/strong><\/p>\n<ul>\n<li>Gramoy, Federico David<\/li>\n<li>Pereyra, Pablo Sebastian<\/li>\n<\/ul>\n<p><strong>Ingenier\u00eda Industrial<\/strong><\/p>\n<ul>\n<li>Ercoli, Mario Adrian<\/li>\n<li>Ruarte, Bruno Gaston<\/li>\n<\/ul>\n<p><strong>Ingenier\u00eda Mecatr\u00f3nica<\/strong><\/p>\n<ul>\n<li>Cruz, Jorge Luis<\/li>\n<\/ul>\n<p><strong>Ingeniar\u00eda Qu\u00edmica<\/strong><\/p>\n<ul>\n<li>Gonz\u00e1lez, Marcelo Iv\u00e1n<\/li>\n<\/ul>\n<p><strong>Bromatolog\u00eda<\/strong><\/p>\n<ul>\n<li>\u00c1vila, Ariel Alberto<\/li>\n<li>Chirino Orpinell, Paula De Los Milagros<\/li>\n<li>Gonz\u00e1lez, Giuliana Ayelen<\/li>\n<li>Oste Jones, Mar\u00eda Macarena<\/li>\n<li>Quiroga, Melina Caren<\/li>\n<li>Trentarossi, Rodrigo Emmanuel<\/li>\n<li>Vasconsuelos, Mayda Mariela<\/li>\n<\/ul>\n<p><strong>Tecnicatura Universitaria en Mantenimiento Industrial<\/strong><\/p>\n<ul>\n<li>Bustos Bazan, Viviana<\/li>\n<li>Urdiros Melisa Yanina<\/li>\n<\/ul>\n<p><strong>Tecnicatura Universitaria en Automatizaci\u00f3n Industrial Orientaci\u00f3n en Inform\u00e1tica<\/strong><\/p>\n<ul>\n<li>Gonz\u00e1lez, Jonathan David<\/li>\n<li>Mu\u00f1oz, German Adri\u00e1n<\/li>\n<li>Quevedo V\u00e9lez, Fernando Antonio<\/li>\n<li>Sacchi, Christopher Giuliano<\/li>\n<\/ul>\n<p><strong>Tecnicatura Universitaria en Dise\u00f1o Mec\u00e1nico Orientaci\u00f3n Inform\u00e1tica<\/strong><\/p>\n<ul>\n<li>Marconi, Fernando Javier<\/li>\n<\/ul>\n<p><strong>Tecnicatura Universitaria en Mantenimiento Industrial<\/strong><\/p>\n<ul>\n<li>Miranda, Enzo Eduardo<\/li>\n<li>Sacchi, Christopher Giuliano<\/li>\n<\/ul>\n<p>&nbsp;<\/p>\n<p><strong>M\u00e9rito Acad\u00e9mico<\/strong>:\u00a0Mu\u00f1oz, German Adri\u00e1n; T\u00e9cnico Universitario en Automatizaci\u00f3n Industrial Orientaci\u00f3n Inform\u00e1tica: 9.02<\/p>\n<p>Chirino Orpinell, Paula De Los Milagros Bromat\u00f3loga:\u00a0 9.11<\/p>\n<p><strong>Diploma de Honor<\/strong><\/p>\n<ul>\n<li>Rodr\u00edguez, Mar\u00eda Roci\u00f3;\u00a0Licenciada en Trabajo Social: 9.04.<\/li>\n<li>Rossi, Emilio\u00a0\u00a0\u00a0\u00a0\u00a0\u00a0 Ingeniero Electromec\u00e1nico\u00a0\u00a0\u00a0\u00a0\u00a0\u00a0\u00a0\u00a0 9.03<\/li>\n<\/ul>\n<p>&nbsp;<\/p>\n","protected":false},"excerpt":{"rendered":"<p>La Subsecretar\u00eda de Comunicaci\u00f3n, Ceremonial y Protocolo informa que, el martes 29 de noviembre de 2022 a las 18 horas, se llevar\u00e1 a cabo el&hellip;<\/p>\n","protected":false},"author":9,"featured_media":10328,"comment_status":"closed","ping_status":"closed","sticky":false,"template":"","format":"standard","meta":{"om_disable_all_campaigns":false,"_monsterinsights_skip_tracking":false,"_monsterinsights_sitenote_active":false,"_monsterinsights_sitenote_note":"","_monsterinsights_sitenote_category":0,"footnotes":""},"categories":[1],"tags":[],"class_list":["post-10327","post","type-post","status-publish","format-standard","has-post-thumbnail","hentry","category-noticias"],"yoast_head":"<!-- This site is optimized with the Yoast SEO plugin v27.4 - https:\/\/yoast.com\/product\/yoast-seo-wordpress\/ -->\n<title>La UNSL entregar\u00e1 diplomas a nuevos profesionales en Villa Mercedes - Facultad de Ciencias Econ\u00f3micas, Jur\u00ed\u00addicas y Sociales<\/title>\n<meta name=\"robots\" content=\"index, follow, max-snippet:-1, max-image-preview:large, max-video-preview:-1\" \/>\n<link rel=\"canonical\" href=\"https:\/\/www.fcejs.unsl.edu.ar\/index.php\/la-unsl-entregara-diplomas-a-nuevos-profesionales-en-villa-mercedes\/\" \/>\n<meta property=\"og:locale\" content=\"es_ES\" \/>\n<meta property=\"og:type\" content=\"article\" \/>\n<meta property=\"og:title\" content=\"La UNSL entregar\u00e1 diplomas a nuevos profesionales en Villa Mercedes - Facultad de Ciencias Econ\u00f3micas, Jur\u00ed\u00addicas y Sociales\" \/>\n<meta property=\"og:description\" content=\"La Subsecretar\u00eda de Comunicaci\u00f3n, Ceremonial y Protocolo informa que, el martes 29 de noviembre de 2022 a las 18 horas, se llevar\u00e1 a cabo el&hellip;\" \/>\n<meta property=\"og:url\" content=\"https:\/\/www.fcejs.unsl.edu.ar\/index.php\/la-unsl-entregara-diplomas-a-nuevos-profesionales-en-villa-mercedes\/\" \/>\n<meta property=\"og:site_name\" content=\"Facultad de Ciencias Econ\u00f3micas, Jur\u00ed\u00addicas y Sociales\" \/>\n<meta property=\"article:publisher\" content=\"https:\/\/www.facebook.com\/FCEJS.UNSL\/\" \/>\n<meta property=\"article:published_time\" content=\"2022-11-28T14:16:48+00:00\" \/>\n<meta property=\"article:modified_time\" content=\"2022-11-30T14:27:27+00:00\" \/>\n<meta property=\"og:image\" content=\"https:\/\/www.fcejs.unsl.edu.ar\/wp-content\/uploads\/2022\/11\/colacion-grados-fcejs.jpg\" \/>\n\t<meta property=\"og:image:width\" content=\"1152\" \/>\n\t<meta property=\"og:image:height\" content=\"647\" \/>\n\t<meta property=\"og:image:type\" content=\"image\/jpeg\" \/>\n<meta name=\"author\" content=\"DATI\" \/>\n<meta name=\"twitter:card\" content=\"summary_large_image\" \/>\n<meta name=\"twitter:creator\" content=\"@FCEJSUNSL\" \/>\n<meta name=\"twitter:site\" content=\"@FCEJSUNSL\" \/>\n<meta name=\"twitter:label1\" content=\"Escrito por\" \/>\n\t<meta name=\"twitter:data1\" content=\"DATI\" \/>\n\t<meta name=\"twitter:label2\" content=\"Tiempo de lectura\" \/>\n\t<meta name=\"twitter:data2\" content=\"2 minutos\" \/>\n<script type=\"application\/ld+json\" class=\"yoast-schema-graph\">{\"@context\":\"https:\\\/\\\/schema.org\",\"@graph\":[{\"@type\":\"Article\",\"@id\":\"https:\\\/\\\/www.fcejs.unsl.edu.ar\\\/index.php\\\/la-unsl-entregara-diplomas-a-nuevos-profesionales-en-villa-mercedes\\\/#article\",\"isPartOf\":{\"@id\":\"https:\\\/\\\/www.fcejs.unsl.edu.ar\\\/index.php\\\/la-unsl-entregara-diplomas-a-nuevos-profesionales-en-villa-mercedes\\\/\"},\"author\":{\"name\":\"DATI\",\"@id\":\"https:\\\/\\\/www.fcejs.unsl.edu.ar\\\/#\\\/schema\\\/person\\\/352ee6ed90c3f394c7cb5945f8956d34\"},\"headline\":\"La UNSL entregar\u00e1 diplomas a nuevos profesionales en Villa Mercedes\",\"datePublished\":\"2022-11-28T14:16:48+00:00\",\"dateModified\":\"2022-11-30T14:27:27+00:00\",\"mainEntityOfPage\":{\"@id\":\"https:\\\/\\\/www.fcejs.unsl.edu.ar\\\/index.php\\\/la-unsl-entregara-diplomas-a-nuevos-profesionales-en-villa-mercedes\\\/\"},\"wordCount\":512,\"publisher\":{\"@id\":\"https:\\\/\\\/www.fcejs.unsl.edu.ar\\\/#organization\"},\"image\":{\"@id\":\"https:\\\/\\\/www.fcejs.unsl.edu.ar\\\/index.php\\\/la-unsl-entregara-diplomas-a-nuevos-profesionales-en-villa-mercedes\\\/#primaryimage\"},\"thumbnailUrl\":\"https:\\\/\\\/www.fcejs.unsl.edu.ar\\\/wp-content\\\/uploads\\\/2022\\\/11\\\/colacion-grados-fcejs.jpg\",\"articleSection\":[\"Noticias\"],\"inLanguage\":\"es-AR\"},{\"@type\":\"WebPage\",\"@id\":\"https:\\\/\\\/www.fcejs.unsl.edu.ar\\\/index.php\\\/la-unsl-entregara-diplomas-a-nuevos-profesionales-en-villa-mercedes\\\/\",\"url\":\"https:\\\/\\\/www.fcejs.unsl.edu.ar\\\/index.php\\\/la-unsl-entregara-diplomas-a-nuevos-profesionales-en-villa-mercedes\\\/\",\"name\":\"La UNSL entregar\u00e1 diplomas a nuevos profesionales en Villa Mercedes - Facultad de Ciencias Econ\u00f3micas, Jur\u00ed\u00addicas y Sociales\",\"isPartOf\":{\"@id\":\"https:\\\/\\\/www.fcejs.unsl.edu.ar\\\/#website\"},\"primaryImageOfPage\":{\"@id\":\"https:\\\/\\\/www.fcejs.unsl.edu.ar\\\/index.php\\\/la-unsl-entregara-diplomas-a-nuevos-profesionales-en-villa-mercedes\\\/#primaryimage\"},\"image\":{\"@id\":\"https:\\\/\\\/www.fcejs.unsl.edu.ar\\\/index.php\\\/la-unsl-entregara-diplomas-a-nuevos-profesionales-en-villa-mercedes\\\/#primaryimage\"},\"thumbnailUrl\":\"https:\\\/\\\/www.fcejs.unsl.edu.ar\\\/wp-content\\\/uploads\\\/2022\\\/11\\\/colacion-grados-fcejs.jpg\",\"datePublished\":\"2022-11-28T14:16:48+00:00\",\"dateModified\":\"2022-11-30T14:27:27+00:00\",\"breadcrumb\":{\"@id\":\"https:\\\/\\\/www.fcejs.unsl.edu.ar\\\/index.php\\\/la-unsl-entregara-diplomas-a-nuevos-profesionales-en-villa-mercedes\\\/#breadcrumb\"},\"inLanguage\":\"es-AR\",\"potentialAction\":[{\"@type\":\"ReadAction\",\"target\":[\"https:\\\/\\\/www.fcejs.unsl.edu.ar\\\/index.php\\\/la-unsl-entregara-diplomas-a-nuevos-profesionales-en-villa-mercedes\\\/\"]}]},{\"@type\":\"ImageObject\",\"inLanguage\":\"es-AR\",\"@id\":\"https:\\\/\\\/www.fcejs.unsl.edu.ar\\\/index.php\\\/la-unsl-entregara-diplomas-a-nuevos-profesionales-en-villa-mercedes\\\/#primaryimage\",\"url\":\"https:\\\/\\\/www.fcejs.unsl.edu.ar\\\/wp-content\\\/uploads\\\/2022\\\/11\\\/colacion-grados-fcejs.jpg\",\"contentUrl\":\"https:\\\/\\\/www.fcejs.unsl.edu.ar\\\/wp-content\\\/uploads\\\/2022\\\/11\\\/colacion-grados-fcejs.jpg\",\"width\":1152,\"height\":647},{\"@type\":\"BreadcrumbList\",\"@id\":\"https:\\\/\\\/www.fcejs.unsl.edu.ar\\\/index.php\\\/la-unsl-entregara-diplomas-a-nuevos-profesionales-en-villa-mercedes\\\/#breadcrumb\",\"itemListElement\":[{\"@type\":\"ListItem\",\"position\":1,\"name\":\"Inicio\",\"item\":\"https:\\\/\\\/www.fcejs.unsl.edu.ar\\\/\"},{\"@type\":\"ListItem\",\"position\":2,\"name\":\"La UNSL entregar\u00e1 diplomas a nuevos profesionales en Villa Mercedes\"}]},{\"@type\":\"WebSite\",\"@id\":\"https:\\\/\\\/www.fcejs.unsl.edu.ar\\\/#website\",\"url\":\"https:\\\/\\\/www.fcejs.unsl.edu.ar\\\/\",\"name\":\"Facultad de Ciencias Econ\u00f3micas, Jur\u00ed\u00addicas y Sociales\",\"description\":\"\",\"publisher\":{\"@id\":\"https:\\\/\\\/www.fcejs.unsl.edu.ar\\\/#organization\"},\"potentialAction\":[{\"@type\":\"SearchAction\",\"target\":{\"@type\":\"EntryPoint\",\"urlTemplate\":\"https:\\\/\\\/www.fcejs.unsl.edu.ar\\\/?s={search_term_string}\"},\"query-input\":{\"@type\":\"PropertyValueSpecification\",\"valueRequired\":true,\"valueName\":\"search_term_string\"}}],\"inLanguage\":\"es-AR\"},{\"@type\":\"Organization\",\"@id\":\"https:\\\/\\\/www.fcejs.unsl.edu.ar\\\/#organization\",\"name\":\"Facultad de Ciencias Econ\u00f3micas, Jur\u00eddicas y Sociales\",\"url\":\"https:\\\/\\\/www.fcejs.unsl.edu.ar\\\/\",\"logo\":{\"@type\":\"ImageObject\",\"inLanguage\":\"es-AR\",\"@id\":\"https:\\\/\\\/www.fcejs.unsl.edu.ar\\\/#\\\/schema\\\/logo\\\/image\\\/\",\"url\":\"https:\\\/\\\/www.fcejs.unsl.edu.ar\\\/wp-content\\\/uploads\\\/2021\\\/03\\\/logo-1.jpg\",\"contentUrl\":\"https:\\\/\\\/www.fcejs.unsl.edu.ar\\\/wp-content\\\/uploads\\\/2021\\\/03\\\/logo-1.jpg\",\"width\":471,\"height\":146,\"caption\":\"Facultad de Ciencias Econ\u00f3micas, Jur\u00eddicas y Sociales\"},\"image\":{\"@id\":\"https:\\\/\\\/www.fcejs.unsl.edu.ar\\\/#\\\/schema\\\/logo\\\/image\\\/\"},\"sameAs\":[\"https:\\\/\\\/www.facebook.com\\\/FCEJS.UNSL\\\/\",\"https:\\\/\\\/x.com\\\/FCEJSUNSL\",\"https:\\\/\\\/www.instagram.com\\\/fcejs.unsl\\\/\",\"https:\\\/\\\/www.youtube.com\\\/channel\\\/UCH-Ut6EaN_X5ogjIQMPe46g\\\/\"]},{\"@type\":\"Person\",\"@id\":\"https:\\\/\\\/www.fcejs.unsl.edu.ar\\\/#\\\/schema\\\/person\\\/352ee6ed90c3f394c7cb5945f8956d34\",\"name\":\"DATI\"}]}<\/script>\n<!-- \/ Yoast SEO plugin. -->","yoast_head_json":{"title":"La UNSL entregar\u00e1 diplomas a nuevos profesionales en Villa Mercedes - Facultad de Ciencias Econ\u00f3micas, Jur\u00ed\u00addicas y Sociales","robots":{"index":"index","follow":"follow","max-snippet":"max-snippet:-1","max-image-preview":"max-image-preview:large","max-video-preview":"max-video-preview:-1"},"canonical":"https:\/\/www.fcejs.unsl.edu.ar\/index.php\/la-unsl-entregara-diplomas-a-nuevos-profesionales-en-villa-mercedes\/","og_locale":"es_ES","og_type":"article","og_title":"La UNSL entregar\u00e1 diplomas a nuevos profesionales en Villa Mercedes - Facultad de Ciencias Econ\u00f3micas, Jur\u00ed\u00addicas y Sociales","og_description":"La Subsecretar\u00eda de Comunicaci\u00f3n, Ceremonial y Protocolo informa que, el martes 29 de noviembre de 2022 a las 18 horas, se llevar\u00e1 a cabo el&hellip;","og_url":"https:\/\/www.fcejs.unsl.edu.ar\/index.php\/la-unsl-entregara-diplomas-a-nuevos-profesionales-en-villa-mercedes\/","og_site_name":"Facultad de Ciencias Econ\u00f3micas, Jur\u00ed\u00addicas y Sociales","article_publisher":"https:\/\/www.facebook.com\/FCEJS.UNSL\/","article_published_time":"2022-11-28T14:16:48+00:00","article_modified_time":"2022-11-30T14:27:27+00:00","og_image":[{"width":1152,"height":647,"url":"https:\/\/www.fcejs.unsl.edu.ar\/wp-content\/uploads\/2022\/11\/colacion-grados-fcejs.jpg","type":"image\/jpeg"}],"author":"DATI","twitter_card":"summary_large_image","twitter_creator":"@FCEJSUNSL","twitter_site":"@FCEJSUNSL","twitter_misc":{"Escrito por":"DATI","Tiempo de lectura":"2 minutos"},"schema":{"@context":"https:\/\/schema.org","@graph":[{"@type":"Article","@id":"https:\/\/www.fcejs.unsl.edu.ar\/index.php\/la-unsl-entregara-diplomas-a-nuevos-profesionales-en-villa-mercedes\/#article","isPartOf":{"@id":"https:\/\/www.fcejs.unsl.edu.ar\/index.php\/la-unsl-entregara-diplomas-a-nuevos-profesionales-en-villa-mercedes\/"},"author":{"name":"DATI","@id":"https:\/\/www.fcejs.unsl.edu.ar\/#\/schema\/person\/352ee6ed90c3f394c7cb5945f8956d34"},"headline":"La UNSL entregar\u00e1 diplomas a nuevos profesionales en Villa Mercedes","datePublished":"2022-11-28T14:16:48+00:00","dateModified":"2022-11-30T14:27:27+00:00","mainEntityOfPage":{"@id":"https:\/\/www.fcejs.unsl.edu.ar\/index.php\/la-unsl-entregara-diplomas-a-nuevos-profesionales-en-villa-mercedes\/"},"wordCount":512,"publisher":{"@id":"https:\/\/www.fcejs.unsl.edu.ar\/#organization"},"image":{"@id":"https:\/\/www.fcejs.unsl.edu.ar\/index.php\/la-unsl-entregara-diplomas-a-nuevos-profesionales-en-villa-mercedes\/#primaryimage"},"thumbnailUrl":"https:\/\/www.fcejs.unsl.edu.ar\/wp-content\/uploads\/2022\/11\/colacion-grados-fcejs.jpg","articleSection":["Noticias"],"inLanguage":"es-AR"},{"@type":"WebPage","@id":"https:\/\/www.fcejs.unsl.edu.ar\/index.php\/la-unsl-entregara-diplomas-a-nuevos-profesionales-en-villa-mercedes\/","url":"https:\/\/www.fcejs.unsl.edu.ar\/index.php\/la-unsl-entregara-diplomas-a-nuevos-profesionales-en-villa-mercedes\/","name":"La UNSL entregar\u00e1 diplomas a nuevos profesionales en Villa Mercedes - Facultad de Ciencias Econ\u00f3micas, Jur\u00ed\u00addicas y Sociales","isPartOf":{"@id":"https:\/\/www.fcejs.unsl.edu.ar\/#website"},"primaryImageOfPage":{"@id":"https:\/\/www.fcejs.unsl.edu.ar\/index.php\/la-unsl-entregara-diplomas-a-nuevos-profesionales-en-villa-mercedes\/#primaryimage"},"image":{"@id":"https:\/\/www.fcejs.unsl.edu.ar\/index.php\/la-unsl-entregara-diplomas-a-nuevos-profesionales-en-villa-mercedes\/#primaryimage"},"thumbnailUrl":"https:\/\/www.fcejs.unsl.edu.ar\/wp-content\/uploads\/2022\/11\/colacion-grados-fcejs.jpg","datePublished":"2022-11-28T14:16:48+00:00","dateModified":"2022-11-30T14:27:27+00:00","breadcrumb":{"@id":"https:\/\/www.fcejs.unsl.edu.ar\/index.php\/la-unsl-entregara-diplomas-a-nuevos-profesionales-en-villa-mercedes\/#breadcrumb"},"inLanguage":"es-AR","potentialAction":[{"@type":"ReadAction","target":["https:\/\/www.fcejs.unsl.edu.ar\/index.php\/la-unsl-entregara-diplomas-a-nuevos-profesionales-en-villa-mercedes\/"]}]},{"@type":"ImageObject","inLanguage":"es-AR","@id":"https:\/\/www.fcejs.unsl.edu.ar\/index.php\/la-unsl-entregara-diplomas-a-nuevos-profesionales-en-villa-mercedes\/#primaryimage","url":"https:\/\/www.fcejs.unsl.edu.ar\/wp-content\/uploads\/2022\/11\/colacion-grados-fcejs.jpg","contentUrl":"https:\/\/www.fcejs.unsl.edu.ar\/wp-content\/uploads\/2022\/11\/colacion-grados-fcejs.jpg","width":1152,"height":647},{"@type":"BreadcrumbList","@id":"https:\/\/www.fcejs.unsl.edu.ar\/index.php\/la-unsl-entregara-diplomas-a-nuevos-profesionales-en-villa-mercedes\/#breadcrumb","itemListElement":[{"@type":"ListItem","position":1,"name":"Inicio","item":"https:\/\/www.fcejs.unsl.edu.ar\/"},{"@type":"ListItem","position":2,"name":"La UNSL entregar\u00e1 diplomas a nuevos profesionales en Villa Mercedes"}]},{"@type":"WebSite","@id":"https:\/\/www.fcejs.unsl.edu.ar\/#website","url":"https:\/\/www.fcejs.unsl.edu.ar\/","name":"Facultad de Ciencias Econ\u00f3micas, Jur\u00ed\u00addicas y Sociales","description":"","publisher":{"@id":"https:\/\/www.fcejs.unsl.edu.ar\/#organization"},"potentialAction":[{"@type":"SearchAction","target":{"@type":"EntryPoint","urlTemplate":"https:\/\/www.fcejs.unsl.edu.ar\/?s={search_term_string}"},"query-input":{"@type":"PropertyValueSpecification","valueRequired":true,"valueName":"search_term_string"}}],"inLanguage":"es-AR"},{"@type":"Organization","@id":"https:\/\/www.fcejs.unsl.edu.ar\/#organization","name":"Facultad de Ciencias Econ\u00f3micas, Jur\u00eddicas y Sociales","url":"https:\/\/www.fcejs.unsl.edu.ar\/","logo":{"@type":"ImageObject","inLanguage":"es-AR","@id":"https:\/\/www.fcejs.unsl.edu.ar\/#\/schema\/logo\/image\/","url":"https:\/\/www.fcejs.unsl.edu.ar\/wp-content\/uploads\/2021\/03\/logo-1.jpg","contentUrl":"https:\/\/www.fcejs.unsl.edu.ar\/wp-content\/uploads\/2021\/03\/logo-1.jpg","width":471,"height":146,"caption":"Facultad de Ciencias Econ\u00f3micas, Jur\u00eddicas y Sociales"},"image":{"@id":"https:\/\/www.fcejs.unsl.edu.ar\/#\/schema\/logo\/image\/"},"sameAs":["https:\/\/www.facebook.com\/FCEJS.UNSL\/","https:\/\/x.com\/FCEJSUNSL","https:\/\/www.instagram.com\/fcejs.unsl\/","https:\/\/www.youtube.com\/channel\/UCH-Ut6EaN_X5ogjIQMPe46g\/"]},{"@type":"Person","@id":"https:\/\/www.fcejs.unsl.edu.ar\/#\/schema\/person\/352ee6ed90c3f394c7cb5945f8956d34","name":"DATI"}]}},"jetpack_featured_media_url":"https:\/\/www.fcejs.unsl.edu.ar\/wp-content\/uploads\/2022\/11\/colacion-grados-fcejs.jpg","_links":{"self":[{"href":"https:\/\/www.fcejs.unsl.edu.ar\/index.php\/wp-json\/wp\/v2\/posts\/10327","targetHints":{"allow":["GET"]}}],"collection":[{"href":"https:\/\/www.fcejs.unsl.edu.ar\/index.php\/wp-json\/wp\/v2\/posts"}],"about":[{"href":"https:\/\/www.fcejs.unsl.edu.ar\/index.php\/wp-json\/wp\/v2\/types\/post"}],"author":[{"embeddable":true,"href":"https:\/\/www.fcejs.unsl.edu.ar\/index.php\/wp-json\/wp\/v2\/users\/9"}],"replies":[{"embeddable":true,"href":"https:\/\/www.fcejs.unsl.edu.ar\/index.php\/wp-json\/wp\/v2\/comments?post=10327"}],"version-history":[{"count":3,"href":"https:\/\/www.fcejs.unsl.edu.ar\/index.php\/wp-json\/wp\/v2\/posts\/10327\/revisions"}],"predecessor-version":[{"id":10335,"href":"https:\/\/www.fcejs.unsl.edu.ar\/index.php\/wp-json\/wp\/v2\/posts\/10327\/revisions\/10335"}],"wp:featuredmedia":[{"embeddable":true,"href":"https:\/\/www.fcejs.unsl.edu.ar\/index.php\/wp-json\/wp\/v2\/media\/10328"}],"wp:attachment":[{"href":"https:\/\/www.fcejs.unsl.edu.ar\/index.php\/wp-json\/wp\/v2\/media?parent=10327"}],"wp:term":[{"taxonomy":"category","embeddable":true,"href":"https:\/\/www.fcejs.unsl.edu.ar\/index.php\/wp-json\/wp\/v2\/categories?post=10327"},{"taxonomy":"post_tag","embeddable":true,"href":"https:\/\/www.fcejs.unsl.edu.ar\/index.php\/wp-json\/wp\/v2\/tags?post=10327"}],"curies":[{"name":"wp","href":"https:\/\/api.w.org\/{rel}","templated":true}]}}