{"id":10280,"date":"2022-11-24T12:26:36","date_gmt":"2022-11-24T15:26:36","guid":{"rendered":"http:\/\/10.101.10.197\/www\/?p=10280"},"modified":"2022-11-28T08:26:24","modified_gmt":"2022-11-28T11:26:24","slug":"25-de-noviembre-dia-internacional-de-la-eliminacion-de-la-violencia-contra-las-mujeres","status":"publish","type":"post","link":"https:\/\/www.fcejs.unsl.edu.ar\/index.php\/25-de-noviembre-dia-internacional-de-la-eliminacion-de-la-violencia-contra-las-mujeres\/","title":{"rendered":"25 de noviembre: D\u00eda Internacional de la Eliminaci\u00f3n de la violencia contra las Mujeres"},"content":{"rendered":"<p><strong>Desde el Programa de G\u00e9nero, Universidad y Sociedad, de la Facultad de Ciencias Econ\u00f3micas, Jur\u00eddicas y Sociales coordinado por la Licenciada Vianel Garc\u00eda,\u00a0<\/strong><strong>25 de noviembre D\u00eda Internacional de la Eliminaci\u00f3n de la violencia contra las Mujeres:<\/strong><\/p>\n<p><em>&#8220;En nuestro pa\u00eds, hoy es una jornada de lucha y reivindicaci\u00f3n por los derechos de las mujeres, visibilizando todas las formas que existen de violencia de g\u00e9nero.<\/em><\/p>\n<p><em><strong>Un poco de Historia sobre este d\u00eda:<\/strong><\/em><br \/>\n<em>En 1981 se celebr\u00f3 en Bogot\u00e1, Colombia, el Primer Encuentro Feminista Latinoamericano y del Caribe. Es all\u00ed donde se decidi\u00f3 que el 25 de noviembre sea el <strong>D\u00eda Internacional de No Violencia contra las Mujeres<\/strong>. La fecha fue elegida para recordar el feminicidio en el a\u00f1o 1960 de las hermanas Minerva, Patria y Mar\u00eda Teresa Mirabal (Las mariposas) a manos de la dictadura de Le\u00f3nidas Trujillo en Rep\u00fablica Dominicana.<\/em><\/p>\n<p><em>M\u00e1s de una d\u00e9cada despu\u00e9s, en <strong>1993<\/strong>, la Asamblea General de las Naciones Unidas aprob\u00f3 la <strong>Declaraci\u00f3n sobre la Eliminaci\u00f3n de la Violencia contra la Mujer<\/strong>. All\u00ed se defini\u00f3 que la violencia hacia la mujer era \u201ctodo acto de violencia basado en el g\u00e9nero que tiene como resultado posible o real un da\u00f1o f\u00edsico, sexual o psicol\u00f3gico, incluidas las amenazas, la coerci\u00f3n o la prohibici\u00f3n arbitraria de la libertad, ya sea que ocurra en la vida p\u00fablica o en la vida privada\u201d.<\/em><br \/>\n<em>Finalmente, el <strong>17 de diciembre de 1999<\/strong>, la Asamblea General de Naciones Unidas, por medio de la <strong>resoluci\u00f3n 54\/134<\/strong> resolvi\u00f3 que a partir del a\u00f1o siguiente, el 25 de noviembre ser\u00eda la fecha estipulada como el D\u00eda Internacional de la Eliminaci\u00f3n de la Violencia contra la Mujer.<\/em><\/p>\n<p><em>Cada 25 de noviembre en nuestro pa\u00eds, se visibiliza la problem\u00e1tica de la violencia de g\u00e9nero y se pone en agenda el trabajo que se necesita para su erradicaci\u00f3n. En Argentina en un a\u00f1o 320 hijas \/hijos quedaron sin madre, el 58% son menores de edad. Estos n\u00fameros alarmantes refuerzan la necesidad de seguir trabajando en pol\u00edticas p\u00fablicas de prevenci\u00f3n, asistencia y protecci\u00f3n.<\/em><\/p>\n<p><em>Seg\u00fan la <strong>Ley 26.485<\/strong> de Protecci\u00f3n integral para prevenir, sancionar y erradicar la violencia contra las mujeres en los \u00e1mbitos en que desarrollen sus relaciones interpersonales, fue sancionada en el a\u00f1o 2009 en la Argentina y constituye una herramienta fundamental en la lucha contra las violencias. En el art\u00edculo 5\u00b0 nos se\u00f1ala una de los tipos de la violencia de g\u00e9nero: la denominada \u201cviolencia sexual\u201d. Incluyendo as\u00ed a la explotaci\u00f3n de la prostituci\u00f3n, la esclavitud, el acoso, el abuso sexual y la trata de personas.<\/em><\/p>\n<p><em>Por este motivo es que subrayamos la importancia de establecer las claras relaciones existentes entre trata y explotaci\u00f3n de personas y la prostituci\u00f3n para reafirmar la responsabilidad que nos convoca en la tarea de coordinar e impulsar acciones de prevenci\u00f3n, persecuci\u00f3n del delito y asistencia integral para las v\u00edctimas y sobrevivientes.<\/em><\/p>\n<p><em>Seg\u00fan la <strong>ONU Mujeres<\/strong>, a escala mundial, y en el per\u00edodo 2021-2022, el 35 por ciento de las mujeres ha experimentado alguna vez violencia f\u00edsica o sexual por parte de una pareja \u00edntima, o violencia sexual perpetrada por una persona distinta de su pareja.<\/em><\/p>\n<p><em>Adem\u00e1s, y por motivos de la pandemia por COVID 19, en algunos pa\u00edses el n\u00famero de llamadas a las l\u00edneas telef\u00f3nicas de asistencia se ha quintuplicado.<\/em><\/p>\n<p><em>Las mujeres adultas representan cerca de la mitad (el 49 por ciento) de las v\u00edctimas de la trata de seres humanos detectadas a nivel mundial. Las mujeres y ni\u00f1as representan conjuntamente un 72 por ciento.<\/em><\/p>\n<p><em>Quince millones de ni\u00f1as adolescentes de 15 a 19 a\u00f1os han experimentado relaciones sexuales forzadas en todo el mundo.<\/em><\/p>\n<p><em>Al menos 200 millones de mujeres y ni\u00f1as de 15 a 49 a\u00f1os han sido sometidas a la mutilaci\u00f3n genital femenina en los 31 pa\u00edses en los que se concentra esta pr\u00e1ctica. La mitad de estos pa\u00edses se encuentran en \u00c1frica Occidental.<\/em><\/p>\n<p><em>El concepto de violencia hacia la mujer comprende todo acto que tenga o pueda tener como resultado un da\u00f1o o sufrimiento f\u00edsico, sexual o psicol\u00f3gico para la mujer, as\u00ed como las amenazas de tales actos, la coacci\u00f3n o la privaci\u00f3n arbitraria de la libertad, tanto si se producen en la vida p\u00fablica como en la vida privada.<\/em><\/p>\n<p><em><strong>La violencia rompe cuerpos y almas&#8221;<\/strong><\/em><\/p>\n","protected":false},"excerpt":{"rendered":"<p>Desde el Programa de G\u00e9nero, Universidad y Sociedad, de la Facultad de Ciencias Econ\u00f3micas, Jur\u00eddicas y Sociales coordinado por la Licenciada Vianel Garc\u00eda,\u00a025 de noviembre&hellip;<\/p>\n","protected":false},"author":9,"featured_media":10281,"comment_status":"closed","ping_status":"closed","sticky":false,"template":"","format":"standard","meta":{"om_disable_all_campaigns":false,"_monsterinsights_skip_tracking":false,"_monsterinsights_sitenote_active":false,"_monsterinsights_sitenote_note":"","_monsterinsights_sitenote_category":0,"footnotes":""},"categories":[1],"tags":[],"class_list":["post-10280","post","type-post","status-publish","format-standard","has-post-thumbnail","hentry","category-noticias"],"yoast_head":"<!-- This site is optimized with the Yoast SEO plugin v27.4 - https:\/\/yoast.com\/product\/yoast-seo-wordpress\/ -->\n<title>25 de noviembre: D\u00eda Internacional de la Eliminaci\u00f3n de la violencia contra las Mujeres - Facultad de Ciencias Econ\u00f3micas, Jur\u00ed\u00addicas y Sociales<\/title>\n<meta name=\"robots\" content=\"index, follow, max-snippet:-1, max-image-preview:large, max-video-preview:-1\" \/>\n<link rel=\"canonical\" href=\"https:\/\/www.fcejs.unsl.edu.ar\/index.php\/25-de-noviembre-dia-internacional-de-la-eliminacion-de-la-violencia-contra-las-mujeres\/\" \/>\n<meta property=\"og:locale\" content=\"es_ES\" \/>\n<meta property=\"og:type\" content=\"article\" \/>\n<meta property=\"og:title\" content=\"25 de noviembre: D\u00eda Internacional de la Eliminaci\u00f3n de la violencia contra las Mujeres - Facultad de Ciencias Econ\u00f3micas, Jur\u00ed\u00addicas y Sociales\" \/>\n<meta property=\"og:description\" content=\"Desde el Programa de G\u00e9nero, Universidad y Sociedad, de la Facultad de Ciencias Econ\u00f3micas, Jur\u00eddicas y Sociales coordinado por la Licenciada Vianel Garc\u00eda,\u00a025 de noviembre&hellip;\" \/>\n<meta property=\"og:url\" content=\"https:\/\/www.fcejs.unsl.edu.ar\/index.php\/25-de-noviembre-dia-internacional-de-la-eliminacion-de-la-violencia-contra-las-mujeres\/\" \/>\n<meta property=\"og:site_name\" content=\"Facultad de Ciencias Econ\u00f3micas, Jur\u00ed\u00addicas y Sociales\" \/>\n<meta property=\"article:publisher\" content=\"https:\/\/www.facebook.com\/FCEJS.UNSL\/\" \/>\n<meta property=\"article:published_time\" content=\"2022-11-24T15:26:36+00:00\" \/>\n<meta property=\"article:modified_time\" content=\"2022-11-28T11:26:24+00:00\" \/>\n<meta property=\"og:image\" content=\"https:\/\/www.fcejs.unsl.edu.ar\/wp-content\/uploads\/2022\/11\/no-violencia-mujer-front.jpg\" \/>\n\t<meta property=\"og:image:width\" content=\"1152\" \/>\n\t<meta property=\"og:image:height\" content=\"647\" \/>\n\t<meta property=\"og:image:type\" content=\"image\/jpeg\" \/>\n<meta name=\"author\" content=\"DATI\" \/>\n<meta name=\"twitter:card\" content=\"summary_large_image\" \/>\n<meta name=\"twitter:creator\" content=\"@FCEJSUNSL\" \/>\n<meta name=\"twitter:site\" content=\"@FCEJSUNSL\" \/>\n<meta name=\"twitter:label1\" content=\"Escrito por\" \/>\n\t<meta name=\"twitter:data1\" content=\"DATI\" \/>\n\t<meta name=\"twitter:label2\" content=\"Tiempo de lectura\" \/>\n\t<meta name=\"twitter:data2\" content=\"4 minutos\" \/>\n<script type=\"application\/ld+json\" class=\"yoast-schema-graph\">{\"@context\":\"https:\\\/\\\/schema.org\",\"@graph\":[{\"@type\":\"Article\",\"@id\":\"https:\\\/\\\/www.fcejs.unsl.edu.ar\\\/index.php\\\/25-de-noviembre-dia-internacional-de-la-eliminacion-de-la-violencia-contra-las-mujeres\\\/#article\",\"isPartOf\":{\"@id\":\"https:\\\/\\\/www.fcejs.unsl.edu.ar\\\/index.php\\\/25-de-noviembre-dia-internacional-de-la-eliminacion-de-la-violencia-contra-las-mujeres\\\/\"},\"author\":{\"name\":\"DATI\",\"@id\":\"https:\\\/\\\/www.fcejs.unsl.edu.ar\\\/#\\\/schema\\\/person\\\/352ee6ed90c3f394c7cb5945f8956d34\"},\"headline\":\"25 de noviembre: D\u00eda Internacional de la Eliminaci\u00f3n de la violencia contra las Mujeres\",\"datePublished\":\"2022-11-24T15:26:36+00:00\",\"dateModified\":\"2022-11-28T11:26:24+00:00\",\"mainEntityOfPage\":{\"@id\":\"https:\\\/\\\/www.fcejs.unsl.edu.ar\\\/index.php\\\/25-de-noviembre-dia-internacional-de-la-eliminacion-de-la-violencia-contra-las-mujeres\\\/\"},\"wordCount\":766,\"publisher\":{\"@id\":\"https:\\\/\\\/www.fcejs.unsl.edu.ar\\\/#organization\"},\"image\":{\"@id\":\"https:\\\/\\\/www.fcejs.unsl.edu.ar\\\/index.php\\\/25-de-noviembre-dia-internacional-de-la-eliminacion-de-la-violencia-contra-las-mujeres\\\/#primaryimage\"},\"thumbnailUrl\":\"https:\\\/\\\/www.fcejs.unsl.edu.ar\\\/wp-content\\\/uploads\\\/2022\\\/11\\\/no-violencia-mujer-front.jpg\",\"articleSection\":[\"Noticias\"],\"inLanguage\":\"es-AR\"},{\"@type\":\"WebPage\",\"@id\":\"https:\\\/\\\/www.fcejs.unsl.edu.ar\\\/index.php\\\/25-de-noviembre-dia-internacional-de-la-eliminacion-de-la-violencia-contra-las-mujeres\\\/\",\"url\":\"https:\\\/\\\/www.fcejs.unsl.edu.ar\\\/index.php\\\/25-de-noviembre-dia-internacional-de-la-eliminacion-de-la-violencia-contra-las-mujeres\\\/\",\"name\":\"25 de noviembre: D\u00eda Internacional de la Eliminaci\u00f3n de la violencia contra las Mujeres - Facultad de Ciencias Econ\u00f3micas, Jur\u00ed\u00addicas y Sociales\",\"isPartOf\":{\"@id\":\"https:\\\/\\\/www.fcejs.unsl.edu.ar\\\/#website\"},\"primaryImageOfPage\":{\"@id\":\"https:\\\/\\\/www.fcejs.unsl.edu.ar\\\/index.php\\\/25-de-noviembre-dia-internacional-de-la-eliminacion-de-la-violencia-contra-las-mujeres\\\/#primaryimage\"},\"image\":{\"@id\":\"https:\\\/\\\/www.fcejs.unsl.edu.ar\\\/index.php\\\/25-de-noviembre-dia-internacional-de-la-eliminacion-de-la-violencia-contra-las-mujeres\\\/#primaryimage\"},\"thumbnailUrl\":\"https:\\\/\\\/www.fcejs.unsl.edu.ar\\\/wp-content\\\/uploads\\\/2022\\\/11\\\/no-violencia-mujer-front.jpg\",\"datePublished\":\"2022-11-24T15:26:36+00:00\",\"dateModified\":\"2022-11-28T11:26:24+00:00\",\"breadcrumb\":{\"@id\":\"https:\\\/\\\/www.fcejs.unsl.edu.ar\\\/index.php\\\/25-de-noviembre-dia-internacional-de-la-eliminacion-de-la-violencia-contra-las-mujeres\\\/#breadcrumb\"},\"inLanguage\":\"es-AR\",\"potentialAction\":[{\"@type\":\"ReadAction\",\"target\":[\"https:\\\/\\\/www.fcejs.unsl.edu.ar\\\/index.php\\\/25-de-noviembre-dia-internacional-de-la-eliminacion-de-la-violencia-contra-las-mujeres\\\/\"]}]},{\"@type\":\"ImageObject\",\"inLanguage\":\"es-AR\",\"@id\":\"https:\\\/\\\/www.fcejs.unsl.edu.ar\\\/index.php\\\/25-de-noviembre-dia-internacional-de-la-eliminacion-de-la-violencia-contra-las-mujeres\\\/#primaryimage\",\"url\":\"https:\\\/\\\/www.fcejs.unsl.edu.ar\\\/wp-content\\\/uploads\\\/2022\\\/11\\\/no-violencia-mujer-front.jpg\",\"contentUrl\":\"https:\\\/\\\/www.fcejs.unsl.edu.ar\\\/wp-content\\\/uploads\\\/2022\\\/11\\\/no-violencia-mujer-front.jpg\",\"width\":1152,\"height\":647},{\"@type\":\"BreadcrumbList\",\"@id\":\"https:\\\/\\\/www.fcejs.unsl.edu.ar\\\/index.php\\\/25-de-noviembre-dia-internacional-de-la-eliminacion-de-la-violencia-contra-las-mujeres\\\/#breadcrumb\",\"itemListElement\":[{\"@type\":\"ListItem\",\"position\":1,\"name\":\"Inicio\",\"item\":\"https:\\\/\\\/www.fcejs.unsl.edu.ar\\\/\"},{\"@type\":\"ListItem\",\"position\":2,\"name\":\"25 de noviembre: D\u00eda Internacional de la Eliminaci\u00f3n de la violencia contra las Mujeres\"}]},{\"@type\":\"WebSite\",\"@id\":\"https:\\\/\\\/www.fcejs.unsl.edu.ar\\\/#website\",\"url\":\"https:\\\/\\\/www.fcejs.unsl.edu.ar\\\/\",\"name\":\"Facultad de Ciencias Econ\u00f3micas, Jur\u00ed\u00addicas y Sociales\",\"description\":\"\",\"publisher\":{\"@id\":\"https:\\\/\\\/www.fcejs.unsl.edu.ar\\\/#organization\"},\"potentialAction\":[{\"@type\":\"SearchAction\",\"target\":{\"@type\":\"EntryPoint\",\"urlTemplate\":\"https:\\\/\\\/www.fcejs.unsl.edu.ar\\\/?s={search_term_string}\"},\"query-input\":{\"@type\":\"PropertyValueSpecification\",\"valueRequired\":true,\"valueName\":\"search_term_string\"}}],\"inLanguage\":\"es-AR\"},{\"@type\":\"Organization\",\"@id\":\"https:\\\/\\\/www.fcejs.unsl.edu.ar\\\/#organization\",\"name\":\"Facultad de Ciencias Econ\u00f3micas, Jur\u00eddicas y Sociales\",\"url\":\"https:\\\/\\\/www.fcejs.unsl.edu.ar\\\/\",\"logo\":{\"@type\":\"ImageObject\",\"inLanguage\":\"es-AR\",\"@id\":\"https:\\\/\\\/www.fcejs.unsl.edu.ar\\\/#\\\/schema\\\/logo\\\/image\\\/\",\"url\":\"https:\\\/\\\/www.fcejs.unsl.edu.ar\\\/wp-content\\\/uploads\\\/2021\\\/03\\\/logo-1.jpg\",\"contentUrl\":\"https:\\\/\\\/www.fcejs.unsl.edu.ar\\\/wp-content\\\/uploads\\\/2021\\\/03\\\/logo-1.jpg\",\"width\":471,\"height\":146,\"caption\":\"Facultad de Ciencias Econ\u00f3micas, Jur\u00eddicas y Sociales\"},\"image\":{\"@id\":\"https:\\\/\\\/www.fcejs.unsl.edu.ar\\\/#\\\/schema\\\/logo\\\/image\\\/\"},\"sameAs\":[\"https:\\\/\\\/www.facebook.com\\\/FCEJS.UNSL\\\/\",\"https:\\\/\\\/x.com\\\/FCEJSUNSL\",\"https:\\\/\\\/www.instagram.com\\\/fcejs.unsl\\\/\",\"https:\\\/\\\/www.youtube.com\\\/channel\\\/UCH-Ut6EaN_X5ogjIQMPe46g\\\/\"]},{\"@type\":\"Person\",\"@id\":\"https:\\\/\\\/www.fcejs.unsl.edu.ar\\\/#\\\/schema\\\/person\\\/352ee6ed90c3f394c7cb5945f8956d34\",\"name\":\"DATI\"}]}<\/script>\n<!-- \/ Yoast SEO plugin. -->","yoast_head_json":{"title":"25 de noviembre: D\u00eda Internacional de la Eliminaci\u00f3n de la violencia contra las Mujeres - Facultad de Ciencias Econ\u00f3micas, Jur\u00ed\u00addicas y Sociales","robots":{"index":"index","follow":"follow","max-snippet":"max-snippet:-1","max-image-preview":"max-image-preview:large","max-video-preview":"max-video-preview:-1"},"canonical":"https:\/\/www.fcejs.unsl.edu.ar\/index.php\/25-de-noviembre-dia-internacional-de-la-eliminacion-de-la-violencia-contra-las-mujeres\/","og_locale":"es_ES","og_type":"article","og_title":"25 de noviembre: D\u00eda Internacional de la Eliminaci\u00f3n de la violencia contra las Mujeres - Facultad de Ciencias Econ\u00f3micas, Jur\u00ed\u00addicas y Sociales","og_description":"Desde el Programa de G\u00e9nero, Universidad y Sociedad, de la Facultad de Ciencias Econ\u00f3micas, Jur\u00eddicas y Sociales coordinado por la Licenciada Vianel Garc\u00eda,\u00a025 de noviembre&hellip;","og_url":"https:\/\/www.fcejs.unsl.edu.ar\/index.php\/25-de-noviembre-dia-internacional-de-la-eliminacion-de-la-violencia-contra-las-mujeres\/","og_site_name":"Facultad de Ciencias Econ\u00f3micas, Jur\u00ed\u00addicas y Sociales","article_publisher":"https:\/\/www.facebook.com\/FCEJS.UNSL\/","article_published_time":"2022-11-24T15:26:36+00:00","article_modified_time":"2022-11-28T11:26:24+00:00","og_image":[{"width":1152,"height":647,"url":"https:\/\/www.fcejs.unsl.edu.ar\/wp-content\/uploads\/2022\/11\/no-violencia-mujer-front.jpg","type":"image\/jpeg"}],"author":"DATI","twitter_card":"summary_large_image","twitter_creator":"@FCEJSUNSL","twitter_site":"@FCEJSUNSL","twitter_misc":{"Escrito por":"DATI","Tiempo de lectura":"4 minutos"},"schema":{"@context":"https:\/\/schema.org","@graph":[{"@type":"Article","@id":"https:\/\/www.fcejs.unsl.edu.ar\/index.php\/25-de-noviembre-dia-internacional-de-la-eliminacion-de-la-violencia-contra-las-mujeres\/#article","isPartOf":{"@id":"https:\/\/www.fcejs.unsl.edu.ar\/index.php\/25-de-noviembre-dia-internacional-de-la-eliminacion-de-la-violencia-contra-las-mujeres\/"},"author":{"name":"DATI","@id":"https:\/\/www.fcejs.unsl.edu.ar\/#\/schema\/person\/352ee6ed90c3f394c7cb5945f8956d34"},"headline":"25 de noviembre: D\u00eda Internacional de la Eliminaci\u00f3n de la violencia contra las Mujeres","datePublished":"2022-11-24T15:26:36+00:00","dateModified":"2022-11-28T11:26:24+00:00","mainEntityOfPage":{"@id":"https:\/\/www.fcejs.unsl.edu.ar\/index.php\/25-de-noviembre-dia-internacional-de-la-eliminacion-de-la-violencia-contra-las-mujeres\/"},"wordCount":766,"publisher":{"@id":"https:\/\/www.fcejs.unsl.edu.ar\/#organization"},"image":{"@id":"https:\/\/www.fcejs.unsl.edu.ar\/index.php\/25-de-noviembre-dia-internacional-de-la-eliminacion-de-la-violencia-contra-las-mujeres\/#primaryimage"},"thumbnailUrl":"https:\/\/www.fcejs.unsl.edu.ar\/wp-content\/uploads\/2022\/11\/no-violencia-mujer-front.jpg","articleSection":["Noticias"],"inLanguage":"es-AR"},{"@type":"WebPage","@id":"https:\/\/www.fcejs.unsl.edu.ar\/index.php\/25-de-noviembre-dia-internacional-de-la-eliminacion-de-la-violencia-contra-las-mujeres\/","url":"https:\/\/www.fcejs.unsl.edu.ar\/index.php\/25-de-noviembre-dia-internacional-de-la-eliminacion-de-la-violencia-contra-las-mujeres\/","name":"25 de noviembre: D\u00eda Internacional de la Eliminaci\u00f3n de la violencia contra las Mujeres - Facultad de Ciencias Econ\u00f3micas, Jur\u00ed\u00addicas y Sociales","isPartOf":{"@id":"https:\/\/www.fcejs.unsl.edu.ar\/#website"},"primaryImageOfPage":{"@id":"https:\/\/www.fcejs.unsl.edu.ar\/index.php\/25-de-noviembre-dia-internacional-de-la-eliminacion-de-la-violencia-contra-las-mujeres\/#primaryimage"},"image":{"@id":"https:\/\/www.fcejs.unsl.edu.ar\/index.php\/25-de-noviembre-dia-internacional-de-la-eliminacion-de-la-violencia-contra-las-mujeres\/#primaryimage"},"thumbnailUrl":"https:\/\/www.fcejs.unsl.edu.ar\/wp-content\/uploads\/2022\/11\/no-violencia-mujer-front.jpg","datePublished":"2022-11-24T15:26:36+00:00","dateModified":"2022-11-28T11:26:24+00:00","breadcrumb":{"@id":"https:\/\/www.fcejs.unsl.edu.ar\/index.php\/25-de-noviembre-dia-internacional-de-la-eliminacion-de-la-violencia-contra-las-mujeres\/#breadcrumb"},"inLanguage":"es-AR","potentialAction":[{"@type":"ReadAction","target":["https:\/\/www.fcejs.unsl.edu.ar\/index.php\/25-de-noviembre-dia-internacional-de-la-eliminacion-de-la-violencia-contra-las-mujeres\/"]}]},{"@type":"ImageObject","inLanguage":"es-AR","@id":"https:\/\/www.fcejs.unsl.edu.ar\/index.php\/25-de-noviembre-dia-internacional-de-la-eliminacion-de-la-violencia-contra-las-mujeres\/#primaryimage","url":"https:\/\/www.fcejs.unsl.edu.ar\/wp-content\/uploads\/2022\/11\/no-violencia-mujer-front.jpg","contentUrl":"https:\/\/www.fcejs.unsl.edu.ar\/wp-content\/uploads\/2022\/11\/no-violencia-mujer-front.jpg","width":1152,"height":647},{"@type":"BreadcrumbList","@id":"https:\/\/www.fcejs.unsl.edu.ar\/index.php\/25-de-noviembre-dia-internacional-de-la-eliminacion-de-la-violencia-contra-las-mujeres\/#breadcrumb","itemListElement":[{"@type":"ListItem","position":1,"name":"Inicio","item":"https:\/\/www.fcejs.unsl.edu.ar\/"},{"@type":"ListItem","position":2,"name":"25 de noviembre: D\u00eda Internacional de la Eliminaci\u00f3n de la violencia contra las Mujeres"}]},{"@type":"WebSite","@id":"https:\/\/www.fcejs.unsl.edu.ar\/#website","url":"https:\/\/www.fcejs.unsl.edu.ar\/","name":"Facultad de Ciencias Econ\u00f3micas, Jur\u00ed\u00addicas y Sociales","description":"","publisher":{"@id":"https:\/\/www.fcejs.unsl.edu.ar\/#organization"},"potentialAction":[{"@type":"SearchAction","target":{"@type":"EntryPoint","urlTemplate":"https:\/\/www.fcejs.unsl.edu.ar\/?s={search_term_string}"},"query-input":{"@type":"PropertyValueSpecification","valueRequired":true,"valueName":"search_term_string"}}],"inLanguage":"es-AR"},{"@type":"Organization","@id":"https:\/\/www.fcejs.unsl.edu.ar\/#organization","name":"Facultad de Ciencias Econ\u00f3micas, Jur\u00eddicas y Sociales","url":"https:\/\/www.fcejs.unsl.edu.ar\/","logo":{"@type":"ImageObject","inLanguage":"es-AR","@id":"https:\/\/www.fcejs.unsl.edu.ar\/#\/schema\/logo\/image\/","url":"https:\/\/www.fcejs.unsl.edu.ar\/wp-content\/uploads\/2021\/03\/logo-1.jpg","contentUrl":"https:\/\/www.fcejs.unsl.edu.ar\/wp-content\/uploads\/2021\/03\/logo-1.jpg","width":471,"height":146,"caption":"Facultad de Ciencias Econ\u00f3micas, Jur\u00eddicas y Sociales"},"image":{"@id":"https:\/\/www.fcejs.unsl.edu.ar\/#\/schema\/logo\/image\/"},"sameAs":["https:\/\/www.facebook.com\/FCEJS.UNSL\/","https:\/\/x.com\/FCEJSUNSL","https:\/\/www.instagram.com\/fcejs.unsl\/","https:\/\/www.youtube.com\/channel\/UCH-Ut6EaN_X5ogjIQMPe46g\/"]},{"@type":"Person","@id":"https:\/\/www.fcejs.unsl.edu.ar\/#\/schema\/person\/352ee6ed90c3f394c7cb5945f8956d34","name":"DATI"}]}},"jetpack_featured_media_url":"https:\/\/www.fcejs.unsl.edu.ar\/wp-content\/uploads\/2022\/11\/no-violencia-mujer-front.jpg","_links":{"self":[{"href":"https:\/\/www.fcejs.unsl.edu.ar\/index.php\/wp-json\/wp\/v2\/posts\/10280","targetHints":{"allow":["GET"]}}],"collection":[{"href":"https:\/\/www.fcejs.unsl.edu.ar\/index.php\/wp-json\/wp\/v2\/posts"}],"about":[{"href":"https:\/\/www.fcejs.unsl.edu.ar\/index.php\/wp-json\/wp\/v2\/types\/post"}],"author":[{"embeddable":true,"href":"https:\/\/www.fcejs.unsl.edu.ar\/index.php\/wp-json\/wp\/v2\/users\/9"}],"replies":[{"embeddable":true,"href":"https:\/\/www.fcejs.unsl.edu.ar\/index.php\/wp-json\/wp\/v2\/comments?post=10280"}],"version-history":[{"count":1,"href":"https:\/\/www.fcejs.unsl.edu.ar\/index.php\/wp-json\/wp\/v2\/posts\/10280\/revisions"}],"predecessor-version":[{"id":10282,"href":"https:\/\/www.fcejs.unsl.edu.ar\/index.php\/wp-json\/wp\/v2\/posts\/10280\/revisions\/10282"}],"wp:featuredmedia":[{"embeddable":true,"href":"https:\/\/www.fcejs.unsl.edu.ar\/index.php\/wp-json\/wp\/v2\/media\/10281"}],"wp:attachment":[{"href":"https:\/\/www.fcejs.unsl.edu.ar\/index.php\/wp-json\/wp\/v2\/media?parent=10280"}],"wp:term":[{"taxonomy":"category","embeddable":true,"href":"https:\/\/www.fcejs.unsl.edu.ar\/index.php\/wp-json\/wp\/v2\/categories?post=10280"},{"taxonomy":"post_tag","embeddable":true,"href":"https:\/\/www.fcejs.unsl.edu.ar\/index.php\/wp-json\/wp\/v2\/tags?post=10280"}],"curies":[{"name":"wp","href":"https:\/\/api.w.org\/{rel}","templated":true}]}}