{"id":10261,"date":"2022-11-24T11:54:54","date_gmt":"2022-11-24T14:54:54","guid":{"rendered":"http:\/\/10.101.10.197\/www\/?p=10261"},"modified":"2022-11-24T11:58:27","modified_gmt":"2022-11-24T14:58:27","slug":"estudiantes-y-docentes-se-interiorizaron-sobre-los-nuevos-proyectos-de-investigacion-de-las-ciencias-economicas-de-la-fcejs","status":"publish","type":"post","link":"https:\/\/www.fcejs.unsl.edu.ar\/index.php\/estudiantes-y-docentes-se-interiorizaron-sobre-los-nuevos-proyectos-de-investigacion-de-las-ciencias-economicas-de-la-fcejs\/","title":{"rendered":"Estudiantes y docentes se interiorizaron sobre los nuevos proyectos de investigaci\u00f3n de las Ciencias Econ\u00f3micas de la FCEJS"},"content":{"rendered":"<p>Con la finalidad exponer y socializar avances de Proyectos de Investigaci\u00f3n de las Ciencias Econ\u00f3micas, en la tarde del mi\u00e9rcoles 23 de noviembre de 2022, se llev\u00f3 a cabo las <strong>Primeras Jornadas de Divulgaci\u00f3n Cient\u00edfica Contables e Impositivas<\/strong>, actividad destinada a <strong>grupos de investigaci\u00f3n y estudiantes de ciencias econ\u00f3micas de la FCEJS<\/strong>.<\/p>\n<p>Las palabras de bienvenida fueron brindadas por la Decana, Mgtr. Roxanna Camiletti quien felicit\u00f3 y destac\u00f3 el trabajo realizado por docentes del Departamento de Ciencias Econ\u00f3micas en el armado y presentaci\u00f3n de nuevos proyectos de investigaci\u00f3n en el marco del Programa de Fortalecimiento para la Investigaci\u00f3n en Ciencias Econ\u00f3micas (PROMCE). \u201cHa sido un logro enorme, que despu\u00e9s de tantos a\u00f1os, la FCEJS cuente con cinco proyectos de investigaci\u00f3n de las Ciencias Econ\u00f3micas. Elaborar estos proyectos realmente ayudaron a cumplir una de las recomendaciones de la CONEAU para la acreditaci\u00f3n de la carrera\u201d, puntualiz\u00f3 la Decana.<\/p>\n<p><img fetchpriority=\"high\" decoding=\"async\" class=\"aligncenter wp-image-10274 size-full\" src=\"https:\/\/www.fcejs.unsl.edu.ar\/wp-content\/uploads\/2022\/11\/Primeras-Jornadas-de-Divulgacion-Cientifica-Contables-e-Impositivas_0003_Capa-1.jpg\" alt=\"\" width=\"1100\" height=\"733\" srcset=\"https:\/\/www.fcejs.unsl.edu.ar\/wp-content\/uploads\/2022\/11\/Primeras-Jornadas-de-Divulgacion-Cientifica-Contables-e-Impositivas_0003_Capa-1.jpg 1100w, https:\/\/www.fcejs.unsl.edu.ar\/wp-content\/uploads\/2022\/11\/Primeras-Jornadas-de-Divulgacion-Cientifica-Contables-e-Impositivas_0003_Capa-1-300x200.jpg 300w, https:\/\/www.fcejs.unsl.edu.ar\/wp-content\/uploads\/2022\/11\/Primeras-Jornadas-de-Divulgacion-Cientifica-Contables-e-Impositivas_0003_Capa-1-1024x682.jpg 1024w, https:\/\/www.fcejs.unsl.edu.ar\/wp-content\/uploads\/2022\/11\/Primeras-Jornadas-de-Divulgacion-Cientifica-Contables-e-Impositivas_0003_Capa-1-768x512.jpg 768w\" sizes=\"(max-width: 1100px) 100vw, 1100px\" \/><\/p>\n<p>La jornada continu\u00f3 con diferentes exposiciones relacionadas a la Recaudaci\u00f3n Tributaria en Argentina; An\u00e1lisis estad\u00edstico de las variables involucradas; An\u00e1lisis Costo-Beneficios de incorporar en Pymes equipo de generaci\u00f3n distribuida entre las provincias de C\u00f3rdoba y San Luis.<\/p>\n<div class=\"gmedia_gallery phantom_module is_bot\" id=\"GmediaGallery_118\" data-gmid=\"118\" data-module=\"phantom\"><style type='text\/css' class='gmedia_module_style_import'>@import url('https:\/\/www.fcejs.unsl.edu.ar\/wp-content\/plugins\/grand-media\/module\/phantom\/css\/style.css') all;<\/style>    <div class=\"gmPhantom_Container noLightbox\" >\r\n                <div class=\"gmPhantom_thumbsWrapper gmPhantom_ThumbScale gmPhantom_LabelHover\">\r\n                        <div class=\"gmPhantom_ThumbContainer gmPhantom_ThumbLoader\" data-id=\"1520\" data-post_id=\"10272\" data-ratio=\"1.3333333333333\" data-type=\"image\" data-ext=\"jpg\" data-views=\"40\" data-likes=\"0\" data-cc=\"0\" data-post_link=\"https:\/\/www.fcejs.unsl.edu.ar\/index.php\/gmedia\/jornadas_de_divulgaci_n_cient_fica_contables_e_impositivas-2022_10_-jpg\/\">\r\n                <a href=\"https:\/\/www.fcejs.unsl.edu.ar\/wp-content\/grand-media\/image\/Jornadas_de_Divulgaci_n_Cient_fica_Contables_e_Impositivas-2022_10_.jpg\" class=\"gmPhantom_Thumb\"><img decoding=\"async\" src=\"https:\/\/www.fcejs.unsl.edu.ar\/wp-content\/grand-media\/image\/thumb\/Jornadas_de_Divulgaci_n_Cient_fica_Contables_e_Impositivas-2022_10_.jpg\" data-src=\"https:\/\/www.fcejs.unsl.edu.ar\/wp-content\/grand-media\/image\/Jornadas_de_Divulgaci_n_Cient_fica_Contables_e_Impositivas-2022_10_.jpg\" alt=\"Jornadas De Divulgaci\u00f3n Cient\u00edfica Contables E Impositivas-2022 (10)\"\/><\/a>\r\n                                    <div class=\"gmPhantom_ThumbLabel\"><span class=\"gmPhantom_ThumbLabel_title\">Jornadas De Divulgaci\u00f3n Cient\u00edfica Contables E Impositivas-2022 (10)<\/span><\/div>\r\n                                    <div style=\"display:none;\" class=\"gmPhantom_Details\">\r\n                                            <div class=\"gmPhantom_description\">\r\n                            <div class=\"gmPhantom_title\">Jornadas De Divulgaci\u00f3n Cient\u00edfica Contables E Impositivas-2022 (10)<\/div>\r\n                            <div class=\"gmPhantom_text\"><\/div>\r\n                        <\/div>\r\n                                                            <div class=\"gmPhantom_terms\">\r\n                                                    <div class=\"gmPhantom_other_terms\">\r\n                                <table class=\"gmPhantom_other_terms_table\">\r\n                                                                            <tr class=\"gmPhantom_term_row_album\">\r\n                                            <td class=\"gmPhantom_term_key\">Album<\/td>\r\n                                            <td class=\"gmPhantom_term_value\"><a href=\"\/index.php\/wp-json\/wp\/v2\/posts\/10261?gm118[album__in]=118\" class=\"gmPhantom_alb\">Jornadas de Divulgaci\u00f3n Cient\u00edfica Contables e Impositivas-2022<\/a><\/td>\r\n                                        <\/tr>\r\n                                                                    <\/table>\r\n                            <\/div>\r\n                                                <\/div>\r\n                <\/div>\r\n                <\/div>            <div class=\"gmPhantom_ThumbContainer gmPhantom_ThumbLoader\" data-id=\"1519\" data-post_id=\"10271\" data-ratio=\"1.3333333333333\" data-type=\"image\" data-ext=\"jpg\" data-views=\"40\" data-likes=\"0\" data-cc=\"0\" data-post_link=\"https:\/\/www.fcejs.unsl.edu.ar\/index.php\/gmedia\/jornadas_de_divulgaci_n_cient_fica_contables_e_impositivas-2022_9_-jpg\/\">\r\n                <a href=\"https:\/\/www.fcejs.unsl.edu.ar\/wp-content\/grand-media\/image\/Jornadas_de_Divulgaci_n_Cient_fica_Contables_e_Impositivas-2022_9_.jpg\" class=\"gmPhantom_Thumb\"><img decoding=\"async\" src=\"https:\/\/www.fcejs.unsl.edu.ar\/wp-content\/grand-media\/image\/thumb\/Jornadas_de_Divulgaci_n_Cient_fica_Contables_e_Impositivas-2022_9_.jpg\" data-src=\"https:\/\/www.fcejs.unsl.edu.ar\/wp-content\/grand-media\/image\/Jornadas_de_Divulgaci_n_Cient_fica_Contables_e_Impositivas-2022_9_.jpg\" alt=\"Jornadas De Divulgaci\u00f3n Cient\u00edfica Contables E Impositivas-2022 (9)\"\/><\/a>\r\n                                    <div class=\"gmPhantom_ThumbLabel\"><span class=\"gmPhantom_ThumbLabel_title\">Jornadas De Divulgaci\u00f3n Cient\u00edfica Contables E Impositivas-2022 (9)<\/span><\/div>\r\n                                    <div style=\"display:none;\" class=\"gmPhantom_Details\">\r\n                                            <div class=\"gmPhantom_description\">\r\n                            <div class=\"gmPhantom_title\">Jornadas De Divulgaci\u00f3n Cient\u00edfica Contables E Impositivas-2022 (9)<\/div>\r\n                            <div class=\"gmPhantom_text\"><\/div>\r\n                        <\/div>\r\n                                                            <div class=\"gmPhantom_terms\">\r\n                                                    <div class=\"gmPhantom_other_terms\">\r\n                                <table class=\"gmPhantom_other_terms_table\">\r\n                                                                            <tr class=\"gmPhantom_term_row_album\">\r\n                                            <td class=\"gmPhantom_term_key\">Album<\/td>\r\n                                            <td class=\"gmPhantom_term_value\"><a href=\"\/index.php\/wp-json\/wp\/v2\/posts\/10261?gm118[album__in]=118\" class=\"gmPhantom_alb\">Jornadas de Divulgaci\u00f3n Cient\u00edfica Contables e Impositivas-2022<\/a><\/td>\r\n                                        <\/tr>\r\n                                                                    <\/table>\r\n                            <\/div>\r\n                                                <\/div>\r\n                <\/div>\r\n                <\/div>            <div class=\"gmPhantom_ThumbContainer gmPhantom_ThumbLoader\" data-id=\"1518\" data-post_id=\"10270\" data-ratio=\"1.3333333333333\" data-type=\"image\" data-ext=\"jpg\" data-views=\"34\" data-likes=\"0\" data-cc=\"0\" data-post_link=\"https:\/\/www.fcejs.unsl.edu.ar\/index.php\/gmedia\/jornadas_de_divulgaci_n_cient_fica_contables_e_impositivas-2022_8_-jpg\/\">\r\n                <a href=\"https:\/\/www.fcejs.unsl.edu.ar\/wp-content\/grand-media\/image\/Jornadas_de_Divulgaci_n_Cient_fica_Contables_e_Impositivas-2022_8_.jpg\" class=\"gmPhantom_Thumb\"><img decoding=\"async\" src=\"https:\/\/www.fcejs.unsl.edu.ar\/wp-content\/grand-media\/image\/thumb\/Jornadas_de_Divulgaci_n_Cient_fica_Contables_e_Impositivas-2022_8_.jpg\" data-src=\"https:\/\/www.fcejs.unsl.edu.ar\/wp-content\/grand-media\/image\/Jornadas_de_Divulgaci_n_Cient_fica_Contables_e_Impositivas-2022_8_.jpg\" alt=\"Jornadas De Divulgaci\u00f3n Cient\u00edfica Contables E Impositivas-2022 (8)\"\/><\/a>\r\n                                    <div class=\"gmPhantom_ThumbLabel\"><span class=\"gmPhantom_ThumbLabel_title\">Jornadas De Divulgaci\u00f3n Cient\u00edfica Contables E Impositivas-2022 (8)<\/span><\/div>\r\n                                    <div style=\"display:none;\" class=\"gmPhantom_Details\">\r\n                                            <div class=\"gmPhantom_description\">\r\n                            <div class=\"gmPhantom_title\">Jornadas De Divulgaci\u00f3n Cient\u00edfica Contables E Impositivas-2022 (8)<\/div>\r\n                            <div class=\"gmPhantom_text\"><\/div>\r\n                        <\/div>\r\n                                                            <div class=\"gmPhantom_terms\">\r\n                                                    <div class=\"gmPhantom_other_terms\">\r\n                                <table class=\"gmPhantom_other_terms_table\">\r\n                                                                            <tr class=\"gmPhantom_term_row_album\">\r\n                                            <td class=\"gmPhantom_term_key\">Album<\/td>\r\n                                            <td class=\"gmPhantom_term_value\"><a href=\"\/index.php\/wp-json\/wp\/v2\/posts\/10261?gm118[album__in]=118\" class=\"gmPhantom_alb\">Jornadas de Divulgaci\u00f3n Cient\u00edfica Contables e Impositivas-2022<\/a><\/td>\r\n                                        <\/tr>\r\n                                                                    <\/table>\r\n                            <\/div>\r\n                                                <\/div>\r\n                <\/div>\r\n                <\/div>            <div class=\"gmPhantom_ThumbContainer gmPhantom_ThumbLoader\" data-id=\"1517\" data-post_id=\"10269\" data-ratio=\"1.3333333333333\" data-type=\"image\" data-ext=\"jpg\" data-views=\"39\" data-likes=\"0\" data-cc=\"0\" data-post_link=\"https:\/\/www.fcejs.unsl.edu.ar\/index.php\/gmedia\/jornadas_de_divulgaci_n_cient_fica_contables_e_impositivas-2022_7_-jpg\/\">\r\n                <a href=\"https:\/\/www.fcejs.unsl.edu.ar\/wp-content\/grand-media\/image\/Jornadas_de_Divulgaci_n_Cient_fica_Contables_e_Impositivas-2022_7_.jpg\" class=\"gmPhantom_Thumb\"><img decoding=\"async\" src=\"https:\/\/www.fcejs.unsl.edu.ar\/wp-content\/grand-media\/image\/thumb\/Jornadas_de_Divulgaci_n_Cient_fica_Contables_e_Impositivas-2022_7_.jpg\" data-src=\"https:\/\/www.fcejs.unsl.edu.ar\/wp-content\/grand-media\/image\/Jornadas_de_Divulgaci_n_Cient_fica_Contables_e_Impositivas-2022_7_.jpg\" alt=\"Jornadas De Divulgaci\u00f3n Cient\u00edfica Contables E Impositivas-2022 (7)\"\/><\/a>\r\n                                    <div class=\"gmPhantom_ThumbLabel\"><span class=\"gmPhantom_ThumbLabel_title\">Jornadas De Divulgaci\u00f3n Cient\u00edfica Contables E Impositivas-2022 (7)<\/span><\/div>\r\n                                    <div style=\"display:none;\" class=\"gmPhantom_Details\">\r\n                                            <div class=\"gmPhantom_description\">\r\n                            <div class=\"gmPhantom_title\">Jornadas De Divulgaci\u00f3n Cient\u00edfica Contables E Impositivas-2022 (7)<\/div>\r\n                            <div class=\"gmPhantom_text\"><\/div>\r\n                        <\/div>\r\n                                                            <div class=\"gmPhantom_terms\">\r\n                                                    <div class=\"gmPhantom_other_terms\">\r\n                                <table class=\"gmPhantom_other_terms_table\">\r\n                                                                            <tr class=\"gmPhantom_term_row_album\">\r\n                                            <td class=\"gmPhantom_term_key\">Album<\/td>\r\n                                            <td class=\"gmPhantom_term_value\"><a href=\"\/index.php\/wp-json\/wp\/v2\/posts\/10261?gm118[album__in]=118\" class=\"gmPhantom_alb\">Jornadas de Divulgaci\u00f3n Cient\u00edfica Contables e Impositivas-2022<\/a><\/td>\r\n                                        <\/tr>\r\n                                                                    <\/table>\r\n                            <\/div>\r\n                                                <\/div>\r\n                <\/div>\r\n                <\/div>            <div class=\"gmPhantom_ThumbContainer gmPhantom_ThumbLoader\" data-id=\"1516\" data-post_id=\"10268\" data-ratio=\"1.3333333333333\" data-type=\"image\" data-ext=\"jpg\" data-views=\"34\" data-likes=\"0\" data-cc=\"0\" data-post_link=\"https:\/\/www.fcejs.unsl.edu.ar\/index.php\/gmedia\/jornadas_de_divulgaci_n_cient_fica_contables_e_impositivas-2022_6_-jpg\/\">\r\n                <a href=\"https:\/\/www.fcejs.unsl.edu.ar\/wp-content\/grand-media\/image\/Jornadas_de_Divulgaci_n_Cient_fica_Contables_e_Impositivas-2022_6_.jpg\" class=\"gmPhantom_Thumb\"><img decoding=\"async\" src=\"https:\/\/www.fcejs.unsl.edu.ar\/wp-content\/grand-media\/image\/thumb\/Jornadas_de_Divulgaci_n_Cient_fica_Contables_e_Impositivas-2022_6_.jpg\" data-src=\"https:\/\/www.fcejs.unsl.edu.ar\/wp-content\/grand-media\/image\/Jornadas_de_Divulgaci_n_Cient_fica_Contables_e_Impositivas-2022_6_.jpg\" alt=\"Jornadas De Divulgaci\u00f3n Cient\u00edfica Contables E Impositivas-2022 (6)\"\/><\/a>\r\n                                    <div class=\"gmPhantom_ThumbLabel\"><span class=\"gmPhantom_ThumbLabel_title\">Jornadas De Divulgaci\u00f3n Cient\u00edfica Contables E Impositivas-2022 (6)<\/span><\/div>\r\n                                    <div style=\"display:none;\" class=\"gmPhantom_Details\">\r\n                                            <div class=\"gmPhantom_description\">\r\n                            <div class=\"gmPhantom_title\">Jornadas De Divulgaci\u00f3n Cient\u00edfica Contables E Impositivas-2022 (6)<\/div>\r\n                            <div class=\"gmPhantom_text\"><\/div>\r\n                        <\/div>\r\n                                                            <div class=\"gmPhantom_terms\">\r\n                                                    <div class=\"gmPhantom_other_terms\">\r\n                                <table class=\"gmPhantom_other_terms_table\">\r\n                                                                            <tr class=\"gmPhantom_term_row_album\">\r\n                                            <td class=\"gmPhantom_term_key\">Album<\/td>\r\n                                            <td class=\"gmPhantom_term_value\"><a href=\"\/index.php\/wp-json\/wp\/v2\/posts\/10261?gm118[album__in]=118\" class=\"gmPhantom_alb\">Jornadas de Divulgaci\u00f3n Cient\u00edfica Contables e Impositivas-2022<\/a><\/td>\r\n                                        <\/tr>\r\n                                                                    <\/table>\r\n                            <\/div>\r\n                                                <\/div>\r\n                <\/div>\r\n                <\/div>            <div class=\"gmPhantom_ThumbContainer gmPhantom_ThumbLoader\" data-id=\"1515\" data-post_id=\"10267\" data-ratio=\"1.3333333333333\" data-type=\"image\" data-ext=\"jpg\" data-views=\"35\" data-likes=\"0\" data-cc=\"0\" data-post_link=\"https:\/\/www.fcejs.unsl.edu.ar\/index.php\/gmedia\/jornadas_de_divulgaci_n_cient_fica_contables_e_impositivas-2022_5_-jpg\/\">\r\n                <a href=\"https:\/\/www.fcejs.unsl.edu.ar\/wp-content\/grand-media\/image\/Jornadas_de_Divulgaci_n_Cient_fica_Contables_e_Impositivas-2022_5_.jpg\" class=\"gmPhantom_Thumb\"><img decoding=\"async\" src=\"https:\/\/www.fcejs.unsl.edu.ar\/wp-content\/grand-media\/image\/thumb\/Jornadas_de_Divulgaci_n_Cient_fica_Contables_e_Impositivas-2022_5_.jpg\" data-src=\"https:\/\/www.fcejs.unsl.edu.ar\/wp-content\/grand-media\/image\/Jornadas_de_Divulgaci_n_Cient_fica_Contables_e_Impositivas-2022_5_.jpg\" alt=\"Jornadas De Divulgaci\u00f3n Cient\u00edfica Contables E Impositivas-2022 (5)\"\/><\/a>\r\n                                    <div class=\"gmPhantom_ThumbLabel\"><span class=\"gmPhantom_ThumbLabel_title\">Jornadas De Divulgaci\u00f3n Cient\u00edfica Contables E Impositivas-2022 (5)<\/span><\/div>\r\n                                    <div style=\"display:none;\" class=\"gmPhantom_Details\">\r\n                                            <div class=\"gmPhantom_description\">\r\n                            <div class=\"gmPhantom_title\">Jornadas De Divulgaci\u00f3n Cient\u00edfica Contables E Impositivas-2022 (5)<\/div>\r\n                            <div class=\"gmPhantom_text\"><\/div>\r\n                        <\/div>\r\n                                                            <div class=\"gmPhantom_terms\">\r\n                                                    <div class=\"gmPhantom_other_terms\">\r\n                                <table class=\"gmPhantom_other_terms_table\">\r\n                                                                            <tr class=\"gmPhantom_term_row_album\">\r\n                                            <td class=\"gmPhantom_term_key\">Album<\/td>\r\n                                            <td class=\"gmPhantom_term_value\"><a href=\"\/index.php\/wp-json\/wp\/v2\/posts\/10261?gm118[album__in]=118\" class=\"gmPhantom_alb\">Jornadas de Divulgaci\u00f3n Cient\u00edfica Contables e Impositivas-2022<\/a><\/td>\r\n                                        <\/tr>\r\n                                                                    <\/table>\r\n                            <\/div>\r\n                                                <\/div>\r\n                <\/div>\r\n                <\/div>            <div class=\"gmPhantom_ThumbContainer gmPhantom_ThumbLoader\" data-id=\"1514\" data-post_id=\"10266\" data-ratio=\"1.3333333333333\" data-type=\"image\" data-ext=\"jpg\" data-views=\"37\" data-likes=\"0\" data-cc=\"0\" data-post_link=\"https:\/\/www.fcejs.unsl.edu.ar\/index.php\/gmedia\/jornadas_de_divulgaci_n_cient_fica_contables_e_impositivas-2022_4_-jpg\/\">\r\n                <a href=\"https:\/\/www.fcejs.unsl.edu.ar\/wp-content\/grand-media\/image\/Jornadas_de_Divulgaci_n_Cient_fica_Contables_e_Impositivas-2022_4_.jpg\" class=\"gmPhantom_Thumb\"><img decoding=\"async\" src=\"https:\/\/www.fcejs.unsl.edu.ar\/wp-content\/grand-media\/image\/thumb\/Jornadas_de_Divulgaci_n_Cient_fica_Contables_e_Impositivas-2022_4_.jpg\" data-src=\"https:\/\/www.fcejs.unsl.edu.ar\/wp-content\/grand-media\/image\/Jornadas_de_Divulgaci_n_Cient_fica_Contables_e_Impositivas-2022_4_.jpg\" alt=\"Jornadas De Divulgaci\u00f3n Cient\u00edfica Contables E Impositivas-2022 (4)\"\/><\/a>\r\n                                    <div class=\"gmPhantom_ThumbLabel\"><span class=\"gmPhantom_ThumbLabel_title\">Jornadas De Divulgaci\u00f3n Cient\u00edfica Contables E Impositivas-2022 (4)<\/span><\/div>\r\n                                    <div style=\"display:none;\" class=\"gmPhantom_Details\">\r\n                                            <div class=\"gmPhantom_description\">\r\n                            <div class=\"gmPhantom_title\">Jornadas De Divulgaci\u00f3n Cient\u00edfica Contables E Impositivas-2022 (4)<\/div>\r\n                            <div class=\"gmPhantom_text\"><\/div>\r\n                        <\/div>\r\n                                                            <div class=\"gmPhantom_terms\">\r\n                                                    <div class=\"gmPhantom_other_terms\">\r\n                                <table class=\"gmPhantom_other_terms_table\">\r\n                                                                            <tr class=\"gmPhantom_term_row_album\">\r\n                                            <td class=\"gmPhantom_term_key\">Album<\/td>\r\n                                            <td class=\"gmPhantom_term_value\"><a href=\"\/index.php\/wp-json\/wp\/v2\/posts\/10261?gm118[album__in]=118\" class=\"gmPhantom_alb\">Jornadas de Divulgaci\u00f3n Cient\u00edfica Contables e Impositivas-2022<\/a><\/td>\r\n                                        <\/tr>\r\n                                                                    <\/table>\r\n                            <\/div>\r\n                                                <\/div>\r\n                <\/div>\r\n                <\/div>            <div class=\"gmPhantom_ThumbContainer gmPhantom_ThumbLoader\" data-id=\"1513\" data-post_id=\"10265\" data-ratio=\"1.3333333333333\" data-type=\"image\" data-ext=\"jpg\" data-views=\"29\" data-likes=\"0\" data-cc=\"0\" data-post_link=\"https:\/\/www.fcejs.unsl.edu.ar\/index.php\/gmedia\/jornadas_de_divulgaci_n_cient_fica_contables_e_impositivas-2022_3_-jpg\/\">\r\n                <a href=\"https:\/\/www.fcejs.unsl.edu.ar\/wp-content\/grand-media\/image\/Jornadas_de_Divulgaci_n_Cient_fica_Contables_e_Impositivas-2022_3_.jpg\" class=\"gmPhantom_Thumb\"><img decoding=\"async\" src=\"https:\/\/www.fcejs.unsl.edu.ar\/wp-content\/grand-media\/image\/thumb\/Jornadas_de_Divulgaci_n_Cient_fica_Contables_e_Impositivas-2022_3_.jpg\" data-src=\"https:\/\/www.fcejs.unsl.edu.ar\/wp-content\/grand-media\/image\/Jornadas_de_Divulgaci_n_Cient_fica_Contables_e_Impositivas-2022_3_.jpg\" alt=\"Jornadas De Divulgaci\u00f3n Cient\u00edfica Contables E Impositivas-2022 (3)\"\/><\/a>\r\n                                    <div class=\"gmPhantom_ThumbLabel\"><span class=\"gmPhantom_ThumbLabel_title\">Jornadas De Divulgaci\u00f3n Cient\u00edfica Contables E Impositivas-2022 (3)<\/span><\/div>\r\n                                    <div style=\"display:none;\" class=\"gmPhantom_Details\">\r\n                                            <div class=\"gmPhantom_description\">\r\n                            <div class=\"gmPhantom_title\">Jornadas De Divulgaci\u00f3n Cient\u00edfica Contables E Impositivas-2022 (3)<\/div>\r\n                            <div class=\"gmPhantom_text\"><\/div>\r\n                        <\/div>\r\n                                                            <div class=\"gmPhantom_terms\">\r\n                                                    <div class=\"gmPhantom_other_terms\">\r\n                                <table class=\"gmPhantom_other_terms_table\">\r\n                                                                            <tr class=\"gmPhantom_term_row_album\">\r\n                                            <td class=\"gmPhantom_term_key\">Album<\/td>\r\n                                            <td class=\"gmPhantom_term_value\"><a href=\"\/index.php\/wp-json\/wp\/v2\/posts\/10261?gm118[album__in]=118\" class=\"gmPhantom_alb\">Jornadas de Divulgaci\u00f3n Cient\u00edfica Contables e Impositivas-2022<\/a><\/td>\r\n                                        <\/tr>\r\n                                                                    <\/table>\r\n                            <\/div>\r\n                                                <\/div>\r\n                <\/div>\r\n                <\/div>            <div class=\"gmPhantom_ThumbContainer gmPhantom_ThumbLoader\" data-id=\"1512\" data-post_id=\"10264\" data-ratio=\"0.75\" data-type=\"image\" data-ext=\"jpg\" data-views=\"39\" data-likes=\"0\" data-cc=\"0\" data-post_link=\"https:\/\/www.fcejs.unsl.edu.ar\/index.php\/gmedia\/jornadas_de_divulgaci_n_cient_fica_contables_e_impositivas-2022_2_-jpg\/\">\r\n                <a href=\"https:\/\/www.fcejs.unsl.edu.ar\/wp-content\/grand-media\/image\/Jornadas_de_Divulgaci_n_Cient_fica_Contables_e_Impositivas-2022_2_.jpg\" class=\"gmPhantom_Thumb\"><img decoding=\"async\" src=\"https:\/\/www.fcejs.unsl.edu.ar\/wp-content\/grand-media\/image\/thumb\/Jornadas_de_Divulgaci_n_Cient_fica_Contables_e_Impositivas-2022_2_.jpg\" data-src=\"https:\/\/www.fcejs.unsl.edu.ar\/wp-content\/grand-media\/image\/Jornadas_de_Divulgaci_n_Cient_fica_Contables_e_Impositivas-2022_2_.jpg\" alt=\"Jornadas De Divulgaci\u00f3n Cient\u00edfica Contables E Impositivas-2022 (2)\"\/><\/a>\r\n                                    <div class=\"gmPhantom_ThumbLabel\"><span class=\"gmPhantom_ThumbLabel_title\">Jornadas De Divulgaci\u00f3n Cient\u00edfica Contables E Impositivas-2022 (2)<\/span><\/div>\r\n                                    <div style=\"display:none;\" class=\"gmPhantom_Details\">\r\n                                            <div class=\"gmPhantom_description\">\r\n                            <div class=\"gmPhantom_title\">Jornadas De Divulgaci\u00f3n Cient\u00edfica Contables E Impositivas-2022 (2)<\/div>\r\n                            <div class=\"gmPhantom_text\"><\/div>\r\n                        <\/div>\r\n                                                            <div class=\"gmPhantom_terms\">\r\n                                                    <div class=\"gmPhantom_other_terms\">\r\n                                <table class=\"gmPhantom_other_terms_table\">\r\n                                                                            <tr class=\"gmPhantom_term_row_album\">\r\n                                            <td class=\"gmPhantom_term_key\">Album<\/td>\r\n                                            <td class=\"gmPhantom_term_value\"><a href=\"\/index.php\/wp-json\/wp\/v2\/posts\/10261?gm118[album__in]=118\" class=\"gmPhantom_alb\">Jornadas de Divulgaci\u00f3n Cient\u00edfica Contables e Impositivas-2022<\/a><\/td>\r\n                                        <\/tr>\r\n                                                                    <\/table>\r\n                            <\/div>\r\n                                                <\/div>\r\n                <\/div>\r\n                <\/div>            <div class=\"gmPhantom_ThumbContainer gmPhantom_ThumbLoader\" data-id=\"1511\" data-post_id=\"10263\" data-ratio=\"1.3333333333333\" data-type=\"image\" data-ext=\"jpg\" data-views=\"38\" data-likes=\"0\" data-cc=\"0\" data-post_link=\"https:\/\/www.fcejs.unsl.edu.ar\/index.php\/gmedia\/jornadas_de_divulgaci_n_cient_fica_contables_e_impositivas-2022_1_-jpg\/\">\r\n                <a href=\"https:\/\/www.fcejs.unsl.edu.ar\/wp-content\/grand-media\/image\/Jornadas_de_Divulgaci_n_Cient_fica_Contables_e_Impositivas-2022_1_.jpg\" class=\"gmPhantom_Thumb\"><img decoding=\"async\" src=\"https:\/\/www.fcejs.unsl.edu.ar\/wp-content\/grand-media\/image\/thumb\/Jornadas_de_Divulgaci_n_Cient_fica_Contables_e_Impositivas-2022_1_.jpg\" data-src=\"https:\/\/www.fcejs.unsl.edu.ar\/wp-content\/grand-media\/image\/Jornadas_de_Divulgaci_n_Cient_fica_Contables_e_Impositivas-2022_1_.jpg\" alt=\"Jornadas De Divulgaci\u00f3n Cient\u00edfica Contables E Impositivas-2022 (1)\"\/><\/a>\r\n                                    <div class=\"gmPhantom_ThumbLabel\"><span class=\"gmPhantom_ThumbLabel_title\">Jornadas De Divulgaci\u00f3n Cient\u00edfica Contables E Impositivas-2022 (1)<\/span><\/div>\r\n                                    <div style=\"display:none;\" class=\"gmPhantom_Details\">\r\n                                            <div class=\"gmPhantom_description\">\r\n                            <div class=\"gmPhantom_title\">Jornadas De Divulgaci\u00f3n Cient\u00edfica Contables E Impositivas-2022 (1)<\/div>\r\n                            <div class=\"gmPhantom_text\"><\/div>\r\n                        <\/div>\r\n                                                            <div class=\"gmPhantom_terms\">\r\n                                                    <div class=\"gmPhantom_other_terms\">\r\n                                <table class=\"gmPhantom_other_terms_table\">\r\n                                                                            <tr class=\"gmPhantom_term_row_album\">\r\n                                            <td class=\"gmPhantom_term_key\">Album<\/td>\r\n                                            <td class=\"gmPhantom_term_value\"><a href=\"\/index.php\/wp-json\/wp\/v2\/posts\/10261?gm118[album__in]=118\" class=\"gmPhantom_alb\">Jornadas de Divulgaci\u00f3n Cient\u00edfica Contables e Impositivas-2022<\/a><\/td>\r\n                                        <\/tr>\r\n                                                                    <\/table>\r\n                            <\/div>\r\n                                                <\/div>\r\n                <\/div>\r\n                <\/div>        <\/div>\r\n    <\/div>\r\n<\/div>\n","protected":false},"excerpt":{"rendered":"<p>Con la finalidad exponer y socializar avances de Proyectos de Investigaci\u00f3n de las Ciencias Econ\u00f3micas, en la tarde del mi\u00e9rcoles 23 de noviembre de 2022,&hellip;<\/p>\n","protected":false},"author":9,"featured_media":10273,"comment_status":"closed","ping_status":"closed","sticky":false,"template":"","format":"standard","meta":{"om_disable_all_campaigns":false,"_monsterinsights_skip_tracking":false,"_monsterinsights_sitenote_active":false,"_monsterinsights_sitenote_note":"","_monsterinsights_sitenote_category":0,"footnotes":""},"categories":[1],"tags":[],"class_list":["post-10261","post","type-post","status-publish","format-standard","has-post-thumbnail","hentry","category-noticias"],"yoast_head":"<!-- This site is optimized with the Yoast SEO plugin v27.4 - https:\/\/yoast.com\/product\/yoast-seo-wordpress\/ -->\n<title>Estudiantes y docentes se interiorizaron sobre los nuevos proyectos de investigaci\u00f3n de las Ciencias Econ\u00f3micas de la FCEJS - Facultad de Ciencias Econ\u00f3micas, Jur\u00ed\u00addicas y Sociales<\/title>\n<meta name=\"robots\" content=\"index, follow, max-snippet:-1, max-image-preview:large, max-video-preview:-1\" \/>\n<link rel=\"canonical\" href=\"https:\/\/www.fcejs.unsl.edu.ar\/index.php\/estudiantes-y-docentes-se-interiorizaron-sobre-los-nuevos-proyectos-de-investigacion-de-las-ciencias-economicas-de-la-fcejs\/\" \/>\n<meta property=\"og:locale\" content=\"es_ES\" \/>\n<meta property=\"og:type\" content=\"article\" \/>\n<meta property=\"og:title\" content=\"Estudiantes y docentes se interiorizaron sobre los nuevos proyectos de investigaci\u00f3n de las Ciencias Econ\u00f3micas de la FCEJS - Facultad de Ciencias Econ\u00f3micas, Jur\u00ed\u00addicas y Sociales\" \/>\n<meta property=\"og:description\" content=\"Con la finalidad exponer y socializar avances de Proyectos de Investigaci\u00f3n de las Ciencias Econ\u00f3micas, en la tarde del mi\u00e9rcoles 23 de noviembre de 2022,&hellip;\" \/>\n<meta property=\"og:url\" content=\"https:\/\/www.fcejs.unsl.edu.ar\/index.php\/estudiantes-y-docentes-se-interiorizaron-sobre-los-nuevos-proyectos-de-investigacion-de-las-ciencias-economicas-de-la-fcejs\/\" \/>\n<meta property=\"og:site_name\" content=\"Facultad de Ciencias Econ\u00f3micas, Jur\u00ed\u00addicas y Sociales\" \/>\n<meta property=\"article:publisher\" content=\"https:\/\/www.facebook.com\/FCEJS.UNSL\/\" \/>\n<meta property=\"article:published_time\" content=\"2022-11-24T14:54:54+00:00\" \/>\n<meta property=\"article:modified_time\" content=\"2022-11-24T14:58:27+00:00\" \/>\n<meta property=\"og:image\" content=\"https:\/\/www.fcejs.unsl.edu.ar\/wp-content\/uploads\/2022\/11\/Primeras-Jornadas-de-Divulgacion-Cientifica-Contables-e-Impositivas-front.jpg\" \/>\n\t<meta property=\"og:image:width\" content=\"1152\" \/>\n\t<meta property=\"og:image:height\" content=\"647\" \/>\n\t<meta property=\"og:image:type\" content=\"image\/jpeg\" \/>\n<meta name=\"author\" content=\"DATI\" \/>\n<meta name=\"twitter:card\" content=\"summary_large_image\" \/>\n<meta name=\"twitter:creator\" content=\"@FCEJSUNSL\" \/>\n<meta name=\"twitter:site\" content=\"@FCEJSUNSL\" \/>\n<meta name=\"twitter:label1\" content=\"Escrito por\" \/>\n\t<meta name=\"twitter:data1\" content=\"DATI\" \/>\n\t<meta name=\"twitter:label2\" content=\"Tiempo de lectura\" \/>\n\t<meta name=\"twitter:data2\" content=\"2 minutos\" \/>\n<script type=\"application\/ld+json\" class=\"yoast-schema-graph\">{\"@context\":\"https:\\\/\\\/schema.org\",\"@graph\":[{\"@type\":\"Article\",\"@id\":\"https:\\\/\\\/www.fcejs.unsl.edu.ar\\\/index.php\\\/estudiantes-y-docentes-se-interiorizaron-sobre-los-nuevos-proyectos-de-investigacion-de-las-ciencias-economicas-de-la-fcejs\\\/#article\",\"isPartOf\":{\"@id\":\"https:\\\/\\\/www.fcejs.unsl.edu.ar\\\/index.php\\\/estudiantes-y-docentes-se-interiorizaron-sobre-los-nuevos-proyectos-de-investigacion-de-las-ciencias-economicas-de-la-fcejs\\\/\"},\"author\":{\"name\":\"DATI\",\"@id\":\"https:\\\/\\\/www.fcejs.unsl.edu.ar\\\/#\\\/schema\\\/person\\\/352ee6ed90c3f394c7cb5945f8956d34\"},\"headline\":\"Estudiantes y docentes se interiorizaron sobre los nuevos proyectos de investigaci\u00f3n de las Ciencias Econ\u00f3micas de la FCEJS\",\"datePublished\":\"2022-11-24T14:54:54+00:00\",\"dateModified\":\"2022-11-24T14:58:27+00:00\",\"mainEntityOfPage\":{\"@id\":\"https:\\\/\\\/www.fcejs.unsl.edu.ar\\\/index.php\\\/estudiantes-y-docentes-se-interiorizaron-sobre-los-nuevos-proyectos-de-investigacion-de-las-ciencias-economicas-de-la-fcejs\\\/\"},\"wordCount\":227,\"publisher\":{\"@id\":\"https:\\\/\\\/www.fcejs.unsl.edu.ar\\\/#organization\"},\"image\":{\"@id\":\"https:\\\/\\\/www.fcejs.unsl.edu.ar\\\/index.php\\\/estudiantes-y-docentes-se-interiorizaron-sobre-los-nuevos-proyectos-de-investigacion-de-las-ciencias-economicas-de-la-fcejs\\\/#primaryimage\"},\"thumbnailUrl\":\"https:\\\/\\\/www.fcejs.unsl.edu.ar\\\/wp-content\\\/uploads\\\/2022\\\/11\\\/Primeras-Jornadas-de-Divulgacion-Cientifica-Contables-e-Impositivas-front.jpg\",\"articleSection\":[\"Noticias\"],\"inLanguage\":\"es-AR\"},{\"@type\":\"WebPage\",\"@id\":\"https:\\\/\\\/www.fcejs.unsl.edu.ar\\\/index.php\\\/estudiantes-y-docentes-se-interiorizaron-sobre-los-nuevos-proyectos-de-investigacion-de-las-ciencias-economicas-de-la-fcejs\\\/\",\"url\":\"https:\\\/\\\/www.fcejs.unsl.edu.ar\\\/index.php\\\/estudiantes-y-docentes-se-interiorizaron-sobre-los-nuevos-proyectos-de-investigacion-de-las-ciencias-economicas-de-la-fcejs\\\/\",\"name\":\"Estudiantes y docentes se interiorizaron sobre los nuevos proyectos de investigaci\u00f3n de las Ciencias Econ\u00f3micas de la FCEJS - Facultad de Ciencias Econ\u00f3micas, Jur\u00ed\u00addicas y Sociales\",\"isPartOf\":{\"@id\":\"https:\\\/\\\/www.fcejs.unsl.edu.ar\\\/#website\"},\"primaryImageOfPage\":{\"@id\":\"https:\\\/\\\/www.fcejs.unsl.edu.ar\\\/index.php\\\/estudiantes-y-docentes-se-interiorizaron-sobre-los-nuevos-proyectos-de-investigacion-de-las-ciencias-economicas-de-la-fcejs\\\/#primaryimage\"},\"image\":{\"@id\":\"https:\\\/\\\/www.fcejs.unsl.edu.ar\\\/index.php\\\/estudiantes-y-docentes-se-interiorizaron-sobre-los-nuevos-proyectos-de-investigacion-de-las-ciencias-economicas-de-la-fcejs\\\/#primaryimage\"},\"thumbnailUrl\":\"https:\\\/\\\/www.fcejs.unsl.edu.ar\\\/wp-content\\\/uploads\\\/2022\\\/11\\\/Primeras-Jornadas-de-Divulgacion-Cientifica-Contables-e-Impositivas-front.jpg\",\"datePublished\":\"2022-11-24T14:54:54+00:00\",\"dateModified\":\"2022-11-24T14:58:27+00:00\",\"breadcrumb\":{\"@id\":\"https:\\\/\\\/www.fcejs.unsl.edu.ar\\\/index.php\\\/estudiantes-y-docentes-se-interiorizaron-sobre-los-nuevos-proyectos-de-investigacion-de-las-ciencias-economicas-de-la-fcejs\\\/#breadcrumb\"},\"inLanguage\":\"es-AR\",\"potentialAction\":[{\"@type\":\"ReadAction\",\"target\":[\"https:\\\/\\\/www.fcejs.unsl.edu.ar\\\/index.php\\\/estudiantes-y-docentes-se-interiorizaron-sobre-los-nuevos-proyectos-de-investigacion-de-las-ciencias-economicas-de-la-fcejs\\\/\"]}]},{\"@type\":\"ImageObject\",\"inLanguage\":\"es-AR\",\"@id\":\"https:\\\/\\\/www.fcejs.unsl.edu.ar\\\/index.php\\\/estudiantes-y-docentes-se-interiorizaron-sobre-los-nuevos-proyectos-de-investigacion-de-las-ciencias-economicas-de-la-fcejs\\\/#primaryimage\",\"url\":\"https:\\\/\\\/www.fcejs.unsl.edu.ar\\\/wp-content\\\/uploads\\\/2022\\\/11\\\/Primeras-Jornadas-de-Divulgacion-Cientifica-Contables-e-Impositivas-front.jpg\",\"contentUrl\":\"https:\\\/\\\/www.fcejs.unsl.edu.ar\\\/wp-content\\\/uploads\\\/2022\\\/11\\\/Primeras-Jornadas-de-Divulgacion-Cientifica-Contables-e-Impositivas-front.jpg\",\"width\":1152,\"height\":647},{\"@type\":\"BreadcrumbList\",\"@id\":\"https:\\\/\\\/www.fcejs.unsl.edu.ar\\\/index.php\\\/estudiantes-y-docentes-se-interiorizaron-sobre-los-nuevos-proyectos-de-investigacion-de-las-ciencias-economicas-de-la-fcejs\\\/#breadcrumb\",\"itemListElement\":[{\"@type\":\"ListItem\",\"position\":1,\"name\":\"Inicio\",\"item\":\"https:\\\/\\\/www.fcejs.unsl.edu.ar\\\/\"},{\"@type\":\"ListItem\",\"position\":2,\"name\":\"Estudiantes y docentes se interiorizaron sobre los nuevos proyectos de investigaci\u00f3n de las Ciencias Econ\u00f3micas de la FCEJS\"}]},{\"@type\":\"WebSite\",\"@id\":\"https:\\\/\\\/www.fcejs.unsl.edu.ar\\\/#website\",\"url\":\"https:\\\/\\\/www.fcejs.unsl.edu.ar\\\/\",\"name\":\"Facultad de Ciencias Econ\u00f3micas, Jur\u00ed\u00addicas y Sociales\",\"description\":\"\",\"publisher\":{\"@id\":\"https:\\\/\\\/www.fcejs.unsl.edu.ar\\\/#organization\"},\"potentialAction\":[{\"@type\":\"SearchAction\",\"target\":{\"@type\":\"EntryPoint\",\"urlTemplate\":\"https:\\\/\\\/www.fcejs.unsl.edu.ar\\\/?s={search_term_string}\"},\"query-input\":{\"@type\":\"PropertyValueSpecification\",\"valueRequired\":true,\"valueName\":\"search_term_string\"}}],\"inLanguage\":\"es-AR\"},{\"@type\":\"Organization\",\"@id\":\"https:\\\/\\\/www.fcejs.unsl.edu.ar\\\/#organization\",\"name\":\"Facultad de Ciencias Econ\u00f3micas, Jur\u00eddicas y Sociales\",\"url\":\"https:\\\/\\\/www.fcejs.unsl.edu.ar\\\/\",\"logo\":{\"@type\":\"ImageObject\",\"inLanguage\":\"es-AR\",\"@id\":\"https:\\\/\\\/www.fcejs.unsl.edu.ar\\\/#\\\/schema\\\/logo\\\/image\\\/\",\"url\":\"https:\\\/\\\/www.fcejs.unsl.edu.ar\\\/wp-content\\\/uploads\\\/2021\\\/03\\\/logo-1.jpg\",\"contentUrl\":\"https:\\\/\\\/www.fcejs.unsl.edu.ar\\\/wp-content\\\/uploads\\\/2021\\\/03\\\/logo-1.jpg\",\"width\":471,\"height\":146,\"caption\":\"Facultad de Ciencias Econ\u00f3micas, Jur\u00eddicas y Sociales\"},\"image\":{\"@id\":\"https:\\\/\\\/www.fcejs.unsl.edu.ar\\\/#\\\/schema\\\/logo\\\/image\\\/\"},\"sameAs\":[\"https:\\\/\\\/www.facebook.com\\\/FCEJS.UNSL\\\/\",\"https:\\\/\\\/x.com\\\/FCEJSUNSL\",\"https:\\\/\\\/www.instagram.com\\\/fcejs.unsl\\\/\",\"https:\\\/\\\/www.youtube.com\\\/channel\\\/UCH-Ut6EaN_X5ogjIQMPe46g\\\/\"]},{\"@type\":\"Person\",\"@id\":\"https:\\\/\\\/www.fcejs.unsl.edu.ar\\\/#\\\/schema\\\/person\\\/352ee6ed90c3f394c7cb5945f8956d34\",\"name\":\"DATI\"}]}<\/script>\n<!-- \/ Yoast SEO plugin. -->","yoast_head_json":{"title":"Estudiantes y docentes se interiorizaron sobre los nuevos proyectos de investigaci\u00f3n de las Ciencias Econ\u00f3micas de la FCEJS - Facultad de Ciencias Econ\u00f3micas, Jur\u00ed\u00addicas y Sociales","robots":{"index":"index","follow":"follow","max-snippet":"max-snippet:-1","max-image-preview":"max-image-preview:large","max-video-preview":"max-video-preview:-1"},"canonical":"https:\/\/www.fcejs.unsl.edu.ar\/index.php\/estudiantes-y-docentes-se-interiorizaron-sobre-los-nuevos-proyectos-de-investigacion-de-las-ciencias-economicas-de-la-fcejs\/","og_locale":"es_ES","og_type":"article","og_title":"Estudiantes y docentes se interiorizaron sobre los nuevos proyectos de investigaci\u00f3n de las Ciencias Econ\u00f3micas de la FCEJS - Facultad de Ciencias Econ\u00f3micas, Jur\u00ed\u00addicas y Sociales","og_description":"Con la finalidad exponer y socializar avances de Proyectos de Investigaci\u00f3n de las Ciencias Econ\u00f3micas, en la tarde del mi\u00e9rcoles 23 de noviembre de 2022,&hellip;","og_url":"https:\/\/www.fcejs.unsl.edu.ar\/index.php\/estudiantes-y-docentes-se-interiorizaron-sobre-los-nuevos-proyectos-de-investigacion-de-las-ciencias-economicas-de-la-fcejs\/","og_site_name":"Facultad de Ciencias Econ\u00f3micas, Jur\u00ed\u00addicas y Sociales","article_publisher":"https:\/\/www.facebook.com\/FCEJS.UNSL\/","article_published_time":"2022-11-24T14:54:54+00:00","article_modified_time":"2022-11-24T14:58:27+00:00","og_image":[{"width":1152,"height":647,"url":"https:\/\/www.fcejs.unsl.edu.ar\/wp-content\/uploads\/2022\/11\/Primeras-Jornadas-de-Divulgacion-Cientifica-Contables-e-Impositivas-front.jpg","type":"image\/jpeg"}],"author":"DATI","twitter_card":"summary_large_image","twitter_creator":"@FCEJSUNSL","twitter_site":"@FCEJSUNSL","twitter_misc":{"Escrito por":"DATI","Tiempo de lectura":"2 minutos"},"schema":{"@context":"https:\/\/schema.org","@graph":[{"@type":"Article","@id":"https:\/\/www.fcejs.unsl.edu.ar\/index.php\/estudiantes-y-docentes-se-interiorizaron-sobre-los-nuevos-proyectos-de-investigacion-de-las-ciencias-economicas-de-la-fcejs\/#article","isPartOf":{"@id":"https:\/\/www.fcejs.unsl.edu.ar\/index.php\/estudiantes-y-docentes-se-interiorizaron-sobre-los-nuevos-proyectos-de-investigacion-de-las-ciencias-economicas-de-la-fcejs\/"},"author":{"name":"DATI","@id":"https:\/\/www.fcejs.unsl.edu.ar\/#\/schema\/person\/352ee6ed90c3f394c7cb5945f8956d34"},"headline":"Estudiantes y docentes se interiorizaron sobre los nuevos proyectos de investigaci\u00f3n de las Ciencias Econ\u00f3micas de la FCEJS","datePublished":"2022-11-24T14:54:54+00:00","dateModified":"2022-11-24T14:58:27+00:00","mainEntityOfPage":{"@id":"https:\/\/www.fcejs.unsl.edu.ar\/index.php\/estudiantes-y-docentes-se-interiorizaron-sobre-los-nuevos-proyectos-de-investigacion-de-las-ciencias-economicas-de-la-fcejs\/"},"wordCount":227,"publisher":{"@id":"https:\/\/www.fcejs.unsl.edu.ar\/#organization"},"image":{"@id":"https:\/\/www.fcejs.unsl.edu.ar\/index.php\/estudiantes-y-docentes-se-interiorizaron-sobre-los-nuevos-proyectos-de-investigacion-de-las-ciencias-economicas-de-la-fcejs\/#primaryimage"},"thumbnailUrl":"https:\/\/www.fcejs.unsl.edu.ar\/wp-content\/uploads\/2022\/11\/Primeras-Jornadas-de-Divulgacion-Cientifica-Contables-e-Impositivas-front.jpg","articleSection":["Noticias"],"inLanguage":"es-AR"},{"@type":"WebPage","@id":"https:\/\/www.fcejs.unsl.edu.ar\/index.php\/estudiantes-y-docentes-se-interiorizaron-sobre-los-nuevos-proyectos-de-investigacion-de-las-ciencias-economicas-de-la-fcejs\/","url":"https:\/\/www.fcejs.unsl.edu.ar\/index.php\/estudiantes-y-docentes-se-interiorizaron-sobre-los-nuevos-proyectos-de-investigacion-de-las-ciencias-economicas-de-la-fcejs\/","name":"Estudiantes y docentes se interiorizaron sobre los nuevos proyectos de investigaci\u00f3n de las Ciencias Econ\u00f3micas de la FCEJS - Facultad de Ciencias Econ\u00f3micas, Jur\u00ed\u00addicas y Sociales","isPartOf":{"@id":"https:\/\/www.fcejs.unsl.edu.ar\/#website"},"primaryImageOfPage":{"@id":"https:\/\/www.fcejs.unsl.edu.ar\/index.php\/estudiantes-y-docentes-se-interiorizaron-sobre-los-nuevos-proyectos-de-investigacion-de-las-ciencias-economicas-de-la-fcejs\/#primaryimage"},"image":{"@id":"https:\/\/www.fcejs.unsl.edu.ar\/index.php\/estudiantes-y-docentes-se-interiorizaron-sobre-los-nuevos-proyectos-de-investigacion-de-las-ciencias-economicas-de-la-fcejs\/#primaryimage"},"thumbnailUrl":"https:\/\/www.fcejs.unsl.edu.ar\/wp-content\/uploads\/2022\/11\/Primeras-Jornadas-de-Divulgacion-Cientifica-Contables-e-Impositivas-front.jpg","datePublished":"2022-11-24T14:54:54+00:00","dateModified":"2022-11-24T14:58:27+00:00","breadcrumb":{"@id":"https:\/\/www.fcejs.unsl.edu.ar\/index.php\/estudiantes-y-docentes-se-interiorizaron-sobre-los-nuevos-proyectos-de-investigacion-de-las-ciencias-economicas-de-la-fcejs\/#breadcrumb"},"inLanguage":"es-AR","potentialAction":[{"@type":"ReadAction","target":["https:\/\/www.fcejs.unsl.edu.ar\/index.php\/estudiantes-y-docentes-se-interiorizaron-sobre-los-nuevos-proyectos-de-investigacion-de-las-ciencias-economicas-de-la-fcejs\/"]}]},{"@type":"ImageObject","inLanguage":"es-AR","@id":"https:\/\/www.fcejs.unsl.edu.ar\/index.php\/estudiantes-y-docentes-se-interiorizaron-sobre-los-nuevos-proyectos-de-investigacion-de-las-ciencias-economicas-de-la-fcejs\/#primaryimage","url":"https:\/\/www.fcejs.unsl.edu.ar\/wp-content\/uploads\/2022\/11\/Primeras-Jornadas-de-Divulgacion-Cientifica-Contables-e-Impositivas-front.jpg","contentUrl":"https:\/\/www.fcejs.unsl.edu.ar\/wp-content\/uploads\/2022\/11\/Primeras-Jornadas-de-Divulgacion-Cientifica-Contables-e-Impositivas-front.jpg","width":1152,"height":647},{"@type":"BreadcrumbList","@id":"https:\/\/www.fcejs.unsl.edu.ar\/index.php\/estudiantes-y-docentes-se-interiorizaron-sobre-los-nuevos-proyectos-de-investigacion-de-las-ciencias-economicas-de-la-fcejs\/#breadcrumb","itemListElement":[{"@type":"ListItem","position":1,"name":"Inicio","item":"https:\/\/www.fcejs.unsl.edu.ar\/"},{"@type":"ListItem","position":2,"name":"Estudiantes y docentes se interiorizaron sobre los nuevos proyectos de investigaci\u00f3n de las Ciencias Econ\u00f3micas de la FCEJS"}]},{"@type":"WebSite","@id":"https:\/\/www.fcejs.unsl.edu.ar\/#website","url":"https:\/\/www.fcejs.unsl.edu.ar\/","name":"Facultad de Ciencias Econ\u00f3micas, Jur\u00ed\u00addicas y Sociales","description":"","publisher":{"@id":"https:\/\/www.fcejs.unsl.edu.ar\/#organization"},"potentialAction":[{"@type":"SearchAction","target":{"@type":"EntryPoint","urlTemplate":"https:\/\/www.fcejs.unsl.edu.ar\/?s={search_term_string}"},"query-input":{"@type":"PropertyValueSpecification","valueRequired":true,"valueName":"search_term_string"}}],"inLanguage":"es-AR"},{"@type":"Organization","@id":"https:\/\/www.fcejs.unsl.edu.ar\/#organization","name":"Facultad de Ciencias Econ\u00f3micas, Jur\u00eddicas y Sociales","url":"https:\/\/www.fcejs.unsl.edu.ar\/","logo":{"@type":"ImageObject","inLanguage":"es-AR","@id":"https:\/\/www.fcejs.unsl.edu.ar\/#\/schema\/logo\/image\/","url":"https:\/\/www.fcejs.unsl.edu.ar\/wp-content\/uploads\/2021\/03\/logo-1.jpg","contentUrl":"https:\/\/www.fcejs.unsl.edu.ar\/wp-content\/uploads\/2021\/03\/logo-1.jpg","width":471,"height":146,"caption":"Facultad de Ciencias Econ\u00f3micas, Jur\u00eddicas y Sociales"},"image":{"@id":"https:\/\/www.fcejs.unsl.edu.ar\/#\/schema\/logo\/image\/"},"sameAs":["https:\/\/www.facebook.com\/FCEJS.UNSL\/","https:\/\/x.com\/FCEJSUNSL","https:\/\/www.instagram.com\/fcejs.unsl\/","https:\/\/www.youtube.com\/channel\/UCH-Ut6EaN_X5ogjIQMPe46g\/"]},{"@type":"Person","@id":"https:\/\/www.fcejs.unsl.edu.ar\/#\/schema\/person\/352ee6ed90c3f394c7cb5945f8956d34","name":"DATI"}]}},"jetpack_featured_media_url":"https:\/\/www.fcejs.unsl.edu.ar\/wp-content\/uploads\/2022\/11\/Primeras-Jornadas-de-Divulgacion-Cientifica-Contables-e-Impositivas-front.jpg","_links":{"self":[{"href":"https:\/\/www.fcejs.unsl.edu.ar\/index.php\/wp-json\/wp\/v2\/posts\/10261","targetHints":{"allow":["GET"]}}],"collection":[{"href":"https:\/\/www.fcejs.unsl.edu.ar\/index.php\/wp-json\/wp\/v2\/posts"}],"about":[{"href":"https:\/\/www.fcejs.unsl.edu.ar\/index.php\/wp-json\/wp\/v2\/types\/post"}],"author":[{"embeddable":true,"href":"https:\/\/www.fcejs.unsl.edu.ar\/index.php\/wp-json\/wp\/v2\/users\/9"}],"replies":[{"embeddable":true,"href":"https:\/\/www.fcejs.unsl.edu.ar\/index.php\/wp-json\/wp\/v2\/comments?post=10261"}],"version-history":[{"count":3,"href":"https:\/\/www.fcejs.unsl.edu.ar\/index.php\/wp-json\/wp\/v2\/posts\/10261\/revisions"}],"predecessor-version":[{"id":10277,"href":"https:\/\/www.fcejs.unsl.edu.ar\/index.php\/wp-json\/wp\/v2\/posts\/10261\/revisions\/10277"}],"wp:featuredmedia":[{"embeddable":true,"href":"https:\/\/www.fcejs.unsl.edu.ar\/index.php\/wp-json\/wp\/v2\/media\/10273"}],"wp:attachment":[{"href":"https:\/\/www.fcejs.unsl.edu.ar\/index.php\/wp-json\/wp\/v2\/media?parent=10261"}],"wp:term":[{"taxonomy":"category","embeddable":true,"href":"https:\/\/www.fcejs.unsl.edu.ar\/index.php\/wp-json\/wp\/v2\/categories?post=10261"},{"taxonomy":"post_tag","embeddable":true,"href":"https:\/\/www.fcejs.unsl.edu.ar\/index.php\/wp-json\/wp\/v2\/tags?post=10261"}],"curies":[{"name":"wp","href":"https:\/\/api.w.org\/{rel}","templated":true}]}}