{"id":10249,"date":"2022-11-23T09:28:01","date_gmt":"2022-11-23T12:28:01","guid":{"rendered":"http:\/\/10.101.10.197\/www\/?p=10249"},"modified":"2022-11-24T09:30:21","modified_gmt":"2022-11-24T12:30:21","slug":"el-proyecto-de-extension-de-interes-social-la-musica-y-el-arte-como-expresiones-de-las-juventudes-populares-cerro-con-un-grafiti-en-el-barrio-ate-ii","status":"publish","type":"post","link":"https:\/\/www.fcejs.unsl.edu.ar\/index.php\/el-proyecto-de-extension-de-interes-social-la-musica-y-el-arte-como-expresiones-de-las-juventudes-populares-cerro-con-un-grafiti-en-el-barrio-ate-ii\/","title":{"rendered":"El Proyecto de Extensi\u00f3n de Inter\u00e9s Social: &#8220;La m\u00fasica y el arte como expresiones de las juventudes populares&#8221; cerr\u00f3 con un grafiti en el Barrio ATE II"},"content":{"rendered":"<p>La Secretar\u00eda de Extensi\u00f3n Universitaria informa que el pasado jueves 17 de noviembre, el <strong>Proyecto de Extensi\u00f3n de Inter\u00e9s Social (PEIS) &#8220;La m\u00fasica y el arte como expresiones de las juventudes populares&#8221;<\/strong>, cerr\u00f3 con un grafiti en el <strong>Barrio ATE II de Villa Mercedes.<\/strong><\/p>\n<p>En el marco del Programa de Prevenci\u00f3n de Consumos Problem\u00e1ticos de la FCEJS-UNSL, desde el dispositivo que representa el PEIS: &#8220;La m\u00fasica y el arte como expresiones de las juventudes populares&#8221;, realiz\u00f3 un grafiti, con la<strong> colaboraci\u00f3n de la<\/strong> <strong>artista Formas Mariam y la participaci\u00f3n de chicas y chicos del barrio.<\/strong><\/p>\n<p>La Coordinadora del Programa de Consumos Problem\u00e1ticos, Mgtr. Adriana Mor\u00e1n dijo: \u201cEn un trabajo conjunto se eligi\u00f3 el grafiti, como expresi\u00f3n de arte callejero, como posibilidad de hacer escuchar sus voces y decir a su comunidad lo que vulnera sus derechos\u201d.<\/p>\n<p>Bajo el lema del Programa de Prevenci\u00f3n de Consumos Problem\u00e1ticos: \u201cHaciendo, diciendo y sintiendo\u201d, se desarroll\u00f3 una jornada con empat\u00eda y reconocimiento de la participaci\u00f3n de los y las j\u00f3venes del Barrio y vecinos y vecinas solidarios que brindan la posibilidad de este trabajo ofreciendo sus hogares y dem\u00e1s espacios comunales.<\/p>\n<p>Integran este Proyecto: Coordinadora: Adriana Mor\u00e1n. Integrantes: Gabriela Manrique, Roci\u00f3 Rodr\u00edguez, Carolina Tieppo, Lunda Vilchez, Karen Mora, Franco Bustos. Referente barrial: Sra Norma Perinelli y las chicas y chicos del Barrio Virgen de Pompeya\u00a0 que asisten a los talleres del PEIS. Profesora de Arte invitada: Formas Marian.<\/p>\n<div class=\"gmedia_gallery phantom_module is_bot\" id=\"GmediaGallery_117\" data-gmid=\"117\" data-module=\"phantom\"><style type='text\/css' class='gmedia_module_style_import'>@import url('https:\/\/www.fcejs.unsl.edu.ar\/wp-content\/plugins\/grand-media\/module\/phantom\/css\/style.css') all;<\/style>    <div class=\"gmPhantom_Container noLightbox\" >\r\n                <div class=\"gmPhantom_thumbsWrapper gmPhantom_ThumbScale gmPhantom_LabelHover\">\r\n                        <div class=\"gmPhantom_ThumbContainer gmPhantom_ThumbLoader\" data-id=\"1510\" data-post_id=\"10256\" data-ratio=\"0.52724077328647\" data-type=\"image\" data-ext=\"jpg\" data-views=\"7\" data-likes=\"0\" data-cc=\"0\" data-post_link=\"https:\/\/www.fcejs.unsl.edu.ar\/index.php\/gmedia\/grafiti-barrio-ate-ii-06-jpg\/\">\r\n                <a href=\"https:\/\/www.fcejs.unsl.edu.ar\/wp-content\/grand-media\/image\/grafiti-Barrio-ATE-II-06.jpg\" class=\"gmPhantom_Thumb\"><img decoding=\"async\" src=\"https:\/\/www.fcejs.unsl.edu.ar\/wp-content\/grand-media\/image\/thumb\/grafiti-Barrio-ATE-II-06.jpg\" data-src=\"https:\/\/www.fcejs.unsl.edu.ar\/wp-content\/grand-media\/image\/grafiti-Barrio-ATE-II-06.jpg\" alt=\"Grafiti-Barrio-ATE-II-06\"\/><\/a>\r\n                                    <div class=\"gmPhantom_ThumbLabel\"><span class=\"gmPhantom_ThumbLabel_title\">Grafiti-Barrio-ATE-II-06<\/span><\/div>\r\n                                    <div style=\"display:none;\" class=\"gmPhantom_Details\">\r\n                                            <div class=\"gmPhantom_description\">\r\n                            <div class=\"gmPhantom_title\">Grafiti-Barrio-ATE-II-06<\/div>\r\n                            <div class=\"gmPhantom_text\"><\/div>\r\n                        <\/div>\r\n                                                            <div class=\"gmPhantom_terms\">\r\n                                                    <div class=\"gmPhantom_other_terms\">\r\n                                <table class=\"gmPhantom_other_terms_table\">\r\n                                                                            <tr class=\"gmPhantom_term_row_album\">\r\n                                            <td class=\"gmPhantom_term_key\">Album<\/td>\r\n                                            <td class=\"gmPhantom_term_value\"><a href=\"\/index.php\/wp-json\/wp\/v2\/posts\/10249?gm117[album__in]=117\" class=\"gmPhantom_alb\">grafiti-ateII-2022<\/a><\/td>\r\n                                        <\/tr>\r\n                                                                    <\/table>\r\n                            <\/div>\r\n                                                <\/div>\r\n                <\/div>\r\n                <\/div>            <div class=\"gmPhantom_ThumbContainer gmPhantom_ThumbLoader\" data-id=\"1509\" data-post_id=\"10255\" data-ratio=\"1.8033333333333\" data-type=\"image\" data-ext=\"jpg\" data-views=\"7\" data-likes=\"0\" data-cc=\"0\" data-post_link=\"https:\/\/www.fcejs.unsl.edu.ar\/index.php\/gmedia\/grafiti-barrio-ate-ii-05-jpg\/\">\r\n                <a href=\"https:\/\/www.fcejs.unsl.edu.ar\/wp-content\/grand-media\/image\/grafiti-Barrio-ATE-II-05.jpg\" class=\"gmPhantom_Thumb\"><img decoding=\"async\" src=\"https:\/\/www.fcejs.unsl.edu.ar\/wp-content\/grand-media\/image\/thumb\/grafiti-Barrio-ATE-II-05.jpg\" data-src=\"https:\/\/www.fcejs.unsl.edu.ar\/wp-content\/grand-media\/image\/grafiti-Barrio-ATE-II-05.jpg\" alt=\"Grafiti-Barrio-ATE-II-05\"\/><\/a>\r\n                                    <div class=\"gmPhantom_ThumbLabel\"><span class=\"gmPhantom_ThumbLabel_title\">Grafiti-Barrio-ATE-II-05<\/span><\/div>\r\n                                    <div style=\"display:none;\" class=\"gmPhantom_Details\">\r\n                                            <div class=\"gmPhantom_description\">\r\n                            <div class=\"gmPhantom_title\">Grafiti-Barrio-ATE-II-05<\/div>\r\n                            <div class=\"gmPhantom_text\"><\/div>\r\n                        <\/div>\r\n                                                            <div class=\"gmPhantom_terms\">\r\n                                                    <div class=\"gmPhantom_other_terms\">\r\n                                <table class=\"gmPhantom_other_terms_table\">\r\n                                                                            <tr class=\"gmPhantom_term_row_album\">\r\n                                            <td class=\"gmPhantom_term_key\">Album<\/td>\r\n                                            <td class=\"gmPhantom_term_value\"><a href=\"\/index.php\/wp-json\/wp\/v2\/posts\/10249?gm117[album__in]=117\" class=\"gmPhantom_alb\">grafiti-ateII-2022<\/a><\/td>\r\n                                        <\/tr>\r\n                                                                    <\/table>\r\n                            <\/div>\r\n                                                <\/div>\r\n                <\/div>\r\n                <\/div>            <div class=\"gmPhantom_ThumbContainer gmPhantom_ThumbLoader\" data-id=\"1508\" data-post_id=\"10254\" data-ratio=\"2.04\" data-type=\"image\" data-ext=\"jpg\" data-views=\"10\" data-likes=\"0\" data-cc=\"0\" data-post_link=\"https:\/\/www.fcejs.unsl.edu.ar\/index.php\/gmedia\/grafiti-barrio-ate-ii-04-jpg\/\">\r\n                <a href=\"https:\/\/www.fcejs.unsl.edu.ar\/wp-content\/grand-media\/image\/grafiti-Barrio-ATE-II-04.jpg\" class=\"gmPhantom_Thumb\"><img decoding=\"async\" src=\"https:\/\/www.fcejs.unsl.edu.ar\/wp-content\/grand-media\/image\/thumb\/grafiti-Barrio-ATE-II-04.jpg\" data-src=\"https:\/\/www.fcejs.unsl.edu.ar\/wp-content\/grand-media\/image\/grafiti-Barrio-ATE-II-04.jpg\" alt=\"Grafiti-Barrio-ATE-II-04\"\/><\/a>\r\n                                    <div class=\"gmPhantom_ThumbLabel\"><span class=\"gmPhantom_ThumbLabel_title\">Grafiti-Barrio-ATE-II-04<\/span><\/div>\r\n                                    <div style=\"display:none;\" class=\"gmPhantom_Details\">\r\n                                            <div class=\"gmPhantom_description\">\r\n                            <div class=\"gmPhantom_title\">Grafiti-Barrio-ATE-II-04<\/div>\r\n                            <div class=\"gmPhantom_text\"><\/div>\r\n                        <\/div>\r\n                                                            <div class=\"gmPhantom_terms\">\r\n                                                    <div class=\"gmPhantom_other_terms\">\r\n                                <table class=\"gmPhantom_other_terms_table\">\r\n                                                                            <tr class=\"gmPhantom_term_row_album\">\r\n                                            <td class=\"gmPhantom_term_key\">Album<\/td>\r\n                                            <td class=\"gmPhantom_term_value\"><a href=\"\/index.php\/wp-json\/wp\/v2\/posts\/10249?gm117[album__in]=117\" class=\"gmPhantom_alb\">grafiti-ateII-2022<\/a><\/td>\r\n                                        <\/tr>\r\n                                                                    <\/table>\r\n                            <\/div>\r\n                                                <\/div>\r\n                <\/div>\r\n                <\/div>            <div class=\"gmPhantom_ThumbContainer gmPhantom_ThumbLoader\" data-id=\"1507\" data-post_id=\"10253\" data-ratio=\"2.2233333333333\" data-type=\"image\" data-ext=\"jpg\" data-views=\"15\" data-likes=\"0\" data-cc=\"0\" data-post_link=\"https:\/\/www.fcejs.unsl.edu.ar\/index.php\/gmedia\/grafiti-barrio-ate-ii-03-jpg\/\">\r\n                <a href=\"https:\/\/www.fcejs.unsl.edu.ar\/wp-content\/grand-media\/image\/grafiti-Barrio-ATE-II-03.jpg\" class=\"gmPhantom_Thumb\"><img decoding=\"async\" src=\"https:\/\/www.fcejs.unsl.edu.ar\/wp-content\/grand-media\/image\/thumb\/grafiti-Barrio-ATE-II-03.jpg\" data-src=\"https:\/\/www.fcejs.unsl.edu.ar\/wp-content\/grand-media\/image\/grafiti-Barrio-ATE-II-03.jpg\" alt=\"Grafiti-Barrio-ATE-II-03\"\/><\/a>\r\n                                    <div class=\"gmPhantom_ThumbLabel\"><span class=\"gmPhantom_ThumbLabel_title\">Grafiti-Barrio-ATE-II-03<\/span><\/div>\r\n                                    <div style=\"display:none;\" class=\"gmPhantom_Details\">\r\n                                            <div class=\"gmPhantom_description\">\r\n                            <div class=\"gmPhantom_title\">Grafiti-Barrio-ATE-II-03<\/div>\r\n                            <div class=\"gmPhantom_text\"><\/div>\r\n                        <\/div>\r\n                                                            <div class=\"gmPhantom_terms\">\r\n                                                    <div class=\"gmPhantom_other_terms\">\r\n                                <table class=\"gmPhantom_other_terms_table\">\r\n                                                                            <tr class=\"gmPhantom_term_row_album\">\r\n                                            <td class=\"gmPhantom_term_key\">Album<\/td>\r\n                                            <td class=\"gmPhantom_term_value\"><a href=\"\/index.php\/wp-json\/wp\/v2\/posts\/10249?gm117[album__in]=117\" class=\"gmPhantom_alb\">grafiti-ateII-2022<\/a><\/td>\r\n                                        <\/tr>\r\n                                                                    <\/table>\r\n                            <\/div>\r\n                                                <\/div>\r\n                <\/div>\r\n                <\/div>            <div class=\"gmPhantom_ThumbContainer gmPhantom_ThumbLoader\" data-id=\"1506\" data-post_id=\"10252\" data-ratio=\"0.59642147117296\" data-type=\"image\" data-ext=\"jpg\" data-views=\"11\" data-likes=\"0\" data-cc=\"0\" data-post_link=\"https:\/\/www.fcejs.unsl.edu.ar\/index.php\/gmedia\/grafiti-barrio-ate-ii-02-jpg\/\">\r\n                <a href=\"https:\/\/www.fcejs.unsl.edu.ar\/wp-content\/grand-media\/image\/grafiti-Barrio-ATE-II-02.jpg\" class=\"gmPhantom_Thumb\"><img decoding=\"async\" src=\"https:\/\/www.fcejs.unsl.edu.ar\/wp-content\/grand-media\/image\/thumb\/grafiti-Barrio-ATE-II-02.jpg\" data-src=\"https:\/\/www.fcejs.unsl.edu.ar\/wp-content\/grand-media\/image\/grafiti-Barrio-ATE-II-02.jpg\" alt=\"Grafiti-Barrio-ATE-II-02\"\/><\/a>\r\n                                    <div class=\"gmPhantom_ThumbLabel\"><span class=\"gmPhantom_ThumbLabel_title\">Grafiti-Barrio-ATE-II-02<\/span><\/div>\r\n                                    <div style=\"display:none;\" class=\"gmPhantom_Details\">\r\n                                            <div class=\"gmPhantom_description\">\r\n                            <div class=\"gmPhantom_title\">Grafiti-Barrio-ATE-II-02<\/div>\r\n                            <div class=\"gmPhantom_text\"><\/div>\r\n                        <\/div>\r\n                                                            <div class=\"gmPhantom_terms\">\r\n                                                    <div class=\"gmPhantom_other_terms\">\r\n                                <table class=\"gmPhantom_other_terms_table\">\r\n                                                                            <tr class=\"gmPhantom_term_row_album\">\r\n                                            <td class=\"gmPhantom_term_key\">Album<\/td>\r\n                                            <td class=\"gmPhantom_term_value\"><a href=\"\/index.php\/wp-json\/wp\/v2\/posts\/10249?gm117[album__in]=117\" class=\"gmPhantom_alb\">grafiti-ateII-2022<\/a><\/td>\r\n                                        <\/tr>\r\n                                                                    <\/table>\r\n                            <\/div>\r\n                                                <\/div>\r\n                <\/div>\r\n                <\/div>            <div class=\"gmPhantom_ThumbContainer gmPhantom_ThumbLoader\" data-id=\"1505\" data-post_id=\"10251\" data-ratio=\"1.3333333333333\" data-type=\"image\" data-ext=\"jpg\" data-views=\"12\" data-likes=\"0\" data-cc=\"0\" data-post_link=\"https:\/\/www.fcejs.unsl.edu.ar\/index.php\/gmedia\/grafiti-barrio-ate-ii-01-jpg\/\">\r\n                <a href=\"https:\/\/www.fcejs.unsl.edu.ar\/wp-content\/grand-media\/image\/grafiti-Barrio-ATE-II-01.jpg\" class=\"gmPhantom_Thumb\"><img decoding=\"async\" src=\"https:\/\/www.fcejs.unsl.edu.ar\/wp-content\/grand-media\/image\/thumb\/grafiti-Barrio-ATE-II-01.jpg\" data-src=\"https:\/\/www.fcejs.unsl.edu.ar\/wp-content\/grand-media\/image\/grafiti-Barrio-ATE-II-01.jpg\" alt=\"Grafiti-Barrio-ATE-II-01\"\/><\/a>\r\n                                    <div class=\"gmPhantom_ThumbLabel\"><span class=\"gmPhantom_ThumbLabel_title\">Grafiti-Barrio-ATE-II-01<\/span><\/div>\r\n                                    <div style=\"display:none;\" class=\"gmPhantom_Details\">\r\n                                            <div class=\"gmPhantom_description\">\r\n                            <div class=\"gmPhantom_title\">Grafiti-Barrio-ATE-II-01<\/div>\r\n                            <div class=\"gmPhantom_text\"><\/div>\r\n                        <\/div>\r\n                                                            <div class=\"gmPhantom_terms\">\r\n                                                    <div class=\"gmPhantom_other_terms\">\r\n                                <table class=\"gmPhantom_other_terms_table\">\r\n                                                                            <tr class=\"gmPhantom_term_row_album\">\r\n                                            <td class=\"gmPhantom_term_key\">Album<\/td>\r\n                                            <td class=\"gmPhantom_term_value\"><a href=\"\/index.php\/wp-json\/wp\/v2\/posts\/10249?gm117[album__in]=117\" class=\"gmPhantom_alb\">grafiti-ateII-2022<\/a><\/td>\r\n                                        <\/tr>\r\n                                                                    <\/table>\r\n                            <\/div>\r\n                                                <\/div>\r\n                <\/div>\r\n                <\/div>        <\/div>\r\n    <\/div>\r\n<\/div>\n","protected":false},"excerpt":{"rendered":"<p>La Secretar\u00eda de Extensi\u00f3n Universitaria informa que el pasado jueves 17 de noviembre, el Proyecto de Extensi\u00f3n de Inter\u00e9s Social (PEIS) &#8220;La m\u00fasica y el&hellip;<\/p>\n","protected":false},"author":9,"featured_media":10257,"comment_status":"closed","ping_status":"closed","sticky":false,"template":"","format":"standard","meta":{"om_disable_all_campaigns":false,"_monsterinsights_skip_tracking":false,"_monsterinsights_sitenote_active":false,"_monsterinsights_sitenote_note":"","_monsterinsights_sitenote_category":0,"footnotes":""},"categories":[1],"tags":[],"class_list":["post-10249","post","type-post","status-publish","format-standard","has-post-thumbnail","hentry","category-noticias"],"yoast_head":"<!-- This site is optimized with the Yoast SEO plugin v27.4 - https:\/\/yoast.com\/product\/yoast-seo-wordpress\/ -->\n<title>El Proyecto de Extensi\u00f3n de Inter\u00e9s Social: &quot;La m\u00fasica y el arte como expresiones de las juventudes populares&quot; cerr\u00f3 con un grafiti en el Barrio ATE II - Facultad de Ciencias Econ\u00f3micas, Jur\u00ed\u00addicas y Sociales<\/title>\n<meta name=\"robots\" content=\"index, follow, max-snippet:-1, max-image-preview:large, max-video-preview:-1\" \/>\n<link rel=\"canonical\" href=\"https:\/\/www.fcejs.unsl.edu.ar\/index.php\/el-proyecto-de-extension-de-interes-social-la-musica-y-el-arte-como-expresiones-de-las-juventudes-populares-cerro-con-un-grafiti-en-el-barrio-ate-ii\/\" \/>\n<meta property=\"og:locale\" content=\"es_ES\" \/>\n<meta property=\"og:type\" content=\"article\" \/>\n<meta property=\"og:title\" content=\"El Proyecto de Extensi\u00f3n de Inter\u00e9s Social: &quot;La m\u00fasica y el arte como expresiones de las juventudes populares&quot; cerr\u00f3 con un grafiti en el Barrio ATE II - Facultad de Ciencias Econ\u00f3micas, Jur\u00ed\u00addicas y Sociales\" \/>\n<meta property=\"og:description\" content=\"La Secretar\u00eda de Extensi\u00f3n Universitaria informa que el pasado jueves 17 de noviembre, el Proyecto de Extensi\u00f3n de Inter\u00e9s Social (PEIS) &#8220;La m\u00fasica y el&hellip;\" \/>\n<meta property=\"og:url\" content=\"https:\/\/www.fcejs.unsl.edu.ar\/index.php\/el-proyecto-de-extension-de-interes-social-la-musica-y-el-arte-como-expresiones-de-las-juventudes-populares-cerro-con-un-grafiti-en-el-barrio-ate-ii\/\" \/>\n<meta property=\"og:site_name\" content=\"Facultad de Ciencias Econ\u00f3micas, Jur\u00ed\u00addicas y Sociales\" \/>\n<meta property=\"article:publisher\" content=\"https:\/\/www.facebook.com\/FCEJS.UNSL\/\" \/>\n<meta property=\"article:published_time\" content=\"2022-11-23T12:28:01+00:00\" \/>\n<meta property=\"article:modified_time\" content=\"2022-11-24T12:30:21+00:00\" \/>\n<meta property=\"og:image\" content=\"https:\/\/www.fcejs.unsl.edu.ar\/wp-content\/uploads\/2022\/11\/grafiti-Barrio-ATE-II-front.jpg\" \/>\n\t<meta property=\"og:image:width\" content=\"1152\" \/>\n\t<meta property=\"og:image:height\" content=\"647\" \/>\n\t<meta property=\"og:image:type\" content=\"image\/jpeg\" \/>\n<meta name=\"author\" content=\"DATI\" \/>\n<meta name=\"twitter:card\" content=\"summary_large_image\" \/>\n<meta name=\"twitter:creator\" content=\"@FCEJSUNSL\" \/>\n<meta name=\"twitter:site\" content=\"@FCEJSUNSL\" \/>\n<meta name=\"twitter:label1\" content=\"Escrito por\" \/>\n\t<meta name=\"twitter:data1\" content=\"DATI\" \/>\n\t<meta name=\"twitter:label2\" content=\"Tiempo de lectura\" \/>\n\t<meta name=\"twitter:data2\" content=\"2 minutos\" \/>\n<script type=\"application\/ld+json\" class=\"yoast-schema-graph\">{\"@context\":\"https:\\\/\\\/schema.org\",\"@graph\":[{\"@type\":\"Article\",\"@id\":\"https:\\\/\\\/www.fcejs.unsl.edu.ar\\\/index.php\\\/el-proyecto-de-extension-de-interes-social-la-musica-y-el-arte-como-expresiones-de-las-juventudes-populares-cerro-con-un-grafiti-en-el-barrio-ate-ii\\\/#article\",\"isPartOf\":{\"@id\":\"https:\\\/\\\/www.fcejs.unsl.edu.ar\\\/index.php\\\/el-proyecto-de-extension-de-interes-social-la-musica-y-el-arte-como-expresiones-de-las-juventudes-populares-cerro-con-un-grafiti-en-el-barrio-ate-ii\\\/\"},\"author\":{\"name\":\"DATI\",\"@id\":\"https:\\\/\\\/www.fcejs.unsl.edu.ar\\\/#\\\/schema\\\/person\\\/352ee6ed90c3f394c7cb5945f8956d34\"},\"headline\":\"El Proyecto de Extensi\u00f3n de Inter\u00e9s Social: &#8220;La m\u00fasica y el arte como expresiones de las juventudes populares&#8221; cerr\u00f3 con un grafiti en el Barrio ATE II\",\"datePublished\":\"2022-11-23T12:28:01+00:00\",\"dateModified\":\"2022-11-24T12:30:21+00:00\",\"mainEntityOfPage\":{\"@id\":\"https:\\\/\\\/www.fcejs.unsl.edu.ar\\\/index.php\\\/el-proyecto-de-extension-de-interes-social-la-musica-y-el-arte-como-expresiones-de-las-juventudes-populares-cerro-con-un-grafiti-en-el-barrio-ate-ii\\\/\"},\"wordCount\":286,\"publisher\":{\"@id\":\"https:\\\/\\\/www.fcejs.unsl.edu.ar\\\/#organization\"},\"image\":{\"@id\":\"https:\\\/\\\/www.fcejs.unsl.edu.ar\\\/index.php\\\/el-proyecto-de-extension-de-interes-social-la-musica-y-el-arte-como-expresiones-de-las-juventudes-populares-cerro-con-un-grafiti-en-el-barrio-ate-ii\\\/#primaryimage\"},\"thumbnailUrl\":\"https:\\\/\\\/www.fcejs.unsl.edu.ar\\\/wp-content\\\/uploads\\\/2022\\\/11\\\/grafiti-Barrio-ATE-II-front.jpg\",\"articleSection\":[\"Noticias\"],\"inLanguage\":\"es-AR\"},{\"@type\":\"WebPage\",\"@id\":\"https:\\\/\\\/www.fcejs.unsl.edu.ar\\\/index.php\\\/el-proyecto-de-extension-de-interes-social-la-musica-y-el-arte-como-expresiones-de-las-juventudes-populares-cerro-con-un-grafiti-en-el-barrio-ate-ii\\\/\",\"url\":\"https:\\\/\\\/www.fcejs.unsl.edu.ar\\\/index.php\\\/el-proyecto-de-extension-de-interes-social-la-musica-y-el-arte-como-expresiones-de-las-juventudes-populares-cerro-con-un-grafiti-en-el-barrio-ate-ii\\\/\",\"name\":\"El Proyecto de Extensi\u00f3n de Inter\u00e9s Social: \\\"La m\u00fasica y el arte como expresiones de las juventudes populares\\\" cerr\u00f3 con un grafiti en el Barrio ATE II - Facultad de Ciencias Econ\u00f3micas, Jur\u00ed\u00addicas y Sociales\",\"isPartOf\":{\"@id\":\"https:\\\/\\\/www.fcejs.unsl.edu.ar\\\/#website\"},\"primaryImageOfPage\":{\"@id\":\"https:\\\/\\\/www.fcejs.unsl.edu.ar\\\/index.php\\\/el-proyecto-de-extension-de-interes-social-la-musica-y-el-arte-como-expresiones-de-las-juventudes-populares-cerro-con-un-grafiti-en-el-barrio-ate-ii\\\/#primaryimage\"},\"image\":{\"@id\":\"https:\\\/\\\/www.fcejs.unsl.edu.ar\\\/index.php\\\/el-proyecto-de-extension-de-interes-social-la-musica-y-el-arte-como-expresiones-de-las-juventudes-populares-cerro-con-un-grafiti-en-el-barrio-ate-ii\\\/#primaryimage\"},\"thumbnailUrl\":\"https:\\\/\\\/www.fcejs.unsl.edu.ar\\\/wp-content\\\/uploads\\\/2022\\\/11\\\/grafiti-Barrio-ATE-II-front.jpg\",\"datePublished\":\"2022-11-23T12:28:01+00:00\",\"dateModified\":\"2022-11-24T12:30:21+00:00\",\"breadcrumb\":{\"@id\":\"https:\\\/\\\/www.fcejs.unsl.edu.ar\\\/index.php\\\/el-proyecto-de-extension-de-interes-social-la-musica-y-el-arte-como-expresiones-de-las-juventudes-populares-cerro-con-un-grafiti-en-el-barrio-ate-ii\\\/#breadcrumb\"},\"inLanguage\":\"es-AR\",\"potentialAction\":[{\"@type\":\"ReadAction\",\"target\":[\"https:\\\/\\\/www.fcejs.unsl.edu.ar\\\/index.php\\\/el-proyecto-de-extension-de-interes-social-la-musica-y-el-arte-como-expresiones-de-las-juventudes-populares-cerro-con-un-grafiti-en-el-barrio-ate-ii\\\/\"]}]},{\"@type\":\"ImageObject\",\"inLanguage\":\"es-AR\",\"@id\":\"https:\\\/\\\/www.fcejs.unsl.edu.ar\\\/index.php\\\/el-proyecto-de-extension-de-interes-social-la-musica-y-el-arte-como-expresiones-de-las-juventudes-populares-cerro-con-un-grafiti-en-el-barrio-ate-ii\\\/#primaryimage\",\"url\":\"https:\\\/\\\/www.fcejs.unsl.edu.ar\\\/wp-content\\\/uploads\\\/2022\\\/11\\\/grafiti-Barrio-ATE-II-front.jpg\",\"contentUrl\":\"https:\\\/\\\/www.fcejs.unsl.edu.ar\\\/wp-content\\\/uploads\\\/2022\\\/11\\\/grafiti-Barrio-ATE-II-front.jpg\",\"width\":1152,\"height\":647},{\"@type\":\"BreadcrumbList\",\"@id\":\"https:\\\/\\\/www.fcejs.unsl.edu.ar\\\/index.php\\\/el-proyecto-de-extension-de-interes-social-la-musica-y-el-arte-como-expresiones-de-las-juventudes-populares-cerro-con-un-grafiti-en-el-barrio-ate-ii\\\/#breadcrumb\",\"itemListElement\":[{\"@type\":\"ListItem\",\"position\":1,\"name\":\"Inicio\",\"item\":\"https:\\\/\\\/www.fcejs.unsl.edu.ar\\\/\"},{\"@type\":\"ListItem\",\"position\":2,\"name\":\"El Proyecto de Extensi\u00f3n de Inter\u00e9s Social: &#8220;La m\u00fasica y el arte como expresiones de las juventudes populares&#8221; cerr\u00f3 con un grafiti en el Barrio ATE II\"}]},{\"@type\":\"WebSite\",\"@id\":\"https:\\\/\\\/www.fcejs.unsl.edu.ar\\\/#website\",\"url\":\"https:\\\/\\\/www.fcejs.unsl.edu.ar\\\/\",\"name\":\"Facultad de Ciencias Econ\u00f3micas, Jur\u00ed\u00addicas y Sociales\",\"description\":\"\",\"publisher\":{\"@id\":\"https:\\\/\\\/www.fcejs.unsl.edu.ar\\\/#organization\"},\"potentialAction\":[{\"@type\":\"SearchAction\",\"target\":{\"@type\":\"EntryPoint\",\"urlTemplate\":\"https:\\\/\\\/www.fcejs.unsl.edu.ar\\\/?s={search_term_string}\"},\"query-input\":{\"@type\":\"PropertyValueSpecification\",\"valueRequired\":true,\"valueName\":\"search_term_string\"}}],\"inLanguage\":\"es-AR\"},{\"@type\":\"Organization\",\"@id\":\"https:\\\/\\\/www.fcejs.unsl.edu.ar\\\/#organization\",\"name\":\"Facultad de Ciencias Econ\u00f3micas, Jur\u00eddicas y Sociales\",\"url\":\"https:\\\/\\\/www.fcejs.unsl.edu.ar\\\/\",\"logo\":{\"@type\":\"ImageObject\",\"inLanguage\":\"es-AR\",\"@id\":\"https:\\\/\\\/www.fcejs.unsl.edu.ar\\\/#\\\/schema\\\/logo\\\/image\\\/\",\"url\":\"https:\\\/\\\/www.fcejs.unsl.edu.ar\\\/wp-content\\\/uploads\\\/2021\\\/03\\\/logo-1.jpg\",\"contentUrl\":\"https:\\\/\\\/www.fcejs.unsl.edu.ar\\\/wp-content\\\/uploads\\\/2021\\\/03\\\/logo-1.jpg\",\"width\":471,\"height\":146,\"caption\":\"Facultad de Ciencias Econ\u00f3micas, Jur\u00eddicas y Sociales\"},\"image\":{\"@id\":\"https:\\\/\\\/www.fcejs.unsl.edu.ar\\\/#\\\/schema\\\/logo\\\/image\\\/\"},\"sameAs\":[\"https:\\\/\\\/www.facebook.com\\\/FCEJS.UNSL\\\/\",\"https:\\\/\\\/x.com\\\/FCEJSUNSL\",\"https:\\\/\\\/www.instagram.com\\\/fcejs.unsl\\\/\",\"https:\\\/\\\/www.youtube.com\\\/channel\\\/UCH-Ut6EaN_X5ogjIQMPe46g\\\/\"]},{\"@type\":\"Person\",\"@id\":\"https:\\\/\\\/www.fcejs.unsl.edu.ar\\\/#\\\/schema\\\/person\\\/352ee6ed90c3f394c7cb5945f8956d34\",\"name\":\"DATI\"}]}<\/script>\n<!-- \/ Yoast SEO plugin. -->","yoast_head_json":{"title":"El Proyecto de Extensi\u00f3n de Inter\u00e9s Social: \"La m\u00fasica y el arte como expresiones de las juventudes populares\" cerr\u00f3 con un grafiti en el Barrio ATE II - Facultad de Ciencias Econ\u00f3micas, Jur\u00ed\u00addicas y Sociales","robots":{"index":"index","follow":"follow","max-snippet":"max-snippet:-1","max-image-preview":"max-image-preview:large","max-video-preview":"max-video-preview:-1"},"canonical":"https:\/\/www.fcejs.unsl.edu.ar\/index.php\/el-proyecto-de-extension-de-interes-social-la-musica-y-el-arte-como-expresiones-de-las-juventudes-populares-cerro-con-un-grafiti-en-el-barrio-ate-ii\/","og_locale":"es_ES","og_type":"article","og_title":"El Proyecto de Extensi\u00f3n de Inter\u00e9s Social: \"La m\u00fasica y el arte como expresiones de las juventudes populares\" cerr\u00f3 con un grafiti en el Barrio ATE II - Facultad de Ciencias Econ\u00f3micas, Jur\u00ed\u00addicas y Sociales","og_description":"La Secretar\u00eda de Extensi\u00f3n Universitaria informa que el pasado jueves 17 de noviembre, el Proyecto de Extensi\u00f3n de Inter\u00e9s Social (PEIS) &#8220;La m\u00fasica y el&hellip;","og_url":"https:\/\/www.fcejs.unsl.edu.ar\/index.php\/el-proyecto-de-extension-de-interes-social-la-musica-y-el-arte-como-expresiones-de-las-juventudes-populares-cerro-con-un-grafiti-en-el-barrio-ate-ii\/","og_site_name":"Facultad de Ciencias Econ\u00f3micas, Jur\u00ed\u00addicas y Sociales","article_publisher":"https:\/\/www.facebook.com\/FCEJS.UNSL\/","article_published_time":"2022-11-23T12:28:01+00:00","article_modified_time":"2022-11-24T12:30:21+00:00","og_image":[{"width":1152,"height":647,"url":"https:\/\/www.fcejs.unsl.edu.ar\/wp-content\/uploads\/2022\/11\/grafiti-Barrio-ATE-II-front.jpg","type":"image\/jpeg"}],"author":"DATI","twitter_card":"summary_large_image","twitter_creator":"@FCEJSUNSL","twitter_site":"@FCEJSUNSL","twitter_misc":{"Escrito por":"DATI","Tiempo de lectura":"2 minutos"},"schema":{"@context":"https:\/\/schema.org","@graph":[{"@type":"Article","@id":"https:\/\/www.fcejs.unsl.edu.ar\/index.php\/el-proyecto-de-extension-de-interes-social-la-musica-y-el-arte-como-expresiones-de-las-juventudes-populares-cerro-con-un-grafiti-en-el-barrio-ate-ii\/#article","isPartOf":{"@id":"https:\/\/www.fcejs.unsl.edu.ar\/index.php\/el-proyecto-de-extension-de-interes-social-la-musica-y-el-arte-como-expresiones-de-las-juventudes-populares-cerro-con-un-grafiti-en-el-barrio-ate-ii\/"},"author":{"name":"DATI","@id":"https:\/\/www.fcejs.unsl.edu.ar\/#\/schema\/person\/352ee6ed90c3f394c7cb5945f8956d34"},"headline":"El Proyecto de Extensi\u00f3n de Inter\u00e9s Social: &#8220;La m\u00fasica y el arte como expresiones de las juventudes populares&#8221; cerr\u00f3 con un grafiti en el Barrio ATE II","datePublished":"2022-11-23T12:28:01+00:00","dateModified":"2022-11-24T12:30:21+00:00","mainEntityOfPage":{"@id":"https:\/\/www.fcejs.unsl.edu.ar\/index.php\/el-proyecto-de-extension-de-interes-social-la-musica-y-el-arte-como-expresiones-de-las-juventudes-populares-cerro-con-un-grafiti-en-el-barrio-ate-ii\/"},"wordCount":286,"publisher":{"@id":"https:\/\/www.fcejs.unsl.edu.ar\/#organization"},"image":{"@id":"https:\/\/www.fcejs.unsl.edu.ar\/index.php\/el-proyecto-de-extension-de-interes-social-la-musica-y-el-arte-como-expresiones-de-las-juventudes-populares-cerro-con-un-grafiti-en-el-barrio-ate-ii\/#primaryimage"},"thumbnailUrl":"https:\/\/www.fcejs.unsl.edu.ar\/wp-content\/uploads\/2022\/11\/grafiti-Barrio-ATE-II-front.jpg","articleSection":["Noticias"],"inLanguage":"es-AR"},{"@type":"WebPage","@id":"https:\/\/www.fcejs.unsl.edu.ar\/index.php\/el-proyecto-de-extension-de-interes-social-la-musica-y-el-arte-como-expresiones-de-las-juventudes-populares-cerro-con-un-grafiti-en-el-barrio-ate-ii\/","url":"https:\/\/www.fcejs.unsl.edu.ar\/index.php\/el-proyecto-de-extension-de-interes-social-la-musica-y-el-arte-como-expresiones-de-las-juventudes-populares-cerro-con-un-grafiti-en-el-barrio-ate-ii\/","name":"El Proyecto de Extensi\u00f3n de Inter\u00e9s Social: \"La m\u00fasica y el arte como expresiones de las juventudes populares\" cerr\u00f3 con un grafiti en el Barrio ATE II - Facultad de Ciencias Econ\u00f3micas, Jur\u00ed\u00addicas y Sociales","isPartOf":{"@id":"https:\/\/www.fcejs.unsl.edu.ar\/#website"},"primaryImageOfPage":{"@id":"https:\/\/www.fcejs.unsl.edu.ar\/index.php\/el-proyecto-de-extension-de-interes-social-la-musica-y-el-arte-como-expresiones-de-las-juventudes-populares-cerro-con-un-grafiti-en-el-barrio-ate-ii\/#primaryimage"},"image":{"@id":"https:\/\/www.fcejs.unsl.edu.ar\/index.php\/el-proyecto-de-extension-de-interes-social-la-musica-y-el-arte-como-expresiones-de-las-juventudes-populares-cerro-con-un-grafiti-en-el-barrio-ate-ii\/#primaryimage"},"thumbnailUrl":"https:\/\/www.fcejs.unsl.edu.ar\/wp-content\/uploads\/2022\/11\/grafiti-Barrio-ATE-II-front.jpg","datePublished":"2022-11-23T12:28:01+00:00","dateModified":"2022-11-24T12:30:21+00:00","breadcrumb":{"@id":"https:\/\/www.fcejs.unsl.edu.ar\/index.php\/el-proyecto-de-extension-de-interes-social-la-musica-y-el-arte-como-expresiones-de-las-juventudes-populares-cerro-con-un-grafiti-en-el-barrio-ate-ii\/#breadcrumb"},"inLanguage":"es-AR","potentialAction":[{"@type":"ReadAction","target":["https:\/\/www.fcejs.unsl.edu.ar\/index.php\/el-proyecto-de-extension-de-interes-social-la-musica-y-el-arte-como-expresiones-de-las-juventudes-populares-cerro-con-un-grafiti-en-el-barrio-ate-ii\/"]}]},{"@type":"ImageObject","inLanguage":"es-AR","@id":"https:\/\/www.fcejs.unsl.edu.ar\/index.php\/el-proyecto-de-extension-de-interes-social-la-musica-y-el-arte-como-expresiones-de-las-juventudes-populares-cerro-con-un-grafiti-en-el-barrio-ate-ii\/#primaryimage","url":"https:\/\/www.fcejs.unsl.edu.ar\/wp-content\/uploads\/2022\/11\/grafiti-Barrio-ATE-II-front.jpg","contentUrl":"https:\/\/www.fcejs.unsl.edu.ar\/wp-content\/uploads\/2022\/11\/grafiti-Barrio-ATE-II-front.jpg","width":1152,"height":647},{"@type":"BreadcrumbList","@id":"https:\/\/www.fcejs.unsl.edu.ar\/index.php\/el-proyecto-de-extension-de-interes-social-la-musica-y-el-arte-como-expresiones-de-las-juventudes-populares-cerro-con-un-grafiti-en-el-barrio-ate-ii\/#breadcrumb","itemListElement":[{"@type":"ListItem","position":1,"name":"Inicio","item":"https:\/\/www.fcejs.unsl.edu.ar\/"},{"@type":"ListItem","position":2,"name":"El Proyecto de Extensi\u00f3n de Inter\u00e9s Social: &#8220;La m\u00fasica y el arte como expresiones de las juventudes populares&#8221; cerr\u00f3 con un grafiti en el Barrio ATE II"}]},{"@type":"WebSite","@id":"https:\/\/www.fcejs.unsl.edu.ar\/#website","url":"https:\/\/www.fcejs.unsl.edu.ar\/","name":"Facultad de Ciencias Econ\u00f3micas, Jur\u00ed\u00addicas y Sociales","description":"","publisher":{"@id":"https:\/\/www.fcejs.unsl.edu.ar\/#organization"},"potentialAction":[{"@type":"SearchAction","target":{"@type":"EntryPoint","urlTemplate":"https:\/\/www.fcejs.unsl.edu.ar\/?s={search_term_string}"},"query-input":{"@type":"PropertyValueSpecification","valueRequired":true,"valueName":"search_term_string"}}],"inLanguage":"es-AR"},{"@type":"Organization","@id":"https:\/\/www.fcejs.unsl.edu.ar\/#organization","name":"Facultad de Ciencias Econ\u00f3micas, Jur\u00eddicas y Sociales","url":"https:\/\/www.fcejs.unsl.edu.ar\/","logo":{"@type":"ImageObject","inLanguage":"es-AR","@id":"https:\/\/www.fcejs.unsl.edu.ar\/#\/schema\/logo\/image\/","url":"https:\/\/www.fcejs.unsl.edu.ar\/wp-content\/uploads\/2021\/03\/logo-1.jpg","contentUrl":"https:\/\/www.fcejs.unsl.edu.ar\/wp-content\/uploads\/2021\/03\/logo-1.jpg","width":471,"height":146,"caption":"Facultad de Ciencias Econ\u00f3micas, Jur\u00eddicas y Sociales"},"image":{"@id":"https:\/\/www.fcejs.unsl.edu.ar\/#\/schema\/logo\/image\/"},"sameAs":["https:\/\/www.facebook.com\/FCEJS.UNSL\/","https:\/\/x.com\/FCEJSUNSL","https:\/\/www.instagram.com\/fcejs.unsl\/","https:\/\/www.youtube.com\/channel\/UCH-Ut6EaN_X5ogjIQMPe46g\/"]},{"@type":"Person","@id":"https:\/\/www.fcejs.unsl.edu.ar\/#\/schema\/person\/352ee6ed90c3f394c7cb5945f8956d34","name":"DATI"}]}},"jetpack_featured_media_url":"https:\/\/www.fcejs.unsl.edu.ar\/wp-content\/uploads\/2022\/11\/grafiti-Barrio-ATE-II-front.jpg","_links":{"self":[{"href":"https:\/\/www.fcejs.unsl.edu.ar\/index.php\/wp-json\/wp\/v2\/posts\/10249","targetHints":{"allow":["GET"]}}],"collection":[{"href":"https:\/\/www.fcejs.unsl.edu.ar\/index.php\/wp-json\/wp\/v2\/posts"}],"about":[{"href":"https:\/\/www.fcejs.unsl.edu.ar\/index.php\/wp-json\/wp\/v2\/types\/post"}],"author":[{"embeddable":true,"href":"https:\/\/www.fcejs.unsl.edu.ar\/index.php\/wp-json\/wp\/v2\/users\/9"}],"replies":[{"embeddable":true,"href":"https:\/\/www.fcejs.unsl.edu.ar\/index.php\/wp-json\/wp\/v2\/comments?post=10249"}],"version-history":[{"count":2,"href":"https:\/\/www.fcejs.unsl.edu.ar\/index.php\/wp-json\/wp\/v2\/posts\/10249\/revisions"}],"predecessor-version":[{"id":10259,"href":"https:\/\/www.fcejs.unsl.edu.ar\/index.php\/wp-json\/wp\/v2\/posts\/10249\/revisions\/10259"}],"wp:featuredmedia":[{"embeddable":true,"href":"https:\/\/www.fcejs.unsl.edu.ar\/index.php\/wp-json\/wp\/v2\/media\/10257"}],"wp:attachment":[{"href":"https:\/\/www.fcejs.unsl.edu.ar\/index.php\/wp-json\/wp\/v2\/media?parent=10249"}],"wp:term":[{"taxonomy":"category","embeddable":true,"href":"https:\/\/www.fcejs.unsl.edu.ar\/index.php\/wp-json\/wp\/v2\/categories?post=10249"},{"taxonomy":"post_tag","embeddable":true,"href":"https:\/\/www.fcejs.unsl.edu.ar\/index.php\/wp-json\/wp\/v2\/tags?post=10249"}],"curies":[{"name":"wp","href":"https:\/\/api.w.org\/{rel}","templated":true}]}}