{"id":10147,"date":"2022-11-17T12:35:38","date_gmt":"2022-11-17T15:35:38","guid":{"rendered":"http:\/\/10.101.10.197\/www\/?p=10147"},"modified":"2022-11-17T12:39:51","modified_gmt":"2022-11-17T15:39:51","slug":"jornada-de-capacitacion-del-programa-de-prevencion-de-consumos-problematicos-en-rio-cuarto","status":"publish","type":"post","link":"https:\/\/www.fcejs.unsl.edu.ar\/index.php\/jornada-de-capacitacion-del-programa-de-prevencion-de-consumos-problematicos-en-rio-cuarto\/","title":{"rendered":"Jornada de capacitaci\u00f3n del Programa de Prevenci\u00f3n de Consumos Problem\u00e1ticos en R\u00edo Cuarto"},"content":{"rendered":"<p>El martes 15 de noviembre de 2022, el <strong>Programa de Extensi\u00f3n \u201cPrevenci\u00f3n de Consumos Problem\u00e1ticos<\/strong>\u201d brind\u00f3 un taller de <strong>capacitaci\u00f3n y perfeccionamiento<\/strong> a docentes, no docentes y estudiantes de la <strong>Universidad Nacional de R\u00edo Cuarto<\/strong> (UNRC).<\/p>\n<p>Esta capacitaci\u00f3n trato sobre la \u201cPrevenci\u00f3n de Consumos Problem\u00e1ticos en el \u00e1mbito universitario\u201d y fue dictada por la Coordinadora, Mgtr. Adriana Mor\u00e1n y las Licenciadas Gabriela Manrique y Mar\u00eda Roci\u00f3 Rodr\u00edguez.<\/p>\n<p>Organizada por la Secretar\u00eda de Bienestar Universitario de la UNRC, esta actividad fue realizada en el predio de la universidad. Se desarroll\u00f3 \u201ccon una significativa concurrencia y participaci\u00f3n\u201d a lo largo de 6 horas de trabajo, con un grupo de personas, docentes, no docentes y estudiantes.<\/p>\n<p><iframe title=\"SE REALIZA EN LA UNRC UNA JORNADA DE CAPACITACI\u00d3N SOBRE PREVENCI\u00d3N DE CONSUMOS PROBLEM\u00c1TICOS\" width=\"843\" height=\"474\" src=\"https:\/\/www.youtube.com\/embed\/y7JHZN3zeZI?feature=oembed\" frameborder=\"0\" allow=\"accelerometer; autoplay; clipboard-write; encrypted-media; gyroscope; picture-in-picture\" allowfullscreen><\/iframe><\/p>\n","protected":false},"excerpt":{"rendered":"<p>El martes 15 de noviembre de 2022, el Programa de Extensi\u00f3n \u201cPrevenci\u00f3n de Consumos Problem\u00e1ticos\u201d brind\u00f3 un taller de capacitaci\u00f3n y perfeccionamiento a docentes, no&hellip;<\/p>\n","protected":false},"author":9,"featured_media":10149,"comment_status":"closed","ping_status":"closed","sticky":false,"template":"","format":"standard","meta":{"om_disable_all_campaigns":false,"_monsterinsights_skip_tracking":false,"_monsterinsights_sitenote_active":false,"_monsterinsights_sitenote_note":"","_monsterinsights_sitenote_category":0,"footnotes":""},"categories":[1],"tags":[],"class_list":["post-10147","post","type-post","status-publish","format-standard","has-post-thumbnail","hentry","category-noticias"],"yoast_head":"<!-- This site is optimized with the Yoast SEO plugin v27.4 - https:\/\/yoast.com\/product\/yoast-seo-wordpress\/ -->\n<title>Jornada de capacitaci\u00f3n del Programa de Prevenci\u00f3n de Consumos Problem\u00e1ticos en R\u00edo Cuarto - Facultad de Ciencias Econ\u00f3micas, Jur\u00ed\u00addicas y Sociales<\/title>\n<meta name=\"robots\" content=\"index, follow, max-snippet:-1, max-image-preview:large, max-video-preview:-1\" \/>\n<link rel=\"canonical\" href=\"https:\/\/www.fcejs.unsl.edu.ar\/index.php\/jornada-de-capacitacion-del-programa-de-prevencion-de-consumos-problematicos-en-rio-cuarto\/\" \/>\n<meta property=\"og:locale\" content=\"es_ES\" \/>\n<meta property=\"og:type\" content=\"article\" \/>\n<meta property=\"og:title\" content=\"Jornada de capacitaci\u00f3n del Programa de Prevenci\u00f3n de Consumos Problem\u00e1ticos en R\u00edo Cuarto - Facultad de Ciencias Econ\u00f3micas, Jur\u00ed\u00addicas y Sociales\" \/>\n<meta property=\"og:description\" content=\"El martes 15 de noviembre de 2022, el Programa de Extensi\u00f3n \u201cPrevenci\u00f3n de Consumos Problem\u00e1ticos\u201d brind\u00f3 un taller de capacitaci\u00f3n y perfeccionamiento a docentes, no&hellip;\" \/>\n<meta property=\"og:url\" content=\"https:\/\/www.fcejs.unsl.edu.ar\/index.php\/jornada-de-capacitacion-del-programa-de-prevencion-de-consumos-problematicos-en-rio-cuarto\/\" \/>\n<meta property=\"og:site_name\" content=\"Facultad de Ciencias Econ\u00f3micas, Jur\u00ed\u00addicas y Sociales\" \/>\n<meta property=\"article:publisher\" content=\"https:\/\/www.facebook.com\/FCEJS.UNSL\/\" \/>\n<meta property=\"article:published_time\" content=\"2022-11-17T15:35:38+00:00\" \/>\n<meta property=\"article:modified_time\" content=\"2022-11-17T15:39:51+00:00\" \/>\n<meta property=\"og:image\" content=\"https:\/\/www.fcejs.unsl.edu.ar\/wp-content\/uploads\/2022\/11\/capacitacion-unrc-front.jpg\" \/>\n\t<meta property=\"og:image:width\" content=\"1152\" \/>\n\t<meta property=\"og:image:height\" content=\"647\" \/>\n\t<meta property=\"og:image:type\" content=\"image\/jpeg\" \/>\n<meta name=\"author\" content=\"DATI\" \/>\n<meta name=\"twitter:card\" content=\"summary_large_image\" \/>\n<meta name=\"twitter:creator\" content=\"@FCEJSUNSL\" \/>\n<meta name=\"twitter:site\" content=\"@FCEJSUNSL\" \/>\n<meta name=\"twitter:label1\" content=\"Escrito por\" \/>\n\t<meta name=\"twitter:data1\" content=\"DATI\" \/>\n\t<meta name=\"twitter:label2\" content=\"Tiempo de lectura\" \/>\n\t<meta name=\"twitter:data2\" content=\"1 minuto\" \/>\n<script type=\"application\/ld+json\" class=\"yoast-schema-graph\">{\"@context\":\"https:\\\/\\\/schema.org\",\"@graph\":[{\"@type\":\"Article\",\"@id\":\"https:\\\/\\\/www.fcejs.unsl.edu.ar\\\/index.php\\\/jornada-de-capacitacion-del-programa-de-prevencion-de-consumos-problematicos-en-rio-cuarto\\\/#article\",\"isPartOf\":{\"@id\":\"https:\\\/\\\/www.fcejs.unsl.edu.ar\\\/index.php\\\/jornada-de-capacitacion-del-programa-de-prevencion-de-consumos-problematicos-en-rio-cuarto\\\/\"},\"author\":{\"name\":\"DATI\",\"@id\":\"https:\\\/\\\/www.fcejs.unsl.edu.ar\\\/#\\\/schema\\\/person\\\/352ee6ed90c3f394c7cb5945f8956d34\"},\"headline\":\"Jornada de capacitaci\u00f3n del Programa de Prevenci\u00f3n de Consumos Problem\u00e1ticos en R\u00edo Cuarto\",\"datePublished\":\"2022-11-17T15:35:38+00:00\",\"dateModified\":\"2022-11-17T15:39:51+00:00\",\"mainEntityOfPage\":{\"@id\":\"https:\\\/\\\/www.fcejs.unsl.edu.ar\\\/index.php\\\/jornada-de-capacitacion-del-programa-de-prevencion-de-consumos-problematicos-en-rio-cuarto\\\/\"},\"wordCount\":151,\"publisher\":{\"@id\":\"https:\\\/\\\/www.fcejs.unsl.edu.ar\\\/#organization\"},\"image\":{\"@id\":\"https:\\\/\\\/www.fcejs.unsl.edu.ar\\\/index.php\\\/jornada-de-capacitacion-del-programa-de-prevencion-de-consumos-problematicos-en-rio-cuarto\\\/#primaryimage\"},\"thumbnailUrl\":\"https:\\\/\\\/www.fcejs.unsl.edu.ar\\\/wp-content\\\/uploads\\\/2022\\\/11\\\/capacitacion-unrc-front.jpg\",\"articleSection\":[\"Noticias\"],\"inLanguage\":\"es-AR\"},{\"@type\":\"WebPage\",\"@id\":\"https:\\\/\\\/www.fcejs.unsl.edu.ar\\\/index.php\\\/jornada-de-capacitacion-del-programa-de-prevencion-de-consumos-problematicos-en-rio-cuarto\\\/\",\"url\":\"https:\\\/\\\/www.fcejs.unsl.edu.ar\\\/index.php\\\/jornada-de-capacitacion-del-programa-de-prevencion-de-consumos-problematicos-en-rio-cuarto\\\/\",\"name\":\"Jornada de capacitaci\u00f3n del Programa de Prevenci\u00f3n de Consumos Problem\u00e1ticos en R\u00edo Cuarto - Facultad de Ciencias Econ\u00f3micas, Jur\u00ed\u00addicas y Sociales\",\"isPartOf\":{\"@id\":\"https:\\\/\\\/www.fcejs.unsl.edu.ar\\\/#website\"},\"primaryImageOfPage\":{\"@id\":\"https:\\\/\\\/www.fcejs.unsl.edu.ar\\\/index.php\\\/jornada-de-capacitacion-del-programa-de-prevencion-de-consumos-problematicos-en-rio-cuarto\\\/#primaryimage\"},\"image\":{\"@id\":\"https:\\\/\\\/www.fcejs.unsl.edu.ar\\\/index.php\\\/jornada-de-capacitacion-del-programa-de-prevencion-de-consumos-problematicos-en-rio-cuarto\\\/#primaryimage\"},\"thumbnailUrl\":\"https:\\\/\\\/www.fcejs.unsl.edu.ar\\\/wp-content\\\/uploads\\\/2022\\\/11\\\/capacitacion-unrc-front.jpg\",\"datePublished\":\"2022-11-17T15:35:38+00:00\",\"dateModified\":\"2022-11-17T15:39:51+00:00\",\"breadcrumb\":{\"@id\":\"https:\\\/\\\/www.fcejs.unsl.edu.ar\\\/index.php\\\/jornada-de-capacitacion-del-programa-de-prevencion-de-consumos-problematicos-en-rio-cuarto\\\/#breadcrumb\"},\"inLanguage\":\"es-AR\",\"potentialAction\":[{\"@type\":\"ReadAction\",\"target\":[\"https:\\\/\\\/www.fcejs.unsl.edu.ar\\\/index.php\\\/jornada-de-capacitacion-del-programa-de-prevencion-de-consumos-problematicos-en-rio-cuarto\\\/\"]}]},{\"@type\":\"ImageObject\",\"inLanguage\":\"es-AR\",\"@id\":\"https:\\\/\\\/www.fcejs.unsl.edu.ar\\\/index.php\\\/jornada-de-capacitacion-del-programa-de-prevencion-de-consumos-problematicos-en-rio-cuarto\\\/#primaryimage\",\"url\":\"https:\\\/\\\/www.fcejs.unsl.edu.ar\\\/wp-content\\\/uploads\\\/2022\\\/11\\\/capacitacion-unrc-front.jpg\",\"contentUrl\":\"https:\\\/\\\/www.fcejs.unsl.edu.ar\\\/wp-content\\\/uploads\\\/2022\\\/11\\\/capacitacion-unrc-front.jpg\",\"width\":1152,\"height\":647},{\"@type\":\"BreadcrumbList\",\"@id\":\"https:\\\/\\\/www.fcejs.unsl.edu.ar\\\/index.php\\\/jornada-de-capacitacion-del-programa-de-prevencion-de-consumos-problematicos-en-rio-cuarto\\\/#breadcrumb\",\"itemListElement\":[{\"@type\":\"ListItem\",\"position\":1,\"name\":\"Inicio\",\"item\":\"https:\\\/\\\/www.fcejs.unsl.edu.ar\\\/\"},{\"@type\":\"ListItem\",\"position\":2,\"name\":\"Jornada de capacitaci\u00f3n del Programa de Prevenci\u00f3n de Consumos Problem\u00e1ticos en R\u00edo Cuarto\"}]},{\"@type\":\"WebSite\",\"@id\":\"https:\\\/\\\/www.fcejs.unsl.edu.ar\\\/#website\",\"url\":\"https:\\\/\\\/www.fcejs.unsl.edu.ar\\\/\",\"name\":\"Facultad de Ciencias Econ\u00f3micas, Jur\u00ed\u00addicas y Sociales\",\"description\":\"\",\"publisher\":{\"@id\":\"https:\\\/\\\/www.fcejs.unsl.edu.ar\\\/#organization\"},\"potentialAction\":[{\"@type\":\"SearchAction\",\"target\":{\"@type\":\"EntryPoint\",\"urlTemplate\":\"https:\\\/\\\/www.fcejs.unsl.edu.ar\\\/?s={search_term_string}\"},\"query-input\":{\"@type\":\"PropertyValueSpecification\",\"valueRequired\":true,\"valueName\":\"search_term_string\"}}],\"inLanguage\":\"es-AR\"},{\"@type\":\"Organization\",\"@id\":\"https:\\\/\\\/www.fcejs.unsl.edu.ar\\\/#organization\",\"name\":\"Facultad de Ciencias Econ\u00f3micas, Jur\u00eddicas y Sociales\",\"url\":\"https:\\\/\\\/www.fcejs.unsl.edu.ar\\\/\",\"logo\":{\"@type\":\"ImageObject\",\"inLanguage\":\"es-AR\",\"@id\":\"https:\\\/\\\/www.fcejs.unsl.edu.ar\\\/#\\\/schema\\\/logo\\\/image\\\/\",\"url\":\"https:\\\/\\\/www.fcejs.unsl.edu.ar\\\/wp-content\\\/uploads\\\/2021\\\/03\\\/logo-1.jpg\",\"contentUrl\":\"https:\\\/\\\/www.fcejs.unsl.edu.ar\\\/wp-content\\\/uploads\\\/2021\\\/03\\\/logo-1.jpg\",\"width\":471,\"height\":146,\"caption\":\"Facultad de Ciencias Econ\u00f3micas, Jur\u00eddicas y Sociales\"},\"image\":{\"@id\":\"https:\\\/\\\/www.fcejs.unsl.edu.ar\\\/#\\\/schema\\\/logo\\\/image\\\/\"},\"sameAs\":[\"https:\\\/\\\/www.facebook.com\\\/FCEJS.UNSL\\\/\",\"https:\\\/\\\/x.com\\\/FCEJSUNSL\",\"https:\\\/\\\/www.instagram.com\\\/fcejs.unsl\\\/\",\"https:\\\/\\\/www.youtube.com\\\/channel\\\/UCH-Ut6EaN_X5ogjIQMPe46g\\\/\"]},{\"@type\":\"Person\",\"@id\":\"https:\\\/\\\/www.fcejs.unsl.edu.ar\\\/#\\\/schema\\\/person\\\/352ee6ed90c3f394c7cb5945f8956d34\",\"name\":\"DATI\"}]}<\/script>\n<!-- \/ Yoast SEO plugin. -->","yoast_head_json":{"title":"Jornada de capacitaci\u00f3n del Programa de Prevenci\u00f3n de Consumos Problem\u00e1ticos en R\u00edo Cuarto - Facultad de Ciencias Econ\u00f3micas, Jur\u00ed\u00addicas y Sociales","robots":{"index":"index","follow":"follow","max-snippet":"max-snippet:-1","max-image-preview":"max-image-preview:large","max-video-preview":"max-video-preview:-1"},"canonical":"https:\/\/www.fcejs.unsl.edu.ar\/index.php\/jornada-de-capacitacion-del-programa-de-prevencion-de-consumos-problematicos-en-rio-cuarto\/","og_locale":"es_ES","og_type":"article","og_title":"Jornada de capacitaci\u00f3n del Programa de Prevenci\u00f3n de Consumos Problem\u00e1ticos en R\u00edo Cuarto - Facultad de Ciencias Econ\u00f3micas, Jur\u00ed\u00addicas y Sociales","og_description":"El martes 15 de noviembre de 2022, el Programa de Extensi\u00f3n \u201cPrevenci\u00f3n de Consumos Problem\u00e1ticos\u201d brind\u00f3 un taller de capacitaci\u00f3n y perfeccionamiento a docentes, no&hellip;","og_url":"https:\/\/www.fcejs.unsl.edu.ar\/index.php\/jornada-de-capacitacion-del-programa-de-prevencion-de-consumos-problematicos-en-rio-cuarto\/","og_site_name":"Facultad de Ciencias Econ\u00f3micas, Jur\u00ed\u00addicas y Sociales","article_publisher":"https:\/\/www.facebook.com\/FCEJS.UNSL\/","article_published_time":"2022-11-17T15:35:38+00:00","article_modified_time":"2022-11-17T15:39:51+00:00","og_image":[{"width":1152,"height":647,"url":"https:\/\/www.fcejs.unsl.edu.ar\/wp-content\/uploads\/2022\/11\/capacitacion-unrc-front.jpg","type":"image\/jpeg"}],"author":"DATI","twitter_card":"summary_large_image","twitter_creator":"@FCEJSUNSL","twitter_site":"@FCEJSUNSL","twitter_misc":{"Escrito por":"DATI","Tiempo de lectura":"1 minuto"},"schema":{"@context":"https:\/\/schema.org","@graph":[{"@type":"Article","@id":"https:\/\/www.fcejs.unsl.edu.ar\/index.php\/jornada-de-capacitacion-del-programa-de-prevencion-de-consumos-problematicos-en-rio-cuarto\/#article","isPartOf":{"@id":"https:\/\/www.fcejs.unsl.edu.ar\/index.php\/jornada-de-capacitacion-del-programa-de-prevencion-de-consumos-problematicos-en-rio-cuarto\/"},"author":{"name":"DATI","@id":"https:\/\/www.fcejs.unsl.edu.ar\/#\/schema\/person\/352ee6ed90c3f394c7cb5945f8956d34"},"headline":"Jornada de capacitaci\u00f3n del Programa de Prevenci\u00f3n de Consumos Problem\u00e1ticos en R\u00edo Cuarto","datePublished":"2022-11-17T15:35:38+00:00","dateModified":"2022-11-17T15:39:51+00:00","mainEntityOfPage":{"@id":"https:\/\/www.fcejs.unsl.edu.ar\/index.php\/jornada-de-capacitacion-del-programa-de-prevencion-de-consumos-problematicos-en-rio-cuarto\/"},"wordCount":151,"publisher":{"@id":"https:\/\/www.fcejs.unsl.edu.ar\/#organization"},"image":{"@id":"https:\/\/www.fcejs.unsl.edu.ar\/index.php\/jornada-de-capacitacion-del-programa-de-prevencion-de-consumos-problematicos-en-rio-cuarto\/#primaryimage"},"thumbnailUrl":"https:\/\/www.fcejs.unsl.edu.ar\/wp-content\/uploads\/2022\/11\/capacitacion-unrc-front.jpg","articleSection":["Noticias"],"inLanguage":"es-AR"},{"@type":"WebPage","@id":"https:\/\/www.fcejs.unsl.edu.ar\/index.php\/jornada-de-capacitacion-del-programa-de-prevencion-de-consumos-problematicos-en-rio-cuarto\/","url":"https:\/\/www.fcejs.unsl.edu.ar\/index.php\/jornada-de-capacitacion-del-programa-de-prevencion-de-consumos-problematicos-en-rio-cuarto\/","name":"Jornada de capacitaci\u00f3n del Programa de Prevenci\u00f3n de Consumos Problem\u00e1ticos en R\u00edo Cuarto - Facultad de Ciencias Econ\u00f3micas, Jur\u00ed\u00addicas y Sociales","isPartOf":{"@id":"https:\/\/www.fcejs.unsl.edu.ar\/#website"},"primaryImageOfPage":{"@id":"https:\/\/www.fcejs.unsl.edu.ar\/index.php\/jornada-de-capacitacion-del-programa-de-prevencion-de-consumos-problematicos-en-rio-cuarto\/#primaryimage"},"image":{"@id":"https:\/\/www.fcejs.unsl.edu.ar\/index.php\/jornada-de-capacitacion-del-programa-de-prevencion-de-consumos-problematicos-en-rio-cuarto\/#primaryimage"},"thumbnailUrl":"https:\/\/www.fcejs.unsl.edu.ar\/wp-content\/uploads\/2022\/11\/capacitacion-unrc-front.jpg","datePublished":"2022-11-17T15:35:38+00:00","dateModified":"2022-11-17T15:39:51+00:00","breadcrumb":{"@id":"https:\/\/www.fcejs.unsl.edu.ar\/index.php\/jornada-de-capacitacion-del-programa-de-prevencion-de-consumos-problematicos-en-rio-cuarto\/#breadcrumb"},"inLanguage":"es-AR","potentialAction":[{"@type":"ReadAction","target":["https:\/\/www.fcejs.unsl.edu.ar\/index.php\/jornada-de-capacitacion-del-programa-de-prevencion-de-consumos-problematicos-en-rio-cuarto\/"]}]},{"@type":"ImageObject","inLanguage":"es-AR","@id":"https:\/\/www.fcejs.unsl.edu.ar\/index.php\/jornada-de-capacitacion-del-programa-de-prevencion-de-consumos-problematicos-en-rio-cuarto\/#primaryimage","url":"https:\/\/www.fcejs.unsl.edu.ar\/wp-content\/uploads\/2022\/11\/capacitacion-unrc-front.jpg","contentUrl":"https:\/\/www.fcejs.unsl.edu.ar\/wp-content\/uploads\/2022\/11\/capacitacion-unrc-front.jpg","width":1152,"height":647},{"@type":"BreadcrumbList","@id":"https:\/\/www.fcejs.unsl.edu.ar\/index.php\/jornada-de-capacitacion-del-programa-de-prevencion-de-consumos-problematicos-en-rio-cuarto\/#breadcrumb","itemListElement":[{"@type":"ListItem","position":1,"name":"Inicio","item":"https:\/\/www.fcejs.unsl.edu.ar\/"},{"@type":"ListItem","position":2,"name":"Jornada de capacitaci\u00f3n del Programa de Prevenci\u00f3n de Consumos Problem\u00e1ticos en R\u00edo Cuarto"}]},{"@type":"WebSite","@id":"https:\/\/www.fcejs.unsl.edu.ar\/#website","url":"https:\/\/www.fcejs.unsl.edu.ar\/","name":"Facultad de Ciencias Econ\u00f3micas, Jur\u00ed\u00addicas y Sociales","description":"","publisher":{"@id":"https:\/\/www.fcejs.unsl.edu.ar\/#organization"},"potentialAction":[{"@type":"SearchAction","target":{"@type":"EntryPoint","urlTemplate":"https:\/\/www.fcejs.unsl.edu.ar\/?s={search_term_string}"},"query-input":{"@type":"PropertyValueSpecification","valueRequired":true,"valueName":"search_term_string"}}],"inLanguage":"es-AR"},{"@type":"Organization","@id":"https:\/\/www.fcejs.unsl.edu.ar\/#organization","name":"Facultad de Ciencias Econ\u00f3micas, Jur\u00eddicas y Sociales","url":"https:\/\/www.fcejs.unsl.edu.ar\/","logo":{"@type":"ImageObject","inLanguage":"es-AR","@id":"https:\/\/www.fcejs.unsl.edu.ar\/#\/schema\/logo\/image\/","url":"https:\/\/www.fcejs.unsl.edu.ar\/wp-content\/uploads\/2021\/03\/logo-1.jpg","contentUrl":"https:\/\/www.fcejs.unsl.edu.ar\/wp-content\/uploads\/2021\/03\/logo-1.jpg","width":471,"height":146,"caption":"Facultad de Ciencias Econ\u00f3micas, Jur\u00eddicas y Sociales"},"image":{"@id":"https:\/\/www.fcejs.unsl.edu.ar\/#\/schema\/logo\/image\/"},"sameAs":["https:\/\/www.facebook.com\/FCEJS.UNSL\/","https:\/\/x.com\/FCEJSUNSL","https:\/\/www.instagram.com\/fcejs.unsl\/","https:\/\/www.youtube.com\/channel\/UCH-Ut6EaN_X5ogjIQMPe46g\/"]},{"@type":"Person","@id":"https:\/\/www.fcejs.unsl.edu.ar\/#\/schema\/person\/352ee6ed90c3f394c7cb5945f8956d34","name":"DATI"}]}},"jetpack_featured_media_url":"https:\/\/www.fcejs.unsl.edu.ar\/wp-content\/uploads\/2022\/11\/capacitacion-unrc-front.jpg","_links":{"self":[{"href":"https:\/\/www.fcejs.unsl.edu.ar\/index.php\/wp-json\/wp\/v2\/posts\/10147","targetHints":{"allow":["GET"]}}],"collection":[{"href":"https:\/\/www.fcejs.unsl.edu.ar\/index.php\/wp-json\/wp\/v2\/posts"}],"about":[{"href":"https:\/\/www.fcejs.unsl.edu.ar\/index.php\/wp-json\/wp\/v2\/types\/post"}],"author":[{"embeddable":true,"href":"https:\/\/www.fcejs.unsl.edu.ar\/index.php\/wp-json\/wp\/v2\/users\/9"}],"replies":[{"embeddable":true,"href":"https:\/\/www.fcejs.unsl.edu.ar\/index.php\/wp-json\/wp\/v2\/comments?post=10147"}],"version-history":[{"count":4,"href":"https:\/\/www.fcejs.unsl.edu.ar\/index.php\/wp-json\/wp\/v2\/posts\/10147\/revisions"}],"predecessor-version":[{"id":10152,"href":"https:\/\/www.fcejs.unsl.edu.ar\/index.php\/wp-json\/wp\/v2\/posts\/10147\/revisions\/10152"}],"wp:featuredmedia":[{"embeddable":true,"href":"https:\/\/www.fcejs.unsl.edu.ar\/index.php\/wp-json\/wp\/v2\/media\/10149"}],"wp:attachment":[{"href":"https:\/\/www.fcejs.unsl.edu.ar\/index.php\/wp-json\/wp\/v2\/media?parent=10147"}],"wp:term":[{"taxonomy":"category","embeddable":true,"href":"https:\/\/www.fcejs.unsl.edu.ar\/index.php\/wp-json\/wp\/v2\/categories?post=10147"},{"taxonomy":"post_tag","embeddable":true,"href":"https:\/\/www.fcejs.unsl.edu.ar\/index.php\/wp-json\/wp\/v2\/tags?post=10147"}],"curies":[{"name":"wp","href":"https:\/\/api.w.org\/{rel}","templated":true}]}}