{"id":10133,"date":"2022-11-17T00:47:22","date_gmt":"2022-11-17T03:47:22","guid":{"rendered":"http:\/\/10.101.10.197\/www\/?p=10133"},"modified":"2022-11-18T09:22:00","modified_gmt":"2022-11-18T12:22:00","slug":"cierre-del-8a-encuentro-intercambio-e-inclusion-universidad-discapacidad-derechos","status":"publish","type":"post","link":"https:\/\/www.fcejs.unsl.edu.ar\/index.php\/cierre-del-8a-encuentro-intercambio-e-inclusion-universidad-discapacidad-derechos\/","title":{"rendered":"Cierre del 8\u00aa Encuentro Intercambio e Inclusi\u00f3n. Universidad Discapacidad Derechos"},"content":{"rendered":"<p>La <strong>Secretar\u00eda de Extensi\u00f3n Universitaria<\/strong> informa que el pr\u00f3ximo <strong>jueves 17 de noviembre<\/strong>, desde las <em>16:30 y hasta las 18:30 horas<\/em>, se llevar\u00e1 a cabo el <strong>Cierre del 8\u00ba Encuentro Intercambio e Inclusi\u00f3n. Universidad Discapacidad Derechos<\/strong> en la <strong>Explanada del Campus<\/strong> Universitario ubicado en Ruta Provincial N\u00ba 55 extremo Norte.<\/p>\n<p>Para este cierre se han programado las siguientes <em><strong>Actividades<\/strong><\/em>:<\/p>\n<ul>\n<li><strong>Actividad 1:<\/strong> Recorrido por las aulas de la Facultad de Ciencias Econ\u00f3micas Jur\u00eddicas y Sociales para dar a conocer el derecho a la educaci\u00f3n de las personas con discapacidad y la construcci\u00f3n de una sociedad sin barreras.<\/li>\n<\/ul>\n<p>16:30 a 17:30<\/p>\n<ul>\n<li><strong>Actividad 2:<\/strong> Entrega de declaraci\u00f3n de inter\u00e9s del Consejo Deliberante del 8\u00b0 Encuentro de Intercambio e Inclusi\u00f3n.<\/li>\n<\/ul>\n<p>17:30<\/p>\n<ul>\n<li><strong>Actividad 3: <\/strong>Presentaci\u00f3n de Danza. Organizaci\u00f3n Fuente de Luz. Inclusiva.<\/li>\n<\/ul>\n<p>Estas actividades han sido organizadas por estudiantes del 2\u00ba a\u00f1o de la Licenciatura en Trabajo Social en el marco de la Pr\u00e1ctica de Intervenci\u00f3n de Trabajo Social con Grupo y Organizaci\u00f3n.<\/p>\n<p>18:00<\/p>\n<ul>\n<li><strong>Actividad 4:<\/strong> Emmanuel Fern\u00e1ndez con m\u00fasica en vivo<\/li>\n<\/ul>\n<p>18:30<\/p>\n<p>Es importante resaltar que este 8\u00ba Encuentro, que se desarroll\u00f3 desde el 6 al 28 de octubre, fue organizado conjuntamente con numerosas Organizaciones e Instituciones locales vinculadas a Discapacidad. El mismo consto de cinco encuentros en los que se abordaron numerosos temas, como la ley de cupo laboral, el desarrollo de las nuevas tecnolog\u00edas vinculadas a la discapacidad, el avance y aplicaci\u00f3n de Derechos de las personas con discapacidad, distintas exposiciones de las pr\u00e1cticas que realizan las organizaciones e instituciones con personas con distintas discapacidades, el deporte y la Educaci\u00f3n F\u00edsica para personas con discapacidad, entre otros.<\/p>\n<p>As\u00ed tambi\u00e9n, destacar la participaci\u00f3n de personas con distintas discapacidades, sus familias y una asistencia fluida y permanente de personas interesadas en el tema, de modo que el acompa\u00f1amiento super\u00f3 las expectativas de los organizadores.<\/p>\n<p>La Secretaria de Extensi\u00f3n Universitaria, Lic. Elizabeth Magallanes expres\u00f3 que \u201cdesde la Secretaria, conjuntamente con las organizaciones que participaron en la organizaci\u00f3n de estas 8\u00ba Jornadas de Intercambio e Inclusi\u00f3n, agradecemos el acompa\u00f1amiento que hemos recibido en este proceso y les invitamos a participar de este cierre\u201d.<\/p>\n<p>&nbsp;<\/p>\n<h4 style=\"text-align: center;\"><strong><a href=\"https:\/\/www.fcejs.unsl.edu.ar\/wp-content\/uploads\/2022\/11\/programa-cierre-2.pdf\" target=\"_blank\" rel=\"noopener\">PROGRAMA DE CIERRE<\/a><\/strong><\/h4>\n","protected":false},"excerpt":{"rendered":"<p>La Secretar\u00eda de Extensi\u00f3n Universitaria informa que el pr\u00f3ximo jueves 17 de noviembre, desde las 16:30 y hasta las 18:30 horas, se llevar\u00e1 a cabo&hellip;<\/p>\n","protected":false},"author":9,"featured_media":10135,"comment_status":"closed","ping_status":"closed","sticky":false,"template":"","format":"standard","meta":{"om_disable_all_campaigns":false,"_monsterinsights_skip_tracking":false,"_monsterinsights_sitenote_active":false,"_monsterinsights_sitenote_note":"","_monsterinsights_sitenote_category":0,"footnotes":""},"categories":[1],"tags":[],"class_list":["post-10133","post","type-post","status-publish","format-standard","has-post-thumbnail","hentry","category-noticias"],"yoast_head":"<!-- This site is optimized with the Yoast SEO plugin v27.4 - https:\/\/yoast.com\/product\/yoast-seo-wordpress\/ -->\n<title>Cierre del 8\u00aa Encuentro Intercambio e Inclusi\u00f3n. Universidad Discapacidad Derechos - Facultad de Ciencias Econ\u00f3micas, Jur\u00ed\u00addicas y Sociales<\/title>\n<meta name=\"robots\" content=\"index, follow, max-snippet:-1, max-image-preview:large, max-video-preview:-1\" \/>\n<link rel=\"canonical\" href=\"https:\/\/www.fcejs.unsl.edu.ar\/index.php\/cierre-del-8a-encuentro-intercambio-e-inclusion-universidad-discapacidad-derechos\/\" \/>\n<meta property=\"og:locale\" content=\"es_ES\" \/>\n<meta property=\"og:type\" content=\"article\" \/>\n<meta property=\"og:title\" content=\"Cierre del 8\u00aa Encuentro Intercambio e Inclusi\u00f3n. Universidad Discapacidad Derechos - Facultad de Ciencias Econ\u00f3micas, Jur\u00ed\u00addicas y Sociales\" \/>\n<meta property=\"og:description\" content=\"La Secretar\u00eda de Extensi\u00f3n Universitaria informa que el pr\u00f3ximo jueves 17 de noviembre, desde las 16:30 y hasta las 18:30 horas, se llevar\u00e1 a cabo&hellip;\" \/>\n<meta property=\"og:url\" content=\"https:\/\/www.fcejs.unsl.edu.ar\/index.php\/cierre-del-8a-encuentro-intercambio-e-inclusion-universidad-discapacidad-derechos\/\" \/>\n<meta property=\"og:site_name\" content=\"Facultad de Ciencias Econ\u00f3micas, Jur\u00ed\u00addicas y Sociales\" \/>\n<meta property=\"article:publisher\" content=\"https:\/\/www.facebook.com\/FCEJS.UNSL\/\" \/>\n<meta property=\"article:published_time\" content=\"2022-11-17T03:47:22+00:00\" \/>\n<meta property=\"article:modified_time\" content=\"2022-11-18T12:22:00+00:00\" \/>\n<meta property=\"og:image\" content=\"https:\/\/www.fcejs.unsl.edu.ar\/wp-content\/uploads\/2022\/11\/cierre-octavo-encuentro.jpg\" \/>\n\t<meta property=\"og:image:width\" content=\"1152\" \/>\n\t<meta property=\"og:image:height\" content=\"647\" \/>\n\t<meta property=\"og:image:type\" content=\"image\/jpeg\" \/>\n<meta name=\"author\" content=\"DATI\" \/>\n<meta name=\"twitter:card\" content=\"summary_large_image\" \/>\n<meta name=\"twitter:creator\" content=\"@FCEJSUNSL\" \/>\n<meta name=\"twitter:site\" content=\"@FCEJSUNSL\" \/>\n<meta name=\"twitter:label1\" content=\"Escrito por\" \/>\n\t<meta name=\"twitter:data1\" content=\"DATI\" \/>\n\t<meta name=\"twitter:label2\" content=\"Tiempo de lectura\" \/>\n\t<meta name=\"twitter:data2\" content=\"2 minutos\" \/>\n<script type=\"application\/ld+json\" class=\"yoast-schema-graph\">{\"@context\":\"https:\\\/\\\/schema.org\",\"@graph\":[{\"@type\":\"Article\",\"@id\":\"https:\\\/\\\/www.fcejs.unsl.edu.ar\\\/index.php\\\/cierre-del-8a-encuentro-intercambio-e-inclusion-universidad-discapacidad-derechos\\\/#article\",\"isPartOf\":{\"@id\":\"https:\\\/\\\/www.fcejs.unsl.edu.ar\\\/index.php\\\/cierre-del-8a-encuentro-intercambio-e-inclusion-universidad-discapacidad-derechos\\\/\"},\"author\":{\"name\":\"DATI\",\"@id\":\"https:\\\/\\\/www.fcejs.unsl.edu.ar\\\/#\\\/schema\\\/person\\\/352ee6ed90c3f394c7cb5945f8956d34\"},\"headline\":\"Cierre del 8\u00aa Encuentro Intercambio e Inclusi\u00f3n. Universidad Discapacidad Derechos\",\"datePublished\":\"2022-11-17T03:47:22+00:00\",\"dateModified\":\"2022-11-18T12:22:00+00:00\",\"mainEntityOfPage\":{\"@id\":\"https:\\\/\\\/www.fcejs.unsl.edu.ar\\\/index.php\\\/cierre-del-8a-encuentro-intercambio-e-inclusion-universidad-discapacidad-derechos\\\/\"},\"wordCount\":372,\"publisher\":{\"@id\":\"https:\\\/\\\/www.fcejs.unsl.edu.ar\\\/#organization\"},\"image\":{\"@id\":\"https:\\\/\\\/www.fcejs.unsl.edu.ar\\\/index.php\\\/cierre-del-8a-encuentro-intercambio-e-inclusion-universidad-discapacidad-derechos\\\/#primaryimage\"},\"thumbnailUrl\":\"https:\\\/\\\/www.fcejs.unsl.edu.ar\\\/wp-content\\\/uploads\\\/2022\\\/11\\\/cierre-octavo-encuentro.jpg\",\"articleSection\":[\"Noticias\"],\"inLanguage\":\"es-AR\"},{\"@type\":\"WebPage\",\"@id\":\"https:\\\/\\\/www.fcejs.unsl.edu.ar\\\/index.php\\\/cierre-del-8a-encuentro-intercambio-e-inclusion-universidad-discapacidad-derechos\\\/\",\"url\":\"https:\\\/\\\/www.fcejs.unsl.edu.ar\\\/index.php\\\/cierre-del-8a-encuentro-intercambio-e-inclusion-universidad-discapacidad-derechos\\\/\",\"name\":\"Cierre del 8\u00aa Encuentro Intercambio e Inclusi\u00f3n. Universidad Discapacidad Derechos - Facultad de Ciencias Econ\u00f3micas, Jur\u00ed\u00addicas y Sociales\",\"isPartOf\":{\"@id\":\"https:\\\/\\\/www.fcejs.unsl.edu.ar\\\/#website\"},\"primaryImageOfPage\":{\"@id\":\"https:\\\/\\\/www.fcejs.unsl.edu.ar\\\/index.php\\\/cierre-del-8a-encuentro-intercambio-e-inclusion-universidad-discapacidad-derechos\\\/#primaryimage\"},\"image\":{\"@id\":\"https:\\\/\\\/www.fcejs.unsl.edu.ar\\\/index.php\\\/cierre-del-8a-encuentro-intercambio-e-inclusion-universidad-discapacidad-derechos\\\/#primaryimage\"},\"thumbnailUrl\":\"https:\\\/\\\/www.fcejs.unsl.edu.ar\\\/wp-content\\\/uploads\\\/2022\\\/11\\\/cierre-octavo-encuentro.jpg\",\"datePublished\":\"2022-11-17T03:47:22+00:00\",\"dateModified\":\"2022-11-18T12:22:00+00:00\",\"breadcrumb\":{\"@id\":\"https:\\\/\\\/www.fcejs.unsl.edu.ar\\\/index.php\\\/cierre-del-8a-encuentro-intercambio-e-inclusion-universidad-discapacidad-derechos\\\/#breadcrumb\"},\"inLanguage\":\"es-AR\",\"potentialAction\":[{\"@type\":\"ReadAction\",\"target\":[\"https:\\\/\\\/www.fcejs.unsl.edu.ar\\\/index.php\\\/cierre-del-8a-encuentro-intercambio-e-inclusion-universidad-discapacidad-derechos\\\/\"]}]},{\"@type\":\"ImageObject\",\"inLanguage\":\"es-AR\",\"@id\":\"https:\\\/\\\/www.fcejs.unsl.edu.ar\\\/index.php\\\/cierre-del-8a-encuentro-intercambio-e-inclusion-universidad-discapacidad-derechos\\\/#primaryimage\",\"url\":\"https:\\\/\\\/www.fcejs.unsl.edu.ar\\\/wp-content\\\/uploads\\\/2022\\\/11\\\/cierre-octavo-encuentro.jpg\",\"contentUrl\":\"https:\\\/\\\/www.fcejs.unsl.edu.ar\\\/wp-content\\\/uploads\\\/2022\\\/11\\\/cierre-octavo-encuentro.jpg\",\"width\":1152,\"height\":647},{\"@type\":\"BreadcrumbList\",\"@id\":\"https:\\\/\\\/www.fcejs.unsl.edu.ar\\\/index.php\\\/cierre-del-8a-encuentro-intercambio-e-inclusion-universidad-discapacidad-derechos\\\/#breadcrumb\",\"itemListElement\":[{\"@type\":\"ListItem\",\"position\":1,\"name\":\"Inicio\",\"item\":\"https:\\\/\\\/www.fcejs.unsl.edu.ar\\\/\"},{\"@type\":\"ListItem\",\"position\":2,\"name\":\"Cierre del 8\u00aa Encuentro Intercambio e Inclusi\u00f3n. Universidad Discapacidad Derechos\"}]},{\"@type\":\"WebSite\",\"@id\":\"https:\\\/\\\/www.fcejs.unsl.edu.ar\\\/#website\",\"url\":\"https:\\\/\\\/www.fcejs.unsl.edu.ar\\\/\",\"name\":\"Facultad de Ciencias Econ\u00f3micas, Jur\u00ed\u00addicas y Sociales\",\"description\":\"\",\"publisher\":{\"@id\":\"https:\\\/\\\/www.fcejs.unsl.edu.ar\\\/#organization\"},\"potentialAction\":[{\"@type\":\"SearchAction\",\"target\":{\"@type\":\"EntryPoint\",\"urlTemplate\":\"https:\\\/\\\/www.fcejs.unsl.edu.ar\\\/?s={search_term_string}\"},\"query-input\":{\"@type\":\"PropertyValueSpecification\",\"valueRequired\":true,\"valueName\":\"search_term_string\"}}],\"inLanguage\":\"es-AR\"},{\"@type\":\"Organization\",\"@id\":\"https:\\\/\\\/www.fcejs.unsl.edu.ar\\\/#organization\",\"name\":\"Facultad de Ciencias Econ\u00f3micas, Jur\u00eddicas y Sociales\",\"url\":\"https:\\\/\\\/www.fcejs.unsl.edu.ar\\\/\",\"logo\":{\"@type\":\"ImageObject\",\"inLanguage\":\"es-AR\",\"@id\":\"https:\\\/\\\/www.fcejs.unsl.edu.ar\\\/#\\\/schema\\\/logo\\\/image\\\/\",\"url\":\"https:\\\/\\\/www.fcejs.unsl.edu.ar\\\/wp-content\\\/uploads\\\/2021\\\/03\\\/logo-1.jpg\",\"contentUrl\":\"https:\\\/\\\/www.fcejs.unsl.edu.ar\\\/wp-content\\\/uploads\\\/2021\\\/03\\\/logo-1.jpg\",\"width\":471,\"height\":146,\"caption\":\"Facultad de Ciencias Econ\u00f3micas, Jur\u00eddicas y Sociales\"},\"image\":{\"@id\":\"https:\\\/\\\/www.fcejs.unsl.edu.ar\\\/#\\\/schema\\\/logo\\\/image\\\/\"},\"sameAs\":[\"https:\\\/\\\/www.facebook.com\\\/FCEJS.UNSL\\\/\",\"https:\\\/\\\/x.com\\\/FCEJSUNSL\",\"https:\\\/\\\/www.instagram.com\\\/fcejs.unsl\\\/\",\"https:\\\/\\\/www.youtube.com\\\/channel\\\/UCH-Ut6EaN_X5ogjIQMPe46g\\\/\"]},{\"@type\":\"Person\",\"@id\":\"https:\\\/\\\/www.fcejs.unsl.edu.ar\\\/#\\\/schema\\\/person\\\/352ee6ed90c3f394c7cb5945f8956d34\",\"name\":\"DATI\"}]}<\/script>\n<!-- \/ Yoast SEO plugin. -->","yoast_head_json":{"title":"Cierre del 8\u00aa Encuentro Intercambio e Inclusi\u00f3n. Universidad Discapacidad Derechos - Facultad de Ciencias Econ\u00f3micas, Jur\u00ed\u00addicas y Sociales","robots":{"index":"index","follow":"follow","max-snippet":"max-snippet:-1","max-image-preview":"max-image-preview:large","max-video-preview":"max-video-preview:-1"},"canonical":"https:\/\/www.fcejs.unsl.edu.ar\/index.php\/cierre-del-8a-encuentro-intercambio-e-inclusion-universidad-discapacidad-derechos\/","og_locale":"es_ES","og_type":"article","og_title":"Cierre del 8\u00aa Encuentro Intercambio e Inclusi\u00f3n. Universidad Discapacidad Derechos - Facultad de Ciencias Econ\u00f3micas, Jur\u00ed\u00addicas y Sociales","og_description":"La Secretar\u00eda de Extensi\u00f3n Universitaria informa que el pr\u00f3ximo jueves 17 de noviembre, desde las 16:30 y hasta las 18:30 horas, se llevar\u00e1 a cabo&hellip;","og_url":"https:\/\/www.fcejs.unsl.edu.ar\/index.php\/cierre-del-8a-encuentro-intercambio-e-inclusion-universidad-discapacidad-derechos\/","og_site_name":"Facultad de Ciencias Econ\u00f3micas, Jur\u00ed\u00addicas y Sociales","article_publisher":"https:\/\/www.facebook.com\/FCEJS.UNSL\/","article_published_time":"2022-11-17T03:47:22+00:00","article_modified_time":"2022-11-18T12:22:00+00:00","og_image":[{"width":1152,"height":647,"url":"https:\/\/www.fcejs.unsl.edu.ar\/wp-content\/uploads\/2022\/11\/cierre-octavo-encuentro.jpg","type":"image\/jpeg"}],"author":"DATI","twitter_card":"summary_large_image","twitter_creator":"@FCEJSUNSL","twitter_site":"@FCEJSUNSL","twitter_misc":{"Escrito por":"DATI","Tiempo de lectura":"2 minutos"},"schema":{"@context":"https:\/\/schema.org","@graph":[{"@type":"Article","@id":"https:\/\/www.fcejs.unsl.edu.ar\/index.php\/cierre-del-8a-encuentro-intercambio-e-inclusion-universidad-discapacidad-derechos\/#article","isPartOf":{"@id":"https:\/\/www.fcejs.unsl.edu.ar\/index.php\/cierre-del-8a-encuentro-intercambio-e-inclusion-universidad-discapacidad-derechos\/"},"author":{"name":"DATI","@id":"https:\/\/www.fcejs.unsl.edu.ar\/#\/schema\/person\/352ee6ed90c3f394c7cb5945f8956d34"},"headline":"Cierre del 8\u00aa Encuentro Intercambio e Inclusi\u00f3n. Universidad Discapacidad Derechos","datePublished":"2022-11-17T03:47:22+00:00","dateModified":"2022-11-18T12:22:00+00:00","mainEntityOfPage":{"@id":"https:\/\/www.fcejs.unsl.edu.ar\/index.php\/cierre-del-8a-encuentro-intercambio-e-inclusion-universidad-discapacidad-derechos\/"},"wordCount":372,"publisher":{"@id":"https:\/\/www.fcejs.unsl.edu.ar\/#organization"},"image":{"@id":"https:\/\/www.fcejs.unsl.edu.ar\/index.php\/cierre-del-8a-encuentro-intercambio-e-inclusion-universidad-discapacidad-derechos\/#primaryimage"},"thumbnailUrl":"https:\/\/www.fcejs.unsl.edu.ar\/wp-content\/uploads\/2022\/11\/cierre-octavo-encuentro.jpg","articleSection":["Noticias"],"inLanguage":"es-AR"},{"@type":"WebPage","@id":"https:\/\/www.fcejs.unsl.edu.ar\/index.php\/cierre-del-8a-encuentro-intercambio-e-inclusion-universidad-discapacidad-derechos\/","url":"https:\/\/www.fcejs.unsl.edu.ar\/index.php\/cierre-del-8a-encuentro-intercambio-e-inclusion-universidad-discapacidad-derechos\/","name":"Cierre del 8\u00aa Encuentro Intercambio e Inclusi\u00f3n. Universidad Discapacidad Derechos - Facultad de Ciencias Econ\u00f3micas, Jur\u00ed\u00addicas y Sociales","isPartOf":{"@id":"https:\/\/www.fcejs.unsl.edu.ar\/#website"},"primaryImageOfPage":{"@id":"https:\/\/www.fcejs.unsl.edu.ar\/index.php\/cierre-del-8a-encuentro-intercambio-e-inclusion-universidad-discapacidad-derechos\/#primaryimage"},"image":{"@id":"https:\/\/www.fcejs.unsl.edu.ar\/index.php\/cierre-del-8a-encuentro-intercambio-e-inclusion-universidad-discapacidad-derechos\/#primaryimage"},"thumbnailUrl":"https:\/\/www.fcejs.unsl.edu.ar\/wp-content\/uploads\/2022\/11\/cierre-octavo-encuentro.jpg","datePublished":"2022-11-17T03:47:22+00:00","dateModified":"2022-11-18T12:22:00+00:00","breadcrumb":{"@id":"https:\/\/www.fcejs.unsl.edu.ar\/index.php\/cierre-del-8a-encuentro-intercambio-e-inclusion-universidad-discapacidad-derechos\/#breadcrumb"},"inLanguage":"es-AR","potentialAction":[{"@type":"ReadAction","target":["https:\/\/www.fcejs.unsl.edu.ar\/index.php\/cierre-del-8a-encuentro-intercambio-e-inclusion-universidad-discapacidad-derechos\/"]}]},{"@type":"ImageObject","inLanguage":"es-AR","@id":"https:\/\/www.fcejs.unsl.edu.ar\/index.php\/cierre-del-8a-encuentro-intercambio-e-inclusion-universidad-discapacidad-derechos\/#primaryimage","url":"https:\/\/www.fcejs.unsl.edu.ar\/wp-content\/uploads\/2022\/11\/cierre-octavo-encuentro.jpg","contentUrl":"https:\/\/www.fcejs.unsl.edu.ar\/wp-content\/uploads\/2022\/11\/cierre-octavo-encuentro.jpg","width":1152,"height":647},{"@type":"BreadcrumbList","@id":"https:\/\/www.fcejs.unsl.edu.ar\/index.php\/cierre-del-8a-encuentro-intercambio-e-inclusion-universidad-discapacidad-derechos\/#breadcrumb","itemListElement":[{"@type":"ListItem","position":1,"name":"Inicio","item":"https:\/\/www.fcejs.unsl.edu.ar\/"},{"@type":"ListItem","position":2,"name":"Cierre del 8\u00aa Encuentro Intercambio e Inclusi\u00f3n. Universidad Discapacidad Derechos"}]},{"@type":"WebSite","@id":"https:\/\/www.fcejs.unsl.edu.ar\/#website","url":"https:\/\/www.fcejs.unsl.edu.ar\/","name":"Facultad de Ciencias Econ\u00f3micas, Jur\u00ed\u00addicas y Sociales","description":"","publisher":{"@id":"https:\/\/www.fcejs.unsl.edu.ar\/#organization"},"potentialAction":[{"@type":"SearchAction","target":{"@type":"EntryPoint","urlTemplate":"https:\/\/www.fcejs.unsl.edu.ar\/?s={search_term_string}"},"query-input":{"@type":"PropertyValueSpecification","valueRequired":true,"valueName":"search_term_string"}}],"inLanguage":"es-AR"},{"@type":"Organization","@id":"https:\/\/www.fcejs.unsl.edu.ar\/#organization","name":"Facultad de Ciencias Econ\u00f3micas, Jur\u00eddicas y Sociales","url":"https:\/\/www.fcejs.unsl.edu.ar\/","logo":{"@type":"ImageObject","inLanguage":"es-AR","@id":"https:\/\/www.fcejs.unsl.edu.ar\/#\/schema\/logo\/image\/","url":"https:\/\/www.fcejs.unsl.edu.ar\/wp-content\/uploads\/2021\/03\/logo-1.jpg","contentUrl":"https:\/\/www.fcejs.unsl.edu.ar\/wp-content\/uploads\/2021\/03\/logo-1.jpg","width":471,"height":146,"caption":"Facultad de Ciencias Econ\u00f3micas, Jur\u00eddicas y Sociales"},"image":{"@id":"https:\/\/www.fcejs.unsl.edu.ar\/#\/schema\/logo\/image\/"},"sameAs":["https:\/\/www.facebook.com\/FCEJS.UNSL\/","https:\/\/x.com\/FCEJSUNSL","https:\/\/www.instagram.com\/fcejs.unsl\/","https:\/\/www.youtube.com\/channel\/UCH-Ut6EaN_X5ogjIQMPe46g\/"]},{"@type":"Person","@id":"https:\/\/www.fcejs.unsl.edu.ar\/#\/schema\/person\/352ee6ed90c3f394c7cb5945f8956d34","name":"DATI"}]}},"jetpack_featured_media_url":"https:\/\/www.fcejs.unsl.edu.ar\/wp-content\/uploads\/2022\/11\/cierre-octavo-encuentro.jpg","_links":{"self":[{"href":"https:\/\/www.fcejs.unsl.edu.ar\/index.php\/wp-json\/wp\/v2\/posts\/10133","targetHints":{"allow":["GET"]}}],"collection":[{"href":"https:\/\/www.fcejs.unsl.edu.ar\/index.php\/wp-json\/wp\/v2\/posts"}],"about":[{"href":"https:\/\/www.fcejs.unsl.edu.ar\/index.php\/wp-json\/wp\/v2\/types\/post"}],"author":[{"embeddable":true,"href":"https:\/\/www.fcejs.unsl.edu.ar\/index.php\/wp-json\/wp\/v2\/users\/9"}],"replies":[{"embeddable":true,"href":"https:\/\/www.fcejs.unsl.edu.ar\/index.php\/wp-json\/wp\/v2\/comments?post=10133"}],"version-history":[{"count":5,"href":"https:\/\/www.fcejs.unsl.edu.ar\/index.php\/wp-json\/wp\/v2\/posts\/10133\/revisions"}],"predecessor-version":[{"id":10140,"href":"https:\/\/www.fcejs.unsl.edu.ar\/index.php\/wp-json\/wp\/v2\/posts\/10133\/revisions\/10140"}],"wp:featuredmedia":[{"embeddable":true,"href":"https:\/\/www.fcejs.unsl.edu.ar\/index.php\/wp-json\/wp\/v2\/media\/10135"}],"wp:attachment":[{"href":"https:\/\/www.fcejs.unsl.edu.ar\/index.php\/wp-json\/wp\/v2\/media?parent=10133"}],"wp:term":[{"taxonomy":"category","embeddable":true,"href":"https:\/\/www.fcejs.unsl.edu.ar\/index.php\/wp-json\/wp\/v2\/categories?post=10133"},{"taxonomy":"post_tag","embeddable":true,"href":"https:\/\/www.fcejs.unsl.edu.ar\/index.php\/wp-json\/wp\/v2\/tags?post=10133"}],"curies":[{"name":"wp","href":"https:\/\/api.w.org\/{rel}","templated":true}]}}