{"id":10129,"date":"2022-11-15T11:48:20","date_gmt":"2022-11-15T14:48:20","guid":{"rendered":"http:\/\/10.101.10.197\/www\/?p=10129"},"modified":"2023-02-14T09:19:37","modified_gmt":"2023-02-14T12:19:37","slug":"reconocimiento-oficial-provisorio-coneua","status":"publish","type":"post","link":"https:\/\/www.fcejs.unsl.edu.ar\/index.php\/reconocimiento-oficial-provisorio-coneua\/","title":{"rendered":"La Especializaci\u00f3n en Gesti\u00f3n para el Desarrollo Sostenible obtuvo el Reconocimiento Oficial Provisorio de la CONEAU"},"content":{"rendered":"<p>La FCEJS se complace en informar, que el pasado jueves 10 de noviembre, la nueva carrera de posgrado <strong>\u201cEspecializaci\u00f3n en gesti\u00f3n para el Desarrollo Sostenible\u201d<\/strong>, obtuvo el <strong>Reconocimiento Oficial Provisorio de su t\u00edtulo<\/strong> ante la Comisi\u00f3n Nacional de Evaluaci\u00f3n y Acreditaci\u00f3n Universitaria (CONEAU), dictaminado durante la Sesi\u00f3n N\u00ba 576 acorde el <strong>EX-2021-37746125-APN-DAC#CONEAU.<\/strong><\/p>\n<p>De esta manera permitir\u00e1 a la nueva carrera <strong>iniciar sus actividades acad\u00e9micas<\/strong> y realizar el dictado de la <strong>primera cohorte en el ciclo lectivo 2023.<\/strong><\/p>\n<p>Homologada por el Consejo Superior en su sesi\u00f3n del 27 de abril de 2021, esta nueva carrera tiene como finalidad promover la formaci\u00f3n de gestores\/as y formuladores\/as para el desarrollo de proyectos de intervenci\u00f3n\/ transferencia\/ vinculaci\u00f3n social que promuevan el desarrollo sostenible.<\/p>\n<p>Surge por iniciativa parte de los Proyectos de Investigaci\u00f3n Consolidado, PROICO 15- 0720 \u201cFederalismo y Desarrollo, influencias mutuas en la construcci\u00f3n de la ciudadan\u00eda en la Provincia de San Luis\u201d; PROICO 15-0620 \u201cAgregado de valor en la regi\u00f3n semi\u00e1rida. Redes de innovaci\u00f3n, bioeconom\u00eda y desarrollo sostenible.\u201d; y PROICO 14-2118 \u201cSupervisi\u00f3n y Control de Microrredes Aisladas basadas en Energ\u00edas Renovables\u201d.<\/p>\n<p>El Equipo de gesti\u00f3n de la carrera est\u00e1 constituido por su Director Dr. Guillermo Ricardo Catuogno y los integrantes del Comit\u00e9 Acad\u00e9mico: Dra. Marta Susana Juli\u00e1, Dra. Liliana Myriam Grzona, Mag. H\u00e9ctor Daniel Flores y Mag. Jorge Ra\u00fal D\u00edaz. El cuerpo docente de la carrera est\u00e1 conformado por docentes de la FCEJS y de otras unidades acad\u00e9micas de la Universidad Nacional de San Luis.<\/p>\n<p>La carrera est\u00e1 destinada a profesionales provenientes de las ciencias econ\u00f3micas, sociales, ambientales e ingenier\u00edas y se enmarca en los postulados por el Plan Nacional de Ciencia, tecnolog\u00eda e Innovaci\u00f3n, que entre sus p\u00e1rrafos dice: \u201cLas principales definiciones son adoptadas en el marco de un proceso que tiene como punto de partida su inscripci\u00f3n en el proyecto de desarrollo social, productivo y ambiental definido en las pol\u00edticas gubernamentales\u201d<\/p>\n","protected":false},"excerpt":{"rendered":"<p>La FCEJS se complace en informar, que el pasado jueves 10 de noviembre, la nueva carrera de posgrado \u201cEspecializaci\u00f3n en gesti\u00f3n para el Desarrollo Sostenible\u201d,&hellip;<\/p>\n","protected":false},"author":9,"featured_media":10130,"comment_status":"closed","ping_status":"closed","sticky":false,"template":"","format":"standard","meta":{"om_disable_all_campaigns":false,"_monsterinsights_skip_tracking":false,"_monsterinsights_sitenote_active":false,"_monsterinsights_sitenote_note":"","_monsterinsights_sitenote_category":0,"footnotes":""},"categories":[1],"tags":[],"class_list":["post-10129","post","type-post","status-publish","format-standard","has-post-thumbnail","hentry","category-noticias"],"yoast_head":"<!-- This site is optimized with the Yoast SEO plugin v27.4 - https:\/\/yoast.com\/product\/yoast-seo-wordpress\/ -->\n<title>La Especializaci\u00f3n en Gesti\u00f3n para el Desarrollo Sostenible obtuvo el Reconocimiento Oficial Provisorio de la CONEAU - Facultad de Ciencias Econ\u00f3micas, Jur\u00ed\u00addicas y Sociales<\/title>\n<meta name=\"robots\" content=\"index, follow, max-snippet:-1, max-image-preview:large, max-video-preview:-1\" \/>\n<link rel=\"canonical\" href=\"https:\/\/www.fcejs.unsl.edu.ar\/index.php\/reconocimiento-oficial-provisorio-coneua\/\" \/>\n<meta property=\"og:locale\" content=\"es_ES\" \/>\n<meta property=\"og:type\" content=\"article\" \/>\n<meta property=\"og:title\" content=\"La Especializaci\u00f3n en Gesti\u00f3n para el Desarrollo Sostenible obtuvo el Reconocimiento Oficial Provisorio de la CONEAU - Facultad de Ciencias Econ\u00f3micas, Jur\u00ed\u00addicas y Sociales\" \/>\n<meta property=\"og:description\" content=\"La FCEJS se complace en informar, que el pasado jueves 10 de noviembre, la nueva carrera de posgrado \u201cEspecializaci\u00f3n en gesti\u00f3n para el Desarrollo Sostenible\u201d,&hellip;\" \/>\n<meta property=\"og:url\" content=\"https:\/\/www.fcejs.unsl.edu.ar\/index.php\/reconocimiento-oficial-provisorio-coneua\/\" \/>\n<meta property=\"og:site_name\" content=\"Facultad de Ciencias Econ\u00f3micas, Jur\u00ed\u00addicas y Sociales\" \/>\n<meta property=\"article:publisher\" content=\"https:\/\/www.facebook.com\/FCEJS.UNSL\/\" \/>\n<meta property=\"article:published_time\" content=\"2022-11-15T14:48:20+00:00\" \/>\n<meta property=\"article:modified_time\" content=\"2023-02-14T12:19:37+00:00\" \/>\n<meta property=\"og:image\" content=\"https:\/\/www.fcejs.unsl.edu.ar\/wp-content\/uploads\/2022\/11\/nva-carrera.png\" \/>\n\t<meta property=\"og:image:width\" content=\"1061\" \/>\n\t<meta property=\"og:image:height\" content=\"600\" \/>\n\t<meta property=\"og:image:type\" content=\"image\/png\" \/>\n<meta name=\"author\" content=\"DATI\" \/>\n<meta name=\"twitter:card\" content=\"summary_large_image\" \/>\n<meta name=\"twitter:creator\" content=\"@FCEJSUNSL\" \/>\n<meta name=\"twitter:site\" content=\"@FCEJSUNSL\" \/>\n<meta name=\"twitter:label1\" content=\"Escrito por\" \/>\n\t<meta name=\"twitter:data1\" content=\"DATI\" \/>\n\t<meta name=\"twitter:label2\" content=\"Tiempo de lectura\" \/>\n\t<meta name=\"twitter:data2\" content=\"2 minutos\" \/>\n<script type=\"application\/ld+json\" class=\"yoast-schema-graph\">{\"@context\":\"https:\\\/\\\/schema.org\",\"@graph\":[{\"@type\":\"Article\",\"@id\":\"https:\\\/\\\/www.fcejs.unsl.edu.ar\\\/index.php\\\/reconocimiento-oficial-provisorio-coneua\\\/#article\",\"isPartOf\":{\"@id\":\"https:\\\/\\\/www.fcejs.unsl.edu.ar\\\/index.php\\\/reconocimiento-oficial-provisorio-coneua\\\/\"},\"author\":{\"name\":\"DATI\",\"@id\":\"https:\\\/\\\/www.fcejs.unsl.edu.ar\\\/#\\\/schema\\\/person\\\/352ee6ed90c3f394c7cb5945f8956d34\"},\"headline\":\"La Especializaci\u00f3n en Gesti\u00f3n para el Desarrollo Sostenible obtuvo el Reconocimiento Oficial Provisorio de la CONEAU\",\"datePublished\":\"2022-11-15T14:48:20+00:00\",\"dateModified\":\"2023-02-14T12:19:37+00:00\",\"mainEntityOfPage\":{\"@id\":\"https:\\\/\\\/www.fcejs.unsl.edu.ar\\\/index.php\\\/reconocimiento-oficial-provisorio-coneua\\\/\"},\"wordCount\":361,\"publisher\":{\"@id\":\"https:\\\/\\\/www.fcejs.unsl.edu.ar\\\/#organization\"},\"image\":{\"@id\":\"https:\\\/\\\/www.fcejs.unsl.edu.ar\\\/index.php\\\/reconocimiento-oficial-provisorio-coneua\\\/#primaryimage\"},\"thumbnailUrl\":\"https:\\\/\\\/www.fcejs.unsl.edu.ar\\\/wp-content\\\/uploads\\\/2022\\\/11\\\/nva-carrera.png\",\"articleSection\":[\"Noticias\"],\"inLanguage\":\"es-AR\"},{\"@type\":\"WebPage\",\"@id\":\"https:\\\/\\\/www.fcejs.unsl.edu.ar\\\/index.php\\\/reconocimiento-oficial-provisorio-coneua\\\/\",\"url\":\"https:\\\/\\\/www.fcejs.unsl.edu.ar\\\/index.php\\\/reconocimiento-oficial-provisorio-coneua\\\/\",\"name\":\"La Especializaci\u00f3n en Gesti\u00f3n para el Desarrollo Sostenible obtuvo el Reconocimiento Oficial Provisorio de la CONEAU - Facultad de Ciencias Econ\u00f3micas, Jur\u00ed\u00addicas y Sociales\",\"isPartOf\":{\"@id\":\"https:\\\/\\\/www.fcejs.unsl.edu.ar\\\/#website\"},\"primaryImageOfPage\":{\"@id\":\"https:\\\/\\\/www.fcejs.unsl.edu.ar\\\/index.php\\\/reconocimiento-oficial-provisorio-coneua\\\/#primaryimage\"},\"image\":{\"@id\":\"https:\\\/\\\/www.fcejs.unsl.edu.ar\\\/index.php\\\/reconocimiento-oficial-provisorio-coneua\\\/#primaryimage\"},\"thumbnailUrl\":\"https:\\\/\\\/www.fcejs.unsl.edu.ar\\\/wp-content\\\/uploads\\\/2022\\\/11\\\/nva-carrera.png\",\"datePublished\":\"2022-11-15T14:48:20+00:00\",\"dateModified\":\"2023-02-14T12:19:37+00:00\",\"breadcrumb\":{\"@id\":\"https:\\\/\\\/www.fcejs.unsl.edu.ar\\\/index.php\\\/reconocimiento-oficial-provisorio-coneua\\\/#breadcrumb\"},\"inLanguage\":\"es-AR\",\"potentialAction\":[{\"@type\":\"ReadAction\",\"target\":[\"https:\\\/\\\/www.fcejs.unsl.edu.ar\\\/index.php\\\/reconocimiento-oficial-provisorio-coneua\\\/\"]}]},{\"@type\":\"ImageObject\",\"inLanguage\":\"es-AR\",\"@id\":\"https:\\\/\\\/www.fcejs.unsl.edu.ar\\\/index.php\\\/reconocimiento-oficial-provisorio-coneua\\\/#primaryimage\",\"url\":\"https:\\\/\\\/www.fcejs.unsl.edu.ar\\\/wp-content\\\/uploads\\\/2022\\\/11\\\/nva-carrera.png\",\"contentUrl\":\"https:\\\/\\\/www.fcejs.unsl.edu.ar\\\/wp-content\\\/uploads\\\/2022\\\/11\\\/nva-carrera.png\",\"width\":1061,\"height\":600},{\"@type\":\"BreadcrumbList\",\"@id\":\"https:\\\/\\\/www.fcejs.unsl.edu.ar\\\/index.php\\\/reconocimiento-oficial-provisorio-coneua\\\/#breadcrumb\",\"itemListElement\":[{\"@type\":\"ListItem\",\"position\":1,\"name\":\"Inicio\",\"item\":\"https:\\\/\\\/www.fcejs.unsl.edu.ar\\\/\"},{\"@type\":\"ListItem\",\"position\":2,\"name\":\"La Especializaci\u00f3n en Gesti\u00f3n para el Desarrollo Sostenible obtuvo el Reconocimiento Oficial Provisorio de la CONEAU\"}]},{\"@type\":\"WebSite\",\"@id\":\"https:\\\/\\\/www.fcejs.unsl.edu.ar\\\/#website\",\"url\":\"https:\\\/\\\/www.fcejs.unsl.edu.ar\\\/\",\"name\":\"Facultad de Ciencias Econ\u00f3micas, Jur\u00ed\u00addicas y Sociales\",\"description\":\"\",\"publisher\":{\"@id\":\"https:\\\/\\\/www.fcejs.unsl.edu.ar\\\/#organization\"},\"potentialAction\":[{\"@type\":\"SearchAction\",\"target\":{\"@type\":\"EntryPoint\",\"urlTemplate\":\"https:\\\/\\\/www.fcejs.unsl.edu.ar\\\/?s={search_term_string}\"},\"query-input\":{\"@type\":\"PropertyValueSpecification\",\"valueRequired\":true,\"valueName\":\"search_term_string\"}}],\"inLanguage\":\"es-AR\"},{\"@type\":\"Organization\",\"@id\":\"https:\\\/\\\/www.fcejs.unsl.edu.ar\\\/#organization\",\"name\":\"Facultad de Ciencias Econ\u00f3micas, Jur\u00eddicas y Sociales\",\"url\":\"https:\\\/\\\/www.fcejs.unsl.edu.ar\\\/\",\"logo\":{\"@type\":\"ImageObject\",\"inLanguage\":\"es-AR\",\"@id\":\"https:\\\/\\\/www.fcejs.unsl.edu.ar\\\/#\\\/schema\\\/logo\\\/image\\\/\",\"url\":\"https:\\\/\\\/www.fcejs.unsl.edu.ar\\\/wp-content\\\/uploads\\\/2021\\\/03\\\/logo-1.jpg\",\"contentUrl\":\"https:\\\/\\\/www.fcejs.unsl.edu.ar\\\/wp-content\\\/uploads\\\/2021\\\/03\\\/logo-1.jpg\",\"width\":471,\"height\":146,\"caption\":\"Facultad de Ciencias Econ\u00f3micas, Jur\u00eddicas y Sociales\"},\"image\":{\"@id\":\"https:\\\/\\\/www.fcejs.unsl.edu.ar\\\/#\\\/schema\\\/logo\\\/image\\\/\"},\"sameAs\":[\"https:\\\/\\\/www.facebook.com\\\/FCEJS.UNSL\\\/\",\"https:\\\/\\\/x.com\\\/FCEJSUNSL\",\"https:\\\/\\\/www.instagram.com\\\/fcejs.unsl\\\/\",\"https:\\\/\\\/www.youtube.com\\\/channel\\\/UCH-Ut6EaN_X5ogjIQMPe46g\\\/\"]},{\"@type\":\"Person\",\"@id\":\"https:\\\/\\\/www.fcejs.unsl.edu.ar\\\/#\\\/schema\\\/person\\\/352ee6ed90c3f394c7cb5945f8956d34\",\"name\":\"DATI\"}]}<\/script>\n<!-- \/ Yoast SEO plugin. -->","yoast_head_json":{"title":"La Especializaci\u00f3n en Gesti\u00f3n para el Desarrollo Sostenible obtuvo el Reconocimiento Oficial Provisorio de la CONEAU - Facultad de Ciencias Econ\u00f3micas, Jur\u00ed\u00addicas y Sociales","robots":{"index":"index","follow":"follow","max-snippet":"max-snippet:-1","max-image-preview":"max-image-preview:large","max-video-preview":"max-video-preview:-1"},"canonical":"https:\/\/www.fcejs.unsl.edu.ar\/index.php\/reconocimiento-oficial-provisorio-coneua\/","og_locale":"es_ES","og_type":"article","og_title":"La Especializaci\u00f3n en Gesti\u00f3n para el Desarrollo Sostenible obtuvo el Reconocimiento Oficial Provisorio de la CONEAU - Facultad de Ciencias Econ\u00f3micas, Jur\u00ed\u00addicas y Sociales","og_description":"La FCEJS se complace en informar, que el pasado jueves 10 de noviembre, la nueva carrera de posgrado \u201cEspecializaci\u00f3n en gesti\u00f3n para el Desarrollo Sostenible\u201d,&hellip;","og_url":"https:\/\/www.fcejs.unsl.edu.ar\/index.php\/reconocimiento-oficial-provisorio-coneua\/","og_site_name":"Facultad de Ciencias Econ\u00f3micas, Jur\u00ed\u00addicas y Sociales","article_publisher":"https:\/\/www.facebook.com\/FCEJS.UNSL\/","article_published_time":"2022-11-15T14:48:20+00:00","article_modified_time":"2023-02-14T12:19:37+00:00","og_image":[{"width":1061,"height":600,"url":"https:\/\/www.fcejs.unsl.edu.ar\/wp-content\/uploads\/2022\/11\/nva-carrera.png","type":"image\/png"}],"author":"DATI","twitter_card":"summary_large_image","twitter_creator":"@FCEJSUNSL","twitter_site":"@FCEJSUNSL","twitter_misc":{"Escrito por":"DATI","Tiempo de lectura":"2 minutos"},"schema":{"@context":"https:\/\/schema.org","@graph":[{"@type":"Article","@id":"https:\/\/www.fcejs.unsl.edu.ar\/index.php\/reconocimiento-oficial-provisorio-coneua\/#article","isPartOf":{"@id":"https:\/\/www.fcejs.unsl.edu.ar\/index.php\/reconocimiento-oficial-provisorio-coneua\/"},"author":{"name":"DATI","@id":"https:\/\/www.fcejs.unsl.edu.ar\/#\/schema\/person\/352ee6ed90c3f394c7cb5945f8956d34"},"headline":"La Especializaci\u00f3n en Gesti\u00f3n para el Desarrollo Sostenible obtuvo el Reconocimiento Oficial Provisorio de la CONEAU","datePublished":"2022-11-15T14:48:20+00:00","dateModified":"2023-02-14T12:19:37+00:00","mainEntityOfPage":{"@id":"https:\/\/www.fcejs.unsl.edu.ar\/index.php\/reconocimiento-oficial-provisorio-coneua\/"},"wordCount":361,"publisher":{"@id":"https:\/\/www.fcejs.unsl.edu.ar\/#organization"},"image":{"@id":"https:\/\/www.fcejs.unsl.edu.ar\/index.php\/reconocimiento-oficial-provisorio-coneua\/#primaryimage"},"thumbnailUrl":"https:\/\/www.fcejs.unsl.edu.ar\/wp-content\/uploads\/2022\/11\/nva-carrera.png","articleSection":["Noticias"],"inLanguage":"es-AR"},{"@type":"WebPage","@id":"https:\/\/www.fcejs.unsl.edu.ar\/index.php\/reconocimiento-oficial-provisorio-coneua\/","url":"https:\/\/www.fcejs.unsl.edu.ar\/index.php\/reconocimiento-oficial-provisorio-coneua\/","name":"La Especializaci\u00f3n en Gesti\u00f3n para el Desarrollo Sostenible obtuvo el Reconocimiento Oficial Provisorio de la CONEAU - Facultad de Ciencias Econ\u00f3micas, Jur\u00ed\u00addicas y Sociales","isPartOf":{"@id":"https:\/\/www.fcejs.unsl.edu.ar\/#website"},"primaryImageOfPage":{"@id":"https:\/\/www.fcejs.unsl.edu.ar\/index.php\/reconocimiento-oficial-provisorio-coneua\/#primaryimage"},"image":{"@id":"https:\/\/www.fcejs.unsl.edu.ar\/index.php\/reconocimiento-oficial-provisorio-coneua\/#primaryimage"},"thumbnailUrl":"https:\/\/www.fcejs.unsl.edu.ar\/wp-content\/uploads\/2022\/11\/nva-carrera.png","datePublished":"2022-11-15T14:48:20+00:00","dateModified":"2023-02-14T12:19:37+00:00","breadcrumb":{"@id":"https:\/\/www.fcejs.unsl.edu.ar\/index.php\/reconocimiento-oficial-provisorio-coneua\/#breadcrumb"},"inLanguage":"es-AR","potentialAction":[{"@type":"ReadAction","target":["https:\/\/www.fcejs.unsl.edu.ar\/index.php\/reconocimiento-oficial-provisorio-coneua\/"]}]},{"@type":"ImageObject","inLanguage":"es-AR","@id":"https:\/\/www.fcejs.unsl.edu.ar\/index.php\/reconocimiento-oficial-provisorio-coneua\/#primaryimage","url":"https:\/\/www.fcejs.unsl.edu.ar\/wp-content\/uploads\/2022\/11\/nva-carrera.png","contentUrl":"https:\/\/www.fcejs.unsl.edu.ar\/wp-content\/uploads\/2022\/11\/nva-carrera.png","width":1061,"height":600},{"@type":"BreadcrumbList","@id":"https:\/\/www.fcejs.unsl.edu.ar\/index.php\/reconocimiento-oficial-provisorio-coneua\/#breadcrumb","itemListElement":[{"@type":"ListItem","position":1,"name":"Inicio","item":"https:\/\/www.fcejs.unsl.edu.ar\/"},{"@type":"ListItem","position":2,"name":"La Especializaci\u00f3n en Gesti\u00f3n para el Desarrollo Sostenible obtuvo el Reconocimiento Oficial Provisorio de la CONEAU"}]},{"@type":"WebSite","@id":"https:\/\/www.fcejs.unsl.edu.ar\/#website","url":"https:\/\/www.fcejs.unsl.edu.ar\/","name":"Facultad de Ciencias Econ\u00f3micas, Jur\u00ed\u00addicas y Sociales","description":"","publisher":{"@id":"https:\/\/www.fcejs.unsl.edu.ar\/#organization"},"potentialAction":[{"@type":"SearchAction","target":{"@type":"EntryPoint","urlTemplate":"https:\/\/www.fcejs.unsl.edu.ar\/?s={search_term_string}"},"query-input":{"@type":"PropertyValueSpecification","valueRequired":true,"valueName":"search_term_string"}}],"inLanguage":"es-AR"},{"@type":"Organization","@id":"https:\/\/www.fcejs.unsl.edu.ar\/#organization","name":"Facultad de Ciencias Econ\u00f3micas, Jur\u00eddicas y Sociales","url":"https:\/\/www.fcejs.unsl.edu.ar\/","logo":{"@type":"ImageObject","inLanguage":"es-AR","@id":"https:\/\/www.fcejs.unsl.edu.ar\/#\/schema\/logo\/image\/","url":"https:\/\/www.fcejs.unsl.edu.ar\/wp-content\/uploads\/2021\/03\/logo-1.jpg","contentUrl":"https:\/\/www.fcejs.unsl.edu.ar\/wp-content\/uploads\/2021\/03\/logo-1.jpg","width":471,"height":146,"caption":"Facultad de Ciencias Econ\u00f3micas, Jur\u00eddicas y Sociales"},"image":{"@id":"https:\/\/www.fcejs.unsl.edu.ar\/#\/schema\/logo\/image\/"},"sameAs":["https:\/\/www.facebook.com\/FCEJS.UNSL\/","https:\/\/x.com\/FCEJSUNSL","https:\/\/www.instagram.com\/fcejs.unsl\/","https:\/\/www.youtube.com\/channel\/UCH-Ut6EaN_X5ogjIQMPe46g\/"]},{"@type":"Person","@id":"https:\/\/www.fcejs.unsl.edu.ar\/#\/schema\/person\/352ee6ed90c3f394c7cb5945f8956d34","name":"DATI"}]}},"jetpack_featured_media_url":"https:\/\/www.fcejs.unsl.edu.ar\/wp-content\/uploads\/2022\/11\/nva-carrera.png","_links":{"self":[{"href":"https:\/\/www.fcejs.unsl.edu.ar\/index.php\/wp-json\/wp\/v2\/posts\/10129","targetHints":{"allow":["GET"]}}],"collection":[{"href":"https:\/\/www.fcejs.unsl.edu.ar\/index.php\/wp-json\/wp\/v2\/posts"}],"about":[{"href":"https:\/\/www.fcejs.unsl.edu.ar\/index.php\/wp-json\/wp\/v2\/types\/post"}],"author":[{"embeddable":true,"href":"https:\/\/www.fcejs.unsl.edu.ar\/index.php\/wp-json\/wp\/v2\/users\/9"}],"replies":[{"embeddable":true,"href":"https:\/\/www.fcejs.unsl.edu.ar\/index.php\/wp-json\/wp\/v2\/comments?post=10129"}],"version-history":[{"count":2,"href":"https:\/\/www.fcejs.unsl.edu.ar\/index.php\/wp-json\/wp\/v2\/posts\/10129\/revisions"}],"predecessor-version":[{"id":10132,"href":"https:\/\/www.fcejs.unsl.edu.ar\/index.php\/wp-json\/wp\/v2\/posts\/10129\/revisions\/10132"}],"wp:featuredmedia":[{"embeddable":true,"href":"https:\/\/www.fcejs.unsl.edu.ar\/index.php\/wp-json\/wp\/v2\/media\/10130"}],"wp:attachment":[{"href":"https:\/\/www.fcejs.unsl.edu.ar\/index.php\/wp-json\/wp\/v2\/media?parent=10129"}],"wp:term":[{"taxonomy":"category","embeddable":true,"href":"https:\/\/www.fcejs.unsl.edu.ar\/index.php\/wp-json\/wp\/v2\/categories?post=10129"},{"taxonomy":"post_tag","embeddable":true,"href":"https:\/\/www.fcejs.unsl.edu.ar\/index.php\/wp-json\/wp\/v2\/tags?post=10129"}],"curies":[{"name":"wp","href":"https:\/\/api.w.org\/{rel}","templated":true}]}}