{"id":10062,"date":"2022-11-18T00:31:00","date_gmt":"2022-11-18T03:31:00","guid":{"rendered":"http:\/\/10.101.10.197\/www\/?p=10062"},"modified":"2022-11-18T13:59:28","modified_gmt":"2022-11-18T16:59:28","slug":"presentacion-del-libro-sistematizacion-de-una-practica-extensionista-en-territorios-ineditos-la-universidad-en-el-barrio","status":"publish","type":"post","link":"https:\/\/www.fcejs.unsl.edu.ar\/index.php\/presentacion-del-libro-sistematizacion-de-una-practica-extensionista-en-territorios-ineditos-la-universidad-en-el-barrio\/","title":{"rendered":"Presentaci\u00f3n del libro \u201cSistematizaci\u00f3n de una pr\u00e1ctica extensionista en territorios in\u00e9ditos: la universidad en el barrio\u201d."},"content":{"rendered":"<p>Como resultado del trabajo extensionista realizado en los \u00faltimos a\u00f1os en barrios villamercedinos, <strong>el Programa de Prevenci\u00f3n de Consumos Problem\u00e1tico<\/strong>s (PPCP) de la FCEJS presenta el<strong> libro \u201cSistematizaci\u00f3n de una pr\u00e1ctica extensionista en territorios in\u00e9ditos: la universidad en el barrio\u201d.<\/strong><\/p>\n<p>La presentaci\u00f3n de esta publicaci\u00f3n, escrito por integrantes del PPCP con la coautor\u00eda y compilaci\u00f3n de <strong>la Mgtr. Adriana Mor\u00e1n<\/strong>, se llevar\u00e1 a cabo el <strong>pr\u00f3ximo viernes 18 de noviembre de 2022,<\/strong> a partir de las 10 horas, en el <strong>Aula \u201cLuis Mar\u00eda Fr\u00fcm\u201d<\/strong>, situada en el segundo piso del Campus Universitario.<\/p>\n<p>La publicaci\u00f3n del texto \u201cSistematizaci\u00f3n de una pr\u00e1ctica extensionista en territorios in\u00e9ditos: la universidad en el barrio\u201d del Programa de Prevenci\u00f3n de Consumos Problem\u00e1ticos de la FCEJS \u2013 UNSL, responde a la necesidad de mostrar a la comunidad de Villa Mercedes y de la UNSL, espec\u00edficamente a la de la FCEJS, el trabajo extensionista llevado a cabo en estos territorios desde el dispositivo institucional que representa el Programa de Prevenci\u00f3n de Consumos Problem\u00e1ticos (PPCP). La sistematizaci\u00f3n presenta las pr\u00e1cticas centrales del dispositivo llevadas a cabo por les integrantes del PPCP, bajo al coordinaci\u00f3n de la Mgtr. Adriana I. Mor\u00e1n, quien realiza una Introducci\u00f3n a la tem\u00e1tica, enunciando a nivel epistemol\u00f3gico, el paradigma y la metodolog\u00eda que sostienen a dicho dispositivo.<\/p>\n<p>El texto recorre los diferentes territorios transitados y presenta la descripci\u00f3n de las pr\u00e1cticas llevadas a cabo en cada uno de ellos, por les integrantes del PPCP. Releva la importancia de contextualizar las pr\u00e1cticas extensionistas y la formaci\u00f3n de redes con las poblaciones con las cuales se trabaja en territorio. Resalta con un lema el esp\u00edritu que les sostiene en el entramado social conformado por diferentes sectores sociales como son la Universidad y la Comunidad: \u201cLo que se dice se hace y tambi\u00e9n se siente\u201d.<\/p>\n<p><img fetchpriority=\"high\" decoding=\"async\" class=\"aligncenter size-large wp-image-10114\" src=\"https:\/\/www.fcejs.unsl.edu.ar\/wp-content\/uploads\/2022\/11\/flyer-libro-consumos-problematicos-02-819x1024.jpg\" alt=\"\" width=\"819\" height=\"1024\" srcset=\"https:\/\/www.fcejs.unsl.edu.ar\/wp-content\/uploads\/2022\/11\/flyer-libro-consumos-problematicos-02-819x1024.jpg 819w, https:\/\/www.fcejs.unsl.edu.ar\/wp-content\/uploads\/2022\/11\/flyer-libro-consumos-problematicos-02-240x300.jpg 240w, https:\/\/www.fcejs.unsl.edu.ar\/wp-content\/uploads\/2022\/11\/flyer-libro-consumos-problematicos-02-768x960.jpg 768w, https:\/\/www.fcejs.unsl.edu.ar\/wp-content\/uploads\/2022\/11\/flyer-libro-consumos-problematicos-02.jpg 1024w\" sizes=\"(max-width: 819px) 100vw, 819px\" \/><\/p>\n","protected":false},"excerpt":{"rendered":"<p>Como resultado del trabajo extensionista realizado en los \u00faltimos a\u00f1os en barrios villamercedinos, el Programa de Prevenci\u00f3n de Consumos Problem\u00e1ticos (PPCP) de la FCEJS presenta&hellip;<\/p>\n","protected":false},"author":9,"featured_media":10063,"comment_status":"closed","ping_status":"closed","sticky":false,"template":"","format":"standard","meta":{"om_disable_all_campaigns":false,"_monsterinsights_skip_tracking":false,"_monsterinsights_sitenote_active":false,"_monsterinsights_sitenote_note":"","_monsterinsights_sitenote_category":0,"footnotes":""},"categories":[1],"tags":[],"class_list":["post-10062","post","type-post","status-publish","format-standard","has-post-thumbnail","hentry","category-noticias"],"yoast_head":"<!-- This site is optimized with the Yoast SEO plugin v27.4 - https:\/\/yoast.com\/product\/yoast-seo-wordpress\/ -->\n<title>Presentaci\u00f3n del libro \u201cSistematizaci\u00f3n de una pr\u00e1ctica extensionista en territorios in\u00e9ditos: la universidad en el barrio\u201d. - Facultad de Ciencias Econ\u00f3micas, Jur\u00ed\u00addicas y Sociales<\/title>\n<meta name=\"robots\" content=\"index, follow, max-snippet:-1, max-image-preview:large, max-video-preview:-1\" \/>\n<link rel=\"canonical\" href=\"https:\/\/www.fcejs.unsl.edu.ar\/index.php\/presentacion-del-libro-sistematizacion-de-una-practica-extensionista-en-territorios-ineditos-la-universidad-en-el-barrio\/\" \/>\n<meta property=\"og:locale\" content=\"es_ES\" \/>\n<meta property=\"og:type\" content=\"article\" \/>\n<meta property=\"og:title\" content=\"Presentaci\u00f3n del libro \u201cSistematizaci\u00f3n de una pr\u00e1ctica extensionista en territorios in\u00e9ditos: la universidad en el barrio\u201d. - Facultad de Ciencias Econ\u00f3micas, Jur\u00ed\u00addicas y Sociales\" \/>\n<meta property=\"og:description\" content=\"Como resultado del trabajo extensionista realizado en los \u00faltimos a\u00f1os en barrios villamercedinos, el Programa de Prevenci\u00f3n de Consumos Problem\u00e1ticos (PPCP) de la FCEJS presenta&hellip;\" \/>\n<meta property=\"og:url\" content=\"https:\/\/www.fcejs.unsl.edu.ar\/index.php\/presentacion-del-libro-sistematizacion-de-una-practica-extensionista-en-territorios-ineditos-la-universidad-en-el-barrio\/\" \/>\n<meta property=\"og:site_name\" content=\"Facultad de Ciencias Econ\u00f3micas, Jur\u00ed\u00addicas y Sociales\" \/>\n<meta property=\"article:publisher\" content=\"https:\/\/www.facebook.com\/FCEJS.UNSL\/\" \/>\n<meta property=\"article:published_time\" content=\"2022-11-18T03:31:00+00:00\" \/>\n<meta property=\"article:modified_time\" content=\"2022-11-18T16:59:28+00:00\" \/>\n<meta property=\"og:image\" content=\"https:\/\/www.fcejs.unsl.edu.ar\/wp-content\/uploads\/2022\/11\/flyer-libro-consumos-problematicos-front.jpg\" \/>\n\t<meta property=\"og:image:width\" content=\"1153\" \/>\n\t<meta property=\"og:image:height\" content=\"647\" \/>\n\t<meta property=\"og:image:type\" content=\"image\/jpeg\" \/>\n<meta name=\"author\" content=\"DATI\" \/>\n<meta name=\"twitter:card\" content=\"summary_large_image\" \/>\n<meta name=\"twitter:creator\" content=\"@FCEJSUNSL\" \/>\n<meta name=\"twitter:site\" content=\"@FCEJSUNSL\" \/>\n<meta name=\"twitter:label1\" content=\"Escrito por\" \/>\n\t<meta name=\"twitter:data1\" content=\"DATI\" \/>\n\t<meta name=\"twitter:label2\" content=\"Tiempo de lectura\" \/>\n\t<meta name=\"twitter:data2\" content=\"2 minutos\" \/>\n<script type=\"application\/ld+json\" class=\"yoast-schema-graph\">{\"@context\":\"https:\\\/\\\/schema.org\",\"@graph\":[{\"@type\":\"Article\",\"@id\":\"https:\\\/\\\/www.fcejs.unsl.edu.ar\\\/index.php\\\/presentacion-del-libro-sistematizacion-de-una-practica-extensionista-en-territorios-ineditos-la-universidad-en-el-barrio\\\/#article\",\"isPartOf\":{\"@id\":\"https:\\\/\\\/www.fcejs.unsl.edu.ar\\\/index.php\\\/presentacion-del-libro-sistematizacion-de-una-practica-extensionista-en-territorios-ineditos-la-universidad-en-el-barrio\\\/\"},\"author\":{\"name\":\"DATI\",\"@id\":\"https:\\\/\\\/www.fcejs.unsl.edu.ar\\\/#\\\/schema\\\/person\\\/352ee6ed90c3f394c7cb5945f8956d34\"},\"headline\":\"Presentaci\u00f3n del libro \u201cSistematizaci\u00f3n de una pr\u00e1ctica extensionista en territorios in\u00e9ditos: la universidad en el barrio\u201d.\",\"datePublished\":\"2022-11-18T03:31:00+00:00\",\"dateModified\":\"2022-11-18T16:59:28+00:00\",\"mainEntityOfPage\":{\"@id\":\"https:\\\/\\\/www.fcejs.unsl.edu.ar\\\/index.php\\\/presentacion-del-libro-sistematizacion-de-una-practica-extensionista-en-territorios-ineditos-la-universidad-en-el-barrio\\\/\"},\"wordCount\":350,\"publisher\":{\"@id\":\"https:\\\/\\\/www.fcejs.unsl.edu.ar\\\/#organization\"},\"image\":{\"@id\":\"https:\\\/\\\/www.fcejs.unsl.edu.ar\\\/index.php\\\/presentacion-del-libro-sistematizacion-de-una-practica-extensionista-en-territorios-ineditos-la-universidad-en-el-barrio\\\/#primaryimage\"},\"thumbnailUrl\":\"https:\\\/\\\/www.fcejs.unsl.edu.ar\\\/wp-content\\\/uploads\\\/2022\\\/11\\\/flyer-libro-consumos-problematicos-front.jpg\",\"articleSection\":[\"Noticias\"],\"inLanguage\":\"es-AR\"},{\"@type\":\"WebPage\",\"@id\":\"https:\\\/\\\/www.fcejs.unsl.edu.ar\\\/index.php\\\/presentacion-del-libro-sistematizacion-de-una-practica-extensionista-en-territorios-ineditos-la-universidad-en-el-barrio\\\/\",\"url\":\"https:\\\/\\\/www.fcejs.unsl.edu.ar\\\/index.php\\\/presentacion-del-libro-sistematizacion-de-una-practica-extensionista-en-territorios-ineditos-la-universidad-en-el-barrio\\\/\",\"name\":\"Presentaci\u00f3n del libro \u201cSistematizaci\u00f3n de una pr\u00e1ctica extensionista en territorios in\u00e9ditos: la universidad en el barrio\u201d. - Facultad de Ciencias Econ\u00f3micas, Jur\u00ed\u00addicas y Sociales\",\"isPartOf\":{\"@id\":\"https:\\\/\\\/www.fcejs.unsl.edu.ar\\\/#website\"},\"primaryImageOfPage\":{\"@id\":\"https:\\\/\\\/www.fcejs.unsl.edu.ar\\\/index.php\\\/presentacion-del-libro-sistematizacion-de-una-practica-extensionista-en-territorios-ineditos-la-universidad-en-el-barrio\\\/#primaryimage\"},\"image\":{\"@id\":\"https:\\\/\\\/www.fcejs.unsl.edu.ar\\\/index.php\\\/presentacion-del-libro-sistematizacion-de-una-practica-extensionista-en-territorios-ineditos-la-universidad-en-el-barrio\\\/#primaryimage\"},\"thumbnailUrl\":\"https:\\\/\\\/www.fcejs.unsl.edu.ar\\\/wp-content\\\/uploads\\\/2022\\\/11\\\/flyer-libro-consumos-problematicos-front.jpg\",\"datePublished\":\"2022-11-18T03:31:00+00:00\",\"dateModified\":\"2022-11-18T16:59:28+00:00\",\"breadcrumb\":{\"@id\":\"https:\\\/\\\/www.fcejs.unsl.edu.ar\\\/index.php\\\/presentacion-del-libro-sistematizacion-de-una-practica-extensionista-en-territorios-ineditos-la-universidad-en-el-barrio\\\/#breadcrumb\"},\"inLanguage\":\"es-AR\",\"potentialAction\":[{\"@type\":\"ReadAction\",\"target\":[\"https:\\\/\\\/www.fcejs.unsl.edu.ar\\\/index.php\\\/presentacion-del-libro-sistematizacion-de-una-practica-extensionista-en-territorios-ineditos-la-universidad-en-el-barrio\\\/\"]}]},{\"@type\":\"ImageObject\",\"inLanguage\":\"es-AR\",\"@id\":\"https:\\\/\\\/www.fcejs.unsl.edu.ar\\\/index.php\\\/presentacion-del-libro-sistematizacion-de-una-practica-extensionista-en-territorios-ineditos-la-universidad-en-el-barrio\\\/#primaryimage\",\"url\":\"https:\\\/\\\/www.fcejs.unsl.edu.ar\\\/wp-content\\\/uploads\\\/2022\\\/11\\\/flyer-libro-consumos-problematicos-front.jpg\",\"contentUrl\":\"https:\\\/\\\/www.fcejs.unsl.edu.ar\\\/wp-content\\\/uploads\\\/2022\\\/11\\\/flyer-libro-consumos-problematicos-front.jpg\",\"width\":1153,\"height\":647},{\"@type\":\"BreadcrumbList\",\"@id\":\"https:\\\/\\\/www.fcejs.unsl.edu.ar\\\/index.php\\\/presentacion-del-libro-sistematizacion-de-una-practica-extensionista-en-territorios-ineditos-la-universidad-en-el-barrio\\\/#breadcrumb\",\"itemListElement\":[{\"@type\":\"ListItem\",\"position\":1,\"name\":\"Inicio\",\"item\":\"https:\\\/\\\/www.fcejs.unsl.edu.ar\\\/\"},{\"@type\":\"ListItem\",\"position\":2,\"name\":\"Presentaci\u00f3n del libro \u201cSistematizaci\u00f3n de una pr\u00e1ctica extensionista en territorios in\u00e9ditos: la universidad en el barrio\u201d.\"}]},{\"@type\":\"WebSite\",\"@id\":\"https:\\\/\\\/www.fcejs.unsl.edu.ar\\\/#website\",\"url\":\"https:\\\/\\\/www.fcejs.unsl.edu.ar\\\/\",\"name\":\"Facultad de Ciencias Econ\u00f3micas, Jur\u00ed\u00addicas y Sociales\",\"description\":\"\",\"publisher\":{\"@id\":\"https:\\\/\\\/www.fcejs.unsl.edu.ar\\\/#organization\"},\"potentialAction\":[{\"@type\":\"SearchAction\",\"target\":{\"@type\":\"EntryPoint\",\"urlTemplate\":\"https:\\\/\\\/www.fcejs.unsl.edu.ar\\\/?s={search_term_string}\"},\"query-input\":{\"@type\":\"PropertyValueSpecification\",\"valueRequired\":true,\"valueName\":\"search_term_string\"}}],\"inLanguage\":\"es-AR\"},{\"@type\":\"Organization\",\"@id\":\"https:\\\/\\\/www.fcejs.unsl.edu.ar\\\/#organization\",\"name\":\"Facultad de Ciencias Econ\u00f3micas, Jur\u00eddicas y Sociales\",\"url\":\"https:\\\/\\\/www.fcejs.unsl.edu.ar\\\/\",\"logo\":{\"@type\":\"ImageObject\",\"inLanguage\":\"es-AR\",\"@id\":\"https:\\\/\\\/www.fcejs.unsl.edu.ar\\\/#\\\/schema\\\/logo\\\/image\\\/\",\"url\":\"https:\\\/\\\/www.fcejs.unsl.edu.ar\\\/wp-content\\\/uploads\\\/2021\\\/03\\\/logo-1.jpg\",\"contentUrl\":\"https:\\\/\\\/www.fcejs.unsl.edu.ar\\\/wp-content\\\/uploads\\\/2021\\\/03\\\/logo-1.jpg\",\"width\":471,\"height\":146,\"caption\":\"Facultad de Ciencias Econ\u00f3micas, Jur\u00eddicas y Sociales\"},\"image\":{\"@id\":\"https:\\\/\\\/www.fcejs.unsl.edu.ar\\\/#\\\/schema\\\/logo\\\/image\\\/\"},\"sameAs\":[\"https:\\\/\\\/www.facebook.com\\\/FCEJS.UNSL\\\/\",\"https:\\\/\\\/x.com\\\/FCEJSUNSL\",\"https:\\\/\\\/www.instagram.com\\\/fcejs.unsl\\\/\",\"https:\\\/\\\/www.youtube.com\\\/channel\\\/UCH-Ut6EaN_X5ogjIQMPe46g\\\/\"]},{\"@type\":\"Person\",\"@id\":\"https:\\\/\\\/www.fcejs.unsl.edu.ar\\\/#\\\/schema\\\/person\\\/352ee6ed90c3f394c7cb5945f8956d34\",\"name\":\"DATI\"}]}<\/script>\n<!-- \/ Yoast SEO plugin. -->","yoast_head_json":{"title":"Presentaci\u00f3n del libro \u201cSistematizaci\u00f3n de una pr\u00e1ctica extensionista en territorios in\u00e9ditos: la universidad en el barrio\u201d. - Facultad de Ciencias Econ\u00f3micas, Jur\u00ed\u00addicas y Sociales","robots":{"index":"index","follow":"follow","max-snippet":"max-snippet:-1","max-image-preview":"max-image-preview:large","max-video-preview":"max-video-preview:-1"},"canonical":"https:\/\/www.fcejs.unsl.edu.ar\/index.php\/presentacion-del-libro-sistematizacion-de-una-practica-extensionista-en-territorios-ineditos-la-universidad-en-el-barrio\/","og_locale":"es_ES","og_type":"article","og_title":"Presentaci\u00f3n del libro \u201cSistematizaci\u00f3n de una pr\u00e1ctica extensionista en territorios in\u00e9ditos: la universidad en el barrio\u201d. - Facultad de Ciencias Econ\u00f3micas, Jur\u00ed\u00addicas y Sociales","og_description":"Como resultado del trabajo extensionista realizado en los \u00faltimos a\u00f1os en barrios villamercedinos, el Programa de Prevenci\u00f3n de Consumos Problem\u00e1ticos (PPCP) de la FCEJS presenta&hellip;","og_url":"https:\/\/www.fcejs.unsl.edu.ar\/index.php\/presentacion-del-libro-sistematizacion-de-una-practica-extensionista-en-territorios-ineditos-la-universidad-en-el-barrio\/","og_site_name":"Facultad de Ciencias Econ\u00f3micas, Jur\u00ed\u00addicas y Sociales","article_publisher":"https:\/\/www.facebook.com\/FCEJS.UNSL\/","article_published_time":"2022-11-18T03:31:00+00:00","article_modified_time":"2022-11-18T16:59:28+00:00","og_image":[{"width":1153,"height":647,"url":"https:\/\/www.fcejs.unsl.edu.ar\/wp-content\/uploads\/2022\/11\/flyer-libro-consumos-problematicos-front.jpg","type":"image\/jpeg"}],"author":"DATI","twitter_card":"summary_large_image","twitter_creator":"@FCEJSUNSL","twitter_site":"@FCEJSUNSL","twitter_misc":{"Escrito por":"DATI","Tiempo de lectura":"2 minutos"},"schema":{"@context":"https:\/\/schema.org","@graph":[{"@type":"Article","@id":"https:\/\/www.fcejs.unsl.edu.ar\/index.php\/presentacion-del-libro-sistematizacion-de-una-practica-extensionista-en-territorios-ineditos-la-universidad-en-el-barrio\/#article","isPartOf":{"@id":"https:\/\/www.fcejs.unsl.edu.ar\/index.php\/presentacion-del-libro-sistematizacion-de-una-practica-extensionista-en-territorios-ineditos-la-universidad-en-el-barrio\/"},"author":{"name":"DATI","@id":"https:\/\/www.fcejs.unsl.edu.ar\/#\/schema\/person\/352ee6ed90c3f394c7cb5945f8956d34"},"headline":"Presentaci\u00f3n del libro \u201cSistematizaci\u00f3n de una pr\u00e1ctica extensionista en territorios in\u00e9ditos: la universidad en el barrio\u201d.","datePublished":"2022-11-18T03:31:00+00:00","dateModified":"2022-11-18T16:59:28+00:00","mainEntityOfPage":{"@id":"https:\/\/www.fcejs.unsl.edu.ar\/index.php\/presentacion-del-libro-sistematizacion-de-una-practica-extensionista-en-territorios-ineditos-la-universidad-en-el-barrio\/"},"wordCount":350,"publisher":{"@id":"https:\/\/www.fcejs.unsl.edu.ar\/#organization"},"image":{"@id":"https:\/\/www.fcejs.unsl.edu.ar\/index.php\/presentacion-del-libro-sistematizacion-de-una-practica-extensionista-en-territorios-ineditos-la-universidad-en-el-barrio\/#primaryimage"},"thumbnailUrl":"https:\/\/www.fcejs.unsl.edu.ar\/wp-content\/uploads\/2022\/11\/flyer-libro-consumos-problematicos-front.jpg","articleSection":["Noticias"],"inLanguage":"es-AR"},{"@type":"WebPage","@id":"https:\/\/www.fcejs.unsl.edu.ar\/index.php\/presentacion-del-libro-sistematizacion-de-una-practica-extensionista-en-territorios-ineditos-la-universidad-en-el-barrio\/","url":"https:\/\/www.fcejs.unsl.edu.ar\/index.php\/presentacion-del-libro-sistematizacion-de-una-practica-extensionista-en-territorios-ineditos-la-universidad-en-el-barrio\/","name":"Presentaci\u00f3n del libro \u201cSistematizaci\u00f3n de una pr\u00e1ctica extensionista en territorios in\u00e9ditos: la universidad en el barrio\u201d. - Facultad de Ciencias Econ\u00f3micas, Jur\u00ed\u00addicas y Sociales","isPartOf":{"@id":"https:\/\/www.fcejs.unsl.edu.ar\/#website"},"primaryImageOfPage":{"@id":"https:\/\/www.fcejs.unsl.edu.ar\/index.php\/presentacion-del-libro-sistematizacion-de-una-practica-extensionista-en-territorios-ineditos-la-universidad-en-el-barrio\/#primaryimage"},"image":{"@id":"https:\/\/www.fcejs.unsl.edu.ar\/index.php\/presentacion-del-libro-sistematizacion-de-una-practica-extensionista-en-territorios-ineditos-la-universidad-en-el-barrio\/#primaryimage"},"thumbnailUrl":"https:\/\/www.fcejs.unsl.edu.ar\/wp-content\/uploads\/2022\/11\/flyer-libro-consumos-problematicos-front.jpg","datePublished":"2022-11-18T03:31:00+00:00","dateModified":"2022-11-18T16:59:28+00:00","breadcrumb":{"@id":"https:\/\/www.fcejs.unsl.edu.ar\/index.php\/presentacion-del-libro-sistematizacion-de-una-practica-extensionista-en-territorios-ineditos-la-universidad-en-el-barrio\/#breadcrumb"},"inLanguage":"es-AR","potentialAction":[{"@type":"ReadAction","target":["https:\/\/www.fcejs.unsl.edu.ar\/index.php\/presentacion-del-libro-sistematizacion-de-una-practica-extensionista-en-territorios-ineditos-la-universidad-en-el-barrio\/"]}]},{"@type":"ImageObject","inLanguage":"es-AR","@id":"https:\/\/www.fcejs.unsl.edu.ar\/index.php\/presentacion-del-libro-sistematizacion-de-una-practica-extensionista-en-territorios-ineditos-la-universidad-en-el-barrio\/#primaryimage","url":"https:\/\/www.fcejs.unsl.edu.ar\/wp-content\/uploads\/2022\/11\/flyer-libro-consumos-problematicos-front.jpg","contentUrl":"https:\/\/www.fcejs.unsl.edu.ar\/wp-content\/uploads\/2022\/11\/flyer-libro-consumos-problematicos-front.jpg","width":1153,"height":647},{"@type":"BreadcrumbList","@id":"https:\/\/www.fcejs.unsl.edu.ar\/index.php\/presentacion-del-libro-sistematizacion-de-una-practica-extensionista-en-territorios-ineditos-la-universidad-en-el-barrio\/#breadcrumb","itemListElement":[{"@type":"ListItem","position":1,"name":"Inicio","item":"https:\/\/www.fcejs.unsl.edu.ar\/"},{"@type":"ListItem","position":2,"name":"Presentaci\u00f3n del libro \u201cSistematizaci\u00f3n de una pr\u00e1ctica extensionista en territorios in\u00e9ditos: la universidad en el barrio\u201d."}]},{"@type":"WebSite","@id":"https:\/\/www.fcejs.unsl.edu.ar\/#website","url":"https:\/\/www.fcejs.unsl.edu.ar\/","name":"Facultad de Ciencias Econ\u00f3micas, Jur\u00ed\u00addicas y Sociales","description":"","publisher":{"@id":"https:\/\/www.fcejs.unsl.edu.ar\/#organization"},"potentialAction":[{"@type":"SearchAction","target":{"@type":"EntryPoint","urlTemplate":"https:\/\/www.fcejs.unsl.edu.ar\/?s={search_term_string}"},"query-input":{"@type":"PropertyValueSpecification","valueRequired":true,"valueName":"search_term_string"}}],"inLanguage":"es-AR"},{"@type":"Organization","@id":"https:\/\/www.fcejs.unsl.edu.ar\/#organization","name":"Facultad de Ciencias Econ\u00f3micas, Jur\u00eddicas y Sociales","url":"https:\/\/www.fcejs.unsl.edu.ar\/","logo":{"@type":"ImageObject","inLanguage":"es-AR","@id":"https:\/\/www.fcejs.unsl.edu.ar\/#\/schema\/logo\/image\/","url":"https:\/\/www.fcejs.unsl.edu.ar\/wp-content\/uploads\/2021\/03\/logo-1.jpg","contentUrl":"https:\/\/www.fcejs.unsl.edu.ar\/wp-content\/uploads\/2021\/03\/logo-1.jpg","width":471,"height":146,"caption":"Facultad de Ciencias Econ\u00f3micas, Jur\u00eddicas y Sociales"},"image":{"@id":"https:\/\/www.fcejs.unsl.edu.ar\/#\/schema\/logo\/image\/"},"sameAs":["https:\/\/www.facebook.com\/FCEJS.UNSL\/","https:\/\/x.com\/FCEJSUNSL","https:\/\/www.instagram.com\/fcejs.unsl\/","https:\/\/www.youtube.com\/channel\/UCH-Ut6EaN_X5ogjIQMPe46g\/"]},{"@type":"Person","@id":"https:\/\/www.fcejs.unsl.edu.ar\/#\/schema\/person\/352ee6ed90c3f394c7cb5945f8956d34","name":"DATI"}]}},"jetpack_featured_media_url":"https:\/\/www.fcejs.unsl.edu.ar\/wp-content\/uploads\/2022\/11\/flyer-libro-consumos-problematicos-front.jpg","_links":{"self":[{"href":"https:\/\/www.fcejs.unsl.edu.ar\/index.php\/wp-json\/wp\/v2\/posts\/10062","targetHints":{"allow":["GET"]}}],"collection":[{"href":"https:\/\/www.fcejs.unsl.edu.ar\/index.php\/wp-json\/wp\/v2\/posts"}],"about":[{"href":"https:\/\/www.fcejs.unsl.edu.ar\/index.php\/wp-json\/wp\/v2\/types\/post"}],"author":[{"embeddable":true,"href":"https:\/\/www.fcejs.unsl.edu.ar\/index.php\/wp-json\/wp\/v2\/users\/9"}],"replies":[{"embeddable":true,"href":"https:\/\/www.fcejs.unsl.edu.ar\/index.php\/wp-json\/wp\/v2\/comments?post=10062"}],"version-history":[{"count":3,"href":"https:\/\/www.fcejs.unsl.edu.ar\/index.php\/wp-json\/wp\/v2\/posts\/10062\/revisions"}],"predecessor-version":[{"id":10115,"href":"https:\/\/www.fcejs.unsl.edu.ar\/index.php\/wp-json\/wp\/v2\/posts\/10062\/revisions\/10115"}],"wp:featuredmedia":[{"embeddable":true,"href":"https:\/\/www.fcejs.unsl.edu.ar\/index.php\/wp-json\/wp\/v2\/media\/10063"}],"wp:attachment":[{"href":"https:\/\/www.fcejs.unsl.edu.ar\/index.php\/wp-json\/wp\/v2\/media?parent=10062"}],"wp:term":[{"taxonomy":"category","embeddable":true,"href":"https:\/\/www.fcejs.unsl.edu.ar\/index.php\/wp-json\/wp\/v2\/categories?post=10062"},{"taxonomy":"post_tag","embeddable":true,"href":"https:\/\/www.fcejs.unsl.edu.ar\/index.php\/wp-json\/wp\/v2\/tags?post=10062"}],"curies":[{"name":"wp","href":"https:\/\/api.w.org\/{rel}","templated":true}]}}